{"id":1014,"date":"2013-07-28T20:38:33","date_gmt":"2013-07-28T20:38:33","guid":{"rendered":"https:\/\/www.ruralgia.com\/blog\/?p=1014"},"modified":"2013-07-28T20:38:38","modified_gmt":"2013-07-28T20:38:38","slug":"xviii-jornadas-medievales-de-cortegana-2013","status":"publish","type":"post","link":"https:\/\/www.ruralgia.com\/blog\/xviii-jornadas-medievales-de-cortegana-2013\/","title":{"rendered":"XVIII Jornadas Medievales de Cortegana 2013"},"content":{"rendered":"<p><strong>Del 8 al 11 de Agosto<\/strong> se celebra en <strong>Cortegana (Huelva)<\/strong> la XVIII edici\u00f3n de sus <strong>Jornadas Medievales<\/strong>, con el castillo como escenario principal, todo el pueblo se traslada a la \u00e9poca medieval.<\/p>\n<p><a href=\"https:\/\/www.ruralgia.com\/blog\/xviii-jornadas-medievales-de-cortegana-2013\/cortegana\/\" rel=\"attachment wp-att-1015\"><img loading=\"lazy\" decoding=\"async\" class=\"size-medium wp-image-1015 alignleft\" style=\"border: 2px solid black; margin: 5px;\" alt=\"cortegana\" src=\"https:\/\/www.ruralgia.com\/blog\/wp-content\/uploads\/2013\/07\/cortegana-214x300.jpg\" width=\"214\" height=\"300\" srcset=\"https:\/\/www.ruralgia.com\/blog\/wp-content\/uploads\/2013\/07\/cortegana-214x300.jpg 214w, https:\/\/www.ruralgia.com\/blog\/wp-content\/uploads\/2013\/07\/cortegana.jpg 733w\" sizes=\"auto, (max-width: 214px) 100vw, 214px\" \/><\/a><\/p>\n<p>Doncellas y juglares durante estos d\u00edas recorren las calles de la localidad como hac\u00edan cinco siglos atr\u00e1s. Donde se puede disfrutar adem\u00e1s, de diversos actos de la \u00e9poca como cenas, mercadillos, juegos, representaciones teatrales, exposiciones, etc.<\/p>\n<p>Ya est\u00e1 disponible el programa de actividades de esta XVIII edici\u00f3n de las Jornadas Medievales de Cortegana. Es un programa con una amplia oferta de espect\u00e1culos y animaci\u00f3n en las calles donde se ha hecho un gran esfuerzo en mantener la calidad y diversidad de actuaciones, y que garantiza a todos los asistentes cuatro d\u00edas cargados de diversi\u00f3n y entretenimiento para todos los p\u00fablicos.<\/p>\n<p><a href=\"http:\/\/www.medievalescortegana.org\/\" target=\"_blank\">Programa<\/a><\/p>\n<p><script type=\"text\/javascript\" src=\"https:\/\/www.ruralgia.com\/caja_cerca.php?metodo=municipio&amp;ancho=250&amp;elementos=4&amp;size=90&amp;estilo=base&amp;float=right&amp;kms=20&amp;aleatorio=false&amp;municipio=Cortegana (Huelva)\"><\/script><\/p>\n<p><strong>Jos\u00e9 Rafael Borrallo S\u00e1nchez\u00a0<\/strong><em>Teniente de Alcalde- Delegado de Cultura,<\/em> nos invita a las Jornadas Medievales de Cortegana, consideradas por meritos propios uno de los principales eventos tur\u00edsticos-culturales de la provincia de Huelva brilla con luz propia en el verano onubense.<\/p>\n<p>Cortegana, en el coraz\u00f3n del <strong>Parque Natural de la Sierra de Huelva<\/strong>, declarado reserva de la Biosfera por la UNESCO, con su maravilloso legado patrimonial en torno a la majestad del castillo es el marco perfecto para so\u00f1ar la Edad Media, para dejarse llevar por los sentidos y embaucarse por la magia y el encanto de retroceder en el tiempo. Nuestro Director Art\u00edstico, Augusto Thassio, es de nuevo el encargado de dar al evento su toque literario y art\u00edstico, aportando su creatividad, su magistral imaginaci\u00f3n, su finura po\u00e9tica.<\/p>\n<p>Un evento exclusivo y \u00fanico en un entorno paradis\u00edaco, en el coraz\u00f3n de la Sierra de Huelva. El sue\u00f1o de viajar en el tiempo, que le dejar\u00e1, en el coraz\u00f3n y en los sentidos, una experiencia maravillosa.<\/p>\n<p><a href=\"http:\/\/www.medievalescortegana.org\/\" target=\"_blank\">Fuente<\/a><\/p>\n<p>&nbsp;<\/p>\n<div id=\"codigo_generado\"><\/div>\n<p>&nbsp;<\/p>\n<p>&nbsp;<\/p>\n","protected":false},"excerpt":{"rendered":"<p>Del 8 al 11 de Agosto se celebra en Cortegana (Huelva) la XVIII edici\u00f3n de sus Jornadas Medievales, con el castillo como escenario principal, todo el pueblo se traslada a la \u00e9poca medieval. Doncellas y juglares durante estos d\u00edas recorren &hellip; <a href=\"https:\/\/www.ruralgia.com\/blog\/xviii-jornadas-medievales-de-cortegana-2013\/\">Sigue leyendo <span class=\"meta-nav\">&rarr;<\/span><\/a><\/p>\n","protected":false},"author":1,"featured_media":1015,"comment_status":"open","ping_status":"open","sticky":false,"template":"","format":"standard","meta":{"footnotes":""},"categories":[69,90,12,9],"tags":[158,161,23,39,43,71],"class_list":["post-1014","post","type-post","status-publish","format-standard","has-post-thumbnail","hentry","category-eventos","category-fiestas-2","category-propuestas","category-viajeros","tag-cultura","tag-eventos","tag-feria-medieval","tag-gastronomia","tag-historia","tag-turismo-rural"],"yoast_head":"<!-- This site is optimized with the Yoast SEO plugin v24.1 - https:\/\/yoast.com\/wordpress\/plugins\/seo\/ -->\n<title>XVIII Jornadas Medievales de Cortegana 2013 - Ruralgia Blog<\/title>\n<meta name=\"robots\" content=\"index, follow, max-snippet:-1, max-image-preview:large, max-video-preview:-1\" \/>\n<link rel=\"canonical\" href=\"https:\/\/www.ruralgia.com\/blog\/xviii-jornadas-medievales-de-cortegana-2013\/\" \/>\n<meta property=\"og:locale\" content=\"es_ES\" \/>\n<meta property=\"og:type\" content=\"article\" \/>\n<meta property=\"og:title\" content=\"XVIII Jornadas Medievales de Cortegana 2013 - Ruralgia Blog\" \/>\n<meta property=\"og:description\" content=\"Del 8 al 11 de Agosto se celebra en Cortegana (Huelva) la XVIII edici\u00f3n de sus Jornadas Medievales, con el castillo como escenario principal, todo el pueblo se traslada a la \u00e9poca medieval. Doncellas y juglares durante estos d\u00edas recorren &hellip; Sigue leyendo &rarr;\" \/>\n<meta property=\"og:url\" content=\"https:\/\/www.ruralgia.com\/blog\/xviii-jornadas-medievales-de-cortegana-2013\/\" \/>\n<meta property=\"og:site_name\" content=\"Ruralgia Blog\" \/>\n<meta property=\"article:published_time\" content=\"2013-07-28T20:38:33+00:00\" \/>\n<meta property=\"article:modified_time\" content=\"2013-07-28T20:38:38+00:00\" \/>\n<meta property=\"og:image\" content=\"https:\/\/www.ruralgia.com\/blog\/wp-content\/uploads\/2013\/07\/cortegana.jpg\" \/>\n\t<meta property=\"og:image:width\" content=\"733\" \/>\n\t<meta property=\"og:image:height\" content=\"1024\" \/>\n\t<meta property=\"og:image:type\" content=\"image\/jpeg\" \/>\n<meta name=\"author\" content=\"admin\" \/>\n<meta name=\"twitter:card\" content=\"summary_large_image\" \/>\n<meta name=\"twitter:label1\" content=\"Escrito por\" \/>\n\t<meta name=\"twitter:data1\" content=\"admin\" \/>\n\t<meta name=\"twitter:label2\" content=\"Tiempo de lectura\" \/>\n\t<meta name=\"twitter:data2\" content=\"2 minutos\" \/>\n<script type=\"application\/ld+json\" class=\"yoast-schema-graph\">{\"@context\":\"https:\/\/schema.org\",\"@graph\":[{\"@type\":\"WebPage\",\"@id\":\"https:\/\/www.ruralgia.com\/blog\/xviii-jornadas-medievales-de-cortegana-2013\/\",\"url\":\"https:\/\/www.ruralgia.com\/blog\/xviii-jornadas-medievales-de-cortegana-2013\/\",\"name\":\"XVIII Jornadas Medievales de Cortegana 2013 - Ruralgia Blog\",\"isPartOf\":{\"@id\":\"https:\/\/www.ruralgia.com\/blog\/#website\"},\"primaryImageOfPage\":{\"@id\":\"https:\/\/www.ruralgia.com\/blog\/xviii-jornadas-medievales-de-cortegana-2013\/#primaryimage\"},\"image\":{\"@id\":\"https:\/\/www.ruralgia.com\/blog\/xviii-jornadas-medievales-de-cortegana-2013\/#primaryimage\"},\"thumbnailUrl\":\"https:\/\/www.ruralgia.com\/blog\/wp-content\/uploads\/2013\/07\/cortegana.jpg\",\"datePublished\":\"2013-07-28T20:38:33+00:00\",\"dateModified\":\"2013-07-28T20:38:38+00:00\",\"author\":{\"@id\":\"https:\/\/www.ruralgia.com\/blog\/#\/schema\/person\/f9d61dcaa454dc132c65467750b88c01\"},\"breadcrumb\":{\"@id\":\"https:\/\/www.ruralgia.com\/blog\/xviii-jornadas-medievales-de-cortegana-2013\/#breadcrumb\"},\"inLanguage\":\"es\",\"potentialAction\":[{\"@type\":\"ReadAction\",\"target\":[\"https:\/\/www.ruralgia.com\/blog\/xviii-jornadas-medievales-de-cortegana-2013\/\"]}]},{\"@type\":\"ImageObject\",\"inLanguage\":\"es\",\"@id\":\"https:\/\/www.ruralgia.com\/blog\/xviii-jornadas-medievales-de-cortegana-2013\/#primaryimage\",\"url\":\"https:\/\/www.ruralgia.com\/blog\/wp-content\/uploads\/2013\/07\/cortegana.jpg\",\"contentUrl\":\"https:\/\/www.ruralgia.com\/blog\/wp-content\/uploads\/2013\/07\/cortegana.jpg\",\"width\":733,\"height\":1024},{\"@type\":\"BreadcrumbList\",\"@id\":\"https:\/\/www.ruralgia.com\/blog\/xviii-jornadas-medievales-de-cortegana-2013\/#breadcrumb\",\"itemListElement\":[{\"@type\":\"ListItem\",\"position\":1,\"name\":\"Portada\",\"item\":\"https:\/\/www.ruralgia.com\/blog\/\"},{\"@type\":\"ListItem\",\"position\":2,\"name\":\"XVIII Jornadas Medievales de Cortegana 2013\"}]},{\"@type\":\"WebSite\",\"@id\":\"https:\/\/www.ruralgia.com\/blog\/#website\",\"url\":\"https:\/\/www.ruralgia.com\/blog\/\",\"name\":\"Ruralgia Blog\",\"description\":\"El blog de viajes y turismo de Ruralgia\",\"potentialAction\":[{\"@type\":\"SearchAction\",\"target\":{\"@type\":\"EntryPoint\",\"urlTemplate\":\"https:\/\/www.ruralgia.com\/blog\/?s={search_term_string}\"},\"query-input\":{\"@type\":\"PropertyValueSpecification\",\"valueRequired\":true,\"valueName\":\"search_term_string\"}}],\"inLanguage\":\"es\"},{\"@type\":\"Person\",\"@id\":\"https:\/\/www.ruralgia.com\/blog\/#\/schema\/person\/f9d61dcaa454dc132c65467750b88c01\",\"name\":\"admin\",\"image\":{\"@type\":\"ImageObject\",\"inLanguage\":\"es\",\"@id\":\"https:\/\/www.ruralgia.com\/blog\/#\/schema\/person\/image\/\",\"url\":\"https:\/\/secure.gravatar.com\/avatar\/308988d44afa417cbdf20b1a60ad4489?s=96&d=mm&r=g\",\"contentUrl\":\"https:\/\/secure.gravatar.com\/avatar\/308988d44afa417cbdf20b1a60ad4489?s=96&d=mm&r=g\",\"caption\":\"admin\"},\"url\":\"https:\/\/www.ruralgia.com\/blog\/author\/admin\/\"}]}<\/script>\n<!-- \/ Yoast SEO plugin. -->","yoast_head_json":{"title":"XVIII Jornadas Medievales de Cortegana 2013 - Ruralgia Blog","robots":{"index":"index","follow":"follow","max-snippet":"max-snippet:-1","max-image-preview":"max-image-preview:large","max-video-preview":"max-video-preview:-1"},"canonical":"https:\/\/www.ruralgia.com\/blog\/xviii-jornadas-medievales-de-cortegana-2013\/","og_locale":"es_ES","og_type":"article","og_title":"XVIII Jornadas Medievales de Cortegana 2013 - Ruralgia Blog","og_description":"Del 8 al 11 de Agosto se celebra en Cortegana (Huelva) la XVIII edici\u00f3n de sus Jornadas Medievales, con el castillo como escenario principal, todo el pueblo se traslada a la \u00e9poca medieval. Doncellas y juglares durante estos d\u00edas recorren &hellip; Sigue leyendo &rarr;","og_url":"https:\/\/www.ruralgia.com\/blog\/xviii-jornadas-medievales-de-cortegana-2013\/","og_site_name":"Ruralgia Blog","article_published_time":"2013-07-28T20:38:33+00:00","article_modified_time":"2013-07-28T20:38:38+00:00","og_image":[{"width":733,"height":1024,"url":"https:\/\/www.ruralgia.com\/blog\/wp-content\/uploads\/2013\/07\/cortegana.jpg","type":"image\/jpeg"}],"author":"admin","twitter_card":"summary_large_image","twitter_misc":{"Escrito por":"admin","Tiempo de lectura":"2 minutos"},"schema":{"@context":"https:\/\/schema.org","@graph":[{"@type":"WebPage","@id":"https:\/\/www.ruralgia.com\/blog\/xviii-jornadas-medievales-de-cortegana-2013\/","url":"https:\/\/www.ruralgia.com\/blog\/xviii-jornadas-medievales-de-cortegana-2013\/","name":"XVIII Jornadas Medievales de Cortegana 2013 - Ruralgia Blog","isPartOf":{"@id":"https:\/\/www.ruralgia.com\/blog\/#website"},"primaryImageOfPage":{"@id":"https:\/\/www.ruralgia.com\/blog\/xviii-jornadas-medievales-de-cortegana-2013\/#primaryimage"},"image":{"@id":"https:\/\/www.ruralgia.com\/blog\/xviii-jornadas-medievales-de-cortegana-2013\/#primaryimage"},"thumbnailUrl":"https:\/\/www.ruralgia.com\/blog\/wp-content\/uploads\/2013\/07\/cortegana.jpg","datePublished":"2013-07-28T20:38:33+00:00","dateModified":"2013-07-28T20:38:38+00:00","author":{"@id":"https:\/\/www.ruralgia.com\/blog\/#\/schema\/person\/f9d61dcaa454dc132c65467750b88c01"},"breadcrumb":{"@id":"https:\/\/www.ruralgia.com\/blog\/xviii-jornadas-medievales-de-cortegana-2013\/#breadcrumb"},"inLanguage":"es","potentialAction":[{"@type":"ReadAction","target":["https:\/\/www.ruralgia.com\/blog\/xviii-jornadas-medievales-de-cortegana-2013\/"]}]},{"@type":"ImageObject","inLanguage":"es","@id":"https:\/\/www.ruralgia.com\/blog\/xviii-jornadas-medievales-de-cortegana-2013\/#primaryimage","url":"https:\/\/www.ruralgia.com\/blog\/wp-content\/uploads\/2013\/07\/cortegana.jpg","contentUrl":"https:\/\/www.ruralgia.com\/blog\/wp-content\/uploads\/2013\/07\/cortegana.jpg","width":733,"height":1024},{"@type":"BreadcrumbList","@id":"https:\/\/www.ruralgia.com\/blog\/xviii-jornadas-medievales-de-cortegana-2013\/#breadcrumb","itemListElement":[{"@type":"ListItem","position":1,"name":"Portada","item":"https:\/\/www.ruralgia.com\/blog\/"},{"@type":"ListItem","position":2,"name":"XVIII Jornadas Medievales de Cortegana 2013"}]},{"@type":"WebSite","@id":"https:\/\/www.ruralgia.com\/blog\/#website","url":"https:\/\/www.ruralgia.com\/blog\/","name":"Ruralgia Blog","description":"El blog de viajes y turismo de Ruralgia","potentialAction":[{"@type":"SearchAction","target":{"@type":"EntryPoint","urlTemplate":"https:\/\/www.ruralgia.com\/blog\/?s={search_term_string}"},"query-input":{"@type":"PropertyValueSpecification","valueRequired":true,"valueName":"search_term_string"}}],"inLanguage":"es"},{"@type":"Person","@id":"https:\/\/www.ruralgia.com\/blog\/#\/schema\/person\/f9d61dcaa454dc132c65467750b88c01","name":"admin","image":{"@type":"ImageObject","inLanguage":"es","@id":"https:\/\/www.ruralgia.com\/blog\/#\/schema\/person\/image\/","url":"https:\/\/secure.gravatar.com\/avatar\/308988d44afa417cbdf20b1a60ad4489?s=96&d=mm&r=g","contentUrl":"https:\/\/secure.gravatar.com\/avatar\/308988d44afa417cbdf20b1a60ad4489?s=96&d=mm&r=g","caption":"admin"},"url":"https:\/\/www.ruralgia.com\/blog\/author\/admin\/"}]}},"amp_enabled":true,"_links":{"self":[{"href":"https:\/\/www.ruralgia.com\/blog\/wp-json\/wp\/v2\/posts\/1014","targetHints":{"allow":["GET"]}}],"collection":[{"href":"https:\/\/www.ruralgia.com\/blog\/wp-json\/wp\/v2\/posts"}],"about":[{"href":"https:\/\/www.ruralgia.com\/blog\/wp-json\/wp\/v2\/types\/post"}],"author":[{"embeddable":true,"href":"https:\/\/www.ruralgia.com\/blog\/wp-json\/wp\/v2\/users\/1"}],"replies":[{"embeddable":true,"href":"https:\/\/www.ruralgia.com\/blog\/wp-json\/wp\/v2\/comments?post=1014"}],"version-history":[{"count":43,"href":"https:\/\/www.ruralgia.com\/blog\/wp-json\/wp\/v2\/posts\/1014\/revisions"}],"predecessor-version":[{"id":1059,"href":"https:\/\/www.ruralgia.com\/blog\/wp-json\/wp\/v2\/posts\/1014\/revisions\/1059"}],"wp:featuredmedia":[{"embeddable":true,"href":"https:\/\/www.ruralgia.com\/blog\/wp-json\/wp\/v2\/media\/1015"}],"wp:attachment":[{"href":"https:\/\/www.ruralgia.com\/blog\/wp-json\/wp\/v2\/media?parent=1014"}],"wp:term":[{"taxonomy":"category","embeddable":true,"href":"https:\/\/www.ruralgia.com\/blog\/wp-json\/wp\/v2\/categories?post=1014"},{"taxonomy":"post_tag","embeddable":true,"href":"https:\/\/www.ruralgia.com\/blog\/wp-json\/wp\/v2\/tags?post=1014"}],"curies":[{"name":"wp","href":"https:\/\/api.w.org\/{rel}","templated":true}]}}