{"id":1063,"date":"2013-08-12T10:12:15","date_gmt":"2013-08-12T10:12:15","guid":{"rendered":"https:\/\/www.ruralgia.com\/blog\/?p=1063"},"modified":"2013-08-12T22:29:25","modified_gmt":"2013-08-12T22:29:25","slug":"feria-y-fiestas-de-penaflor-2013-2","status":"publish","type":"post","link":"https:\/\/www.ruralgia.com\/blog\/feria-y-fiestas-de-penaflor-2013-2\/","title":{"rendered":"Feria y Fiestas de Pe\u00f1aflor 2013"},"content":{"rendered":"<p>El <strong>d\u00eda 14 de Agosto<\/strong> comienzan las fiestas patronales en <strong>Pe\u00f1aflor (Sevilla)<\/strong>, en la que todos los pe\u00f1aflorenses y visitantes se dirigen a la Ermita de Nuestra Se\u00f1ora de Villadiedo para recoger a su patrona, que entre carrozas y caballos\u00a0 es llevada hasta la Iglesia Parroquial donde permanecer\u00e1 hasta el primer domingo de Octubre.<\/p>\n<p><a href=\"https:\/\/www.ruralgia.com\/blog\/wp-content\/uploads\/2013\/08\/la-foto.jpg\" rel=\"lightbox[1063]\"><img loading=\"lazy\" decoding=\"async\" class=\"size-medium wp-image-1064 alignleft\" style=\"border: 2px solid black; margin: 5px;\" alt=\"la foto\" src=\"https:\/\/www.ruralgia.com\/blog\/wp-content\/uploads\/2013\/08\/la-foto-214x300.jpg\" width=\"214\" height=\"300\" srcset=\"https:\/\/www.ruralgia.com\/blog\/wp-content\/uploads\/2013\/08\/la-foto-214x300.jpg 214w, https:\/\/www.ruralgia.com\/blog\/wp-content\/uploads\/2013\/08\/la-foto.jpg 567w\" sizes=\"auto, (max-width: 214px) 100vw, 214px\" \/><\/a><\/p>\n<p>Justo con la llegada de la Virgen al pueblo, los fuegos artificiales anuncian que da comienzo la feria. Luces, farolillos y diversi\u00f3n hasta el d\u00eda <strong>18 de Agosto<\/strong>.\u00a0 Se dan cita en el recinto ferial,\u00a0 los amigos y conocidos para beber, comer y bailar al ritmo de sevillanas.<\/p>\n<p><strong>Pe\u00f1aflor<\/strong>, situado en la vega alta del <strong>Guadalquivir<\/strong>,\u00a0a 74 kil\u00f3metros de la capital de provincia, Sevilla.<\/p>\n<p>Cercano tambi\u00e9n a las primeras estribaciones de <strong>Sierra Morena<\/strong>, se encuentra en una situaci\u00f3n privilegiada que ha hecho que esta localidad haya tenido una historia larga y fruct\u00edfera, sobre todo en \u00e9pocas antiguas.<\/p>\n<p>Los primeros inicios de su h\u00e1bitat datan del final del Bronce, seg\u00fan los hallazgos de la campa\u00f1a arqueol\u00f3gica, aunque su mayor esplendor es de la \u00e9poca romana. Algunos historiadores sit\u00faan aqu\u00ed la ciudad de Celti, que acu\u00f1\u00f3 hasta cuatro series de monedas. Los restos arqueol\u00f3gicos de esta \u00e9poca son muy numerosos. Se han encontrado restos de termas y acueductos, un muelle sobre el Guadalquivir y de un alfar romano. Al norte de la poblaci\u00f3n se descubri\u00f3 tambi\u00e9n un pante\u00f3n familiar romano con hornacinas para las urnas cinerarias. Otras veces, los restos se hallan incrustados en edificios del casco urbano, como es el caso de algunas aras, cipos y capiteles.\u00a0 <a href=\"https:\/\/www.ruralgia.com\/blog\/wp-content\/uploads\/2013\/08\/Definitivo.jpg\" rel=\"lightbox[1063]\"><img loading=\"lazy\" decoding=\"async\" class=\"size-medium wp-image-1065 alignright\" style=\"border: 2px solid black; margin: 5px;\" alt=\"Definitivo\" src=\"https:\/\/www.ruralgia.com\/blog\/wp-content\/uploads\/2013\/08\/Definitivo-212x300.jpg\" width=\"212\" height=\"300\" srcset=\"https:\/\/www.ruralgia.com\/blog\/wp-content\/uploads\/2013\/08\/Definitivo-212x300.jpg 212w, https:\/\/www.ruralgia.com\/blog\/wp-content\/uploads\/2013\/08\/Definitivo-724x1024.jpg 724w\" sizes=\"auto, (max-width: 212px) 100vw, 212px\" \/><\/a><\/p>\n<p><a href=\"http:\/\/www.penaflor.es\/opencms\/opencms\/penaflor\" target=\"_blank\">M\u00e1s Informaci\u00f3n.<\/a><\/p>\n<p>Un Pueblo con encanto y una gran historia que durante esta semana ya se prepara para recibir a paisanos que han tenido que emigrar y visitantes para disfrutar de sus fiestas.<\/p>\n<p><strong>Programaci\u00f3n Oficial:<\/strong><\/p>\n<p>El d\u00eda<strong> 14 de Agosto<\/strong> a las <strong>19h<\/strong> comienza la Romer\u00eda popular.<\/p>\n<p>A las <strong>00:00h<\/strong>\u00a0 Se inaugura la <strong>Feria<\/strong> con el tradicional encendido del alumbrado.<\/p>\n<p>El <strong>15 de Agosto<\/strong> a las 15h en la Caseta municipal actuaci\u00f3n del Coro Roc\u00edero de Pe\u00f1aflor. A las 23:30 la orquesta \u201cJARANDDA\u201d<\/p>\n<p>El <strong>16 de Agosto<\/strong> desde las 13h se realizar\u00e1n actividades deportivas para ni\u00f1os\/as.<\/p>\n<p>Carreras de cintas a Caballo. Y el concurso oficial de Paseo de Caballos por el recinto Ferial hasta las 18h.<\/p>\n<p>Por la noche de nuevo la orquesta \u201cJARANDDA\u201d amenizar\u00e1 la velada.<\/p>\n<p>El <strong>17 de Agosto<\/strong> se puede disfrutar de las actuaciones en la caseta municipal del Grupo SON DE CALLE y de nuevo de por la noche de la orquesta\u00a0\u201cJARANDDA\u201d.<\/p>\n<p>El <strong>18 de Agosto<\/strong> desde las 13h paseo de caballos hasta las 18h.<\/p>\n<p>A las <strong>00:00h<\/strong> entrega de premios y trofeos y el posterior cierre de las fiestas de mano de la orquesta TROPICANNA<\/p>\n<p>&nbsp;<\/p>\n<div id=\"codigo_generado\"><\/div>\n<p>Pueden conocer un poco m\u00e1s de la cultura y tradici\u00f3n de Pe\u00f1aflor en<a href=\"http:\/\/lamemoriadelcuco.blogspot.com.es\/\" target=\"_blank\"> La memoria del cuco<\/a> un blog realizado con la colaboraci\u00f3n de los pe\u00f1aflorenses y hecho desde el cari\u00f1o al pueblo.<\/p>\n<p>&nbsp;<\/p>\n<p>&nbsp;<\/p>\n<p>&nbsp;<\/p>\n<p>&nbsp;<\/p>\n<p>&nbsp;<\/p>\n<p>&nbsp;<\/p>\n<p>&nbsp;<\/p>\n","protected":false},"excerpt":{"rendered":"<p>El d\u00eda 14 de Agosto comienzan las fiestas patronales en Pe\u00f1aflor (Sevilla), en la que todos los pe\u00f1aflorenses y visitantes se dirigen a la Ermita de Nuestra Se\u00f1ora de Villadiedo para recoger a su patrona, que entre carrozas y caballos\u00a0 &hellip; <a href=\"https:\/\/www.ruralgia.com\/blog\/feria-y-fiestas-de-penaflor-2013-2\/\">Sigue leyendo <span class=\"meta-nav\">&rarr;<\/span><\/a><\/p>\n","protected":false},"author":1,"featured_media":1065,"comment_status":"open","ping_status":"open","sticky":false,"template":"","format":"standard","meta":{"footnotes":""},"categories":[69,90,12],"tags":[158,161,165,22,43,71],"class_list":["post-1063","post","type-post","status-publish","format-standard","has-post-thumbnail","hentry","category-eventos","category-fiestas-2","category-propuestas","tag-cultura","tag-eventos","tag-ferias","tag-fiestas","tag-historia","tag-turismo-rural"],"yoast_head":"<!-- This site is optimized with the Yoast SEO plugin v24.1 - https:\/\/yoast.com\/wordpress\/plugins\/seo\/ -->\n<title>Feria y Fiestas de Pe\u00f1aflor 2013 - Ruralgia Blog<\/title>\n<meta name=\"robots\" content=\"index, follow, max-snippet:-1, max-image-preview:large, max-video-preview:-1\" \/>\n<link rel=\"canonical\" href=\"https:\/\/www.ruralgia.com\/blog\/feria-y-fiestas-de-penaflor-2013-2\/\" \/>\n<meta property=\"og:locale\" content=\"es_ES\" \/>\n<meta property=\"og:type\" content=\"article\" \/>\n<meta property=\"og:title\" content=\"Feria y Fiestas de Pe\u00f1aflor 2013 - Ruralgia Blog\" \/>\n<meta property=\"og:description\" content=\"El d\u00eda 14 de Agosto comienzan las fiestas patronales en Pe\u00f1aflor (Sevilla), en la que todos los pe\u00f1aflorenses y visitantes se dirigen a la Ermita de Nuestra Se\u00f1ora de Villadiedo para recoger a su patrona, que entre carrozas y caballos\u00a0 &hellip; Sigue leyendo &rarr;\" \/>\n<meta property=\"og:url\" content=\"https:\/\/www.ruralgia.com\/blog\/feria-y-fiestas-de-penaflor-2013-2\/\" \/>\n<meta property=\"og:site_name\" content=\"Ruralgia Blog\" \/>\n<meta property=\"article:published_time\" content=\"2013-08-12T10:12:15+00:00\" \/>\n<meta property=\"article:modified_time\" content=\"2013-08-12T22:29:25+00:00\" \/>\n<meta property=\"og:image\" content=\"https:\/\/www.ruralgia.com\/blog\/wp-content\/uploads\/2013\/08\/Definitivo-724x1024.jpg\" \/>\n\t<meta property=\"og:image:width\" content=\"724\" \/>\n\t<meta property=\"og:image:height\" content=\"1024\" \/>\n\t<meta property=\"og:image:type\" content=\"image\/jpeg\" \/>\n<meta name=\"author\" content=\"admin\" \/>\n<meta name=\"twitter:card\" content=\"summary_large_image\" \/>\n<meta name=\"twitter:label1\" content=\"Escrito por\" \/>\n\t<meta name=\"twitter:data1\" content=\"admin\" \/>\n\t<meta name=\"twitter:label2\" content=\"Tiempo de lectura\" \/>\n\t<meta name=\"twitter:data2\" content=\"3 minutos\" \/>\n<script type=\"application\/ld+json\" class=\"yoast-schema-graph\">{\"@context\":\"https:\/\/schema.org\",\"@graph\":[{\"@type\":\"WebPage\",\"@id\":\"https:\/\/www.ruralgia.com\/blog\/feria-y-fiestas-de-penaflor-2013-2\/\",\"url\":\"https:\/\/www.ruralgia.com\/blog\/feria-y-fiestas-de-penaflor-2013-2\/\",\"name\":\"Feria y Fiestas de Pe\u00f1aflor 2013 - Ruralgia Blog\",\"isPartOf\":{\"@id\":\"https:\/\/www.ruralgia.com\/blog\/#website\"},\"primaryImageOfPage\":{\"@id\":\"https:\/\/www.ruralgia.com\/blog\/feria-y-fiestas-de-penaflor-2013-2\/#primaryimage\"},\"image\":{\"@id\":\"https:\/\/www.ruralgia.com\/blog\/feria-y-fiestas-de-penaflor-2013-2\/#primaryimage\"},\"thumbnailUrl\":\"https:\/\/www.ruralgia.com\/blog\/wp-content\/uploads\/2013\/08\/Definitivo.jpg\",\"datePublished\":\"2013-08-12T10:12:15+00:00\",\"dateModified\":\"2013-08-12T22:29:25+00:00\",\"author\":{\"@id\":\"https:\/\/www.ruralgia.com\/blog\/#\/schema\/person\/f9d61dcaa454dc132c65467750b88c01\"},\"breadcrumb\":{\"@id\":\"https:\/\/www.ruralgia.com\/blog\/feria-y-fiestas-de-penaflor-2013-2\/#breadcrumb\"},\"inLanguage\":\"es\",\"potentialAction\":[{\"@type\":\"ReadAction\",\"target\":[\"https:\/\/www.ruralgia.com\/blog\/feria-y-fiestas-de-penaflor-2013-2\/\"]}]},{\"@type\":\"ImageObject\",\"inLanguage\":\"es\",\"@id\":\"https:\/\/www.ruralgia.com\/blog\/feria-y-fiestas-de-penaflor-2013-2\/#primaryimage\",\"url\":\"https:\/\/www.ruralgia.com\/blog\/wp-content\/uploads\/2013\/08\/Definitivo.jpg\",\"contentUrl\":\"https:\/\/www.ruralgia.com\/blog\/wp-content\/uploads\/2013\/08\/Definitivo.jpg\",\"width\":3508,\"height\":4961},{\"@type\":\"BreadcrumbList\",\"@id\":\"https:\/\/www.ruralgia.com\/blog\/feria-y-fiestas-de-penaflor-2013-2\/#breadcrumb\",\"itemListElement\":[{\"@type\":\"ListItem\",\"position\":1,\"name\":\"Portada\",\"item\":\"https:\/\/www.ruralgia.com\/blog\/\"},{\"@type\":\"ListItem\",\"position\":2,\"name\":\"Feria y Fiestas de Pe\u00f1aflor 2013\"}]},{\"@type\":\"WebSite\",\"@id\":\"https:\/\/www.ruralgia.com\/blog\/#website\",\"url\":\"https:\/\/www.ruralgia.com\/blog\/\",\"name\":\"Ruralgia Blog\",\"description\":\"El blog de viajes y turismo de Ruralgia\",\"potentialAction\":[{\"@type\":\"SearchAction\",\"target\":{\"@type\":\"EntryPoint\",\"urlTemplate\":\"https:\/\/www.ruralgia.com\/blog\/?s={search_term_string}\"},\"query-input\":{\"@type\":\"PropertyValueSpecification\",\"valueRequired\":true,\"valueName\":\"search_term_string\"}}],\"inLanguage\":\"es\"},{\"@type\":\"Person\",\"@id\":\"https:\/\/www.ruralgia.com\/blog\/#\/schema\/person\/f9d61dcaa454dc132c65467750b88c01\",\"name\":\"admin\",\"image\":{\"@type\":\"ImageObject\",\"inLanguage\":\"es\",\"@id\":\"https:\/\/www.ruralgia.com\/blog\/#\/schema\/person\/image\/\",\"url\":\"https:\/\/secure.gravatar.com\/avatar\/308988d44afa417cbdf20b1a60ad4489?s=96&d=mm&r=g\",\"contentUrl\":\"https:\/\/secure.gravatar.com\/avatar\/308988d44afa417cbdf20b1a60ad4489?s=96&d=mm&r=g\",\"caption\":\"admin\"},\"url\":\"https:\/\/www.ruralgia.com\/blog\/author\/admin\/\"}]}<\/script>\n<!-- \/ Yoast SEO plugin. -->","yoast_head_json":{"title":"Feria y Fiestas de Pe\u00f1aflor 2013 - Ruralgia Blog","robots":{"index":"index","follow":"follow","max-snippet":"max-snippet:-1","max-image-preview":"max-image-preview:large","max-video-preview":"max-video-preview:-1"},"canonical":"https:\/\/www.ruralgia.com\/blog\/feria-y-fiestas-de-penaflor-2013-2\/","og_locale":"es_ES","og_type":"article","og_title":"Feria y Fiestas de Pe\u00f1aflor 2013 - Ruralgia Blog","og_description":"El d\u00eda 14 de Agosto comienzan las fiestas patronales en Pe\u00f1aflor (Sevilla), en la que todos los pe\u00f1aflorenses y visitantes se dirigen a la Ermita de Nuestra Se\u00f1ora de Villadiedo para recoger a su patrona, que entre carrozas y caballos\u00a0 &hellip; Sigue leyendo &rarr;","og_url":"https:\/\/www.ruralgia.com\/blog\/feria-y-fiestas-de-penaflor-2013-2\/","og_site_name":"Ruralgia Blog","article_published_time":"2013-08-12T10:12:15+00:00","article_modified_time":"2013-08-12T22:29:25+00:00","og_image":[{"width":724,"height":1024,"url":"https:\/\/www.ruralgia.com\/blog\/wp-content\/uploads\/2013\/08\/Definitivo-724x1024.jpg","type":"image\/jpeg"}],"author":"admin","twitter_card":"summary_large_image","twitter_misc":{"Escrito por":"admin","Tiempo de lectura":"3 minutos"},"schema":{"@context":"https:\/\/schema.org","@graph":[{"@type":"WebPage","@id":"https:\/\/www.ruralgia.com\/blog\/feria-y-fiestas-de-penaflor-2013-2\/","url":"https:\/\/www.ruralgia.com\/blog\/feria-y-fiestas-de-penaflor-2013-2\/","name":"Feria y Fiestas de Pe\u00f1aflor 2013 - Ruralgia Blog","isPartOf":{"@id":"https:\/\/www.ruralgia.com\/blog\/#website"},"primaryImageOfPage":{"@id":"https:\/\/www.ruralgia.com\/blog\/feria-y-fiestas-de-penaflor-2013-2\/#primaryimage"},"image":{"@id":"https:\/\/www.ruralgia.com\/blog\/feria-y-fiestas-de-penaflor-2013-2\/#primaryimage"},"thumbnailUrl":"https:\/\/www.ruralgia.com\/blog\/wp-content\/uploads\/2013\/08\/Definitivo.jpg","datePublished":"2013-08-12T10:12:15+00:00","dateModified":"2013-08-12T22:29:25+00:00","author":{"@id":"https:\/\/www.ruralgia.com\/blog\/#\/schema\/person\/f9d61dcaa454dc132c65467750b88c01"},"breadcrumb":{"@id":"https:\/\/www.ruralgia.com\/blog\/feria-y-fiestas-de-penaflor-2013-2\/#breadcrumb"},"inLanguage":"es","potentialAction":[{"@type":"ReadAction","target":["https:\/\/www.ruralgia.com\/blog\/feria-y-fiestas-de-penaflor-2013-2\/"]}]},{"@type":"ImageObject","inLanguage":"es","@id":"https:\/\/www.ruralgia.com\/blog\/feria-y-fiestas-de-penaflor-2013-2\/#primaryimage","url":"https:\/\/www.ruralgia.com\/blog\/wp-content\/uploads\/2013\/08\/Definitivo.jpg","contentUrl":"https:\/\/www.ruralgia.com\/blog\/wp-content\/uploads\/2013\/08\/Definitivo.jpg","width":3508,"height":4961},{"@type":"BreadcrumbList","@id":"https:\/\/www.ruralgia.com\/blog\/feria-y-fiestas-de-penaflor-2013-2\/#breadcrumb","itemListElement":[{"@type":"ListItem","position":1,"name":"Portada","item":"https:\/\/www.ruralgia.com\/blog\/"},{"@type":"ListItem","position":2,"name":"Feria y Fiestas de Pe\u00f1aflor 2013"}]},{"@type":"WebSite","@id":"https:\/\/www.ruralgia.com\/blog\/#website","url":"https:\/\/www.ruralgia.com\/blog\/","name":"Ruralgia Blog","description":"El blog de viajes y turismo de Ruralgia","potentialAction":[{"@type":"SearchAction","target":{"@type":"EntryPoint","urlTemplate":"https:\/\/www.ruralgia.com\/blog\/?s={search_term_string}"},"query-input":{"@type":"PropertyValueSpecification","valueRequired":true,"valueName":"search_term_string"}}],"inLanguage":"es"},{"@type":"Person","@id":"https:\/\/www.ruralgia.com\/blog\/#\/schema\/person\/f9d61dcaa454dc132c65467750b88c01","name":"admin","image":{"@type":"ImageObject","inLanguage":"es","@id":"https:\/\/www.ruralgia.com\/blog\/#\/schema\/person\/image\/","url":"https:\/\/secure.gravatar.com\/avatar\/308988d44afa417cbdf20b1a60ad4489?s=96&d=mm&r=g","contentUrl":"https:\/\/secure.gravatar.com\/avatar\/308988d44afa417cbdf20b1a60ad4489?s=96&d=mm&r=g","caption":"admin"},"url":"https:\/\/www.ruralgia.com\/blog\/author\/admin\/"}]}},"amp_enabled":true,"_links":{"self":[{"href":"https:\/\/www.ruralgia.com\/blog\/wp-json\/wp\/v2\/posts\/1063","targetHints":{"allow":["GET"]}}],"collection":[{"href":"https:\/\/www.ruralgia.com\/blog\/wp-json\/wp\/v2\/posts"}],"about":[{"href":"https:\/\/www.ruralgia.com\/blog\/wp-json\/wp\/v2\/types\/post"}],"author":[{"embeddable":true,"href":"https:\/\/www.ruralgia.com\/blog\/wp-json\/wp\/v2\/users\/1"}],"replies":[{"embeddable":true,"href":"https:\/\/www.ruralgia.com\/blog\/wp-json\/wp\/v2\/comments?post=1063"}],"version-history":[{"count":12,"href":"https:\/\/www.ruralgia.com\/blog\/wp-json\/wp\/v2\/posts\/1063\/revisions"}],"predecessor-version":[{"id":1078,"href":"https:\/\/www.ruralgia.com\/blog\/wp-json\/wp\/v2\/posts\/1063\/revisions\/1078"}],"wp:featuredmedia":[{"embeddable":true,"href":"https:\/\/www.ruralgia.com\/blog\/wp-json\/wp\/v2\/media\/1065"}],"wp:attachment":[{"href":"https:\/\/www.ruralgia.com\/blog\/wp-json\/wp\/v2\/media?parent=1063"}],"wp:term":[{"taxonomy":"category","embeddable":true,"href":"https:\/\/www.ruralgia.com\/blog\/wp-json\/wp\/v2\/categories?post=1063"},{"taxonomy":"post_tag","embeddable":true,"href":"https:\/\/www.ruralgia.com\/blog\/wp-json\/wp\/v2\/tags?post=1063"}],"curies":[{"name":"wp","href":"https:\/\/api.w.org\/{rel}","templated":true}]}}