{"id":1087,"date":"2013-08-24T12:04:18","date_gmt":"2013-08-24T12:04:18","guid":{"rendered":"https:\/\/www.ruralgia.com\/blog\/?p=1087"},"modified":"2013-08-24T12:04:20","modified_gmt":"2013-08-24T12:04:20","slug":"fiestas-de-barbastro-2013","status":"publish","type":"post","link":"https:\/\/www.ruralgia.com\/blog\/fiestas-de-barbastro-2013\/","title":{"rendered":"Fiestas de Barbastro 2013"},"content":{"rendered":"<p><strong>Del 4 al 8 de Septiembre<\/strong> en la poblaci\u00f3n de <strong>Barbastro<\/strong> se celebran las Fiestas mayores en Honor a la <strong>Natividad de Nuestra Se\u00f1ora<\/strong>. Se realizan pasacalles, corrida de toros, conciertos, Coso Blanco, desfile de carrozas&#8230;<\/p>\n<p><a href=\"https:\/\/www.ruralgia.com\/blog\/fiestas-de-barbastro-2013\/cartel-small\/\" rel=\"attachment wp-att-1088\"><img loading=\"lazy\" decoding=\"async\" class=\"size-medium wp-image-1088 alignleft\" style=\"border: 2px solid black; margin: 5px;\" alt=\"Cartel (Small)\" src=\"https:\/\/www.ruralgia.com\/blog\/wp-content\/uploads\/2013\/08\/Cartel-Small-214x300.jpg\" width=\"214\" height=\"300\" srcset=\"https:\/\/www.ruralgia.com\/blog\/wp-content\/uploads\/2013\/08\/Cartel-Small-214x300.jpg 214w, https:\/\/www.ruralgia.com\/blog\/wp-content\/uploads\/2013\/08\/Cartel-Small.jpg 343w\" sizes=\"auto, (max-width: 214px) 100vw, 214px\" \/><\/a><\/p>\n<p>Las fiestas de Barbastro comienzan oficialmente el 4 de septiembre con el lanzamiento del cohete anunciador, aunque previamente se desarrollan otros actos que forman parte del p\u00f3rtico festivo, como la <strong>Feria de Maquinaria Agr\u00edcola (FERMA)<\/strong>, el Acto de Proclamaci\u00f3n de Damas, la presentaci\u00f3n de las Ferranqueras o, en los \u00faltimos a\u00f1os, la apertura del Espacio Interpe\u00f1as.<\/p>\n<p>El d\u00eda 4 de septiembre, a mediod\u00eda, tiene lugar el lanzamiento del cohete anunciador y la lectura del Preg\u00f3n desde el balc\u00f3n de la Casa Consistorial, que dan paso a la <strong>Cabalgata del Preg\u00f3n<\/strong>, uno de los actos m\u00e1s esperados y en los que participan cientos de personas de todas las edades, formando una cadena humana y de carrozas en la que no faltan los grupos animaci\u00f3n, la m\u00fasica, los bailes y la diversi\u00f3n.<\/p>\n<p>Esas mismas carrozas desfilan por la tarde en el Coso Blanco, una batalla de confeti que ti\u00f1e de blanco uno de los centros neur\u00e1lgicos de la ciudad, el Paseo del Coso, y que hace las delicias de grandes y peque\u00f1os, que se colocan en ambas aceras y en el centro del paseo para lanzar confetis y serpentinas a los ocupantes de las carrozas, que hacen lo propio desde sus estrados.<\/p>\n<p>Los actos festivos se suceden a lo largo de cinco intensos d\u00edas en los que los vecinos de la ciudad toman las calles para disfrutar del m\u00e1s de un centenar de actos programados desde el Ayuntamiento de Barbastro y las pe\u00f1as y asociaciones de la ciudad. Actuaciones de calle como \u201cLa noche m\u00e1gica\u201d, verbenas, espect\u00e1culos infantiles, la comparsa de gigantes y cabezudos, los actos para la tercera edad, los conciertos, las actuaciones musicales, el teatro, las competiciones deportivas\u2026 se suceden con el fin de que Barbastro no descanse, ni de d\u00eda ni de noche, durante los d\u00edas de celebraci\u00f3n de sus fiestas patronales.<\/p>\n<p><script src='https:\/\/www.ruralgia.com\/caja_cerca.php?metodo=municipio&#038;ancho=250&#038;elementos=4&#038;size=90&#038;estilo=sunny&#038;float=right&#038;kms=20&#038;aleatorio=false&#038;municipio=Barbastro (Huesca)' type='text\/javascript'><\/script><\/p>\n<p>Y precisamente las noches son uno de los momentos que m\u00e1s p\u00fablico atraen, tanto de la ciudad como de las comarcas vecinas, gracias a las actuaciones de calle y al <strong>Espacio Interpe\u00f1as<\/strong>, una carpa en la que la buena m\u00fasica en directo est\u00e1 garantizada gracias a la actuaci\u00f3n diaria de importantes bandas del panorama nacional. Las pe\u00f1as de la ciudad y el Ayuntamiento de Barbastro han convertido esta carpa en el principal foco de la fiesta nocturna.<\/p>\n<p>Las fiestas de Barbastro se despiden el 8 de septiembre, d\u00eda de la Natividad de Nuestra Se\u00f1ora, y lo hacen con dos de los actos m\u00e1s tradicionales: la Ofrenda de flores y frutos a la Virgen del Pueyo y la corrida de toros.<\/p>\n<p>La <strong>Ofrenda de flores y frutos<\/strong> a la Virgen tiene lugar en la plaza Arag\u00f3n, junto al Paseo del Coso, donde se coloca una gran peana en la que las asociaciones y barrios de la ciudad, las pe\u00f1as, los clubs deportivos y las familias, muchos de ellos ataviados con el traje t\u00edpico regional, realizan sus ofrendas a la Virgen del Pueyo.<\/p>\n<p>Tambi\u00e9n es parte de la tradici\u00f3n y la costumbre, con m\u00e1s de un siglo de celebraci\u00f3n, la <strong>corrida de toros<\/strong> que anualmente se celebra el d\u00eda 8 de septiembre. Diestros de primer nivel se dan cita en la plaza barbastrense para acercar su arte a las cientos de personas que en ella se congregan.<\/p>\n<p><a href=\"http:\/\/www.turismobarbastro.org\/?barbastropag=04fiestas\" target=\"_blank\">Fuente<\/a>.<\/p>\n<p>&nbsp;<\/p>\n<p>&nbsp;<\/p>\n","protected":false},"excerpt":{"rendered":"<p>Del 4 al 8 de Septiembre en la poblaci\u00f3n de Barbastro se celebran las Fiestas mayores en Honor a la Natividad de Nuestra Se\u00f1ora. Se realizan pasacalles, corrida de toros, conciertos, Coso Blanco, desfile de carrozas&#8230; Las fiestas de Barbastro &hellip; <a href=\"https:\/\/www.ruralgia.com\/blog\/fiestas-de-barbastro-2013\/\">Sigue leyendo <span class=\"meta-nav\">&rarr;<\/span><\/a><\/p>\n","protected":false},"author":1,"featured_media":1088,"comment_status":"open","ping_status":"open","sticky":false,"template":"","format":"standard","meta":{"footnotes":""},"categories":[69,90,12],"tags":[158,161,22,71],"class_list":["post-1087","post","type-post","status-publish","format-standard","has-post-thumbnail","hentry","category-eventos","category-fiestas-2","category-propuestas","tag-cultura","tag-eventos","tag-fiestas","tag-turismo-rural"],"yoast_head":"<!-- This site is optimized with the Yoast SEO plugin v24.1 - https:\/\/yoast.com\/wordpress\/plugins\/seo\/ -->\n<title>Fiestas de Barbastro 2013 - Ruralgia Blog<\/title>\n<meta name=\"robots\" content=\"index, follow, max-snippet:-1, max-image-preview:large, max-video-preview:-1\" \/>\n<link rel=\"canonical\" href=\"https:\/\/www.ruralgia.com\/blog\/fiestas-de-barbastro-2013\/\" \/>\n<meta property=\"og:locale\" content=\"es_ES\" \/>\n<meta property=\"og:type\" content=\"article\" \/>\n<meta property=\"og:title\" content=\"Fiestas de Barbastro 2013 - Ruralgia Blog\" \/>\n<meta property=\"og:description\" content=\"Del 4 al 8 de Septiembre en la poblaci\u00f3n de Barbastro se celebran las Fiestas mayores en Honor a la Natividad de Nuestra Se\u00f1ora. Se realizan pasacalles, corrida de toros, conciertos, Coso Blanco, desfile de carrozas&#8230; Las fiestas de Barbastro &hellip; Sigue leyendo &rarr;\" \/>\n<meta property=\"og:url\" content=\"https:\/\/www.ruralgia.com\/blog\/fiestas-de-barbastro-2013\/\" \/>\n<meta property=\"og:site_name\" content=\"Ruralgia Blog\" \/>\n<meta property=\"article:published_time\" content=\"2013-08-24T12:04:18+00:00\" \/>\n<meta property=\"article:modified_time\" content=\"2013-08-24T12:04:20+00:00\" \/>\n<meta property=\"og:image\" content=\"https:\/\/www.ruralgia.com\/blog\/wp-content\/uploads\/2013\/08\/Cartel-Small.jpg\" \/>\n\t<meta property=\"og:image:width\" content=\"343\" \/>\n\t<meta property=\"og:image:height\" content=\"480\" \/>\n\t<meta property=\"og:image:type\" content=\"image\/jpeg\" \/>\n<meta name=\"author\" content=\"admin\" \/>\n<meta name=\"twitter:card\" content=\"summary_large_image\" \/>\n<meta name=\"twitter:label1\" content=\"Escrito por\" \/>\n\t<meta name=\"twitter:data1\" content=\"admin\" \/>\n\t<meta name=\"twitter:label2\" content=\"Tiempo de lectura\" \/>\n\t<meta name=\"twitter:data2\" content=\"3 minutos\" \/>\n<script type=\"application\/ld+json\" class=\"yoast-schema-graph\">{\"@context\":\"https:\/\/schema.org\",\"@graph\":[{\"@type\":\"WebPage\",\"@id\":\"https:\/\/www.ruralgia.com\/blog\/fiestas-de-barbastro-2013\/\",\"url\":\"https:\/\/www.ruralgia.com\/blog\/fiestas-de-barbastro-2013\/\",\"name\":\"Fiestas de Barbastro 2013 - Ruralgia Blog\",\"isPartOf\":{\"@id\":\"https:\/\/www.ruralgia.com\/blog\/#website\"},\"primaryImageOfPage\":{\"@id\":\"https:\/\/www.ruralgia.com\/blog\/fiestas-de-barbastro-2013\/#primaryimage\"},\"image\":{\"@id\":\"https:\/\/www.ruralgia.com\/blog\/fiestas-de-barbastro-2013\/#primaryimage\"},\"thumbnailUrl\":\"https:\/\/www.ruralgia.com\/blog\/wp-content\/uploads\/2013\/08\/Cartel-Small.jpg\",\"datePublished\":\"2013-08-24T12:04:18+00:00\",\"dateModified\":\"2013-08-24T12:04:20+00:00\",\"author\":{\"@id\":\"https:\/\/www.ruralgia.com\/blog\/#\/schema\/person\/f9d61dcaa454dc132c65467750b88c01\"},\"breadcrumb\":{\"@id\":\"https:\/\/www.ruralgia.com\/blog\/fiestas-de-barbastro-2013\/#breadcrumb\"},\"inLanguage\":\"es\",\"potentialAction\":[{\"@type\":\"ReadAction\",\"target\":[\"https:\/\/www.ruralgia.com\/blog\/fiestas-de-barbastro-2013\/\"]}]},{\"@type\":\"ImageObject\",\"inLanguage\":\"es\",\"@id\":\"https:\/\/www.ruralgia.com\/blog\/fiestas-de-barbastro-2013\/#primaryimage\",\"url\":\"https:\/\/www.ruralgia.com\/blog\/wp-content\/uploads\/2013\/08\/Cartel-Small.jpg\",\"contentUrl\":\"https:\/\/www.ruralgia.com\/blog\/wp-content\/uploads\/2013\/08\/Cartel-Small.jpg\",\"width\":343,\"height\":480},{\"@type\":\"BreadcrumbList\",\"@id\":\"https:\/\/www.ruralgia.com\/blog\/fiestas-de-barbastro-2013\/#breadcrumb\",\"itemListElement\":[{\"@type\":\"ListItem\",\"position\":1,\"name\":\"Portada\",\"item\":\"https:\/\/www.ruralgia.com\/blog\/\"},{\"@type\":\"ListItem\",\"position\":2,\"name\":\"Fiestas de Barbastro 2013\"}]},{\"@type\":\"WebSite\",\"@id\":\"https:\/\/www.ruralgia.com\/blog\/#website\",\"url\":\"https:\/\/www.ruralgia.com\/blog\/\",\"name\":\"Ruralgia Blog\",\"description\":\"El blog de viajes y turismo de Ruralgia\",\"potentialAction\":[{\"@type\":\"SearchAction\",\"target\":{\"@type\":\"EntryPoint\",\"urlTemplate\":\"https:\/\/www.ruralgia.com\/blog\/?s={search_term_string}\"},\"query-input\":{\"@type\":\"PropertyValueSpecification\",\"valueRequired\":true,\"valueName\":\"search_term_string\"}}],\"inLanguage\":\"es\"},{\"@type\":\"Person\",\"@id\":\"https:\/\/www.ruralgia.com\/blog\/#\/schema\/person\/f9d61dcaa454dc132c65467750b88c01\",\"name\":\"admin\",\"image\":{\"@type\":\"ImageObject\",\"inLanguage\":\"es\",\"@id\":\"https:\/\/www.ruralgia.com\/blog\/#\/schema\/person\/image\/\",\"url\":\"https:\/\/secure.gravatar.com\/avatar\/308988d44afa417cbdf20b1a60ad4489?s=96&d=mm&r=g\",\"contentUrl\":\"https:\/\/secure.gravatar.com\/avatar\/308988d44afa417cbdf20b1a60ad4489?s=96&d=mm&r=g\",\"caption\":\"admin\"},\"url\":\"https:\/\/www.ruralgia.com\/blog\/author\/admin\/\"}]}<\/script>\n<!-- \/ Yoast SEO plugin. -->","yoast_head_json":{"title":"Fiestas de Barbastro 2013 - Ruralgia Blog","robots":{"index":"index","follow":"follow","max-snippet":"max-snippet:-1","max-image-preview":"max-image-preview:large","max-video-preview":"max-video-preview:-1"},"canonical":"https:\/\/www.ruralgia.com\/blog\/fiestas-de-barbastro-2013\/","og_locale":"es_ES","og_type":"article","og_title":"Fiestas de Barbastro 2013 - Ruralgia Blog","og_description":"Del 4 al 8 de Septiembre en la poblaci\u00f3n de Barbastro se celebran las Fiestas mayores en Honor a la Natividad de Nuestra Se\u00f1ora. Se realizan pasacalles, corrida de toros, conciertos, Coso Blanco, desfile de carrozas&#8230; Las fiestas de Barbastro &hellip; Sigue leyendo &rarr;","og_url":"https:\/\/www.ruralgia.com\/blog\/fiestas-de-barbastro-2013\/","og_site_name":"Ruralgia Blog","article_published_time":"2013-08-24T12:04:18+00:00","article_modified_time":"2013-08-24T12:04:20+00:00","og_image":[{"width":343,"height":480,"url":"https:\/\/www.ruralgia.com\/blog\/wp-content\/uploads\/2013\/08\/Cartel-Small.jpg","type":"image\/jpeg"}],"author":"admin","twitter_card":"summary_large_image","twitter_misc":{"Escrito por":"admin","Tiempo de lectura":"3 minutos"},"schema":{"@context":"https:\/\/schema.org","@graph":[{"@type":"WebPage","@id":"https:\/\/www.ruralgia.com\/blog\/fiestas-de-barbastro-2013\/","url":"https:\/\/www.ruralgia.com\/blog\/fiestas-de-barbastro-2013\/","name":"Fiestas de Barbastro 2013 - Ruralgia Blog","isPartOf":{"@id":"https:\/\/www.ruralgia.com\/blog\/#website"},"primaryImageOfPage":{"@id":"https:\/\/www.ruralgia.com\/blog\/fiestas-de-barbastro-2013\/#primaryimage"},"image":{"@id":"https:\/\/www.ruralgia.com\/blog\/fiestas-de-barbastro-2013\/#primaryimage"},"thumbnailUrl":"https:\/\/www.ruralgia.com\/blog\/wp-content\/uploads\/2013\/08\/Cartel-Small.jpg","datePublished":"2013-08-24T12:04:18+00:00","dateModified":"2013-08-24T12:04:20+00:00","author":{"@id":"https:\/\/www.ruralgia.com\/blog\/#\/schema\/person\/f9d61dcaa454dc132c65467750b88c01"},"breadcrumb":{"@id":"https:\/\/www.ruralgia.com\/blog\/fiestas-de-barbastro-2013\/#breadcrumb"},"inLanguage":"es","potentialAction":[{"@type":"ReadAction","target":["https:\/\/www.ruralgia.com\/blog\/fiestas-de-barbastro-2013\/"]}]},{"@type":"ImageObject","inLanguage":"es","@id":"https:\/\/www.ruralgia.com\/blog\/fiestas-de-barbastro-2013\/#primaryimage","url":"https:\/\/www.ruralgia.com\/blog\/wp-content\/uploads\/2013\/08\/Cartel-Small.jpg","contentUrl":"https:\/\/www.ruralgia.com\/blog\/wp-content\/uploads\/2013\/08\/Cartel-Small.jpg","width":343,"height":480},{"@type":"BreadcrumbList","@id":"https:\/\/www.ruralgia.com\/blog\/fiestas-de-barbastro-2013\/#breadcrumb","itemListElement":[{"@type":"ListItem","position":1,"name":"Portada","item":"https:\/\/www.ruralgia.com\/blog\/"},{"@type":"ListItem","position":2,"name":"Fiestas de Barbastro 2013"}]},{"@type":"WebSite","@id":"https:\/\/www.ruralgia.com\/blog\/#website","url":"https:\/\/www.ruralgia.com\/blog\/","name":"Ruralgia Blog","description":"El blog de viajes y turismo de Ruralgia","potentialAction":[{"@type":"SearchAction","target":{"@type":"EntryPoint","urlTemplate":"https:\/\/www.ruralgia.com\/blog\/?s={search_term_string}"},"query-input":{"@type":"PropertyValueSpecification","valueRequired":true,"valueName":"search_term_string"}}],"inLanguage":"es"},{"@type":"Person","@id":"https:\/\/www.ruralgia.com\/blog\/#\/schema\/person\/f9d61dcaa454dc132c65467750b88c01","name":"admin","image":{"@type":"ImageObject","inLanguage":"es","@id":"https:\/\/www.ruralgia.com\/blog\/#\/schema\/person\/image\/","url":"https:\/\/secure.gravatar.com\/avatar\/308988d44afa417cbdf20b1a60ad4489?s=96&d=mm&r=g","contentUrl":"https:\/\/secure.gravatar.com\/avatar\/308988d44afa417cbdf20b1a60ad4489?s=96&d=mm&r=g","caption":"admin"},"url":"https:\/\/www.ruralgia.com\/blog\/author\/admin\/"}]}},"amp_enabled":true,"_links":{"self":[{"href":"https:\/\/www.ruralgia.com\/blog\/wp-json\/wp\/v2\/posts\/1087","targetHints":{"allow":["GET"]}}],"collection":[{"href":"https:\/\/www.ruralgia.com\/blog\/wp-json\/wp\/v2\/posts"}],"about":[{"href":"https:\/\/www.ruralgia.com\/blog\/wp-json\/wp\/v2\/types\/post"}],"author":[{"embeddable":true,"href":"https:\/\/www.ruralgia.com\/blog\/wp-json\/wp\/v2\/users\/1"}],"replies":[{"embeddable":true,"href":"https:\/\/www.ruralgia.com\/blog\/wp-json\/wp\/v2\/comments?post=1087"}],"version-history":[{"count":15,"href":"https:\/\/www.ruralgia.com\/blog\/wp-json\/wp\/v2\/posts\/1087\/revisions"}],"predecessor-version":[{"id":1103,"href":"https:\/\/www.ruralgia.com\/blog\/wp-json\/wp\/v2\/posts\/1087\/revisions\/1103"}],"wp:featuredmedia":[{"embeddable":true,"href":"https:\/\/www.ruralgia.com\/blog\/wp-json\/wp\/v2\/media\/1088"}],"wp:attachment":[{"href":"https:\/\/www.ruralgia.com\/blog\/wp-json\/wp\/v2\/media?parent=1087"}],"wp:term":[{"taxonomy":"category","embeddable":true,"href":"https:\/\/www.ruralgia.com\/blog\/wp-json\/wp\/v2\/categories?post=1087"},{"taxonomy":"post_tag","embeddable":true,"href":"https:\/\/www.ruralgia.com\/blog\/wp-json\/wp\/v2\/tags?post=1087"}],"curies":[{"name":"wp","href":"https:\/\/api.w.org\/{rel}","templated":true}]}}