{"id":1105,"date":"2013-08-27T20:31:59","date_gmt":"2013-08-27T20:31:59","guid":{"rendered":"https:\/\/www.ruralgia.com\/blog\/?p=1105"},"modified":"2013-08-27T20:42:23","modified_gmt":"2013-08-27T20:42:23","slug":"fiestas-del-vino-en-valdepenas-2013","status":"publish","type":"post","link":"https:\/\/www.ruralgia.com\/blog\/fiestas-del-vino-en-valdepenas-2013\/","title":{"rendered":"Fiestas del Vino en Valdepe\u00f1as 2013"},"content":{"rendered":"<p><a href=\"https:\/\/www.ruralgia.com\/blog\/fiestas-del-vino-en-valdepenas-2013\/attachment\/12\/\" rel=\"attachment wp-att-1106\"><img loading=\"lazy\" decoding=\"async\" class=\"size-medium wp-image-1106 alignleft\" style=\"border: 2px solid black; margin: 5px;\" alt=\"12\" src=\"https:\/\/www.ruralgia.com\/blog\/wp-content\/uploads\/2013\/08\/12-216x300.jpg\" width=\"216\" height=\"300\" srcset=\"https:\/\/www.ruralgia.com\/blog\/wp-content\/uploads\/2013\/08\/12-216x300.jpg 216w, https:\/\/www.ruralgia.com\/blog\/wp-content\/uploads\/2013\/08\/12.jpg 300w\" sizes=\"auto, (max-width: 216px) 100vw, 216px\" \/><\/a>Las \u201cFiestas del Vino\u201d de Valdepe\u00f1as est\u00e1n consideradas como las m\u00e1s importantes de la provincia.<\/p>\n<p>Son unas fechas cargadas de actos culturales, deportivos y sobre todo l\u00fadicos para todos los colectivos. Destacando el festival folkl\u00f3rico \u201cCiudad del Vino\u201d, la \u201cExposici\u00f3n Internacional de Artes Pl\u00e1sticas\u201d, y la Ofrenda Floral a la Virgen.<\/p>\n<p>El 7 de Septiembre se organiza el Desfile de Carrozas tras el cual tiene lugar la \u201cOfrenda de Flores\u201d, destin\u00e1ndose el d\u00eda 8 de Septiembre a los actos lit\u00fargicos en honor de la Virgen de Consolaci\u00f3n.<\/p>\n<p><script src='https:\/\/www.ruralgia.com\/caja_cerca.php?metodo=municipio&#038;ancho=250&#038;elementos=3&#038;size=90&#038;estilo=sunny&#038;float=right&#038;kms=20&#038;aleatorio=false&#038;municipio=Valdepe\u00f1as (Ciudad Real)' type='text\/javascript'><\/script><\/p>\n<p>&nbsp;<\/p>\n<p>El origen de las Fiestas del Vino de Valdepe\u00f1as se remontan a la \u201cFeria Nacional del Vino\u201d, feria comercial celebrada en el a\u00f1o 1.952. Desde el a\u00f1o 1953 forman parte de las Fiestas Patronales de la Virgen de la Consolaci\u00f3n, y tienen lugar diferentes actividades como festejos taurinos, concursos de cata, exposiciones y conciertos.<\/p>\n<p><a href=\"http:\/\/www.cuandopasa.com\/index.php?v=v38815h\" target=\"_blank\">Fuente<\/a>.<\/p>\n<p>Probablemente una de las mejores fiestas de Espa\u00f1a, especialmente por la gente, la hospitalidad, y el ambiente festivo que hab\u00eda en todo el pueblo. Aunque es dificil elegir entre esta y las de Villanueva de los Infantes y San Adri\u00e1n, pero sin duda alguna es una de las Top 3 mejores fiestas del a\u00f1o pasado.<\/p>\n<p><a href=\"http:\/\/www.eldestrozo.com\/eventos\/38_programa_2013.pdf\" target=\"_blank\">Programa fiestas 2013<\/a><\/p>\n<p>&nbsp;<\/p>\n<p>&nbsp;<\/p>\n","protected":false},"excerpt":{"rendered":"<p>Las \u201cFiestas del Vino\u201d de Valdepe\u00f1as est\u00e1n consideradas como las m\u00e1s importantes de la provincia. Son unas fechas cargadas de actos culturales, deportivos y sobre todo l\u00fadicos para todos los colectivos. Destacando el festival folkl\u00f3rico \u201cCiudad del Vino\u201d, la \u201cExposici\u00f3n &hellip; <a href=\"https:\/\/www.ruralgia.com\/blog\/fiestas-del-vino-en-valdepenas-2013\/\">Sigue leyendo <span class=\"meta-nav\">&rarr;<\/span><\/a><\/p>\n","protected":false},"author":1,"featured_media":1106,"comment_status":"open","ping_status":"open","sticky":false,"template":"","format":"standard","meta":{"footnotes":""},"categories":[69,90,10],"tags":[158,161,22],"class_list":["post-1105","post","type-post","status-publish","format-standard","has-post-thumbnail","hentry","category-eventos","category-fiestas-2","category-propietarios","tag-cultura","tag-eventos","tag-fiestas"],"yoast_head":"<!-- This site is optimized with the Yoast SEO plugin v24.1 - https:\/\/yoast.com\/wordpress\/plugins\/seo\/ -->\n<title>Fiestas del Vino en Valdepe\u00f1as 2013 - Ruralgia Blog<\/title>\n<meta name=\"robots\" content=\"index, follow, max-snippet:-1, max-image-preview:large, max-video-preview:-1\" \/>\n<link rel=\"canonical\" href=\"https:\/\/www.ruralgia.com\/blog\/fiestas-del-vino-en-valdepenas-2013\/\" \/>\n<meta property=\"og:locale\" content=\"es_ES\" \/>\n<meta property=\"og:type\" content=\"article\" \/>\n<meta property=\"og:title\" content=\"Fiestas del Vino en Valdepe\u00f1as 2013 - Ruralgia Blog\" \/>\n<meta property=\"og:description\" content=\"Las \u201cFiestas del Vino\u201d de Valdepe\u00f1as est\u00e1n consideradas como las m\u00e1s importantes de la provincia. Son unas fechas cargadas de actos culturales, deportivos y sobre todo l\u00fadicos para todos los colectivos. Destacando el festival folkl\u00f3rico \u201cCiudad del Vino\u201d, la \u201cExposici\u00f3n &hellip; Sigue leyendo &rarr;\" \/>\n<meta property=\"og:url\" content=\"https:\/\/www.ruralgia.com\/blog\/fiestas-del-vino-en-valdepenas-2013\/\" \/>\n<meta property=\"og:site_name\" content=\"Ruralgia Blog\" \/>\n<meta property=\"article:published_time\" content=\"2013-08-27T20:31:59+00:00\" \/>\n<meta property=\"article:modified_time\" content=\"2013-08-27T20:42:23+00:00\" \/>\n<meta property=\"og:image\" content=\"https:\/\/www.ruralgia.com\/blog\/wp-content\/uploads\/2013\/08\/12.jpg\" \/>\n\t<meta property=\"og:image:width\" content=\"300\" \/>\n\t<meta property=\"og:image:height\" content=\"416\" \/>\n\t<meta property=\"og:image:type\" content=\"image\/jpeg\" \/>\n<meta name=\"author\" content=\"admin\" \/>\n<meta name=\"twitter:card\" content=\"summary_large_image\" \/>\n<meta name=\"twitter:label1\" content=\"Escrito por\" \/>\n\t<meta name=\"twitter:data1\" content=\"admin\" \/>\n\t<meta name=\"twitter:label2\" content=\"Tiempo de lectura\" \/>\n\t<meta name=\"twitter:data2\" content=\"1 minuto\" \/>\n<script type=\"application\/ld+json\" class=\"yoast-schema-graph\">{\"@context\":\"https:\/\/schema.org\",\"@graph\":[{\"@type\":\"WebPage\",\"@id\":\"https:\/\/www.ruralgia.com\/blog\/fiestas-del-vino-en-valdepenas-2013\/\",\"url\":\"https:\/\/www.ruralgia.com\/blog\/fiestas-del-vino-en-valdepenas-2013\/\",\"name\":\"Fiestas del Vino en Valdepe\u00f1as 2013 - Ruralgia Blog\",\"isPartOf\":{\"@id\":\"https:\/\/www.ruralgia.com\/blog\/#website\"},\"primaryImageOfPage\":{\"@id\":\"https:\/\/www.ruralgia.com\/blog\/fiestas-del-vino-en-valdepenas-2013\/#primaryimage\"},\"image\":{\"@id\":\"https:\/\/www.ruralgia.com\/blog\/fiestas-del-vino-en-valdepenas-2013\/#primaryimage\"},\"thumbnailUrl\":\"https:\/\/www.ruralgia.com\/blog\/wp-content\/uploads\/2013\/08\/12.jpg\",\"datePublished\":\"2013-08-27T20:31:59+00:00\",\"dateModified\":\"2013-08-27T20:42:23+00:00\",\"author\":{\"@id\":\"https:\/\/www.ruralgia.com\/blog\/#\/schema\/person\/f9d61dcaa454dc132c65467750b88c01\"},\"breadcrumb\":{\"@id\":\"https:\/\/www.ruralgia.com\/blog\/fiestas-del-vino-en-valdepenas-2013\/#breadcrumb\"},\"inLanguage\":\"es\",\"potentialAction\":[{\"@type\":\"ReadAction\",\"target\":[\"https:\/\/www.ruralgia.com\/blog\/fiestas-del-vino-en-valdepenas-2013\/\"]}]},{\"@type\":\"ImageObject\",\"inLanguage\":\"es\",\"@id\":\"https:\/\/www.ruralgia.com\/blog\/fiestas-del-vino-en-valdepenas-2013\/#primaryimage\",\"url\":\"https:\/\/www.ruralgia.com\/blog\/wp-content\/uploads\/2013\/08\/12.jpg\",\"contentUrl\":\"https:\/\/www.ruralgia.com\/blog\/wp-content\/uploads\/2013\/08\/12.jpg\",\"width\":300,\"height\":416},{\"@type\":\"BreadcrumbList\",\"@id\":\"https:\/\/www.ruralgia.com\/blog\/fiestas-del-vino-en-valdepenas-2013\/#breadcrumb\",\"itemListElement\":[{\"@type\":\"ListItem\",\"position\":1,\"name\":\"Portada\",\"item\":\"https:\/\/www.ruralgia.com\/blog\/\"},{\"@type\":\"ListItem\",\"position\":2,\"name\":\"Fiestas del Vino en Valdepe\u00f1as 2013\"}]},{\"@type\":\"WebSite\",\"@id\":\"https:\/\/www.ruralgia.com\/blog\/#website\",\"url\":\"https:\/\/www.ruralgia.com\/blog\/\",\"name\":\"Ruralgia Blog\",\"description\":\"El blog de viajes y turismo de Ruralgia\",\"potentialAction\":[{\"@type\":\"SearchAction\",\"target\":{\"@type\":\"EntryPoint\",\"urlTemplate\":\"https:\/\/www.ruralgia.com\/blog\/?s={search_term_string}\"},\"query-input\":{\"@type\":\"PropertyValueSpecification\",\"valueRequired\":true,\"valueName\":\"search_term_string\"}}],\"inLanguage\":\"es\"},{\"@type\":\"Person\",\"@id\":\"https:\/\/www.ruralgia.com\/blog\/#\/schema\/person\/f9d61dcaa454dc132c65467750b88c01\",\"name\":\"admin\",\"image\":{\"@type\":\"ImageObject\",\"inLanguage\":\"es\",\"@id\":\"https:\/\/www.ruralgia.com\/blog\/#\/schema\/person\/image\/\",\"url\":\"https:\/\/secure.gravatar.com\/avatar\/308988d44afa417cbdf20b1a60ad4489?s=96&d=mm&r=g\",\"contentUrl\":\"https:\/\/secure.gravatar.com\/avatar\/308988d44afa417cbdf20b1a60ad4489?s=96&d=mm&r=g\",\"caption\":\"admin\"},\"url\":\"https:\/\/www.ruralgia.com\/blog\/author\/admin\/\"}]}<\/script>\n<!-- \/ Yoast SEO plugin. -->","yoast_head_json":{"title":"Fiestas del Vino en Valdepe\u00f1as 2013 - Ruralgia Blog","robots":{"index":"index","follow":"follow","max-snippet":"max-snippet:-1","max-image-preview":"max-image-preview:large","max-video-preview":"max-video-preview:-1"},"canonical":"https:\/\/www.ruralgia.com\/blog\/fiestas-del-vino-en-valdepenas-2013\/","og_locale":"es_ES","og_type":"article","og_title":"Fiestas del Vino en Valdepe\u00f1as 2013 - Ruralgia Blog","og_description":"Las \u201cFiestas del Vino\u201d de Valdepe\u00f1as est\u00e1n consideradas como las m\u00e1s importantes de la provincia. Son unas fechas cargadas de actos culturales, deportivos y sobre todo l\u00fadicos para todos los colectivos. Destacando el festival folkl\u00f3rico \u201cCiudad del Vino\u201d, la \u201cExposici\u00f3n &hellip; Sigue leyendo &rarr;","og_url":"https:\/\/www.ruralgia.com\/blog\/fiestas-del-vino-en-valdepenas-2013\/","og_site_name":"Ruralgia Blog","article_published_time":"2013-08-27T20:31:59+00:00","article_modified_time":"2013-08-27T20:42:23+00:00","og_image":[{"width":300,"height":416,"url":"https:\/\/www.ruralgia.com\/blog\/wp-content\/uploads\/2013\/08\/12.jpg","type":"image\/jpeg"}],"author":"admin","twitter_card":"summary_large_image","twitter_misc":{"Escrito por":"admin","Tiempo de lectura":"1 minuto"},"schema":{"@context":"https:\/\/schema.org","@graph":[{"@type":"WebPage","@id":"https:\/\/www.ruralgia.com\/blog\/fiestas-del-vino-en-valdepenas-2013\/","url":"https:\/\/www.ruralgia.com\/blog\/fiestas-del-vino-en-valdepenas-2013\/","name":"Fiestas del Vino en Valdepe\u00f1as 2013 - Ruralgia Blog","isPartOf":{"@id":"https:\/\/www.ruralgia.com\/blog\/#website"},"primaryImageOfPage":{"@id":"https:\/\/www.ruralgia.com\/blog\/fiestas-del-vino-en-valdepenas-2013\/#primaryimage"},"image":{"@id":"https:\/\/www.ruralgia.com\/blog\/fiestas-del-vino-en-valdepenas-2013\/#primaryimage"},"thumbnailUrl":"https:\/\/www.ruralgia.com\/blog\/wp-content\/uploads\/2013\/08\/12.jpg","datePublished":"2013-08-27T20:31:59+00:00","dateModified":"2013-08-27T20:42:23+00:00","author":{"@id":"https:\/\/www.ruralgia.com\/blog\/#\/schema\/person\/f9d61dcaa454dc132c65467750b88c01"},"breadcrumb":{"@id":"https:\/\/www.ruralgia.com\/blog\/fiestas-del-vino-en-valdepenas-2013\/#breadcrumb"},"inLanguage":"es","potentialAction":[{"@type":"ReadAction","target":["https:\/\/www.ruralgia.com\/blog\/fiestas-del-vino-en-valdepenas-2013\/"]}]},{"@type":"ImageObject","inLanguage":"es","@id":"https:\/\/www.ruralgia.com\/blog\/fiestas-del-vino-en-valdepenas-2013\/#primaryimage","url":"https:\/\/www.ruralgia.com\/blog\/wp-content\/uploads\/2013\/08\/12.jpg","contentUrl":"https:\/\/www.ruralgia.com\/blog\/wp-content\/uploads\/2013\/08\/12.jpg","width":300,"height":416},{"@type":"BreadcrumbList","@id":"https:\/\/www.ruralgia.com\/blog\/fiestas-del-vino-en-valdepenas-2013\/#breadcrumb","itemListElement":[{"@type":"ListItem","position":1,"name":"Portada","item":"https:\/\/www.ruralgia.com\/blog\/"},{"@type":"ListItem","position":2,"name":"Fiestas del Vino en Valdepe\u00f1as 2013"}]},{"@type":"WebSite","@id":"https:\/\/www.ruralgia.com\/blog\/#website","url":"https:\/\/www.ruralgia.com\/blog\/","name":"Ruralgia Blog","description":"El blog de viajes y turismo de Ruralgia","potentialAction":[{"@type":"SearchAction","target":{"@type":"EntryPoint","urlTemplate":"https:\/\/www.ruralgia.com\/blog\/?s={search_term_string}"},"query-input":{"@type":"PropertyValueSpecification","valueRequired":true,"valueName":"search_term_string"}}],"inLanguage":"es"},{"@type":"Person","@id":"https:\/\/www.ruralgia.com\/blog\/#\/schema\/person\/f9d61dcaa454dc132c65467750b88c01","name":"admin","image":{"@type":"ImageObject","inLanguage":"es","@id":"https:\/\/www.ruralgia.com\/blog\/#\/schema\/person\/image\/","url":"https:\/\/secure.gravatar.com\/avatar\/308988d44afa417cbdf20b1a60ad4489?s=96&d=mm&r=g","contentUrl":"https:\/\/secure.gravatar.com\/avatar\/308988d44afa417cbdf20b1a60ad4489?s=96&d=mm&r=g","caption":"admin"},"url":"https:\/\/www.ruralgia.com\/blog\/author\/admin\/"}]}},"amp_enabled":true,"_links":{"self":[{"href":"https:\/\/www.ruralgia.com\/blog\/wp-json\/wp\/v2\/posts\/1105","targetHints":{"allow":["GET"]}}],"collection":[{"href":"https:\/\/www.ruralgia.com\/blog\/wp-json\/wp\/v2\/posts"}],"about":[{"href":"https:\/\/www.ruralgia.com\/blog\/wp-json\/wp\/v2\/types\/post"}],"author":[{"embeddable":true,"href":"https:\/\/www.ruralgia.com\/blog\/wp-json\/wp\/v2\/users\/1"}],"replies":[{"embeddable":true,"href":"https:\/\/www.ruralgia.com\/blog\/wp-json\/wp\/v2\/comments?post=1105"}],"version-history":[{"count":11,"href":"https:\/\/www.ruralgia.com\/blog\/wp-json\/wp\/v2\/posts\/1105\/revisions"}],"predecessor-version":[{"id":1117,"href":"https:\/\/www.ruralgia.com\/blog\/wp-json\/wp\/v2\/posts\/1105\/revisions\/1117"}],"wp:featuredmedia":[{"embeddable":true,"href":"https:\/\/www.ruralgia.com\/blog\/wp-json\/wp\/v2\/media\/1106"}],"wp:attachment":[{"href":"https:\/\/www.ruralgia.com\/blog\/wp-json\/wp\/v2\/media?parent=1105"}],"wp:term":[{"taxonomy":"category","embeddable":true,"href":"https:\/\/www.ruralgia.com\/blog\/wp-json\/wp\/v2\/categories?post=1105"},{"taxonomy":"post_tag","embeddable":true,"href":"https:\/\/www.ruralgia.com\/blog\/wp-json\/wp\/v2\/tags?post=1105"}],"curies":[{"name":"wp","href":"https:\/\/api.w.org\/{rel}","templated":true}]}}