{"id":1119,"date":"2013-08-30T08:17:31","date_gmt":"2013-08-30T08:17:31","guid":{"rendered":"https:\/\/www.ruralgia.com\/blog\/?p=1119"},"modified":"2013-08-30T08:17:34","modified_gmt":"2013-08-30T08:17:34","slug":"fiestas-de-san-mateo-en-oviedo-2013","status":"publish","type":"post","link":"https:\/\/www.ruralgia.com\/blog\/fiestas-de-san-mateo-en-oviedo-2013\/","title":{"rendered":"Fiestas de San Mateo en Oviedo 2013"},"content":{"rendered":"<p>Desde el <strong>13 hasta el 22 de Septiembre<\/strong> se celebrar\u00e1n las fiestas de San Mateo.<\/p>\n<p>El <strong>d\u00eda de San Mateo<\/strong> empez\u00f3 siendo una celebraci\u00f3n religiosa pero se ha convertido, con el paso del tiempo, en una gran fiesta popular. Ciudadanos y turistas se unen para despedir el verano y dar una calurosa bienvenida a la nueva estaci\u00f3n, el oto\u00f1o.<\/p>\n<p><a href=\"https:\/\/www.ruralgia.com\/blog\/fiestas-de-san-mateo-en-oviedo-2013\/sanmateo-2013\/\" rel=\"attachment wp-att-1120\"><img loading=\"lazy\" decoding=\"async\" class=\"size-medium wp-image-1120 alignleft\" style=\"border: 2px solid black; margin: 5px;\" alt=\"sanmateo-2013\" src=\"https:\/\/www.ruralgia.com\/blog\/wp-content\/uploads\/2013\/08\/sanmateo-2013-205x300.jpg\" width=\"205\" height=\"300\" srcset=\"https:\/\/www.ruralgia.com\/blog\/wp-content\/uploads\/2013\/08\/sanmateo-2013-205x300.jpg 205w, https:\/\/www.ruralgia.com\/blog\/wp-content\/uploads\/2013\/08\/sanmateo-2013.jpg 646w\" sizes=\"auto, (max-width: 205px) 100vw, 205px\" \/><\/a> Sus or\u00edgenes se remontan a la \u00e9poca medieval, cuando fieles y peregrinos que quer\u00edan ganarse el jubileo se concentraban en torno al ap\u00f3stol Mateo.<\/p>\n<p>El 21 de Septiembre es d\u00eda grande de las fiestas, en el que los ciudadanos suelen comer en los parques el t\u00edpico \u201cbollu pre\u00f1ao\u201d junto a una botella de vino. Por la noche se lanzan los fuegos artificiales desde el Parque de Invierno, acontecimiento que re\u00fane a una gran multitud. <b><\/p>\n<p><\/b><\/p>\n<p>Las entradas para los conciertos de San Mateo costar\u00e1n 5 euros en venta anticipada.<\/p>\n<p>Comprar las entradas para los conciertos de San Mateo de manera anticipada tendr\u00e1 sus ventajas, una reducci\u00f3n de 2 euros en el precio total de cada localidad. Los recitales que se celebrar\u00e1n en la explanada del Carlos Tartiere costar\u00e1n 7 euros en taquilla y 5 si se adquieren de manera anticipada. Todos los conciertos de La Er\u00eda tendr\u00e1n este precio salvo el caso del grupo internacional de power metal, los alemanes de \u2018Helloween\u2019, cuyas entradas, en venta anticipada ser\u00e1n de 12 euros y en taquilla, de 16. Estas tarifas son las baratas de la gira del grupo en Espa\u00f1a. Las entradas para sus actuaciones en Madrid, Bilbao o Barcelona oscilaban entre los 36 y los 40 euros.<\/p>\n<p><a href=\"https:\/\/www.ruralgia.com\/blog\/fiestas-de-san-mateo-en-oviedo-2013\/captura\/\" rel=\"attachment wp-att-1121\"><img loading=\"lazy\" decoding=\"async\" class=\"size-medium wp-image-1121 alignright\" style=\"border: 2px solid black; margin: 5px;\" alt=\"Captura\" src=\"https:\/\/www.ruralgia.com\/blog\/wp-content\/uploads\/2013\/08\/Captura-262x300.jpg\" width=\"262\" height=\"300\" srcset=\"https:\/\/www.ruralgia.com\/blog\/wp-content\/uploads\/2013\/08\/Captura-262x300.jpg 262w, https:\/\/www.ruralgia.com\/blog\/wp-content\/uploads\/2013\/08\/Captura.jpg 415w\" sizes=\"auto, (max-width: 262px) 100vw, 262px\" \/><\/a><\/p>\n<p>La otra excepci\u00f3n ser\u00e1 el concierto de Melendi, que viene \u2018a taquilla\u2019. La organizaci\u00f3n pondr\u00e1 a la venta 2.000 entradas a un precio de 18 euros. El resto tendr\u00e1 un precio de 22 euros.<\/p>\n<p><strong>Los conciertos de la plaza de la Catedral en San Mateo ser\u00e1n, como siempre, gratuitos.<\/strong><\/p>\n<p><a href=\"http:\/\/sanmateo.com.es\/2013\/los-conciertos-de-san-mateo-en-la-catedral-gratis-pero-en-la-eria-a-5-euros\" target=\"_blank\">Fuente<\/a>.<\/p>\n<p><a href=\"http:\/\/www.salirdefiestas.com\/asturias\/fiestas-patronales\/fiestas-san-mateo-oviedo-2013\" target=\"_blank\">Programaci\u00f3n<\/a>.<\/p>\n<p><strong>Viernes 13 de septiembre<\/strong><\/p>\n<p><strong>El Sue\u00f1o de Morfeo<\/strong> ser\u00eda, junto dos grupos por confirmar, la banda encargada de abrir las fiestas en el \u00fanico <strong>concierto<\/strong> gratuito de esta propuesta.<\/p>\n<p><strong>S\u00e1bado 14 de septiembre<\/strong><\/p>\n<p>El \u2018Rock &amp; roll actitud\u2019 de <strong>Loquillo<\/strong>, que presentar\u00e1 nuevamente en <strong>Asturias<\/strong> \u2018<em>La Nave de los locos<\/em>\u2018 inunda esta vez <strong>Oviedo<\/strong>. Actuar\u00edan el mismo d\u00eda <strong>Celtas Cortos<\/strong>. <strong>Pablo Vald\u00e9s<\/strong> completa este tr\u00edo de ases poniendo la nota asturiana a la noche.<\/p>\n<p><strong>Domingo 15 de septiembre<\/strong><\/p>\n<p>Para los fans de <strong>Alaska y Mario,<\/strong> <strong>Fangoria<\/strong> y <strong>Nancys Rubias<\/strong> actuar\u00edan el s\u00e1bado 15 acompa\u00f1ados por los asturianos <strong>MyVestal.<\/strong><\/p>\n<p><strong>Mi\u00e9rcoles 18 de septiembre<\/strong><\/p>\n<p>La nota flamenca viene este a\u00f1o de mano de <strong>Kiko Veneno<\/strong>, actuar\u00e1 en <strong>Oviedo<\/strong> acompa\u00f1ado por una de las bandas de fusi\u00f3n que m\u00e1s fuerte est\u00e1n pegando, <strong>La Pegatina<\/strong>. Como cada d\u00eda, una banda asturiana completa el cartel. <strong>Dixebra<\/strong> ser\u00e1 el grupo encargado de que nadie deje de bailar.<\/p>\n<p><script type=\"text\/javascript\" src=\"https:\/\/www.ruralgia.com\/caja_cerca.php?metodo=municipio&amp;ancho=250&amp;elementos=4&amp;size=90&amp;estilo=flick&amp;float=left&amp;kms=20&amp;aleatorio=true&amp;municipio=Oviedo (Asturias)\"><\/script><\/p>\n<p><strong>Jueves 19 de septiembre<\/strong><\/p>\n<p>Este a\u00f1o s\u00ed <strong>Love of Lesbian<\/strong> actuar\u00e1n, tr\u00e1s la decepci\u00f3n de muchos, que tr\u00e1s ser anunciados por varios medios finalmente no estuvieron en las fiestas. Este a\u00f1o estar\u00e1m junto a\u00a0<strong>Facto Delaf\u00e9 y Las Flores Azules<\/strong> y otra banda asturiana como es <strong>Bueno<\/strong>.<\/p>\n<p><strong>Viernes 20 de septiembre<\/strong><\/p>\n<p>Una noche que los viejos rockeros agradecer\u00e1n infinitamente. Concierto de <strong>Rosendo<\/strong> junto a la banda de Ourense <strong>Los Suaves<\/strong>, que tocar\u00edan en <strong>Oviedo<\/strong> por segunda vez este a\u00f1o, y el ex componente de <strong>Siniestro Total<\/strong> <strong>Miguel Costas<\/strong>. Completa el cartel otra veterana banda, esta vez de nuestra regi\u00f3n, como es <strong>La Destiler\u00eda<\/strong>.<\/p>\n<p><strong>S\u00e1bado 21 de septiembre<\/strong><\/p>\n<p><strong>Melendi<\/strong> no pod\u00eda fallar en las fiestas de su ciudad. Tras la suspensi\u00f3n de su <strong>concierto en Avil\u00e9s<\/strong> del pasado 2 de mayo sus miles de seguidores asturianos clamaban por una nueva cita con el ovetense, que de ser as\u00ed, pondr\u00eda el punto y final a los <strong>conciertos mateinos<\/strong>.<\/p>\n<p>&nbsp;<\/p>\n","protected":false},"excerpt":{"rendered":"<p>Desde el 13 hasta el 22 de Septiembre se celebrar\u00e1n las fiestas de San Mateo. El d\u00eda de San Mateo empez\u00f3 siendo una celebraci\u00f3n religiosa pero se ha convertido, con el paso del tiempo, en una gran fiesta popular. Ciudadanos &hellip; <a href=\"https:\/\/www.ruralgia.com\/blog\/fiestas-de-san-mateo-en-oviedo-2013\/\">Sigue leyendo <span class=\"meta-nav\">&rarr;<\/span><\/a><\/p>\n","protected":false},"author":1,"featured_media":1121,"comment_status":"open","ping_status":"open","sticky":false,"template":"","format":"standard","meta":{"footnotes":""},"categories":[69,90,12],"tags":[158,161,22,157],"class_list":["post-1119","post","type-post","status-publish","format-standard","has-post-thumbnail","hentry","category-eventos","category-fiestas-2","category-propuestas","tag-cultura","tag-eventos","tag-fiestas","tag-musica"],"yoast_head":"<!-- This site is optimized with the Yoast SEO plugin v24.1 - https:\/\/yoast.com\/wordpress\/plugins\/seo\/ -->\n<title>Fiestas de San Mateo en Oviedo 2013 - Ruralgia Blog<\/title>\n<meta name=\"robots\" content=\"index, follow, max-snippet:-1, max-image-preview:large, max-video-preview:-1\" \/>\n<link rel=\"canonical\" href=\"https:\/\/www.ruralgia.com\/blog\/fiestas-de-san-mateo-en-oviedo-2013\/\" \/>\n<meta property=\"og:locale\" content=\"es_ES\" \/>\n<meta property=\"og:type\" content=\"article\" \/>\n<meta property=\"og:title\" content=\"Fiestas de San Mateo en Oviedo 2013 - Ruralgia Blog\" \/>\n<meta property=\"og:description\" content=\"Desde el 13 hasta el 22 de Septiembre se celebrar\u00e1n las fiestas de San Mateo. El d\u00eda de San Mateo empez\u00f3 siendo una celebraci\u00f3n religiosa pero se ha convertido, con el paso del tiempo, en una gran fiesta popular. Ciudadanos &hellip; Sigue leyendo &rarr;\" \/>\n<meta property=\"og:url\" content=\"https:\/\/www.ruralgia.com\/blog\/fiestas-de-san-mateo-en-oviedo-2013\/\" \/>\n<meta property=\"og:site_name\" content=\"Ruralgia Blog\" \/>\n<meta property=\"article:published_time\" content=\"2013-08-30T08:17:31+00:00\" \/>\n<meta property=\"article:modified_time\" content=\"2013-08-30T08:17:34+00:00\" \/>\n<meta property=\"og:image\" content=\"https:\/\/www.ruralgia.com\/blog\/wp-content\/uploads\/2013\/08\/Captura.jpg\" \/>\n\t<meta property=\"og:image:width\" content=\"415\" \/>\n\t<meta property=\"og:image:height\" content=\"475\" \/>\n\t<meta property=\"og:image:type\" content=\"image\/jpeg\" \/>\n<meta name=\"author\" content=\"admin\" \/>\n<meta name=\"twitter:card\" content=\"summary_large_image\" \/>\n<meta name=\"twitter:label1\" content=\"Escrito por\" \/>\n\t<meta name=\"twitter:data1\" content=\"admin\" \/>\n\t<meta name=\"twitter:label2\" content=\"Tiempo de lectura\" \/>\n\t<meta name=\"twitter:data2\" content=\"3 minutos\" \/>\n<script type=\"application\/ld+json\" class=\"yoast-schema-graph\">{\"@context\":\"https:\/\/schema.org\",\"@graph\":[{\"@type\":\"WebPage\",\"@id\":\"https:\/\/www.ruralgia.com\/blog\/fiestas-de-san-mateo-en-oviedo-2013\/\",\"url\":\"https:\/\/www.ruralgia.com\/blog\/fiestas-de-san-mateo-en-oviedo-2013\/\",\"name\":\"Fiestas de San Mateo en Oviedo 2013 - Ruralgia Blog\",\"isPartOf\":{\"@id\":\"https:\/\/www.ruralgia.com\/blog\/#website\"},\"primaryImageOfPage\":{\"@id\":\"https:\/\/www.ruralgia.com\/blog\/fiestas-de-san-mateo-en-oviedo-2013\/#primaryimage\"},\"image\":{\"@id\":\"https:\/\/www.ruralgia.com\/blog\/fiestas-de-san-mateo-en-oviedo-2013\/#primaryimage\"},\"thumbnailUrl\":\"https:\/\/www.ruralgia.com\/blog\/wp-content\/uploads\/2013\/08\/Captura.jpg\",\"datePublished\":\"2013-08-30T08:17:31+00:00\",\"dateModified\":\"2013-08-30T08:17:34+00:00\",\"author\":{\"@id\":\"https:\/\/www.ruralgia.com\/blog\/#\/schema\/person\/f9d61dcaa454dc132c65467750b88c01\"},\"breadcrumb\":{\"@id\":\"https:\/\/www.ruralgia.com\/blog\/fiestas-de-san-mateo-en-oviedo-2013\/#breadcrumb\"},\"inLanguage\":\"es\",\"potentialAction\":[{\"@type\":\"ReadAction\",\"target\":[\"https:\/\/www.ruralgia.com\/blog\/fiestas-de-san-mateo-en-oviedo-2013\/\"]}]},{\"@type\":\"ImageObject\",\"inLanguage\":\"es\",\"@id\":\"https:\/\/www.ruralgia.com\/blog\/fiestas-de-san-mateo-en-oviedo-2013\/#primaryimage\",\"url\":\"https:\/\/www.ruralgia.com\/blog\/wp-content\/uploads\/2013\/08\/Captura.jpg\",\"contentUrl\":\"https:\/\/www.ruralgia.com\/blog\/wp-content\/uploads\/2013\/08\/Captura.jpg\",\"width\":415,\"height\":475},{\"@type\":\"BreadcrumbList\",\"@id\":\"https:\/\/www.ruralgia.com\/blog\/fiestas-de-san-mateo-en-oviedo-2013\/#breadcrumb\",\"itemListElement\":[{\"@type\":\"ListItem\",\"position\":1,\"name\":\"Portada\",\"item\":\"https:\/\/www.ruralgia.com\/blog\/\"},{\"@type\":\"ListItem\",\"position\":2,\"name\":\"Fiestas de San Mateo en Oviedo 2013\"}]},{\"@type\":\"WebSite\",\"@id\":\"https:\/\/www.ruralgia.com\/blog\/#website\",\"url\":\"https:\/\/www.ruralgia.com\/blog\/\",\"name\":\"Ruralgia Blog\",\"description\":\"El blog de viajes y turismo de Ruralgia\",\"potentialAction\":[{\"@type\":\"SearchAction\",\"target\":{\"@type\":\"EntryPoint\",\"urlTemplate\":\"https:\/\/www.ruralgia.com\/blog\/?s={search_term_string}\"},\"query-input\":{\"@type\":\"PropertyValueSpecification\",\"valueRequired\":true,\"valueName\":\"search_term_string\"}}],\"inLanguage\":\"es\"},{\"@type\":\"Person\",\"@id\":\"https:\/\/www.ruralgia.com\/blog\/#\/schema\/person\/f9d61dcaa454dc132c65467750b88c01\",\"name\":\"admin\",\"image\":{\"@type\":\"ImageObject\",\"inLanguage\":\"es\",\"@id\":\"https:\/\/www.ruralgia.com\/blog\/#\/schema\/person\/image\/\",\"url\":\"https:\/\/secure.gravatar.com\/avatar\/308988d44afa417cbdf20b1a60ad4489?s=96&d=mm&r=g\",\"contentUrl\":\"https:\/\/secure.gravatar.com\/avatar\/308988d44afa417cbdf20b1a60ad4489?s=96&d=mm&r=g\",\"caption\":\"admin\"},\"url\":\"https:\/\/www.ruralgia.com\/blog\/author\/admin\/\"}]}<\/script>\n<!-- \/ Yoast SEO plugin. -->","yoast_head_json":{"title":"Fiestas de San Mateo en Oviedo 2013 - Ruralgia Blog","robots":{"index":"index","follow":"follow","max-snippet":"max-snippet:-1","max-image-preview":"max-image-preview:large","max-video-preview":"max-video-preview:-1"},"canonical":"https:\/\/www.ruralgia.com\/blog\/fiestas-de-san-mateo-en-oviedo-2013\/","og_locale":"es_ES","og_type":"article","og_title":"Fiestas de San Mateo en Oviedo 2013 - Ruralgia Blog","og_description":"Desde el 13 hasta el 22 de Septiembre se celebrar\u00e1n las fiestas de San Mateo. El d\u00eda de San Mateo empez\u00f3 siendo una celebraci\u00f3n religiosa pero se ha convertido, con el paso del tiempo, en una gran fiesta popular. Ciudadanos &hellip; Sigue leyendo &rarr;","og_url":"https:\/\/www.ruralgia.com\/blog\/fiestas-de-san-mateo-en-oviedo-2013\/","og_site_name":"Ruralgia Blog","article_published_time":"2013-08-30T08:17:31+00:00","article_modified_time":"2013-08-30T08:17:34+00:00","og_image":[{"width":415,"height":475,"url":"https:\/\/www.ruralgia.com\/blog\/wp-content\/uploads\/2013\/08\/Captura.jpg","type":"image\/jpeg"}],"author":"admin","twitter_card":"summary_large_image","twitter_misc":{"Escrito por":"admin","Tiempo de lectura":"3 minutos"},"schema":{"@context":"https:\/\/schema.org","@graph":[{"@type":"WebPage","@id":"https:\/\/www.ruralgia.com\/blog\/fiestas-de-san-mateo-en-oviedo-2013\/","url":"https:\/\/www.ruralgia.com\/blog\/fiestas-de-san-mateo-en-oviedo-2013\/","name":"Fiestas de San Mateo en Oviedo 2013 - Ruralgia Blog","isPartOf":{"@id":"https:\/\/www.ruralgia.com\/blog\/#website"},"primaryImageOfPage":{"@id":"https:\/\/www.ruralgia.com\/blog\/fiestas-de-san-mateo-en-oviedo-2013\/#primaryimage"},"image":{"@id":"https:\/\/www.ruralgia.com\/blog\/fiestas-de-san-mateo-en-oviedo-2013\/#primaryimage"},"thumbnailUrl":"https:\/\/www.ruralgia.com\/blog\/wp-content\/uploads\/2013\/08\/Captura.jpg","datePublished":"2013-08-30T08:17:31+00:00","dateModified":"2013-08-30T08:17:34+00:00","author":{"@id":"https:\/\/www.ruralgia.com\/blog\/#\/schema\/person\/f9d61dcaa454dc132c65467750b88c01"},"breadcrumb":{"@id":"https:\/\/www.ruralgia.com\/blog\/fiestas-de-san-mateo-en-oviedo-2013\/#breadcrumb"},"inLanguage":"es","potentialAction":[{"@type":"ReadAction","target":["https:\/\/www.ruralgia.com\/blog\/fiestas-de-san-mateo-en-oviedo-2013\/"]}]},{"@type":"ImageObject","inLanguage":"es","@id":"https:\/\/www.ruralgia.com\/blog\/fiestas-de-san-mateo-en-oviedo-2013\/#primaryimage","url":"https:\/\/www.ruralgia.com\/blog\/wp-content\/uploads\/2013\/08\/Captura.jpg","contentUrl":"https:\/\/www.ruralgia.com\/blog\/wp-content\/uploads\/2013\/08\/Captura.jpg","width":415,"height":475},{"@type":"BreadcrumbList","@id":"https:\/\/www.ruralgia.com\/blog\/fiestas-de-san-mateo-en-oviedo-2013\/#breadcrumb","itemListElement":[{"@type":"ListItem","position":1,"name":"Portada","item":"https:\/\/www.ruralgia.com\/blog\/"},{"@type":"ListItem","position":2,"name":"Fiestas de San Mateo en Oviedo 2013"}]},{"@type":"WebSite","@id":"https:\/\/www.ruralgia.com\/blog\/#website","url":"https:\/\/www.ruralgia.com\/blog\/","name":"Ruralgia Blog","description":"El blog de viajes y turismo de Ruralgia","potentialAction":[{"@type":"SearchAction","target":{"@type":"EntryPoint","urlTemplate":"https:\/\/www.ruralgia.com\/blog\/?s={search_term_string}"},"query-input":{"@type":"PropertyValueSpecification","valueRequired":true,"valueName":"search_term_string"}}],"inLanguage":"es"},{"@type":"Person","@id":"https:\/\/www.ruralgia.com\/blog\/#\/schema\/person\/f9d61dcaa454dc132c65467750b88c01","name":"admin","image":{"@type":"ImageObject","inLanguage":"es","@id":"https:\/\/www.ruralgia.com\/blog\/#\/schema\/person\/image\/","url":"https:\/\/secure.gravatar.com\/avatar\/308988d44afa417cbdf20b1a60ad4489?s=96&d=mm&r=g","contentUrl":"https:\/\/secure.gravatar.com\/avatar\/308988d44afa417cbdf20b1a60ad4489?s=96&d=mm&r=g","caption":"admin"},"url":"https:\/\/www.ruralgia.com\/blog\/author\/admin\/"}]}},"amp_enabled":true,"_links":{"self":[{"href":"https:\/\/www.ruralgia.com\/blog\/wp-json\/wp\/v2\/posts\/1119","targetHints":{"allow":["GET"]}}],"collection":[{"href":"https:\/\/www.ruralgia.com\/blog\/wp-json\/wp\/v2\/posts"}],"about":[{"href":"https:\/\/www.ruralgia.com\/blog\/wp-json\/wp\/v2\/types\/post"}],"author":[{"embeddable":true,"href":"https:\/\/www.ruralgia.com\/blog\/wp-json\/wp\/v2\/users\/1"}],"replies":[{"embeddable":true,"href":"https:\/\/www.ruralgia.com\/blog\/wp-json\/wp\/v2\/comments?post=1119"}],"version-history":[{"count":7,"href":"https:\/\/www.ruralgia.com\/blog\/wp-json\/wp\/v2\/posts\/1119\/revisions"}],"predecessor-version":[{"id":1147,"href":"https:\/\/www.ruralgia.com\/blog\/wp-json\/wp\/v2\/posts\/1119\/revisions\/1147"}],"wp:featuredmedia":[{"embeddable":true,"href":"https:\/\/www.ruralgia.com\/blog\/wp-json\/wp\/v2\/media\/1121"}],"wp:attachment":[{"href":"https:\/\/www.ruralgia.com\/blog\/wp-json\/wp\/v2\/media?parent=1119"}],"wp:term":[{"taxonomy":"category","embeddable":true,"href":"https:\/\/www.ruralgia.com\/blog\/wp-json\/wp\/v2\/categories?post=1119"},{"taxonomy":"post_tag","embeddable":true,"href":"https:\/\/www.ruralgia.com\/blog\/wp-json\/wp\/v2\/tags?post=1119"}],"curies":[{"name":"wp","href":"https:\/\/api.w.org\/{rel}","templated":true}]}}