{"id":1153,"date":"2013-09-05T18:58:42","date_gmt":"2013-09-05T18:58:42","guid":{"rendered":"https:\/\/www.ruralgia.com\/blog\/?p=1153"},"modified":"2013-09-05T20:14:57","modified_gmt":"2013-09-05T20:14:57","slug":"carthagineses-y-romanos-2013","status":"publish","type":"post","link":"https:\/\/www.ruralgia.com\/blog\/carthagineses-y-romanos-2013\/","title":{"rendered":"Carthagineses y Romanos 2013"},"content":{"rendered":"<p>Cartagena tiene una historia de tres mil a\u00f1os y despu\u00e9s del verano, llegan las Fiestas de <strong>Carthagineses y Romanos<\/strong> para revivir una parte del pasado glorioso de esta ciudad.<\/p>\n<p>Estas fiestas que conmemoran la conquista de la antigua ciudad cartaginesa de Qart Hadasht por los romanos. Durante diez d\u00edas se entra de lleno en la historia de la antigua Cartagena. Se celebran del <strong>20 al 29 Septiembre<\/strong> y est\u00e1n declaradas como Fiestas de Inter\u00e9s Tur\u00edstico Nacional.<\/p>\n<p><a href=\"https:\/\/www.ruralgia.com\/blog\/carthagineses-y-romanos-2013\/cartelcarthaginesesromanos\/\" rel=\"attachment wp-att-1154\"><img loading=\"lazy\" decoding=\"async\" class=\"size-medium wp-image-1154 alignleft\" style=\"border: 2px solid black; margin: 5px;\" alt=\"cartelcarthaginesesromanos\" src=\"https:\/\/www.ruralgia.com\/blog\/wp-content\/uploads\/2013\/09\/cartelcarthaginesesromanos-215x300.jpg\" width=\"215\" height=\"300\" srcset=\"https:\/\/www.ruralgia.com\/blog\/wp-content\/uploads\/2013\/09\/cartelcarthaginesesromanos-215x300.jpg 215w, https:\/\/www.ruralgia.com\/blog\/wp-content\/uploads\/2013\/09\/cartelcarthaginesesromanos.jpg 646w\" sizes=\"auto, (max-width: 215px) 100vw, 215px\" \/><\/a><\/p>\n<p>Se basan estas fiestas en la Segunda Guerra P\u00fanica y en los personajes del general An\u00edbal y de su vencedor Cornelio Escipi\u00f3n. Empiezan las conmemoraciones con la fundaci\u00f3n de Qart-Hadast por Asdr\u00fabal en el 223 a. C. y terminan con la victoria romana en el a\u00f1o 209 a. C. Durante diez d\u00edas de fiesta se representan y se viven, en un incre\u00edble ambiente que implica a residentes y for\u00e1neos, todas las gestas acaecidas en los a\u00f1os de dominaci\u00f3n carthaginesa y la derrota y ocupaci\u00f3n a manos de Roma. Las tropas y las legiones son art\u00edfices de actos basados en la historia de la ciudad y de grandiosos desfiles que ponen en la calle vestuario y armamento digno de las mejores realizaciones cinematogr\u00e1ficas. Al llegar la segunda quincena de septiembre, Cartagena y sus habitantes se visten de historia y la reviven durante diez magn\u00edficos d\u00edas recordando las haza\u00f1as de los h\u00e9roes de Carthago y Roma. La puesta en escena de los actos se realiza en muchas ocasiones, en los mismos lugares donde sucedieron en la antig\u00fcedad.<\/p>\n<p><script type=\"text\/javascript\" src=\"https:\/\/www.ruralgia.com\/caja_cerca.php?metodo=municipio&amp;ancho=250&amp;elementos=4&amp;size=90&amp;estilo=blitzer&amp;float=right&amp;kms=20&amp;aleatorio=false&amp;municipio=Cartagena (Murcia)\"><\/script><\/p>\n<p>En un recinto de enormes dimensiones los 50 grupos que forman Carthagineses y Romanos, decoran el campamento, instalando en \u00e9l bares abiertos a todos los visitantes. De esta forma, el campamento se convierte en una gran ciudad ambientada en la antig\u00fcedad, donde el arte y simbolog\u00eda de Roma y Carthago, Grecia, Iberia y Fenicia presiden todas las construcciones. Alegr\u00eda, bullicio y animaci\u00f3n son los protagonistas de estas noches donde se puede compartir mesa y mantel con el mism\u00edsimo Escipi\u00f3n, comer tarta de boda con An\u00edbal, presenciar el secuestro de alguna bella doncella o la invasi\u00f3n de las tiendas enemigas por parte de los guerreros de Roma y Carthago.<\/p>\n<p><a href=\"http:\/\/www.cuandopasa.com\/index.php?v=v5453j\" target=\"_blank\">Fuente<\/a>.<\/p>\n<p><a href=\"http:\/\/www.cartaginesesyromanos.es\/\" target=\"_blank\"><strong>Programa Fiestas para Todos Carthagineses y Romanos del a\u00f1o 2013<\/strong>.<\/a><\/p>\n<p>&nbsp;<\/p>\n<p>Puedes descargar en formato pdf el Programa desplegable de las Fiestas de Carthagineses y Romanos del a\u00f1o 2013 con m\u00e1s de 250 actividades gratuitas y abiertas al p\u00fablico en general: Actos Oficiales, 150 Actos de Campamento Festero y las 75 nuevas actividades en el Centro de Cartagena. Un conjunto de actividades teatrales, l\u00fadicas, culturales, de recreaci\u00f3n hist\u00f3rica, deportivas, musicales y solidarias para todos los p\u00fablicos. Porque las Fiestas de Carthagineses y Romanos est\u00e1n abiertas a todos los colectivos y a todas las edades.<\/p>\n","protected":false},"excerpt":{"rendered":"<p>Cartagena tiene una historia de tres mil a\u00f1os y despu\u00e9s del verano, llegan las Fiestas de Carthagineses y Romanos para revivir una parte del pasado glorioso de esta ciudad. Estas fiestas que conmemoran la conquista de la antigua ciudad cartaginesa &hellip; <a href=\"https:\/\/www.ruralgia.com\/blog\/carthagineses-y-romanos-2013\/\">Sigue leyendo <span class=\"meta-nav\">&rarr;<\/span><\/a><\/p>\n","protected":false},"author":1,"featured_media":1154,"comment_status":"open","ping_status":"open","sticky":false,"template":"","format":"standard","meta":{"footnotes":""},"categories":[69,90,12,9],"tags":[158,44,22],"class_list":["post-1153","post","type-post","status-publish","format-standard","has-post-thumbnail","hentry","category-eventos","category-fiestas-2","category-propuestas","category-viajeros","tag-cultura","tag-evento-historico","tag-fiestas"],"yoast_head":"<!-- This site is optimized with the Yoast SEO plugin v24.1 - https:\/\/yoast.com\/wordpress\/plugins\/seo\/ -->\n<title>Carthagineses y Romanos 2013 - Ruralgia Blog<\/title>\n<meta name=\"robots\" content=\"index, follow, max-snippet:-1, max-image-preview:large, max-video-preview:-1\" \/>\n<link rel=\"canonical\" href=\"https:\/\/www.ruralgia.com\/blog\/carthagineses-y-romanos-2013\/\" \/>\n<meta property=\"og:locale\" content=\"es_ES\" \/>\n<meta property=\"og:type\" content=\"article\" \/>\n<meta property=\"og:title\" content=\"Carthagineses y Romanos 2013 - Ruralgia Blog\" \/>\n<meta property=\"og:description\" content=\"Cartagena tiene una historia de tres mil a\u00f1os y despu\u00e9s del verano, llegan las Fiestas de Carthagineses y Romanos para revivir una parte del pasado glorioso de esta ciudad. Estas fiestas que conmemoran la conquista de la antigua ciudad cartaginesa &hellip; Sigue leyendo &rarr;\" \/>\n<meta property=\"og:url\" content=\"https:\/\/www.ruralgia.com\/blog\/carthagineses-y-romanos-2013\/\" \/>\n<meta property=\"og:site_name\" content=\"Ruralgia Blog\" \/>\n<meta property=\"article:published_time\" content=\"2013-09-05T18:58:42+00:00\" \/>\n<meta property=\"article:modified_time\" content=\"2013-09-05T20:14:57+00:00\" \/>\n<meta property=\"og:image\" content=\"https:\/\/www.ruralgia.com\/blog\/wp-content\/uploads\/2013\/09\/cartelcarthaginesesromanos.jpg\" \/>\n\t<meta property=\"og:image:width\" content=\"646\" \/>\n\t<meta property=\"og:image:height\" content=\"900\" \/>\n\t<meta property=\"og:image:type\" content=\"image\/jpeg\" \/>\n<meta name=\"author\" content=\"admin\" \/>\n<meta name=\"twitter:card\" content=\"summary_large_image\" \/>\n<meta name=\"twitter:label1\" content=\"Escrito por\" \/>\n\t<meta name=\"twitter:data1\" content=\"admin\" \/>\n\t<meta name=\"twitter:label2\" content=\"Tiempo de lectura\" \/>\n\t<meta name=\"twitter:data2\" content=\"2 minutos\" \/>\n<script type=\"application\/ld+json\" class=\"yoast-schema-graph\">{\"@context\":\"https:\/\/schema.org\",\"@graph\":[{\"@type\":\"WebPage\",\"@id\":\"https:\/\/www.ruralgia.com\/blog\/carthagineses-y-romanos-2013\/\",\"url\":\"https:\/\/www.ruralgia.com\/blog\/carthagineses-y-romanos-2013\/\",\"name\":\"Carthagineses y Romanos 2013 - Ruralgia Blog\",\"isPartOf\":{\"@id\":\"https:\/\/www.ruralgia.com\/blog\/#website\"},\"primaryImageOfPage\":{\"@id\":\"https:\/\/www.ruralgia.com\/blog\/carthagineses-y-romanos-2013\/#primaryimage\"},\"image\":{\"@id\":\"https:\/\/www.ruralgia.com\/blog\/carthagineses-y-romanos-2013\/#primaryimage\"},\"thumbnailUrl\":\"https:\/\/www.ruralgia.com\/blog\/wp-content\/uploads\/2013\/09\/cartelcarthaginesesromanos.jpg\",\"datePublished\":\"2013-09-05T18:58:42+00:00\",\"dateModified\":\"2013-09-05T20:14:57+00:00\",\"author\":{\"@id\":\"https:\/\/www.ruralgia.com\/blog\/#\/schema\/person\/f9d61dcaa454dc132c65467750b88c01\"},\"breadcrumb\":{\"@id\":\"https:\/\/www.ruralgia.com\/blog\/carthagineses-y-romanos-2013\/#breadcrumb\"},\"inLanguage\":\"es\",\"potentialAction\":[{\"@type\":\"ReadAction\",\"target\":[\"https:\/\/www.ruralgia.com\/blog\/carthagineses-y-romanos-2013\/\"]}]},{\"@type\":\"ImageObject\",\"inLanguage\":\"es\",\"@id\":\"https:\/\/www.ruralgia.com\/blog\/carthagineses-y-romanos-2013\/#primaryimage\",\"url\":\"https:\/\/www.ruralgia.com\/blog\/wp-content\/uploads\/2013\/09\/cartelcarthaginesesromanos.jpg\",\"contentUrl\":\"https:\/\/www.ruralgia.com\/blog\/wp-content\/uploads\/2013\/09\/cartelcarthaginesesromanos.jpg\",\"width\":646,\"height\":900},{\"@type\":\"BreadcrumbList\",\"@id\":\"https:\/\/www.ruralgia.com\/blog\/carthagineses-y-romanos-2013\/#breadcrumb\",\"itemListElement\":[{\"@type\":\"ListItem\",\"position\":1,\"name\":\"Portada\",\"item\":\"https:\/\/www.ruralgia.com\/blog\/\"},{\"@type\":\"ListItem\",\"position\":2,\"name\":\"Carthagineses y Romanos 2013\"}]},{\"@type\":\"WebSite\",\"@id\":\"https:\/\/www.ruralgia.com\/blog\/#website\",\"url\":\"https:\/\/www.ruralgia.com\/blog\/\",\"name\":\"Ruralgia Blog\",\"description\":\"El blog de viajes y turismo de Ruralgia\",\"potentialAction\":[{\"@type\":\"SearchAction\",\"target\":{\"@type\":\"EntryPoint\",\"urlTemplate\":\"https:\/\/www.ruralgia.com\/blog\/?s={search_term_string}\"},\"query-input\":{\"@type\":\"PropertyValueSpecification\",\"valueRequired\":true,\"valueName\":\"search_term_string\"}}],\"inLanguage\":\"es\"},{\"@type\":\"Person\",\"@id\":\"https:\/\/www.ruralgia.com\/blog\/#\/schema\/person\/f9d61dcaa454dc132c65467750b88c01\",\"name\":\"admin\",\"image\":{\"@type\":\"ImageObject\",\"inLanguage\":\"es\",\"@id\":\"https:\/\/www.ruralgia.com\/blog\/#\/schema\/person\/image\/\",\"url\":\"https:\/\/secure.gravatar.com\/avatar\/308988d44afa417cbdf20b1a60ad4489?s=96&d=mm&r=g\",\"contentUrl\":\"https:\/\/secure.gravatar.com\/avatar\/308988d44afa417cbdf20b1a60ad4489?s=96&d=mm&r=g\",\"caption\":\"admin\"},\"url\":\"https:\/\/www.ruralgia.com\/blog\/author\/admin\/\"}]}<\/script>\n<!-- \/ Yoast SEO plugin. -->","yoast_head_json":{"title":"Carthagineses y Romanos 2013 - Ruralgia Blog","robots":{"index":"index","follow":"follow","max-snippet":"max-snippet:-1","max-image-preview":"max-image-preview:large","max-video-preview":"max-video-preview:-1"},"canonical":"https:\/\/www.ruralgia.com\/blog\/carthagineses-y-romanos-2013\/","og_locale":"es_ES","og_type":"article","og_title":"Carthagineses y Romanos 2013 - Ruralgia Blog","og_description":"Cartagena tiene una historia de tres mil a\u00f1os y despu\u00e9s del verano, llegan las Fiestas de Carthagineses y Romanos para revivir una parte del pasado glorioso de esta ciudad. Estas fiestas que conmemoran la conquista de la antigua ciudad cartaginesa &hellip; Sigue leyendo &rarr;","og_url":"https:\/\/www.ruralgia.com\/blog\/carthagineses-y-romanos-2013\/","og_site_name":"Ruralgia Blog","article_published_time":"2013-09-05T18:58:42+00:00","article_modified_time":"2013-09-05T20:14:57+00:00","og_image":[{"width":646,"height":900,"url":"https:\/\/www.ruralgia.com\/blog\/wp-content\/uploads\/2013\/09\/cartelcarthaginesesromanos.jpg","type":"image\/jpeg"}],"author":"admin","twitter_card":"summary_large_image","twitter_misc":{"Escrito por":"admin","Tiempo de lectura":"2 minutos"},"schema":{"@context":"https:\/\/schema.org","@graph":[{"@type":"WebPage","@id":"https:\/\/www.ruralgia.com\/blog\/carthagineses-y-romanos-2013\/","url":"https:\/\/www.ruralgia.com\/blog\/carthagineses-y-romanos-2013\/","name":"Carthagineses y Romanos 2013 - Ruralgia Blog","isPartOf":{"@id":"https:\/\/www.ruralgia.com\/blog\/#website"},"primaryImageOfPage":{"@id":"https:\/\/www.ruralgia.com\/blog\/carthagineses-y-romanos-2013\/#primaryimage"},"image":{"@id":"https:\/\/www.ruralgia.com\/blog\/carthagineses-y-romanos-2013\/#primaryimage"},"thumbnailUrl":"https:\/\/www.ruralgia.com\/blog\/wp-content\/uploads\/2013\/09\/cartelcarthaginesesromanos.jpg","datePublished":"2013-09-05T18:58:42+00:00","dateModified":"2013-09-05T20:14:57+00:00","author":{"@id":"https:\/\/www.ruralgia.com\/blog\/#\/schema\/person\/f9d61dcaa454dc132c65467750b88c01"},"breadcrumb":{"@id":"https:\/\/www.ruralgia.com\/blog\/carthagineses-y-romanos-2013\/#breadcrumb"},"inLanguage":"es","potentialAction":[{"@type":"ReadAction","target":["https:\/\/www.ruralgia.com\/blog\/carthagineses-y-romanos-2013\/"]}]},{"@type":"ImageObject","inLanguage":"es","@id":"https:\/\/www.ruralgia.com\/blog\/carthagineses-y-romanos-2013\/#primaryimage","url":"https:\/\/www.ruralgia.com\/blog\/wp-content\/uploads\/2013\/09\/cartelcarthaginesesromanos.jpg","contentUrl":"https:\/\/www.ruralgia.com\/blog\/wp-content\/uploads\/2013\/09\/cartelcarthaginesesromanos.jpg","width":646,"height":900},{"@type":"BreadcrumbList","@id":"https:\/\/www.ruralgia.com\/blog\/carthagineses-y-romanos-2013\/#breadcrumb","itemListElement":[{"@type":"ListItem","position":1,"name":"Portada","item":"https:\/\/www.ruralgia.com\/blog\/"},{"@type":"ListItem","position":2,"name":"Carthagineses y Romanos 2013"}]},{"@type":"WebSite","@id":"https:\/\/www.ruralgia.com\/blog\/#website","url":"https:\/\/www.ruralgia.com\/blog\/","name":"Ruralgia Blog","description":"El blog de viajes y turismo de Ruralgia","potentialAction":[{"@type":"SearchAction","target":{"@type":"EntryPoint","urlTemplate":"https:\/\/www.ruralgia.com\/blog\/?s={search_term_string}"},"query-input":{"@type":"PropertyValueSpecification","valueRequired":true,"valueName":"search_term_string"}}],"inLanguage":"es"},{"@type":"Person","@id":"https:\/\/www.ruralgia.com\/blog\/#\/schema\/person\/f9d61dcaa454dc132c65467750b88c01","name":"admin","image":{"@type":"ImageObject","inLanguage":"es","@id":"https:\/\/www.ruralgia.com\/blog\/#\/schema\/person\/image\/","url":"https:\/\/secure.gravatar.com\/avatar\/308988d44afa417cbdf20b1a60ad4489?s=96&d=mm&r=g","contentUrl":"https:\/\/secure.gravatar.com\/avatar\/308988d44afa417cbdf20b1a60ad4489?s=96&d=mm&r=g","caption":"admin"},"url":"https:\/\/www.ruralgia.com\/blog\/author\/admin\/"}]}},"amp_enabled":true,"_links":{"self":[{"href":"https:\/\/www.ruralgia.com\/blog\/wp-json\/wp\/v2\/posts\/1153","targetHints":{"allow":["GET"]}}],"collection":[{"href":"https:\/\/www.ruralgia.com\/blog\/wp-json\/wp\/v2\/posts"}],"about":[{"href":"https:\/\/www.ruralgia.com\/blog\/wp-json\/wp\/v2\/types\/post"}],"author":[{"embeddable":true,"href":"https:\/\/www.ruralgia.com\/blog\/wp-json\/wp\/v2\/users\/1"}],"replies":[{"embeddable":true,"href":"https:\/\/www.ruralgia.com\/blog\/wp-json\/wp\/v2\/comments?post=1153"}],"version-history":[{"count":13,"href":"https:\/\/www.ruralgia.com\/blog\/wp-json\/wp\/v2\/posts\/1153\/revisions"}],"predecessor-version":[{"id":1167,"href":"https:\/\/www.ruralgia.com\/blog\/wp-json\/wp\/v2\/posts\/1153\/revisions\/1167"}],"wp:featuredmedia":[{"embeddable":true,"href":"https:\/\/www.ruralgia.com\/blog\/wp-json\/wp\/v2\/media\/1154"}],"wp:attachment":[{"href":"https:\/\/www.ruralgia.com\/blog\/wp-json\/wp\/v2\/media?parent=1153"}],"wp:term":[{"taxonomy":"category","embeddable":true,"href":"https:\/\/www.ruralgia.com\/blog\/wp-json\/wp\/v2\/categories?post=1153"},{"taxonomy":"post_tag","embeddable":true,"href":"https:\/\/www.ruralgia.com\/blog\/wp-json\/wp\/v2\/tags?post=1153"}],"curies":[{"name":"wp","href":"https:\/\/api.w.org\/{rel}","templated":true}]}}