{"id":1170,"date":"2013-09-15T22:30:11","date_gmt":"2013-09-15T22:30:11","guid":{"rendered":"https:\/\/www.ruralgia.com\/blog\/?p=1170"},"modified":"2013-09-15T22:36:03","modified_gmt":"2013-09-15T22:36:03","slug":"50a-festa-do-marisco-o-grove-2013","status":"publish","type":"post","link":"https:\/\/www.ruralgia.com\/blog\/50a-festa-do-marisco-o-grove-2013\/","title":{"rendered":"50\u00aa Festa do Marisco. O Grove 2013"},"content":{"rendered":"<p><strong><a href=\"https:\/\/www.ruralgia.com\/blog\/wp-content\/uploads\/2013\/09\/image.jpg\" rel=\"lightbox[1170]\"><img loading=\"lazy\" decoding=\"async\" class=\"size-medium wp-image-1171 alignright\" alt=\"image\" src=\"https:\/\/www.ruralgia.com\/blog\/wp-content\/uploads\/2013\/09\/image-211x300.jpg\" width=\"211\" height=\"300\" srcset=\"https:\/\/www.ruralgia.com\/blog\/wp-content\/uploads\/2013\/09\/image-211x300.jpg 211w, https:\/\/www.ruralgia.com\/blog\/wp-content\/uploads\/2013\/09\/image.jpg 420w\" sizes=\"auto, (max-width: 211px) 100vw, 211px\" \/><\/a>Del 4 al 13 de octubre de 2013<\/strong><\/p>\n<p>Desde 1963 se celebra, al llegar el mes de octubre, la \u201cFesta do Marisco\u201d en este, municipio de las R\u00edas Baixas Gallegas.<\/p>\n<p>Este evento gastron\u00f3mico-cultural pone de relieve los pilares b\u00e1sicos de la econom\u00eda de este pueblo costero: el turismo y la pesca. Ambos conjugados hacen posible que esta fiesta de promoci\u00f3n cultural siga adelante.<\/p>\n<p><strong>JUEVES, 3 DE OCTUBRE<\/strong><\/p>\n<p>20:00| Inauguraci\u00f3n de la L edici\u00f3n de la Fiesta del Marisco<\/p>\n<p>y apertura de los stands de venta de marisco.<\/p>\n<p>20:30|\u00a0Gaiteros en el recinto de la fiesta<\/p>\n<p><strong>VIERNES, 4 DE OCTUBRE &#8211; D\u00cdA DE PORTUGAL<\/strong><\/p>\n<p>12:00| Recepci\u00f3n de autoridades portuguesas en el<\/p>\n<p>Ayuntamiento.<\/p>\n<p>13:00| Gaiteros en el recinto de la fiesta<\/p>\n<p>13:30| Apertura de la exposici\u00f3n \u201cEl cultivo del mejill\u00f3n\u201d,<\/p>\n<p>en O Corgo.<\/p>\n<p>21:00| Lectura del Preg\u00f3n de la L Fiesta del Marisco, en el<\/p>\n<p>recinto de la fiesta<\/p>\n<p>22:00| IX Gala Musical Festa do Marisco, con las<\/p>\n<p>actuaciones de Merche, Pitingo, Natalia y Lys Pardo,<\/p>\n<p>en la plaza de O Corgo.<\/p>\n<p><a href=\"http:\/\/www.turismogrove.es\/es\/fiestas\/fiesta_del_marisco\/#sit\">M\u00e1s info<\/a><\/p>\n<p><a href=\"http:\/\/www.turismogrove.es\/pdfs13\/ProgramaFestaDoMarisco2013_es.pdf\">Programa de fiestas completo<\/a><\/p>\n<p><script src='https:\/\/www.ruralgia.com\/caja_cerca.php?metodo=municipio&#038;ancho=250&#038;elementos=4&#038;size=90&#038;estilo=sunny&#038;float=left&#038;kms=20&#038;aleatorio=false&#038;municipio=o grove' type='text\/javascript'><\/script><\/p>\n","protected":false},"excerpt":{"rendered":"<p>Del 4 al 13 de octubre de 2013 Desde 1963 se celebra, al llegar el mes de octubre, la \u201cFesta do Marisco\u201d en este, municipio de las R\u00edas Baixas Gallegas. Este evento gastron\u00f3mico-cultural pone de relieve los pilares b\u00e1sicos de &hellip; <a href=\"https:\/\/www.ruralgia.com\/blog\/50a-festa-do-marisco-o-grove-2013\/\">Sigue leyendo <span class=\"meta-nav\">&rarr;<\/span><\/a><\/p>\n","protected":false},"author":4,"featured_media":1171,"comment_status":"open","ping_status":"open","sticky":false,"template":"","format":"standard","meta":{"footnotes":""},"categories":[90,9],"tags":[22,31,39],"class_list":["post-1170","post","type-post","status-publish","format-standard","has-post-thumbnail","hentry","category-fiestas-2","category-viajeros","tag-fiestas","tag-galicia","tag-gastronomia"],"yoast_head":"<!-- This site is optimized with the Yoast SEO plugin v24.1 - https:\/\/yoast.com\/wordpress\/plugins\/seo\/ -->\n<title>50\u00aa Festa do Marisco. O Grove 2013 - Ruralgia Blog<\/title>\n<meta name=\"robots\" content=\"index, follow, max-snippet:-1, max-image-preview:large, max-video-preview:-1\" \/>\n<link rel=\"canonical\" href=\"https:\/\/www.ruralgia.com\/blog\/50a-festa-do-marisco-o-grove-2013\/\" \/>\n<meta property=\"og:locale\" content=\"es_ES\" \/>\n<meta property=\"og:type\" content=\"article\" \/>\n<meta property=\"og:title\" content=\"50\u00aa Festa do Marisco. O Grove 2013 - Ruralgia Blog\" \/>\n<meta property=\"og:description\" content=\"Del 4 al 13 de octubre de 2013 Desde 1963 se celebra, al llegar el mes de octubre, la \u201cFesta do Marisco\u201d en este, municipio de las R\u00edas Baixas Gallegas. Este evento gastron\u00f3mico-cultural pone de relieve los pilares b\u00e1sicos de &hellip; Sigue leyendo &rarr;\" \/>\n<meta property=\"og:url\" content=\"https:\/\/www.ruralgia.com\/blog\/50a-festa-do-marisco-o-grove-2013\/\" \/>\n<meta property=\"og:site_name\" content=\"Ruralgia Blog\" \/>\n<meta property=\"article:published_time\" content=\"2013-09-15T22:30:11+00:00\" \/>\n<meta property=\"article:modified_time\" content=\"2013-09-15T22:36:03+00:00\" \/>\n<meta property=\"og:image\" content=\"https:\/\/www.ruralgia.com\/blog\/wp-content\/uploads\/2013\/09\/image.jpg\" \/>\n\t<meta property=\"og:image:width\" content=\"420\" \/>\n\t<meta property=\"og:image:height\" content=\"597\" \/>\n\t<meta property=\"og:image:type\" content=\"image\/jpeg\" \/>\n<meta name=\"author\" content=\"C\u00e9sar Pati\u00f1o Varela\" \/>\n<meta name=\"twitter:card\" content=\"summary_large_image\" \/>\n<meta name=\"twitter:label1\" content=\"Escrito por\" \/>\n\t<meta name=\"twitter:data1\" content=\"C\u00e9sar Pati\u00f1o Varela\" \/>\n\t<meta name=\"twitter:label2\" content=\"Tiempo de lectura\" \/>\n\t<meta name=\"twitter:data2\" content=\"1 minuto\" \/>\n<script type=\"application\/ld+json\" class=\"yoast-schema-graph\">{\"@context\":\"https:\/\/schema.org\",\"@graph\":[{\"@type\":\"WebPage\",\"@id\":\"https:\/\/www.ruralgia.com\/blog\/50a-festa-do-marisco-o-grove-2013\/\",\"url\":\"https:\/\/www.ruralgia.com\/blog\/50a-festa-do-marisco-o-grove-2013\/\",\"name\":\"50\u00aa Festa do Marisco. O Grove 2013 - Ruralgia Blog\",\"isPartOf\":{\"@id\":\"https:\/\/www.ruralgia.com\/blog\/#website\"},\"primaryImageOfPage\":{\"@id\":\"https:\/\/www.ruralgia.com\/blog\/50a-festa-do-marisco-o-grove-2013\/#primaryimage\"},\"image\":{\"@id\":\"https:\/\/www.ruralgia.com\/blog\/50a-festa-do-marisco-o-grove-2013\/#primaryimage\"},\"thumbnailUrl\":\"https:\/\/www.ruralgia.com\/blog\/wp-content\/uploads\/2013\/09\/image.jpg\",\"datePublished\":\"2013-09-15T22:30:11+00:00\",\"dateModified\":\"2013-09-15T22:36:03+00:00\",\"author\":{\"@id\":\"https:\/\/www.ruralgia.com\/blog\/#\/schema\/person\/9f6cc0647f6cdd05692f0f851b1615d5\"},\"breadcrumb\":{\"@id\":\"https:\/\/www.ruralgia.com\/blog\/50a-festa-do-marisco-o-grove-2013\/#breadcrumb\"},\"inLanguage\":\"es\",\"potentialAction\":[{\"@type\":\"ReadAction\",\"target\":[\"https:\/\/www.ruralgia.com\/blog\/50a-festa-do-marisco-o-grove-2013\/\"]}]},{\"@type\":\"ImageObject\",\"inLanguage\":\"es\",\"@id\":\"https:\/\/www.ruralgia.com\/blog\/50a-festa-do-marisco-o-grove-2013\/#primaryimage\",\"url\":\"https:\/\/www.ruralgia.com\/blog\/wp-content\/uploads\/2013\/09\/image.jpg\",\"contentUrl\":\"https:\/\/www.ruralgia.com\/blog\/wp-content\/uploads\/2013\/09\/image.jpg\",\"width\":420,\"height\":597},{\"@type\":\"BreadcrumbList\",\"@id\":\"https:\/\/www.ruralgia.com\/blog\/50a-festa-do-marisco-o-grove-2013\/#breadcrumb\",\"itemListElement\":[{\"@type\":\"ListItem\",\"position\":1,\"name\":\"Portada\",\"item\":\"https:\/\/www.ruralgia.com\/blog\/\"},{\"@type\":\"ListItem\",\"position\":2,\"name\":\"50\u00aa Festa do Marisco. O Grove 2013\"}]},{\"@type\":\"WebSite\",\"@id\":\"https:\/\/www.ruralgia.com\/blog\/#website\",\"url\":\"https:\/\/www.ruralgia.com\/blog\/\",\"name\":\"Ruralgia Blog\",\"description\":\"El blog de viajes y turismo de Ruralgia\",\"potentialAction\":[{\"@type\":\"SearchAction\",\"target\":{\"@type\":\"EntryPoint\",\"urlTemplate\":\"https:\/\/www.ruralgia.com\/blog\/?s={search_term_string}\"},\"query-input\":{\"@type\":\"PropertyValueSpecification\",\"valueRequired\":true,\"valueName\":\"search_term_string\"}}],\"inLanguage\":\"es\"},{\"@type\":\"Person\",\"@id\":\"https:\/\/www.ruralgia.com\/blog\/#\/schema\/person\/9f6cc0647f6cdd05692f0f851b1615d5\",\"name\":\"C\u00e9sar Pati\u00f1o Varela\",\"image\":{\"@type\":\"ImageObject\",\"inLanguage\":\"es\",\"@id\":\"https:\/\/www.ruralgia.com\/blog\/#\/schema\/person\/image\/\",\"url\":\"https:\/\/secure.gravatar.com\/avatar\/584231250159bd84a90a31c49e212ef3?s=96&d=mm&r=g\",\"contentUrl\":\"https:\/\/secure.gravatar.com\/avatar\/584231250159bd84a90a31c49e212ef3?s=96&d=mm&r=g\",\"caption\":\"C\u00e9sar Pati\u00f1o Varela\"},\"sameAs\":[\"http:\/\/www.cpatinov.com\"],\"url\":\"https:\/\/www.ruralgia.com\/blog\/author\/cesar\/\"}]}<\/script>\n<!-- \/ Yoast SEO plugin. -->","yoast_head_json":{"title":"50\u00aa Festa do Marisco. O Grove 2013 - Ruralgia Blog","robots":{"index":"index","follow":"follow","max-snippet":"max-snippet:-1","max-image-preview":"max-image-preview:large","max-video-preview":"max-video-preview:-1"},"canonical":"https:\/\/www.ruralgia.com\/blog\/50a-festa-do-marisco-o-grove-2013\/","og_locale":"es_ES","og_type":"article","og_title":"50\u00aa Festa do Marisco. O Grove 2013 - Ruralgia Blog","og_description":"Del 4 al 13 de octubre de 2013 Desde 1963 se celebra, al llegar el mes de octubre, la \u201cFesta do Marisco\u201d en este, municipio de las R\u00edas Baixas Gallegas. Este evento gastron\u00f3mico-cultural pone de relieve los pilares b\u00e1sicos de &hellip; Sigue leyendo &rarr;","og_url":"https:\/\/www.ruralgia.com\/blog\/50a-festa-do-marisco-o-grove-2013\/","og_site_name":"Ruralgia Blog","article_published_time":"2013-09-15T22:30:11+00:00","article_modified_time":"2013-09-15T22:36:03+00:00","og_image":[{"width":420,"height":597,"url":"https:\/\/www.ruralgia.com\/blog\/wp-content\/uploads\/2013\/09\/image.jpg","type":"image\/jpeg"}],"author":"C\u00e9sar Pati\u00f1o Varela","twitter_card":"summary_large_image","twitter_misc":{"Escrito por":"C\u00e9sar Pati\u00f1o Varela","Tiempo de lectura":"1 minuto"},"schema":{"@context":"https:\/\/schema.org","@graph":[{"@type":"WebPage","@id":"https:\/\/www.ruralgia.com\/blog\/50a-festa-do-marisco-o-grove-2013\/","url":"https:\/\/www.ruralgia.com\/blog\/50a-festa-do-marisco-o-grove-2013\/","name":"50\u00aa Festa do Marisco. O Grove 2013 - Ruralgia Blog","isPartOf":{"@id":"https:\/\/www.ruralgia.com\/blog\/#website"},"primaryImageOfPage":{"@id":"https:\/\/www.ruralgia.com\/blog\/50a-festa-do-marisco-o-grove-2013\/#primaryimage"},"image":{"@id":"https:\/\/www.ruralgia.com\/blog\/50a-festa-do-marisco-o-grove-2013\/#primaryimage"},"thumbnailUrl":"https:\/\/www.ruralgia.com\/blog\/wp-content\/uploads\/2013\/09\/image.jpg","datePublished":"2013-09-15T22:30:11+00:00","dateModified":"2013-09-15T22:36:03+00:00","author":{"@id":"https:\/\/www.ruralgia.com\/blog\/#\/schema\/person\/9f6cc0647f6cdd05692f0f851b1615d5"},"breadcrumb":{"@id":"https:\/\/www.ruralgia.com\/blog\/50a-festa-do-marisco-o-grove-2013\/#breadcrumb"},"inLanguage":"es","potentialAction":[{"@type":"ReadAction","target":["https:\/\/www.ruralgia.com\/blog\/50a-festa-do-marisco-o-grove-2013\/"]}]},{"@type":"ImageObject","inLanguage":"es","@id":"https:\/\/www.ruralgia.com\/blog\/50a-festa-do-marisco-o-grove-2013\/#primaryimage","url":"https:\/\/www.ruralgia.com\/blog\/wp-content\/uploads\/2013\/09\/image.jpg","contentUrl":"https:\/\/www.ruralgia.com\/blog\/wp-content\/uploads\/2013\/09\/image.jpg","width":420,"height":597},{"@type":"BreadcrumbList","@id":"https:\/\/www.ruralgia.com\/blog\/50a-festa-do-marisco-o-grove-2013\/#breadcrumb","itemListElement":[{"@type":"ListItem","position":1,"name":"Portada","item":"https:\/\/www.ruralgia.com\/blog\/"},{"@type":"ListItem","position":2,"name":"50\u00aa Festa do Marisco. O Grove 2013"}]},{"@type":"WebSite","@id":"https:\/\/www.ruralgia.com\/blog\/#website","url":"https:\/\/www.ruralgia.com\/blog\/","name":"Ruralgia Blog","description":"El blog de viajes y turismo de Ruralgia","potentialAction":[{"@type":"SearchAction","target":{"@type":"EntryPoint","urlTemplate":"https:\/\/www.ruralgia.com\/blog\/?s={search_term_string}"},"query-input":{"@type":"PropertyValueSpecification","valueRequired":true,"valueName":"search_term_string"}}],"inLanguage":"es"},{"@type":"Person","@id":"https:\/\/www.ruralgia.com\/blog\/#\/schema\/person\/9f6cc0647f6cdd05692f0f851b1615d5","name":"C\u00e9sar Pati\u00f1o Varela","image":{"@type":"ImageObject","inLanguage":"es","@id":"https:\/\/www.ruralgia.com\/blog\/#\/schema\/person\/image\/","url":"https:\/\/secure.gravatar.com\/avatar\/584231250159bd84a90a31c49e212ef3?s=96&d=mm&r=g","contentUrl":"https:\/\/secure.gravatar.com\/avatar\/584231250159bd84a90a31c49e212ef3?s=96&d=mm&r=g","caption":"C\u00e9sar Pati\u00f1o Varela"},"sameAs":["http:\/\/www.cpatinov.com"],"url":"https:\/\/www.ruralgia.com\/blog\/author\/cesar\/"}]}},"amp_enabled":true,"_links":{"self":[{"href":"https:\/\/www.ruralgia.com\/blog\/wp-json\/wp\/v2\/posts\/1170","targetHints":{"allow":["GET"]}}],"collection":[{"href":"https:\/\/www.ruralgia.com\/blog\/wp-json\/wp\/v2\/posts"}],"about":[{"href":"https:\/\/www.ruralgia.com\/blog\/wp-json\/wp\/v2\/types\/post"}],"author":[{"embeddable":true,"href":"https:\/\/www.ruralgia.com\/blog\/wp-json\/wp\/v2\/users\/4"}],"replies":[{"embeddable":true,"href":"https:\/\/www.ruralgia.com\/blog\/wp-json\/wp\/v2\/comments?post=1170"}],"version-history":[{"count":6,"href":"https:\/\/www.ruralgia.com\/blog\/wp-json\/wp\/v2\/posts\/1170\/revisions"}],"predecessor-version":[{"id":1178,"href":"https:\/\/www.ruralgia.com\/blog\/wp-json\/wp\/v2\/posts\/1170\/revisions\/1178"}],"wp:featuredmedia":[{"embeddable":true,"href":"https:\/\/www.ruralgia.com\/blog\/wp-json\/wp\/v2\/media\/1171"}],"wp:attachment":[{"href":"https:\/\/www.ruralgia.com\/blog\/wp-json\/wp\/v2\/media?parent=1170"}],"wp:term":[{"taxonomy":"category","embeddable":true,"href":"https:\/\/www.ruralgia.com\/blog\/wp-json\/wp\/v2\/categories?post=1170"},{"taxonomy":"post_tag","embeddable":true,"href":"https:\/\/www.ruralgia.com\/blog\/wp-json\/wp\/v2\/tags?post=1170"}],"curies":[{"name":"wp","href":"https:\/\/api.w.org\/{rel}","templated":true}]}}