{"id":1181,"date":"2013-09-15T23:01:10","date_gmt":"2013-09-15T23:01:10","guid":{"rendered":"https:\/\/www.ruralgia.com\/blog\/?p=1181"},"modified":"2013-09-15T23:01:10","modified_gmt":"2013-09-15T23:01:10","slug":"ferias-san-mateo-talavera-de-la-reina-2013","status":"publish","type":"post","link":"https:\/\/www.ruralgia.com\/blog\/ferias-san-mateo-talavera-de-la-reina-2013\/","title":{"rendered":"Ferias San Mateo. Talavera de la Reina. 2013"},"content":{"rendered":"<div style=\"text-align: center;\">\n<div style=\"margin: 8px 0px 4px; text-align: left;\"><a href=\"https:\/\/www.ruralgia.com\/blog\/wp-content\/uploads\/2013\/09\/CARTEL-FERIAS-Talavera.jpg\" rel=\"lightbox[1181]\"><img loading=\"lazy\" decoding=\"async\" class=\"alignright size-medium wp-image-1182\" alt=\"CARTEL-FERIAS-Talavera\" src=\"https:\/\/www.ruralgia.com\/blog\/wp-content\/uploads\/2013\/09\/CARTEL-FERIAS-Talavera-214x300.jpg\" width=\"214\" height=\"300\" srcset=\"https:\/\/www.ruralgia.com\/blog\/wp-content\/uploads\/2013\/09\/CARTEL-FERIAS-Talavera-214x300.jpg 214w, https:\/\/www.ruralgia.com\/blog\/wp-content\/uploads\/2013\/09\/CARTEL-FERIAS-Talavera-731x1024.jpg 731w, https:\/\/www.ruralgia.com\/blog\/wp-content\/uploads\/2013\/09\/CARTEL-FERIAS-Talavera.jpg 1000w\" sizes=\"auto, (max-width: 214px) 100vw, 214px\" \/><\/a>Ferias San Mateo Septiembre 2013 Talavera de la Reina, del 19 al 22 de septiembre de 2013.<\/div>\n<div style=\"margin: 8px 0px 4px;\">\n<p style=\"text-align: left;\">El \u00a0jueves 19 comienzan las Ferias de San Mateo en Talavera de la Reina. Como en otras ediciones de la feria de San Mateo los\u00a0<strong>conciertos<\/strong>\u00a0ser\u00e1n\u00a0<strong>GRATUITOS<\/strong>.<\/p>\n<h2 style=\"text-align: left;\">Jueves 19<\/h2>\n<div style=\"text-align: left;\">\n<p><strong>19:30h<\/strong>\u00a0Inauguraci\u00f3n del Mercado tradicional de Alimentaci\u00f3n, Cer\u00e1mica, Artesan\u00eda y Regalo en los Jardines del Prado.<\/p>\n<p><strong>21:00h<\/strong>\u00a0Inauguraci\u00f3n del\u00a0<strong>Alumbrado Art\u00edstico<\/strong>\u00a0en los Arcos del Recinto Ferial. A continuaci\u00f3n, recorrido por el Ferial acompa\u00f1ados de la\u00a0<strong>Banda de M\u00fasica de Talavera<\/strong>.<\/p>\n<p><strong>22:00h<\/strong>\u00a0Preg\u00f3n Inaugural de Ferias a cargo de la cantante talaverana\u00a0<strong>Mar\u00eda Aguado<\/strong>. Artista de renombre y fama nacional, con su primer disco \u00abTiempo al tiempo\u00bb ha logrado ser n\u00ba1 en ventas durante tres semanas consecutivas. Tiene diversos galardones en su carrera, entre los que destaca el \u00abLaurel de Oro\u00bb a la artista revelaci\u00f3n del a\u00f1o 2011.<\/p>\n<p>A continuaci\u00f3n, el tradicional\u00a0<strong>Espect\u00e1culo de Pirotecnia<\/strong>\u00a0a cargo de Pirotecnia Vulcano.<\/p>\n<p><strong>22:30h<\/strong>\u00a0aproximadamente, abre la feria la actuaci\u00f3n de\u00a0<strong>M-CLAN<\/strong>\u00a0en la\u00a0<strong>Plaza de la Comarca<\/strong>, que traer\u00e1n su nuevo disco \u00abArenas movedizas\u00bb junto con todos los grandes \u00e9xitos de su historia.<\/p>\n<p><strong>23:00h<\/strong>\u00a0en el\u00a0<strong>Escenario Joven<\/strong>\u00a0tendr\u00e1 lugar el concierto del grupo talaverano\u00a0<strong>\u00cddolo<\/strong>, que nace a finales del a\u00f1o 2012 de las cenizas del grupo musical \u00cddolos de Polvo. Antes podremos disfrutar de\u00a0<strong>Electric Air Chords<\/strong>, fant\u00e1stico violinista ganador del Certamen \u00abSe busca una estrella\u00bb.<\/p>\n<\/div>\n<div style=\"text-align: left;\"><strong>23:00h<\/strong>\u00a0actuaci\u00f3n de la\u00a0<strong>Orquesta Alta Tensi\u00f3n<\/strong>\u00a0en la\u00a0<strong>Caseta Municipal<\/strong>\u00a0con m\u00fasica hasta entrada la madrugada.<\/div>\n<p style=\"text-align: left;\">\n<h2 style=\"text-align: left;\">Viernes 20<\/h2>\n<p style=\"text-align: left;\"><strong>13:30h<\/strong>\u00a0actuaci\u00f3n de la\u00a0<strong>Escuela de Danza Quimera<\/strong>\u00a0en la\u00a0<strong>Caseta Municipal<\/strong>. Nos ofrecer\u00e1 un espect\u00e1culo a la altura de esta gran escuela talaverana.<\/p>\n<p style=\"text-align: left;\"><strong>19:00h<\/strong>\u00a0actuaci\u00f3n de\u00a0<strong>Chifo y Compa\u00f1\u00eda<\/strong>\u00a0en la\u00a0<strong>Caseta Municipal<\/strong>. Llegados de la televisi\u00f3n, presentan en Talavera su nuevo espect\u00e1culo familiar.<\/p>\n<p style=\"text-align: left;\"><strong>22:00h<\/strong>\u00a0actuaci\u00f3n de\u00a0<strong>La H\u00fangara<\/strong>\u00a0en la\u00a0<strong>Plaza de la Comarca<\/strong>, una mujer que desde bien peque\u00f1a, quiso ser artista, convirti\u00e9ndose en un referente de la m\u00fasica flamenca en Espa\u00f1a. Trae a Talavera los \u00e9xitos de su carrera, que ha publicado en su \u00faltimo disco, \u00abTodo tiene su fin\u00bb.<\/p>\n<p style=\"text-align: left;\"><strong>22:30h<\/strong>\u00a0actuaci\u00f3n de la\u00a0<strong>Orquesta Melody<\/strong>\u00a0en la\u00a0<strong>Caseta Municipal<\/strong>\u00a0con m\u00fasica para todos.<\/p>\n<p style=\"text-align: left;\"><strong>23:00h<\/strong>\u00a0actuaci\u00f3n de\u00a0<strong>Canijo de Jerez<\/strong>\u00a0en la\u00a0<strong>Plaza de la Juventud<\/strong>. El que fuera fundador de la banda gaditana \u00abLos Delinq\u00fcentes\u00bb, se presenta ahora en concierto con su primer disco en solitario \u00abEl nuevo despertar de la far\u00e1ndula c\u00f3smica\u00bb, con el esp\u00edritu \u00abgarrapatero\u00bb de siempre. Antes, podremos disfrutar de\u00a0<strong>GLORIA BENDITA<\/strong>, grupo de flamenco fusi\u00f3n que arrasan donde tocan.<\/p>\n<p style=\"text-align: left;\">\n<h2 style=\"text-align: left;\">S\u00e1bado 21<\/h2>\n<p style=\"text-align: left;\"><strong>13:30h<\/strong>\u00a0actuaci\u00f3n del espect\u00e1culo flamenco a cargo de la\u00a0<strong>Escuela de Baile Triana<\/strong>\u00a0en la\u00a0<strong>Caseta Municipal<\/strong>. Fuerza, arte, flamenco de una de las escuelas de Talavera m\u00e1s afamadas.<\/p>\n<p style=\"text-align: left;\"><strong>17:00h<\/strong>\u00a0la\u00a0<strong>Xharanga \u00abLa Milagriosa\u00bb<\/strong>\u00a0nimar\u00e1 la sobremesa con diversi\u00f3n y mucho ritmo en la\u00a0<strong>Caseta Municipal<\/strong>.<\/p>\n<p style=\"text-align: left;\"><strong>18:00h<\/strong>\u00a0en el apartado taurino,\u00a0<strong>magn\u00edfico festejo de Rejones<\/strong>\u00a0en la\u00a0<strong>Plaza de Toros \u00abLa Caprichosa\u00bb<\/strong>\u00a0donde se lidiar\u00e1n 6 reses 6 de la ganader\u00eda \u00abEl Canario\u00bb para los famosos rejoneadores:<\/p>\n<div style=\"text-align: left;\">\n<ul>\n<li>Roberto Armendariz<\/li>\n<li>Manuel Manzanares<\/li>\n<li>Miguel Moura<\/li>\n<\/ul>\n<p>Este arte ancestral que nos acerca rejoneadores de corte cl\u00e1sico y con un gran dominio de la doma del caballo.<\/p>\n<\/div>\n<div style=\"text-align: left;\"><strong>19:00h<\/strong>\u00a0espect\u00e1culo infantil a cargo del\u00a0<strong>Colorine<\/strong>\u00a0en la\u00a0<strong>Caseta Municipal<\/strong>\u00a0para que los peque\u00f1os y mayores no paremos de re\u00edr y cantar.<\/div>\n<p style=\"text-align: left;\"><strong>22:00h<\/strong>\u00a0actuaci\u00f3n de\u00a0<strong>Nena Daconte<\/strong>\u00a0en la\u00a0<strong>Plaza de la Comarca<\/strong>. El nombre del grupo fue tomado de un personaje femenino de un cuento del escritor Gabriel Garc\u00eda M\u00e1rquez. En estas ferias llega a la ciudad para deleitamos con sus conocidos \u00e9xitos y presentar su \u00faltimo disco: \u00abS\u00f3lo muerdo por ti\u00bb.<\/p>\n<p style=\"text-align: left;\"><strong>22:00h<\/strong>\u00a0actuaci\u00f3n de la\u00a0<strong>Orquesta Conexi\u00f3n<\/strong>\u00a0en la\u00a0<strong>Caseta Municipal<\/strong>, una de las m\u00e1s conocidas orquestas que ofrecer\u00e1 la mejor m\u00fasica del momento.<\/p>\n<p style=\"text-align: left;\"><strong>23:00h<\/strong>\u00a0actuar\u00e1 en concierto\u00a0<strong>Dover<\/strong>\u00a0en la\u00a0<strong>Plaza de la Juventud<\/strong>. Grupo leyenda del rock y del pop en nuestro pa\u00eds, que traer\u00e1n toda la fuerza de su conocido estilo para que el ritmo no pare. Antes, podremos disfrutar de<strong>LIVEWIRE<\/strong>, con un rock alternativo \u00abdel bueno\u00bb.<\/p>\n<p style=\"text-align: left;\">\n<p><script src='https:\/\/www.ruralgia.com\/caja_cerca.php?metodo=municipio&#038;ancho=250&#038;elementos=4&#038;size=90&#038;estilo=sunny&#038;float=left&#038;kms=20&#038;aleatorio=false&#038;municipio=Talavera de la Reina (Toledo)' type='text\/javascript'><\/script><\/p>\n<h2 style=\"text-align: left;\">Domingo 22<\/h2>\n<p style=\"text-align: left;\"><strong>13:30h<\/strong>\u00a0actuaci\u00f3n a cargo de la\u00a0<strong>Escuela de Baile Baisalon<\/strong>\u00a0en la\u00a0<strong>Caseta Municipal<\/strong>. Todo el baile y la magia de las coreograf\u00edas con esta Escuela de baile Talaverana.<\/p>\n<p style=\"text-align: left;\"><strong>17:00h<\/strong>\u00a0actuaci\u00f3n de\u00a0<strong>Antol\u00edn Ben\u00edtez<\/strong>\u00a0en la\u00a0<strong>Caseta Municipal<\/strong>\u00a0(Colabora Fundaci\u00f3n ONCE). Autor, cantante y compositor que sorprende por la frescura de sus temas y sus letras.<\/p>\n<p style=\"text-align: left;\"><strong>18:00h<\/strong>\u00a0en el apartado taurino,\u00a0<strong>extraordinaria corrida de toros<\/strong>\u00a0en la\u00a0<strong>Plaza de Toros \u00abLa Caprichosa\u00bb<\/strong>\u00a0donde se lidiar\u00e1n 6 toros, 6 de la ganader\u00eda de \u00abJos\u00e9 Luis Iniesta\u00bb para los espadas:<\/p>\n<div style=\"text-align: left;\">\n<ul>\n<li>Juan Jos\u00e9 Padilla<\/li>\n<li>Manuel D\u00edaz \u00abEl Cordob\u00e9s\u00bb<\/li>\n<li>David Fandila \u00abEl Fandi\u00bb<\/li>\n<\/ul>\n<\/div>\n<div style=\"text-align: left;\"><strong>20:00h<\/strong>\u00a0recordando los antiguos cines de barrio,\u00a0<strong>Cine Espa\u00f1ol<\/strong>\u00a0en la\u00a0<strong>Caseta Municipal<\/strong>. Tendremos un cl\u00e1sico en blanco y negro.<\/div>\n<p style=\"text-align: left;\"><strong>20:30h<\/strong>\u00a0actuaci\u00f3n de\u00a0<strong>XTRIZ<\/strong>\u00a0en el\u00a0<strong>Escenario Joven<\/strong>. Cantante revelaci\u00f3n de Tenerife, que con tan s\u00f3lo 19 a\u00f1os, es un n\u00famero 1 en las listas de \u00e9xitos toda Espa\u00f1a y en las discotecas con el famoso tema \u00abMe enamor\u00e9\u00bb. Antes de su actuaci\u00f3n Podremos disfrutar de\u00a0<strong>Sergio Blazquez DJ<\/strong>, reci\u00e9n llegado de 40 Caf\u00e9 a Talavera.<\/p>\n<p style=\"text-align: left;\"><strong>21:00h<\/strong>\u00a0actuaci\u00f3n de\u00a0<strong>Fools Band<\/strong>\u00a0con su tributo a \u00abSupertramp\u00bb en la\u00a0<strong>Plaza de la Comarca<\/strong>. Este grupo musical talaverano de gran fama, nos har\u00e1n vivir un tributo a la m\u00edtica banda\u00a0<strong>\u00abSUPERTRAMP\u00bb<\/strong>\u00a0a trav\u00e9s de un recorrido por todos sus mejores temas.<\/p>\n<p style=\"text-align: left;\">\n<\/div>\n<p><a href=\"http:\/\/www.restauraciontalavera.es\/sites\/default\/files\/imagenes_blog\/archivos\/programa-san-mateo-ferias-talavera-2013.pdf\"><\/p>\n<div style=\"margin: 4px 0px 8px;\"><span style=\"color: #333333;\">Programa de fiestas completo<\/span><\/div>\n<p><\/a><\/div>\n","protected":false},"excerpt":{"rendered":"<p>Ferias San Mateo Septiembre 2013 Talavera de la Reina, del 19 al 22 de septiembre de 2013. El \u00a0jueves 19 comienzan las Ferias de San Mateo en Talavera de la Reina. Como en otras ediciones de la feria de San &hellip; <a href=\"https:\/\/www.ruralgia.com\/blog\/ferias-san-mateo-talavera-de-la-reina-2013\/\">Sigue leyendo <span class=\"meta-nav\">&rarr;<\/span><\/a><\/p>\n","protected":false},"author":1,"featured_media":1182,"comment_status":"open","ping_status":"open","sticky":false,"template":"","format":"standard","meta":{"footnotes":""},"categories":[90,12],"tags":[22,93],"class_list":["post-1181","post","type-post","status-publish","format-standard","has-post-thumbnail","hentry","category-fiestas-2","category-propuestas","tag-fiestas","tag-toledo"],"yoast_head":"<!-- This site is optimized with the Yoast SEO plugin v24.1 - https:\/\/yoast.com\/wordpress\/plugins\/seo\/ -->\n<title>Ferias San Mateo. Talavera de la Reina. 2013 - Ruralgia Blog<\/title>\n<meta name=\"robots\" content=\"index, follow, max-snippet:-1, max-image-preview:large, max-video-preview:-1\" \/>\n<link rel=\"canonical\" href=\"https:\/\/www.ruralgia.com\/blog\/ferias-san-mateo-talavera-de-la-reina-2013\/\" \/>\n<meta property=\"og:locale\" content=\"es_ES\" \/>\n<meta property=\"og:type\" content=\"article\" \/>\n<meta property=\"og:title\" content=\"Ferias San Mateo. Talavera de la Reina. 2013 - Ruralgia Blog\" \/>\n<meta property=\"og:description\" content=\"Ferias San Mateo Septiembre 2013 Talavera de la Reina, del 19 al 22 de septiembre de 2013. El \u00a0jueves 19 comienzan las Ferias de San Mateo en Talavera de la Reina. Como en otras ediciones de la feria de San &hellip; Sigue leyendo &rarr;\" \/>\n<meta property=\"og:url\" content=\"https:\/\/www.ruralgia.com\/blog\/ferias-san-mateo-talavera-de-la-reina-2013\/\" \/>\n<meta property=\"og:site_name\" content=\"Ruralgia Blog\" \/>\n<meta property=\"article:published_time\" content=\"2013-09-15T23:01:10+00:00\" \/>\n<meta property=\"og:image\" content=\"https:\/\/www.ruralgia.com\/blog\/wp-content\/uploads\/2013\/09\/CARTEL-FERIAS-Talavera.jpg\" \/>\n\t<meta property=\"og:image:width\" content=\"1000\" \/>\n\t<meta property=\"og:image:height\" content=\"1400\" \/>\n\t<meta property=\"og:image:type\" content=\"image\/jpeg\" \/>\n<meta name=\"author\" content=\"admin\" \/>\n<meta name=\"twitter:card\" content=\"summary_large_image\" \/>\n<meta name=\"twitter:label1\" content=\"Escrito por\" \/>\n\t<meta name=\"twitter:data1\" content=\"admin\" \/>\n\t<meta name=\"twitter:label2\" content=\"Tiempo de lectura\" \/>\n\t<meta name=\"twitter:data2\" content=\"5 minutos\" \/>\n<script type=\"application\/ld+json\" class=\"yoast-schema-graph\">{\"@context\":\"https:\/\/schema.org\",\"@graph\":[{\"@type\":\"WebPage\",\"@id\":\"https:\/\/www.ruralgia.com\/blog\/ferias-san-mateo-talavera-de-la-reina-2013\/\",\"url\":\"https:\/\/www.ruralgia.com\/blog\/ferias-san-mateo-talavera-de-la-reina-2013\/\",\"name\":\"Ferias San Mateo. Talavera de la Reina. 2013 - Ruralgia Blog\",\"isPartOf\":{\"@id\":\"https:\/\/www.ruralgia.com\/blog\/#website\"},\"primaryImageOfPage\":{\"@id\":\"https:\/\/www.ruralgia.com\/blog\/ferias-san-mateo-talavera-de-la-reina-2013\/#primaryimage\"},\"image\":{\"@id\":\"https:\/\/www.ruralgia.com\/blog\/ferias-san-mateo-talavera-de-la-reina-2013\/#primaryimage\"},\"thumbnailUrl\":\"https:\/\/www.ruralgia.com\/blog\/wp-content\/uploads\/2013\/09\/CARTEL-FERIAS-Talavera.jpg\",\"datePublished\":\"2013-09-15T23:01:10+00:00\",\"dateModified\":\"2013-09-15T23:01:10+00:00\",\"author\":{\"@id\":\"https:\/\/www.ruralgia.com\/blog\/#\/schema\/person\/f9d61dcaa454dc132c65467750b88c01\"},\"breadcrumb\":{\"@id\":\"https:\/\/www.ruralgia.com\/blog\/ferias-san-mateo-talavera-de-la-reina-2013\/#breadcrumb\"},\"inLanguage\":\"es\",\"potentialAction\":[{\"@type\":\"ReadAction\",\"target\":[\"https:\/\/www.ruralgia.com\/blog\/ferias-san-mateo-talavera-de-la-reina-2013\/\"]}]},{\"@type\":\"ImageObject\",\"inLanguage\":\"es\",\"@id\":\"https:\/\/www.ruralgia.com\/blog\/ferias-san-mateo-talavera-de-la-reina-2013\/#primaryimage\",\"url\":\"https:\/\/www.ruralgia.com\/blog\/wp-content\/uploads\/2013\/09\/CARTEL-FERIAS-Talavera.jpg\",\"contentUrl\":\"https:\/\/www.ruralgia.com\/blog\/wp-content\/uploads\/2013\/09\/CARTEL-FERIAS-Talavera.jpg\",\"width\":1000,\"height\":1400},{\"@type\":\"BreadcrumbList\",\"@id\":\"https:\/\/www.ruralgia.com\/blog\/ferias-san-mateo-talavera-de-la-reina-2013\/#breadcrumb\",\"itemListElement\":[{\"@type\":\"ListItem\",\"position\":1,\"name\":\"Portada\",\"item\":\"https:\/\/www.ruralgia.com\/blog\/\"},{\"@type\":\"ListItem\",\"position\":2,\"name\":\"Ferias San Mateo. Talavera de la Reina. 2013\"}]},{\"@type\":\"WebSite\",\"@id\":\"https:\/\/www.ruralgia.com\/blog\/#website\",\"url\":\"https:\/\/www.ruralgia.com\/blog\/\",\"name\":\"Ruralgia Blog\",\"description\":\"El blog de viajes y turismo de Ruralgia\",\"potentialAction\":[{\"@type\":\"SearchAction\",\"target\":{\"@type\":\"EntryPoint\",\"urlTemplate\":\"https:\/\/www.ruralgia.com\/blog\/?s={search_term_string}\"},\"query-input\":{\"@type\":\"PropertyValueSpecification\",\"valueRequired\":true,\"valueName\":\"search_term_string\"}}],\"inLanguage\":\"es\"},{\"@type\":\"Person\",\"@id\":\"https:\/\/www.ruralgia.com\/blog\/#\/schema\/person\/f9d61dcaa454dc132c65467750b88c01\",\"name\":\"admin\",\"image\":{\"@type\":\"ImageObject\",\"inLanguage\":\"es\",\"@id\":\"https:\/\/www.ruralgia.com\/blog\/#\/schema\/person\/image\/\",\"url\":\"https:\/\/secure.gravatar.com\/avatar\/308988d44afa417cbdf20b1a60ad4489?s=96&d=mm&r=g\",\"contentUrl\":\"https:\/\/secure.gravatar.com\/avatar\/308988d44afa417cbdf20b1a60ad4489?s=96&d=mm&r=g\",\"caption\":\"admin\"},\"url\":\"https:\/\/www.ruralgia.com\/blog\/author\/admin\/\"}]}<\/script>\n<!-- \/ Yoast SEO plugin. -->","yoast_head_json":{"title":"Ferias San Mateo. Talavera de la Reina. 2013 - Ruralgia Blog","robots":{"index":"index","follow":"follow","max-snippet":"max-snippet:-1","max-image-preview":"max-image-preview:large","max-video-preview":"max-video-preview:-1"},"canonical":"https:\/\/www.ruralgia.com\/blog\/ferias-san-mateo-talavera-de-la-reina-2013\/","og_locale":"es_ES","og_type":"article","og_title":"Ferias San Mateo. Talavera de la Reina. 2013 - Ruralgia Blog","og_description":"Ferias San Mateo Septiembre 2013 Talavera de la Reina, del 19 al 22 de septiembre de 2013. El \u00a0jueves 19 comienzan las Ferias de San Mateo en Talavera de la Reina. Como en otras ediciones de la feria de San &hellip; Sigue leyendo &rarr;","og_url":"https:\/\/www.ruralgia.com\/blog\/ferias-san-mateo-talavera-de-la-reina-2013\/","og_site_name":"Ruralgia Blog","article_published_time":"2013-09-15T23:01:10+00:00","og_image":[{"width":1000,"height":1400,"url":"https:\/\/www.ruralgia.com\/blog\/wp-content\/uploads\/2013\/09\/CARTEL-FERIAS-Talavera.jpg","type":"image\/jpeg"}],"author":"admin","twitter_card":"summary_large_image","twitter_misc":{"Escrito por":"admin","Tiempo de lectura":"5 minutos"},"schema":{"@context":"https:\/\/schema.org","@graph":[{"@type":"WebPage","@id":"https:\/\/www.ruralgia.com\/blog\/ferias-san-mateo-talavera-de-la-reina-2013\/","url":"https:\/\/www.ruralgia.com\/blog\/ferias-san-mateo-talavera-de-la-reina-2013\/","name":"Ferias San Mateo. Talavera de la Reina. 2013 - Ruralgia Blog","isPartOf":{"@id":"https:\/\/www.ruralgia.com\/blog\/#website"},"primaryImageOfPage":{"@id":"https:\/\/www.ruralgia.com\/blog\/ferias-san-mateo-talavera-de-la-reina-2013\/#primaryimage"},"image":{"@id":"https:\/\/www.ruralgia.com\/blog\/ferias-san-mateo-talavera-de-la-reina-2013\/#primaryimage"},"thumbnailUrl":"https:\/\/www.ruralgia.com\/blog\/wp-content\/uploads\/2013\/09\/CARTEL-FERIAS-Talavera.jpg","datePublished":"2013-09-15T23:01:10+00:00","dateModified":"2013-09-15T23:01:10+00:00","author":{"@id":"https:\/\/www.ruralgia.com\/blog\/#\/schema\/person\/f9d61dcaa454dc132c65467750b88c01"},"breadcrumb":{"@id":"https:\/\/www.ruralgia.com\/blog\/ferias-san-mateo-talavera-de-la-reina-2013\/#breadcrumb"},"inLanguage":"es","potentialAction":[{"@type":"ReadAction","target":["https:\/\/www.ruralgia.com\/blog\/ferias-san-mateo-talavera-de-la-reina-2013\/"]}]},{"@type":"ImageObject","inLanguage":"es","@id":"https:\/\/www.ruralgia.com\/blog\/ferias-san-mateo-talavera-de-la-reina-2013\/#primaryimage","url":"https:\/\/www.ruralgia.com\/blog\/wp-content\/uploads\/2013\/09\/CARTEL-FERIAS-Talavera.jpg","contentUrl":"https:\/\/www.ruralgia.com\/blog\/wp-content\/uploads\/2013\/09\/CARTEL-FERIAS-Talavera.jpg","width":1000,"height":1400},{"@type":"BreadcrumbList","@id":"https:\/\/www.ruralgia.com\/blog\/ferias-san-mateo-talavera-de-la-reina-2013\/#breadcrumb","itemListElement":[{"@type":"ListItem","position":1,"name":"Portada","item":"https:\/\/www.ruralgia.com\/blog\/"},{"@type":"ListItem","position":2,"name":"Ferias San Mateo. Talavera de la Reina. 2013"}]},{"@type":"WebSite","@id":"https:\/\/www.ruralgia.com\/blog\/#website","url":"https:\/\/www.ruralgia.com\/blog\/","name":"Ruralgia Blog","description":"El blog de viajes y turismo de Ruralgia","potentialAction":[{"@type":"SearchAction","target":{"@type":"EntryPoint","urlTemplate":"https:\/\/www.ruralgia.com\/blog\/?s={search_term_string}"},"query-input":{"@type":"PropertyValueSpecification","valueRequired":true,"valueName":"search_term_string"}}],"inLanguage":"es"},{"@type":"Person","@id":"https:\/\/www.ruralgia.com\/blog\/#\/schema\/person\/f9d61dcaa454dc132c65467750b88c01","name":"admin","image":{"@type":"ImageObject","inLanguage":"es","@id":"https:\/\/www.ruralgia.com\/blog\/#\/schema\/person\/image\/","url":"https:\/\/secure.gravatar.com\/avatar\/308988d44afa417cbdf20b1a60ad4489?s=96&d=mm&r=g","contentUrl":"https:\/\/secure.gravatar.com\/avatar\/308988d44afa417cbdf20b1a60ad4489?s=96&d=mm&r=g","caption":"admin"},"url":"https:\/\/www.ruralgia.com\/blog\/author\/admin\/"}]}},"amp_enabled":true,"_links":{"self":[{"href":"https:\/\/www.ruralgia.com\/blog\/wp-json\/wp\/v2\/posts\/1181","targetHints":{"allow":["GET"]}}],"collection":[{"href":"https:\/\/www.ruralgia.com\/blog\/wp-json\/wp\/v2\/posts"}],"about":[{"href":"https:\/\/www.ruralgia.com\/blog\/wp-json\/wp\/v2\/types\/post"}],"author":[{"embeddable":true,"href":"https:\/\/www.ruralgia.com\/blog\/wp-json\/wp\/v2\/users\/1"}],"replies":[{"embeddable":true,"href":"https:\/\/www.ruralgia.com\/blog\/wp-json\/wp\/v2\/comments?post=1181"}],"version-history":[{"count":1,"href":"https:\/\/www.ruralgia.com\/blog\/wp-json\/wp\/v2\/posts\/1181\/revisions"}],"predecessor-version":[{"id":1183,"href":"https:\/\/www.ruralgia.com\/blog\/wp-json\/wp\/v2\/posts\/1181\/revisions\/1183"}],"wp:featuredmedia":[{"embeddable":true,"href":"https:\/\/www.ruralgia.com\/blog\/wp-json\/wp\/v2\/media\/1182"}],"wp:attachment":[{"href":"https:\/\/www.ruralgia.com\/blog\/wp-json\/wp\/v2\/media?parent=1181"}],"wp:term":[{"taxonomy":"category","embeddable":true,"href":"https:\/\/www.ruralgia.com\/blog\/wp-json\/wp\/v2\/categories?post=1181"},{"taxonomy":"post_tag","embeddable":true,"href":"https:\/\/www.ruralgia.com\/blog\/wp-json\/wp\/v2\/tags?post=1181"}],"curies":[{"name":"wp","href":"https:\/\/api.w.org\/{rel}","templated":true}]}}