{"id":1185,"date":"2013-09-16T20:27:01","date_gmt":"2013-09-16T20:27:01","guid":{"rendered":"https:\/\/www.ruralgia.com\/blog\/?p=1185"},"modified":"2013-09-16T20:27:03","modified_gmt":"2013-09-16T20:27:03","slug":"fiestas-de-san-froilan-2013","status":"publish","type":"post","link":"https:\/\/www.ruralgia.com\/blog\/fiestas-de-san-froilan-2013\/","title":{"rendered":"Fiestas de San Froil\u00e1n 2013"},"content":{"rendered":"<p><strong>Las Fiestas de San Froil\u00e1n en Lugo<\/strong> son conocidas en toda Espa\u00f1a y ha sido declaradas Fiestas de Inter\u00e9s Tur\u00edstico Nacional.<\/p>\n<p><a href=\"https:\/\/www.ruralgia.com\/blog\/fiestas-de-san-froilan-2013\/san-florian2013\/\" rel=\"attachment wp-att-1186\"><img loading=\"lazy\" decoding=\"async\" class=\"size-medium wp-image-1186 alignleft\" style=\"border: 2px solid black; margin: 5px;\" alt=\"San Florian2013\" src=\"https:\/\/www.ruralgia.com\/blog\/wp-content\/uploads\/2013\/09\/San-Florian2013-215x300.jpg\" width=\"215\" height=\"300\" srcset=\"https:\/\/www.ruralgia.com\/blog\/wp-content\/uploads\/2013\/09\/San-Florian2013-215x300.jpg 215w, https:\/\/www.ruralgia.com\/blog\/wp-content\/uploads\/2013\/09\/San-Florian2013.jpg 396w\" sizes=\"auto, (max-width: 215px) 100vw, 215px\" \/><\/a><\/p>\n<p>El <strong>5 de Octubre es San Froil\u00e1n<\/strong> (patr\u00f3n de Lugo), re\u00fane a multitud de visitantes de toda Galicia y otras partes de Espa\u00f1a. Desde tiempos remotos durante los d\u00edas que van del 4 al 12 de Octubre se celebran una serie de actos festivos cuyas jornadas principales son la del patr\u00f3n y el Domingo siguiente, llamado Domingo das Mozas. Tradicionalmente los principales eventos consist\u00edan en verbenas, actuaciones teatrales y de marionetas y competiciones deportivas.<\/p>\n<p>Hoy en d\u00eda a estas actividades se suman muchas otras, como conciertos, ferias de artesan\u00eda&#8230; Lo que sigue siendo obligado es una visita a las barracas o atracciones de feria. Miles de personas abarrotan cada a\u00f1o las calles y parques de esta ciudad para disfrutar de la fiesta y del famoso Pulpo a Feira. El Pulpo a Feira se sirve en cientos de barracas y puestos de venta de este magn\u00edfico plato gallego.<\/p>\n<p><a href=\"http:\/\/www.cuandopasa.com\/index.php?v=v6173j\" target=\"_blank\">Fuente<\/a>.<\/p>\n<p>&nbsp;<\/p>\n<p><span style=\"text-decoration: underline;\"><strong>Programa Completo de San Froil\u00e1n 2013<\/strong><\/span><\/p>\n<p><script src='https:\/\/www.ruralgia.com\/caja_cerca.php?metodo=municipio&#038;ancho=250&#038;elementos=4&#038;size=90&#038;estilo=overcast&#038;float=right&#038;kms=20&#038;aleatorio=false&#038;municipio=Lugo (Lugo)' type='text\/javascript'><\/script><\/p>\n<p><strong>Viernes 4 de Octubre<\/strong><\/p>\n<ul>\n<li>22:00 &#8211; <strong>Les Tambours du Bronx en concierto<\/strong> &#8211; Plaza Horta do Seminario<\/li>\n<li>23:00 &#8211; <strong>Orquesta Anaconda<\/strong> &#8211; Plaza Mayor<\/li>\n<\/ul>\n<p><strong>S\u00e1bado 5 de Octubre<\/strong><\/p>\n<ul>\n<li>Sin hora &#8211;\u00a0<strong>Os Resentidos y Festicultores.<\/strong><\/li>\n<li>21:00 &#8211;\u00a0<strong>Orquesta Cuarta Calle y Grupo Ca\u00f1on<\/strong> &#8211; Plaza Mayor<\/li>\n<li>21:30 &#8211;\u00a0<strong>Cantando a Galicia<\/strong>\u00a0&#8211; Plaza de Santa Mar\u00eda.<\/li>\n<\/ul>\n<p><strong>Domingo 6 de Octubre<\/strong><\/p>\n<ul>\n<li>20:30 &#8211; <strong>La Pegatina en Concierto<\/strong> &#8211; Plaza Horta do Seminario<\/li>\n<li>20:30 &#8211; <strong>Verbena Cl\u00e1sica con Rosa Cedr\u00f3n<\/strong> &#8211; Plaza de Santa Mar\u00eda<\/li>\n<li>21:30 &#8211; <strong>Orquesta Cantando a Galicia<\/strong> &#8211; Plaza de Santa Mar\u00eda<\/li>\n<\/ul>\n<p><strong>Lunes 7 de Octubre<\/strong><\/p>\n<ul>\n<li>20:00 &#8211;\u00a0<strong>Milesios y Brath en Concierto<\/strong> &#8211; Plaza de Santa Mar\u00eda<\/li>\n<li>20:30 &#8211; <strong>Orquesta Emperadores<\/strong> &#8211; Fonti\u00f1as<\/li>\n<\/ul>\n<p><strong>Martes 8 de Octubre &#8211; D\u00eda de los Mayores<\/strong><\/p>\n<ul>\n<li>17:30 &#8211; <strong>Orquesta Acordes<\/strong> &#8211; Plaza Mayor<\/li>\n<li>20:30 &#8211;\u00a0<strong>Charo Reina<\/strong>\u00a0&#8211; Plaza de Santa Mar\u00eda.<\/li>\n<\/ul>\n<p><strong>Mi\u00e9rcoles 9 de Octubre<\/strong><\/p>\n<ul>\n<li>20:00 &#8211;\u00a0<strong>A Banda das Crechas<\/strong> &#8211; Plaza de Santa Mar\u00eda<\/li>\n<li>20:15 &#8211; <strong>Orquesta Breixa Band<\/strong> &#8211; Plaza nueva de la Milagrosa<strong>\n<p><\/strong><\/li>\n<\/ul>\n<p><strong>Jueves 10 de Octubre<\/strong><\/p>\n<ul>\n<li>20:00 &#8211;\u00a0<strong>Xuso Jones<\/strong> &#8211; Plaza de Santa Maria<\/li>\n<li>22:00 &#8211; <strong>The Zombies Kids<\/strong> &#8211; Plaza de Santa Mar\u00eda<\/li>\n<\/ul>\n<p><strong>Viernes 11 de Octubre<\/strong><\/p>\n<ul>\n<li>20:00 &#8211; <strong>Orquesta Abanico<\/strong> &#8211; Plaza Mayor<strong>\n<p><\/strong><\/li>\n<li>20:30 &#8211; <strong>Ob\u00fas<\/strong> &#8211; Plaza de Santa Mar\u00eda.<\/li>\n<li>22:00 &#8211;\u00a0<strong>La Pandilla Voladora<\/strong> &#8211; Horta do Seminario.<\/li>\n<li>23:00 &#8211; \u00a0<strong>Orquesta Olympus<\/strong> &#8211; Augas F\u00e9rreas<\/li>\n<\/ul>\n<p><strong>S\u00e1bado 12 de Octubre<\/strong><\/p>\n<ul>\n<li>13:15 &#8211; <strong>Orquesta Costa Dorada y orquesta Israel<\/strong> &#8211; Plaza Mayor<\/li>\n<li>21:00 &#8211; <strong>Orquesta Costa Dorada y orquesta Israel<\/strong> &#8211; Plaza Mayor<\/li>\n<li>22:00 &#8211;\u00a0<strong>Love of Lesbian<\/strong> &#8211; Horta do Seminario.<\/li>\n<\/ul>\n<div>(Horarios definitivos sin confirmar)<\/div>\n<p><a href=\"http:\/\/www.descubrelugo.com\/es\/\" target=\"_blank\"><\/p>\n<div>Programaci\u00f3n: descubrelugo.com<\/div>\n<div><\/div>\n<p><\/a><\/p>\n","protected":false},"excerpt":{"rendered":"<p>Las Fiestas de San Froil\u00e1n en Lugo son conocidas en toda Espa\u00f1a y ha sido declaradas Fiestas de Inter\u00e9s Tur\u00edstico Nacional. El 5 de Octubre es San Froil\u00e1n (patr\u00f3n de Lugo), re\u00fane a multitud de visitantes de toda Galicia y &hellip; <a href=\"https:\/\/www.ruralgia.com\/blog\/fiestas-de-san-froilan-2013\/\">Sigue leyendo <span class=\"meta-nav\">&rarr;<\/span><\/a><\/p>\n","protected":false},"author":1,"featured_media":1186,"comment_status":"open","ping_status":"open","sticky":false,"template":"","format":"standard","meta":{"footnotes":""},"categories":[69,90,91],"tags":[158,161,22,157,71],"class_list":["post-1185","post","type-post","status-publish","format-standard","has-post-thumbnail","hentry","category-eventos","category-fiestas-2","category-propuestas-eventos","tag-cultura","tag-eventos","tag-fiestas","tag-musica","tag-turismo-rural"],"yoast_head":"<!-- This site is optimized with the Yoast SEO plugin v24.1 - https:\/\/yoast.com\/wordpress\/plugins\/seo\/ -->\n<title>Fiestas de San Froil\u00e1n 2013 - Ruralgia Blog<\/title>\n<meta name=\"robots\" content=\"index, follow, max-snippet:-1, max-image-preview:large, max-video-preview:-1\" \/>\n<link rel=\"canonical\" href=\"https:\/\/www.ruralgia.com\/blog\/fiestas-de-san-froilan-2013\/\" \/>\n<meta property=\"og:locale\" content=\"es_ES\" \/>\n<meta property=\"og:type\" content=\"article\" \/>\n<meta property=\"og:title\" content=\"Fiestas de San Froil\u00e1n 2013 - Ruralgia Blog\" \/>\n<meta property=\"og:description\" content=\"Las Fiestas de San Froil\u00e1n en Lugo son conocidas en toda Espa\u00f1a y ha sido declaradas Fiestas de Inter\u00e9s Tur\u00edstico Nacional. El 5 de Octubre es San Froil\u00e1n (patr\u00f3n de Lugo), re\u00fane a multitud de visitantes de toda Galicia y &hellip; Sigue leyendo &rarr;\" \/>\n<meta property=\"og:url\" content=\"https:\/\/www.ruralgia.com\/blog\/fiestas-de-san-froilan-2013\/\" \/>\n<meta property=\"og:site_name\" content=\"Ruralgia Blog\" \/>\n<meta property=\"article:published_time\" content=\"2013-09-16T20:27:01+00:00\" \/>\n<meta property=\"article:modified_time\" content=\"2013-09-16T20:27:03+00:00\" \/>\n<meta property=\"og:image\" content=\"https:\/\/www.ruralgia.com\/blog\/wp-content\/uploads\/2013\/09\/San-Florian2013.jpg\" \/>\n\t<meta property=\"og:image:width\" content=\"396\" \/>\n\t<meta property=\"og:image:height\" content=\"552\" \/>\n\t<meta property=\"og:image:type\" content=\"image\/jpeg\" \/>\n<meta name=\"author\" content=\"admin\" \/>\n<meta name=\"twitter:card\" content=\"summary_large_image\" \/>\n<meta name=\"twitter:label1\" content=\"Escrito por\" \/>\n\t<meta name=\"twitter:data1\" content=\"admin\" \/>\n\t<meta name=\"twitter:label2\" content=\"Tiempo de lectura\" \/>\n\t<meta name=\"twitter:data2\" content=\"2 minutos\" \/>\n<script type=\"application\/ld+json\" class=\"yoast-schema-graph\">{\"@context\":\"https:\/\/schema.org\",\"@graph\":[{\"@type\":\"WebPage\",\"@id\":\"https:\/\/www.ruralgia.com\/blog\/fiestas-de-san-froilan-2013\/\",\"url\":\"https:\/\/www.ruralgia.com\/blog\/fiestas-de-san-froilan-2013\/\",\"name\":\"Fiestas de San Froil\u00e1n 2013 - Ruralgia Blog\",\"isPartOf\":{\"@id\":\"https:\/\/www.ruralgia.com\/blog\/#website\"},\"primaryImageOfPage\":{\"@id\":\"https:\/\/www.ruralgia.com\/blog\/fiestas-de-san-froilan-2013\/#primaryimage\"},\"image\":{\"@id\":\"https:\/\/www.ruralgia.com\/blog\/fiestas-de-san-froilan-2013\/#primaryimage\"},\"thumbnailUrl\":\"https:\/\/www.ruralgia.com\/blog\/wp-content\/uploads\/2013\/09\/San-Florian2013.jpg\",\"datePublished\":\"2013-09-16T20:27:01+00:00\",\"dateModified\":\"2013-09-16T20:27:03+00:00\",\"author\":{\"@id\":\"https:\/\/www.ruralgia.com\/blog\/#\/schema\/person\/f9d61dcaa454dc132c65467750b88c01\"},\"breadcrumb\":{\"@id\":\"https:\/\/www.ruralgia.com\/blog\/fiestas-de-san-froilan-2013\/#breadcrumb\"},\"inLanguage\":\"es\",\"potentialAction\":[{\"@type\":\"ReadAction\",\"target\":[\"https:\/\/www.ruralgia.com\/blog\/fiestas-de-san-froilan-2013\/\"]}]},{\"@type\":\"ImageObject\",\"inLanguage\":\"es\",\"@id\":\"https:\/\/www.ruralgia.com\/blog\/fiestas-de-san-froilan-2013\/#primaryimage\",\"url\":\"https:\/\/www.ruralgia.com\/blog\/wp-content\/uploads\/2013\/09\/San-Florian2013.jpg\",\"contentUrl\":\"https:\/\/www.ruralgia.com\/blog\/wp-content\/uploads\/2013\/09\/San-Florian2013.jpg\",\"width\":396,\"height\":552},{\"@type\":\"BreadcrumbList\",\"@id\":\"https:\/\/www.ruralgia.com\/blog\/fiestas-de-san-froilan-2013\/#breadcrumb\",\"itemListElement\":[{\"@type\":\"ListItem\",\"position\":1,\"name\":\"Portada\",\"item\":\"https:\/\/www.ruralgia.com\/blog\/\"},{\"@type\":\"ListItem\",\"position\":2,\"name\":\"Fiestas de San Froil\u00e1n 2013\"}]},{\"@type\":\"WebSite\",\"@id\":\"https:\/\/www.ruralgia.com\/blog\/#website\",\"url\":\"https:\/\/www.ruralgia.com\/blog\/\",\"name\":\"Ruralgia Blog\",\"description\":\"El blog de viajes y turismo de Ruralgia\",\"potentialAction\":[{\"@type\":\"SearchAction\",\"target\":{\"@type\":\"EntryPoint\",\"urlTemplate\":\"https:\/\/www.ruralgia.com\/blog\/?s={search_term_string}\"},\"query-input\":{\"@type\":\"PropertyValueSpecification\",\"valueRequired\":true,\"valueName\":\"search_term_string\"}}],\"inLanguage\":\"es\"},{\"@type\":\"Person\",\"@id\":\"https:\/\/www.ruralgia.com\/blog\/#\/schema\/person\/f9d61dcaa454dc132c65467750b88c01\",\"name\":\"admin\",\"image\":{\"@type\":\"ImageObject\",\"inLanguage\":\"es\",\"@id\":\"https:\/\/www.ruralgia.com\/blog\/#\/schema\/person\/image\/\",\"url\":\"https:\/\/secure.gravatar.com\/avatar\/308988d44afa417cbdf20b1a60ad4489?s=96&d=mm&r=g\",\"contentUrl\":\"https:\/\/secure.gravatar.com\/avatar\/308988d44afa417cbdf20b1a60ad4489?s=96&d=mm&r=g\",\"caption\":\"admin\"},\"url\":\"https:\/\/www.ruralgia.com\/blog\/author\/admin\/\"}]}<\/script>\n<!-- \/ Yoast SEO plugin. -->","yoast_head_json":{"title":"Fiestas de San Froil\u00e1n 2013 - Ruralgia Blog","robots":{"index":"index","follow":"follow","max-snippet":"max-snippet:-1","max-image-preview":"max-image-preview:large","max-video-preview":"max-video-preview:-1"},"canonical":"https:\/\/www.ruralgia.com\/blog\/fiestas-de-san-froilan-2013\/","og_locale":"es_ES","og_type":"article","og_title":"Fiestas de San Froil\u00e1n 2013 - Ruralgia Blog","og_description":"Las Fiestas de San Froil\u00e1n en Lugo son conocidas en toda Espa\u00f1a y ha sido declaradas Fiestas de Inter\u00e9s Tur\u00edstico Nacional. El 5 de Octubre es San Froil\u00e1n (patr\u00f3n de Lugo), re\u00fane a multitud de visitantes de toda Galicia y &hellip; Sigue leyendo &rarr;","og_url":"https:\/\/www.ruralgia.com\/blog\/fiestas-de-san-froilan-2013\/","og_site_name":"Ruralgia Blog","article_published_time":"2013-09-16T20:27:01+00:00","article_modified_time":"2013-09-16T20:27:03+00:00","og_image":[{"width":396,"height":552,"url":"https:\/\/www.ruralgia.com\/blog\/wp-content\/uploads\/2013\/09\/San-Florian2013.jpg","type":"image\/jpeg"}],"author":"admin","twitter_card":"summary_large_image","twitter_misc":{"Escrito por":"admin","Tiempo de lectura":"2 minutos"},"schema":{"@context":"https:\/\/schema.org","@graph":[{"@type":"WebPage","@id":"https:\/\/www.ruralgia.com\/blog\/fiestas-de-san-froilan-2013\/","url":"https:\/\/www.ruralgia.com\/blog\/fiestas-de-san-froilan-2013\/","name":"Fiestas de San Froil\u00e1n 2013 - Ruralgia Blog","isPartOf":{"@id":"https:\/\/www.ruralgia.com\/blog\/#website"},"primaryImageOfPage":{"@id":"https:\/\/www.ruralgia.com\/blog\/fiestas-de-san-froilan-2013\/#primaryimage"},"image":{"@id":"https:\/\/www.ruralgia.com\/blog\/fiestas-de-san-froilan-2013\/#primaryimage"},"thumbnailUrl":"https:\/\/www.ruralgia.com\/blog\/wp-content\/uploads\/2013\/09\/San-Florian2013.jpg","datePublished":"2013-09-16T20:27:01+00:00","dateModified":"2013-09-16T20:27:03+00:00","author":{"@id":"https:\/\/www.ruralgia.com\/blog\/#\/schema\/person\/f9d61dcaa454dc132c65467750b88c01"},"breadcrumb":{"@id":"https:\/\/www.ruralgia.com\/blog\/fiestas-de-san-froilan-2013\/#breadcrumb"},"inLanguage":"es","potentialAction":[{"@type":"ReadAction","target":["https:\/\/www.ruralgia.com\/blog\/fiestas-de-san-froilan-2013\/"]}]},{"@type":"ImageObject","inLanguage":"es","@id":"https:\/\/www.ruralgia.com\/blog\/fiestas-de-san-froilan-2013\/#primaryimage","url":"https:\/\/www.ruralgia.com\/blog\/wp-content\/uploads\/2013\/09\/San-Florian2013.jpg","contentUrl":"https:\/\/www.ruralgia.com\/blog\/wp-content\/uploads\/2013\/09\/San-Florian2013.jpg","width":396,"height":552},{"@type":"BreadcrumbList","@id":"https:\/\/www.ruralgia.com\/blog\/fiestas-de-san-froilan-2013\/#breadcrumb","itemListElement":[{"@type":"ListItem","position":1,"name":"Portada","item":"https:\/\/www.ruralgia.com\/blog\/"},{"@type":"ListItem","position":2,"name":"Fiestas de San Froil\u00e1n 2013"}]},{"@type":"WebSite","@id":"https:\/\/www.ruralgia.com\/blog\/#website","url":"https:\/\/www.ruralgia.com\/blog\/","name":"Ruralgia Blog","description":"El blog de viajes y turismo de Ruralgia","potentialAction":[{"@type":"SearchAction","target":{"@type":"EntryPoint","urlTemplate":"https:\/\/www.ruralgia.com\/blog\/?s={search_term_string}"},"query-input":{"@type":"PropertyValueSpecification","valueRequired":true,"valueName":"search_term_string"}}],"inLanguage":"es"},{"@type":"Person","@id":"https:\/\/www.ruralgia.com\/blog\/#\/schema\/person\/f9d61dcaa454dc132c65467750b88c01","name":"admin","image":{"@type":"ImageObject","inLanguage":"es","@id":"https:\/\/www.ruralgia.com\/blog\/#\/schema\/person\/image\/","url":"https:\/\/secure.gravatar.com\/avatar\/308988d44afa417cbdf20b1a60ad4489?s=96&d=mm&r=g","contentUrl":"https:\/\/secure.gravatar.com\/avatar\/308988d44afa417cbdf20b1a60ad4489?s=96&d=mm&r=g","caption":"admin"},"url":"https:\/\/www.ruralgia.com\/blog\/author\/admin\/"}]}},"amp_enabled":true,"_links":{"self":[{"href":"https:\/\/www.ruralgia.com\/blog\/wp-json\/wp\/v2\/posts\/1185","targetHints":{"allow":["GET"]}}],"collection":[{"href":"https:\/\/www.ruralgia.com\/blog\/wp-json\/wp\/v2\/posts"}],"about":[{"href":"https:\/\/www.ruralgia.com\/blog\/wp-json\/wp\/v2\/types\/post"}],"author":[{"embeddable":true,"href":"https:\/\/www.ruralgia.com\/blog\/wp-json\/wp\/v2\/users\/1"}],"replies":[{"embeddable":true,"href":"https:\/\/www.ruralgia.com\/blog\/wp-json\/wp\/v2\/comments?post=1185"}],"version-history":[{"count":7,"href":"https:\/\/www.ruralgia.com\/blog\/wp-json\/wp\/v2\/posts\/1185\/revisions"}],"predecessor-version":[{"id":1193,"href":"https:\/\/www.ruralgia.com\/blog\/wp-json\/wp\/v2\/posts\/1185\/revisions\/1193"}],"wp:featuredmedia":[{"embeddable":true,"href":"https:\/\/www.ruralgia.com\/blog\/wp-json\/wp\/v2\/media\/1186"}],"wp:attachment":[{"href":"https:\/\/www.ruralgia.com\/blog\/wp-json\/wp\/v2\/media?parent=1185"}],"wp:term":[{"taxonomy":"category","embeddable":true,"href":"https:\/\/www.ruralgia.com\/blog\/wp-json\/wp\/v2\/categories?post=1185"},{"taxonomy":"post_tag","embeddable":true,"href":"https:\/\/www.ruralgia.com\/blog\/wp-json\/wp\/v2\/tags?post=1185"}],"curies":[{"name":"wp","href":"https:\/\/api.w.org\/{rel}","templated":true}]}}