{"id":1194,"date":"2013-09-17T08:24:40","date_gmt":"2013-09-17T08:24:40","guid":{"rendered":"https:\/\/www.ruralgia.com\/blog\/?p=1194"},"modified":"2013-09-17T08:24:42","modified_gmt":"2013-09-17T08:24:42","slug":"biocultura-bilbao-2013","status":"publish","type":"post","link":"https:\/\/www.ruralgia.com\/blog\/biocultura-bilbao-2013\/","title":{"rendered":"BioCultura Bilbao 2013"},"content":{"rendered":"<p><strong>Feria de productos ecol\u00f3gicos y consumo responsable.<\/strong><\/p>\n<p>Feria Bilbao. <strong>Del 4 al 6 de octubre, 2013. <\/strong><\/p>\n<p>La feria de productos ecol\u00f3gicos m\u00e1s importante del estado espa\u00f1ol presenta su 1\u00aa edici\u00f3n en Bilbao.<\/p>\n<p>BioCultura es un verdadero revulsivo para el sector de los productos ecol\u00f3gicos, una feria que crea tendencias, que crea modelos, que despierta a mucha gente&#8230; p\u00fablico, nuevos emprendedores, agricultores que se pasan a lo \u201cbio\u201d&#8230;<\/p>\n<p><a href=\"https:\/\/www.ruralgia.com\/blog\/biocultura-bilbao-2013\/biocultura\/\" rel=\"attachment wp-att-1195\"><img loading=\"lazy\" decoding=\"async\" class=\"size-medium wp-image-1195 alignright\" style=\"border: 2px solid black; margin: 5px;\" alt=\"biocultura\" src=\"https:\/\/www.ruralgia.com\/blog\/wp-content\/uploads\/2013\/09\/biocultura-300x226.jpg\" width=\"300\" height=\"226\" srcset=\"https:\/\/www.ruralgia.com\/blog\/wp-content\/uploads\/2013\/09\/biocultura-300x226.jpg 300w, https:\/\/www.ruralgia.com\/blog\/wp-content\/uploads\/2013\/09\/biocultura.jpg 558w\" sizes=\"auto, (max-width: 300px) 100vw, 300px\" \/><\/a><strong><a href=\"http:\/\/biocultura.org\/files\/Listado%20Provisional%20Expositores%20a%2010_07_2013%20BILBAO.pdf\"><\/p>\n<p><\/a><\/strong><a href=\"http:\/\/biocultura.org\/files\/Listado%20Provisional%20Expositores%20BioCultura%20Bilbao%2010_09_2013.pdf\" target=\"_blank\">Listado provisional de expositores de Bilbao<\/a><\/p>\n<p><a href=\"http:\/\/biocultura.org\/files\/Plano%20Bilbao%2030072013.pdf\">Plano Bilbao 2013<\/a><\/p>\n<p><strong>LA FERIA DEL PROFESIONAL<\/p>\n<p><\/strong>BioCultura es la cita para los profesionales que quieren acercarse al mundo de los productos respetuosos con la vida. Cada uno de los sectores tiene as\u00ed la oportunidad de conocer directamente a distribuidores y operadores y de realizar sus transacciones comerciales de una forma sencilla. Las empresas, por su parte, tienen en BioCultura el escaparate id\u00f3neo en el que darse a concoer y dar a conocer sus productos, sus formas de trabajar, etc.<\/p>\n<p>Empresarios, tenderos, prescriptores, importadores, exportadores, cocineros y profesionales de otras muchas artes y disciplinas acuden a BioCultura como el lugar donde seguro encontrar\u00e1n respuestas y propuestas a sus inquietudes y necesidades.<\/p>\n<p><strong>EL CONSUMIDOR<\/strong><\/p>\n<p>Ser el escaparate y el impulso hacia el consumo de productos ecol\u00f3gicos es una de las prioridades de BioCultura. Por eso presta tanta atenci\u00f3n al ciudadano. Espa\u00f1a es uno de los grandes productores de alimentos ecol\u00f3gicos del mundo. Sin embargo, estamos a la cola en lo que a consumo interno se refiere. BioCultura quiere cambiar esta tendencia y que Espa\u00f1a est\u00e9 en cifras de consumo interior parecidas a pa\u00edses de nuestro entorno como Francia, UK, Italia, Alemania, Dinamarca, etc.<\/p>\n<p><strong>INFORMACI\u00d3N PARA EL CONSUMO RESPONSABLE<\/strong><\/p>\n<p>BioCultura ofrece cerca de 150 actividades paralelas a la actividad comercial. Informaci\u00f3n libre e independiente, que pretende dar las claves para, con nuestras opciones de consumo y nuestros h\u00e1bitos diarios, optar por una vida m\u00e1s acorde a nuestras necesidades. No hay que dudar que cualquier grano de arena importa. Pero para que peque\u00f1o grupos de personas puedan llevar a cabo grandes cambios sociales es preciso tener la informaci\u00f3n precisa. En este sentido, BioCultura es como una gran ventana de informaci\u00f3n abierta a toda la ciudadan\u00eda.<\/p>\n<p><script type=\"text\/javascript\" src=\"https:\/\/www.ruralgia.com\/caja_cerca.php?metodo=municipio&amp;ancho=250&amp;elementos=4&amp;size=90&amp;estilo=le-frog&amp;float=left&amp;kms=20&amp;aleatorio=false&amp;municipio=Bilbao (Vizcaya)\"><\/script><\/p>\n<p><strong>GARANT\u00cdAS Y CALIDAD DE LA OFERTA<\/strong><\/p>\n<p>El Comit\u00e9 de Selecci\u00f3n de BioCultura est\u00e1 formado por el equipo t\u00e9cnico de BioCultura, INTERECO y t\u00e9cnicos y profesionales de todos los sectores presentes. Trabaja durante todo el a\u00f1o meticulosamente y con rigurosidad para que las propuestas que se presentan en la feria cumplan los requisitos exigidos. Los alimentos s\u00f3lo pueden ser biol\u00f3gicos, certificados por cualquiera de los organismos oficialmente reconocidos tanto en Espa\u00f1a como en Europa al amparo del reglamento comunitario\u00a0 834\/2007. Para el resto de pa\u00edses, los certificados reconocidos por la Uni\u00f3n Europea. Los otros sectores tambi\u00e9n est\u00e1n sometidos a condiciones espec\u00edficas de participaci\u00f3n que cada a\u00f1o se mejoran y se hacen m\u00e1s exigentes. Existe tambi\u00e9n un c\u00f3digo \u00e9tico de admisi\u00f3n de expositores que debe cumplirse.<\/p>\n<p><strong>LA INDEPENDENCIA<\/strong><\/p>\n<p>La Asociaci\u00f3n Vida Sana, declarada de Utilidad P\u00fablica, es la organizadora de BioCultura. En 1974 trajo e impuls\u00f3 en Espa\u00f1a el movimiento de la cultura biol\u00f3gica. Son ya 35 a\u00f1os denunciando, y anunciando, con antelaci\u00f3n, esc\u00e1ndalos que se han ido sucediendo y, al mismo tiempo, construyendo formas de producci\u00f3n viables y rentables para agricultores, ganaderos e industriales; y sanas para la salud y el medio ambiente. La autofinanciaci\u00f3n es la base de la independencia que caracteriza a Vida Sana y, por tanto, tambi\u00e9n, a BioCultura. La feria es una feria completamente independientes de grupos pol\u00edticos, empresariales, informativos, sociales, sindicales\u2026 La independencia es nuestro principal baluarte. No estamos ni a la izquierda ni a la derecha. No somos de estos ni de aquellos. Trabajamos por un mundo m\u00e1s limpia y una alimentaci\u00f3n sana, dentro de una visi\u00f3n hol\u00edstica, y eso es lo \u00fanico que nos mueve.<\/p>\n<p><strong>MAMATERRA, FESTIVAL ECOL\u00d3GICO DE LA INFANCIA<\/strong><\/p>\n<p>Coincidiendo con BioCultura se celebrar\u00e1 el Festival Ecol\u00f3gico de la Infancia MamaTerra. El festival presenta diferentes y muy diversas actividades para los m\u00e1s peque\u00f1os de la casa, actividades que ya son un cl\u00e1sico para los visitantes de la feria: talleres de cocina, huerto biol\u00f3gico, talleres de reciclaje y energ\u00edas renovables\u2026 M\u00fasica, teatro, marionetas\u2026 Los ni\u00f1os participar\u00e1n durante el fin de semana en familia.<\/p>\n<p><a href=\"http:\/\/vidasana.org\/ficheros\/files\/GUIA%20ACTIVIDADES%20BIOCULTURA%20BILBAO%202013%20web.pdf\" target=\"_blank\">Gu\u00eda de Actividades de Bilbao 2013<\/a><\/p>\n<p><a href=\"http:\/\/biocultura.org\/index.php?option=com_content&amp;view=article&amp;id=183&amp;Itemid=4\" target=\"_blank\">Fuente<\/a>.<\/p>\n<p>&nbsp;<\/p>\n<p>&nbsp;<\/p>\n","protected":false},"excerpt":{"rendered":"<p>Feria de productos ecol\u00f3gicos y consumo responsable. Feria Bilbao. Del 4 al 6 de octubre, 2013. La feria de productos ecol\u00f3gicos m\u00e1s importante del estado espa\u00f1ol presenta su 1\u00aa edici\u00f3n en Bilbao. BioCultura es un verdadero revulsivo para el sector &hellip; <a href=\"https:\/\/www.ruralgia.com\/blog\/biocultura-bilbao-2013\/\">Sigue leyendo <span class=\"meta-nav\">&rarr;<\/span><\/a><\/p>\n","protected":false},"author":1,"featured_media":1195,"comment_status":"open","ping_status":"open","sticky":false,"template":"","format":"standard","meta":{"footnotes":""},"categories":[69,12,9],"tags":[94,95,161,39,71],"class_list":["post-1194","post","type-post","status-publish","format-standard","has-post-thumbnail","hentry","category-eventos","category-propuestas","category-viajeros","tag-biocultura","tag-ecologico","tag-eventos","tag-gastronomia","tag-turismo-rural"],"yoast_head":"<!-- This site is optimized with the Yoast SEO plugin v24.1 - https:\/\/yoast.com\/wordpress\/plugins\/seo\/ -->\n<title>BioCultura Bilbao 2013 - Ruralgia Blog<\/title>\n<meta name=\"robots\" content=\"index, follow, max-snippet:-1, max-image-preview:large, max-video-preview:-1\" \/>\n<link rel=\"canonical\" href=\"https:\/\/www.ruralgia.com\/blog\/biocultura-bilbao-2013\/\" \/>\n<meta property=\"og:locale\" content=\"es_ES\" \/>\n<meta property=\"og:type\" content=\"article\" \/>\n<meta property=\"og:title\" content=\"BioCultura Bilbao 2013 - Ruralgia Blog\" \/>\n<meta property=\"og:description\" content=\"Feria de productos ecol\u00f3gicos y consumo responsable. Feria Bilbao. Del 4 al 6 de octubre, 2013. La feria de productos ecol\u00f3gicos m\u00e1s importante del estado espa\u00f1ol presenta su 1\u00aa edici\u00f3n en Bilbao. BioCultura es un verdadero revulsivo para el sector &hellip; Sigue leyendo &rarr;\" \/>\n<meta property=\"og:url\" content=\"https:\/\/www.ruralgia.com\/blog\/biocultura-bilbao-2013\/\" \/>\n<meta property=\"og:site_name\" content=\"Ruralgia Blog\" \/>\n<meta property=\"article:published_time\" content=\"2013-09-17T08:24:40+00:00\" \/>\n<meta property=\"article:modified_time\" content=\"2013-09-17T08:24:42+00:00\" \/>\n<meta property=\"og:image\" content=\"https:\/\/www.ruralgia.com\/blog\/wp-content\/uploads\/2013\/09\/biocultura.jpg\" \/>\n\t<meta property=\"og:image:width\" content=\"558\" \/>\n\t<meta property=\"og:image:height\" content=\"422\" \/>\n\t<meta property=\"og:image:type\" content=\"image\/jpeg\" \/>\n<meta name=\"author\" content=\"admin\" \/>\n<meta name=\"twitter:card\" content=\"summary_large_image\" \/>\n<meta name=\"twitter:label1\" content=\"Escrito por\" \/>\n\t<meta name=\"twitter:data1\" content=\"admin\" \/>\n\t<meta name=\"twitter:label2\" content=\"Tiempo de lectura\" \/>\n\t<meta name=\"twitter:data2\" content=\"4 minutos\" \/>\n<script type=\"application\/ld+json\" class=\"yoast-schema-graph\">{\"@context\":\"https:\/\/schema.org\",\"@graph\":[{\"@type\":\"WebPage\",\"@id\":\"https:\/\/www.ruralgia.com\/blog\/biocultura-bilbao-2013\/\",\"url\":\"https:\/\/www.ruralgia.com\/blog\/biocultura-bilbao-2013\/\",\"name\":\"BioCultura Bilbao 2013 - Ruralgia Blog\",\"isPartOf\":{\"@id\":\"https:\/\/www.ruralgia.com\/blog\/#website\"},\"primaryImageOfPage\":{\"@id\":\"https:\/\/www.ruralgia.com\/blog\/biocultura-bilbao-2013\/#primaryimage\"},\"image\":{\"@id\":\"https:\/\/www.ruralgia.com\/blog\/biocultura-bilbao-2013\/#primaryimage\"},\"thumbnailUrl\":\"https:\/\/www.ruralgia.com\/blog\/wp-content\/uploads\/2013\/09\/biocultura.jpg\",\"datePublished\":\"2013-09-17T08:24:40+00:00\",\"dateModified\":\"2013-09-17T08:24:42+00:00\",\"author\":{\"@id\":\"https:\/\/www.ruralgia.com\/blog\/#\/schema\/person\/f9d61dcaa454dc132c65467750b88c01\"},\"breadcrumb\":{\"@id\":\"https:\/\/www.ruralgia.com\/blog\/biocultura-bilbao-2013\/#breadcrumb\"},\"inLanguage\":\"es\",\"potentialAction\":[{\"@type\":\"ReadAction\",\"target\":[\"https:\/\/www.ruralgia.com\/blog\/biocultura-bilbao-2013\/\"]}]},{\"@type\":\"ImageObject\",\"inLanguage\":\"es\",\"@id\":\"https:\/\/www.ruralgia.com\/blog\/biocultura-bilbao-2013\/#primaryimage\",\"url\":\"https:\/\/www.ruralgia.com\/blog\/wp-content\/uploads\/2013\/09\/biocultura.jpg\",\"contentUrl\":\"https:\/\/www.ruralgia.com\/blog\/wp-content\/uploads\/2013\/09\/biocultura.jpg\",\"width\":558,\"height\":422},{\"@type\":\"BreadcrumbList\",\"@id\":\"https:\/\/www.ruralgia.com\/blog\/biocultura-bilbao-2013\/#breadcrumb\",\"itemListElement\":[{\"@type\":\"ListItem\",\"position\":1,\"name\":\"Portada\",\"item\":\"https:\/\/www.ruralgia.com\/blog\/\"},{\"@type\":\"ListItem\",\"position\":2,\"name\":\"BioCultura Bilbao 2013\"}]},{\"@type\":\"WebSite\",\"@id\":\"https:\/\/www.ruralgia.com\/blog\/#website\",\"url\":\"https:\/\/www.ruralgia.com\/blog\/\",\"name\":\"Ruralgia Blog\",\"description\":\"El blog de viajes y turismo de Ruralgia\",\"potentialAction\":[{\"@type\":\"SearchAction\",\"target\":{\"@type\":\"EntryPoint\",\"urlTemplate\":\"https:\/\/www.ruralgia.com\/blog\/?s={search_term_string}\"},\"query-input\":{\"@type\":\"PropertyValueSpecification\",\"valueRequired\":true,\"valueName\":\"search_term_string\"}}],\"inLanguage\":\"es\"},{\"@type\":\"Person\",\"@id\":\"https:\/\/www.ruralgia.com\/blog\/#\/schema\/person\/f9d61dcaa454dc132c65467750b88c01\",\"name\":\"admin\",\"image\":{\"@type\":\"ImageObject\",\"inLanguage\":\"es\",\"@id\":\"https:\/\/www.ruralgia.com\/blog\/#\/schema\/person\/image\/\",\"url\":\"https:\/\/secure.gravatar.com\/avatar\/308988d44afa417cbdf20b1a60ad4489?s=96&d=mm&r=g\",\"contentUrl\":\"https:\/\/secure.gravatar.com\/avatar\/308988d44afa417cbdf20b1a60ad4489?s=96&d=mm&r=g\",\"caption\":\"admin\"},\"url\":\"https:\/\/www.ruralgia.com\/blog\/author\/admin\/\"}]}<\/script>\n<!-- \/ Yoast SEO plugin. -->","yoast_head_json":{"title":"BioCultura Bilbao 2013 - Ruralgia Blog","robots":{"index":"index","follow":"follow","max-snippet":"max-snippet:-1","max-image-preview":"max-image-preview:large","max-video-preview":"max-video-preview:-1"},"canonical":"https:\/\/www.ruralgia.com\/blog\/biocultura-bilbao-2013\/","og_locale":"es_ES","og_type":"article","og_title":"BioCultura Bilbao 2013 - Ruralgia Blog","og_description":"Feria de productos ecol\u00f3gicos y consumo responsable. Feria Bilbao. Del 4 al 6 de octubre, 2013. La feria de productos ecol\u00f3gicos m\u00e1s importante del estado espa\u00f1ol presenta su 1\u00aa edici\u00f3n en Bilbao. BioCultura es un verdadero revulsivo para el sector &hellip; Sigue leyendo &rarr;","og_url":"https:\/\/www.ruralgia.com\/blog\/biocultura-bilbao-2013\/","og_site_name":"Ruralgia Blog","article_published_time":"2013-09-17T08:24:40+00:00","article_modified_time":"2013-09-17T08:24:42+00:00","og_image":[{"width":558,"height":422,"url":"https:\/\/www.ruralgia.com\/blog\/wp-content\/uploads\/2013\/09\/biocultura.jpg","type":"image\/jpeg"}],"author":"admin","twitter_card":"summary_large_image","twitter_misc":{"Escrito por":"admin","Tiempo de lectura":"4 minutos"},"schema":{"@context":"https:\/\/schema.org","@graph":[{"@type":"WebPage","@id":"https:\/\/www.ruralgia.com\/blog\/biocultura-bilbao-2013\/","url":"https:\/\/www.ruralgia.com\/blog\/biocultura-bilbao-2013\/","name":"BioCultura Bilbao 2013 - Ruralgia Blog","isPartOf":{"@id":"https:\/\/www.ruralgia.com\/blog\/#website"},"primaryImageOfPage":{"@id":"https:\/\/www.ruralgia.com\/blog\/biocultura-bilbao-2013\/#primaryimage"},"image":{"@id":"https:\/\/www.ruralgia.com\/blog\/biocultura-bilbao-2013\/#primaryimage"},"thumbnailUrl":"https:\/\/www.ruralgia.com\/blog\/wp-content\/uploads\/2013\/09\/biocultura.jpg","datePublished":"2013-09-17T08:24:40+00:00","dateModified":"2013-09-17T08:24:42+00:00","author":{"@id":"https:\/\/www.ruralgia.com\/blog\/#\/schema\/person\/f9d61dcaa454dc132c65467750b88c01"},"breadcrumb":{"@id":"https:\/\/www.ruralgia.com\/blog\/biocultura-bilbao-2013\/#breadcrumb"},"inLanguage":"es","potentialAction":[{"@type":"ReadAction","target":["https:\/\/www.ruralgia.com\/blog\/biocultura-bilbao-2013\/"]}]},{"@type":"ImageObject","inLanguage":"es","@id":"https:\/\/www.ruralgia.com\/blog\/biocultura-bilbao-2013\/#primaryimage","url":"https:\/\/www.ruralgia.com\/blog\/wp-content\/uploads\/2013\/09\/biocultura.jpg","contentUrl":"https:\/\/www.ruralgia.com\/blog\/wp-content\/uploads\/2013\/09\/biocultura.jpg","width":558,"height":422},{"@type":"BreadcrumbList","@id":"https:\/\/www.ruralgia.com\/blog\/biocultura-bilbao-2013\/#breadcrumb","itemListElement":[{"@type":"ListItem","position":1,"name":"Portada","item":"https:\/\/www.ruralgia.com\/blog\/"},{"@type":"ListItem","position":2,"name":"BioCultura Bilbao 2013"}]},{"@type":"WebSite","@id":"https:\/\/www.ruralgia.com\/blog\/#website","url":"https:\/\/www.ruralgia.com\/blog\/","name":"Ruralgia Blog","description":"El blog de viajes y turismo de Ruralgia","potentialAction":[{"@type":"SearchAction","target":{"@type":"EntryPoint","urlTemplate":"https:\/\/www.ruralgia.com\/blog\/?s={search_term_string}"},"query-input":{"@type":"PropertyValueSpecification","valueRequired":true,"valueName":"search_term_string"}}],"inLanguage":"es"},{"@type":"Person","@id":"https:\/\/www.ruralgia.com\/blog\/#\/schema\/person\/f9d61dcaa454dc132c65467750b88c01","name":"admin","image":{"@type":"ImageObject","inLanguage":"es","@id":"https:\/\/www.ruralgia.com\/blog\/#\/schema\/person\/image\/","url":"https:\/\/secure.gravatar.com\/avatar\/308988d44afa417cbdf20b1a60ad4489?s=96&d=mm&r=g","contentUrl":"https:\/\/secure.gravatar.com\/avatar\/308988d44afa417cbdf20b1a60ad4489?s=96&d=mm&r=g","caption":"admin"},"url":"https:\/\/www.ruralgia.com\/blog\/author\/admin\/"}]}},"amp_enabled":true,"_links":{"self":[{"href":"https:\/\/www.ruralgia.com\/blog\/wp-json\/wp\/v2\/posts\/1194","targetHints":{"allow":["GET"]}}],"collection":[{"href":"https:\/\/www.ruralgia.com\/blog\/wp-json\/wp\/v2\/posts"}],"about":[{"href":"https:\/\/www.ruralgia.com\/blog\/wp-json\/wp\/v2\/types\/post"}],"author":[{"embeddable":true,"href":"https:\/\/www.ruralgia.com\/blog\/wp-json\/wp\/v2\/users\/1"}],"replies":[{"embeddable":true,"href":"https:\/\/www.ruralgia.com\/blog\/wp-json\/wp\/v2\/comments?post=1194"}],"version-history":[{"count":14,"href":"https:\/\/www.ruralgia.com\/blog\/wp-json\/wp\/v2\/posts\/1194\/revisions"}],"predecessor-version":[{"id":1209,"href":"https:\/\/www.ruralgia.com\/blog\/wp-json\/wp\/v2\/posts\/1194\/revisions\/1209"}],"wp:featuredmedia":[{"embeddable":true,"href":"https:\/\/www.ruralgia.com\/blog\/wp-json\/wp\/v2\/media\/1195"}],"wp:attachment":[{"href":"https:\/\/www.ruralgia.com\/blog\/wp-json\/wp\/v2\/media?parent=1194"}],"wp:term":[{"taxonomy":"category","embeddable":true,"href":"https:\/\/www.ruralgia.com\/blog\/wp-json\/wp\/v2\/categories?post=1194"},{"taxonomy":"post_tag","embeddable":true,"href":"https:\/\/www.ruralgia.com\/blog\/wp-json\/wp\/v2\/tags?post=1194"}],"curies":[{"name":"wp","href":"https:\/\/api.w.org\/{rel}","templated":true}]}}