{"id":1275,"date":"2013-09-24T10:33:50","date_gmt":"2013-09-24T10:33:50","guid":{"rendered":"https:\/\/www.ruralgia.com\/blog\/?p=1275"},"modified":"2013-09-24T10:33:53","modified_gmt":"2013-09-24T10:33:53","slug":"iberflora-2013","status":"publish","type":"post","link":"https:\/\/www.ruralgia.com\/blog\/iberflora-2013\/","title":{"rendered":"IBERFLORA 2013"},"content":{"rendered":"<p><strong>Iberflora 2013 Valencia<\/strong>, tendr\u00e1 lugar este a\u00f1o nuevamente en las instalaciones del recinto ferial de la Feria de Valencia, en donde celebrar\u00e1 su cuadrag\u00e9sima segunda edici\u00f3n, entre los pr\u00f3ximos d\u00edas <strong>02 al 04 de octubre de 2013<\/strong>, siendo esta feria una de las m\u00e1s importantes del sector de cuantas se celebran en nuestro pa\u00eds.<\/p>\n<p><a href=\"https:\/\/www.ruralgia.com\/blog\/iberflora-2013\/iberflora\/\" target=\"_blank\" rel=\"attachment wp-att-1276\"><img loading=\"lazy\" decoding=\"async\" class=\"wp-image-1276 alignleft\" style=\"margin: 5px; border: 2px solid black;\" alt=\"iberflora\" src=\"https:\/\/www.ruralgia.com\/blog\/wp-content\/uploads\/2013\/09\/iberflora-300x97.jpg\" width=\"300\" height=\"97\" srcset=\"https:\/\/www.ruralgia.com\/blog\/wp-content\/uploads\/2013\/09\/iberflora-300x97.jpg 300w, https:\/\/www.ruralgia.com\/blog\/wp-content\/uploads\/2013\/09\/iberflora.jpg 585w\" sizes=\"auto, (max-width: 300px) 100vw, 300px\" \/><\/a><\/p>\n<p><strong>Iberflora 2013 Valencia<\/strong>, ser\u00e1 una feria con un perfil de asistentes marcadamente profesional, en la cual se nos mostrar\u00e1n las \u00faltimas novedades e innovaciones del sector, puesto que en esta feria se dar\u00e1n cita los mejores profesionales y empresas del sector, ya no s\u00f3lo por las novedades que se podr\u00e1n observar en ella sino por los contactos que se podr\u00e1n generar.<\/p>\n<p><script src='https:\/\/www.ruralgia.com\/caja_cerca.php?metodo=municipio&#038;ancho=250&#038;elementos=4&#038;size=90&#038;estilo=le-frog&#038;float=right&#038;kms=20&#038;aleatorio=true&#038;municipio=Valencia (Valencia)' type='text\/javascript'><\/script><\/p>\n<p>En <strong>Iberflora 2013<\/strong> nos podremos encontrar a los siguiente sectores \u00f3 productos representados:<\/p>\n<p>Arboles-arbustos-plantas-flores, abonos fertilizantes, accesorios para horticultura y jardiner\u00eda, acuarios, aislamientos, art\u00edculos de florister\u00eda, art\u00edculos y sistemas de riego, asesoramiento t\u00e9cnico, bandejas, barbacoas, bulbos, ca\u00f1as de bamb\u00fa, carretillas, casetas para jard\u00edn-garaje, celos\u00edas, cenadores, cerramientos, c\u00e9sped artificial, chimeneas, contenedores, cubiertas para piscinas, cubremacetas, dep\u00f3sitos de agua, depuraci\u00f3n de aguas, dosificadores de abonos, embalajes, equipos para invernaderos, esti\u00e9rcol, etiquetas, expositores, figuras para jard\u00edn, floreros, fuentes, gases licuados petrol\u00edferos, grapadoras, guantes, herbicidas, herramientas, hidrosiembras, humidificadores, humus, iluminaci\u00f3n de jard\u00edn, impermeabilizaci\u00f3n de embalses para riego, instrumentos meteorol\u00f3gicos, pl\u00e1sticos para invernaderos, porta macetas, productos fitosanitarios, protectores para plantones, proyecto y mantenimiento de jardines, rollos brezo, semillas, semilleros, sistemas de calefacci\u00f3n\/ventilaci\u00f3n para invernaderos, sistemas de control de invernaderos por ordenadores, soportes colgantes para plantas, telas de sombreo, tepe en rollo y loseta, tierra, turba y sustratos, toldos-parasoles-sombrillas, tutores, umbr\u00e1culos, invernaderos, jardineras con reserva de agua, juegos al aire libre para jard\u00edn, libros y revistas t\u00e9cnicas, macetas, mallas, maceteros-jardineras, mantas org\u00e1nicas, maquinaria agr\u00edcola, hort\u00edcola y jardiner\u00eda, mobiliario urbano y de jard\u00edn, pavimientos, piedra artificial, placas celulares de policarbonato o poliester para invernaderos, placas soporte arreglos florales, plantas desalinizadoras de agua por osmosis inversa.<\/p>\n<p>En definitiva una una feria de referencia en nuestro pa\u00eds dentro del sector.<\/p>\n<p><strong><a href=\"http:\/\/www.portalferias.com\/iberflora-2013-valencia_17336.htm\" target=\"_blank\">Fuente<\/a>.<\/strong><\/p>\n<p><a href=\"http:\/\/iberflora.feriavalencia.com\/actividades\" target=\"_blank\"><strong>ACTIVIDADES PARALELAS.<\/strong><\/a><\/p>\n<p><a href=\"http:\/\/iberflora.feriavalencia.com\/\" target=\"_blank\"><strong>M\u00c1S INFORMACI\u00d3N.<\/strong><\/a><\/p>\n<p>&nbsp;<\/p>\n<p>&nbsp;<\/p>\n","protected":false},"excerpt":{"rendered":"<p>Iberflora 2013 Valencia, tendr\u00e1 lugar este a\u00f1o nuevamente en las instalaciones del recinto ferial de la Feria de Valencia, en donde celebrar\u00e1 su cuadrag\u00e9sima segunda edici\u00f3n, entre los pr\u00f3ximos d\u00edas 02 al 04 de octubre de 2013, siendo esta feria &hellip; <a href=\"https:\/\/www.ruralgia.com\/blog\/iberflora-2013\/\">Sigue leyendo <span class=\"meta-nav\">&rarr;<\/span><\/a><\/p>\n","protected":false},"author":1,"featured_media":1276,"comment_status":"open","ping_status":"open","sticky":false,"template":"","format":"standard","meta":{"footnotes":""},"categories":[69,92,12],"tags":[161,165,104,102,103],"class_list":["post-1275","post","type-post","status-publish","format-standard","has-post-thumbnail","hentry","category-eventos","category-ferias","category-propuestas","tag-eventos","tag-ferias","tag-flores-y-plantas","tag-medio-ambiente","tag-valencia"],"yoast_head":"<!-- This site is optimized with the Yoast SEO plugin v24.1 - https:\/\/yoast.com\/wordpress\/plugins\/seo\/ -->\n<title>IBERFLORA 2013  - Ruralgia Blog<\/title>\n<meta name=\"robots\" content=\"index, follow, max-snippet:-1, max-image-preview:large, max-video-preview:-1\" \/>\n<link rel=\"canonical\" href=\"https:\/\/www.ruralgia.com\/blog\/iberflora-2013\/\" \/>\n<meta property=\"og:locale\" content=\"es_ES\" \/>\n<meta property=\"og:type\" content=\"article\" \/>\n<meta property=\"og:title\" content=\"IBERFLORA 2013  - Ruralgia Blog\" \/>\n<meta property=\"og:description\" content=\"Iberflora 2013 Valencia, tendr\u00e1 lugar este a\u00f1o nuevamente en las instalaciones del recinto ferial de la Feria de Valencia, en donde celebrar\u00e1 su cuadrag\u00e9sima segunda edici\u00f3n, entre los pr\u00f3ximos d\u00edas 02 al 04 de octubre de 2013, siendo esta feria &hellip; Sigue leyendo &rarr;\" \/>\n<meta property=\"og:url\" content=\"https:\/\/www.ruralgia.com\/blog\/iberflora-2013\/\" \/>\n<meta property=\"og:site_name\" content=\"Ruralgia Blog\" \/>\n<meta property=\"article:published_time\" content=\"2013-09-24T10:33:50+00:00\" \/>\n<meta property=\"article:modified_time\" content=\"2013-09-24T10:33:53+00:00\" \/>\n<meta property=\"og:image\" content=\"https:\/\/www.ruralgia.com\/blog\/wp-content\/uploads\/2013\/09\/iberflora.jpg\" \/>\n\t<meta property=\"og:image:width\" content=\"585\" \/>\n\t<meta property=\"og:image:height\" content=\"190\" \/>\n\t<meta property=\"og:image:type\" content=\"image\/jpeg\" \/>\n<meta name=\"author\" content=\"admin\" \/>\n<meta name=\"twitter:card\" content=\"summary_large_image\" \/>\n<meta name=\"twitter:label1\" content=\"Escrito por\" \/>\n\t<meta name=\"twitter:data1\" content=\"admin\" \/>\n\t<meta name=\"twitter:label2\" content=\"Tiempo de lectura\" \/>\n\t<meta name=\"twitter:data2\" content=\"2 minutos\" \/>\n<script type=\"application\/ld+json\" class=\"yoast-schema-graph\">{\"@context\":\"https:\/\/schema.org\",\"@graph\":[{\"@type\":\"WebPage\",\"@id\":\"https:\/\/www.ruralgia.com\/blog\/iberflora-2013\/\",\"url\":\"https:\/\/www.ruralgia.com\/blog\/iberflora-2013\/\",\"name\":\"IBERFLORA 2013 - Ruralgia Blog\",\"isPartOf\":{\"@id\":\"https:\/\/www.ruralgia.com\/blog\/#website\"},\"primaryImageOfPage\":{\"@id\":\"https:\/\/www.ruralgia.com\/blog\/iberflora-2013\/#primaryimage\"},\"image\":{\"@id\":\"https:\/\/www.ruralgia.com\/blog\/iberflora-2013\/#primaryimage\"},\"thumbnailUrl\":\"https:\/\/www.ruralgia.com\/blog\/wp-content\/uploads\/2013\/09\/iberflora.jpg\",\"datePublished\":\"2013-09-24T10:33:50+00:00\",\"dateModified\":\"2013-09-24T10:33:53+00:00\",\"author\":{\"@id\":\"https:\/\/www.ruralgia.com\/blog\/#\/schema\/person\/f9d61dcaa454dc132c65467750b88c01\"},\"breadcrumb\":{\"@id\":\"https:\/\/www.ruralgia.com\/blog\/iberflora-2013\/#breadcrumb\"},\"inLanguage\":\"es\",\"potentialAction\":[{\"@type\":\"ReadAction\",\"target\":[\"https:\/\/www.ruralgia.com\/blog\/iberflora-2013\/\"]}]},{\"@type\":\"ImageObject\",\"inLanguage\":\"es\",\"@id\":\"https:\/\/www.ruralgia.com\/blog\/iberflora-2013\/#primaryimage\",\"url\":\"https:\/\/www.ruralgia.com\/blog\/wp-content\/uploads\/2013\/09\/iberflora.jpg\",\"contentUrl\":\"https:\/\/www.ruralgia.com\/blog\/wp-content\/uploads\/2013\/09\/iberflora.jpg\",\"width\":585,\"height\":190},{\"@type\":\"BreadcrumbList\",\"@id\":\"https:\/\/www.ruralgia.com\/blog\/iberflora-2013\/#breadcrumb\",\"itemListElement\":[{\"@type\":\"ListItem\",\"position\":1,\"name\":\"Portada\",\"item\":\"https:\/\/www.ruralgia.com\/blog\/\"},{\"@type\":\"ListItem\",\"position\":2,\"name\":\"IBERFLORA 2013\"}]},{\"@type\":\"WebSite\",\"@id\":\"https:\/\/www.ruralgia.com\/blog\/#website\",\"url\":\"https:\/\/www.ruralgia.com\/blog\/\",\"name\":\"Ruralgia Blog\",\"description\":\"El blog de viajes y turismo de Ruralgia\",\"potentialAction\":[{\"@type\":\"SearchAction\",\"target\":{\"@type\":\"EntryPoint\",\"urlTemplate\":\"https:\/\/www.ruralgia.com\/blog\/?s={search_term_string}\"},\"query-input\":{\"@type\":\"PropertyValueSpecification\",\"valueRequired\":true,\"valueName\":\"search_term_string\"}}],\"inLanguage\":\"es\"},{\"@type\":\"Person\",\"@id\":\"https:\/\/www.ruralgia.com\/blog\/#\/schema\/person\/f9d61dcaa454dc132c65467750b88c01\",\"name\":\"admin\",\"image\":{\"@type\":\"ImageObject\",\"inLanguage\":\"es\",\"@id\":\"https:\/\/www.ruralgia.com\/blog\/#\/schema\/person\/image\/\",\"url\":\"https:\/\/secure.gravatar.com\/avatar\/308988d44afa417cbdf20b1a60ad4489?s=96&d=mm&r=g\",\"contentUrl\":\"https:\/\/secure.gravatar.com\/avatar\/308988d44afa417cbdf20b1a60ad4489?s=96&d=mm&r=g\",\"caption\":\"admin\"},\"url\":\"https:\/\/www.ruralgia.com\/blog\/author\/admin\/\"}]}<\/script>\n<!-- \/ Yoast SEO plugin. -->","yoast_head_json":{"title":"IBERFLORA 2013  - Ruralgia Blog","robots":{"index":"index","follow":"follow","max-snippet":"max-snippet:-1","max-image-preview":"max-image-preview:large","max-video-preview":"max-video-preview:-1"},"canonical":"https:\/\/www.ruralgia.com\/blog\/iberflora-2013\/","og_locale":"es_ES","og_type":"article","og_title":"IBERFLORA 2013  - Ruralgia Blog","og_description":"Iberflora 2013 Valencia, tendr\u00e1 lugar este a\u00f1o nuevamente en las instalaciones del recinto ferial de la Feria de Valencia, en donde celebrar\u00e1 su cuadrag\u00e9sima segunda edici\u00f3n, entre los pr\u00f3ximos d\u00edas 02 al 04 de octubre de 2013, siendo esta feria &hellip; Sigue leyendo &rarr;","og_url":"https:\/\/www.ruralgia.com\/blog\/iberflora-2013\/","og_site_name":"Ruralgia Blog","article_published_time":"2013-09-24T10:33:50+00:00","article_modified_time":"2013-09-24T10:33:53+00:00","og_image":[{"width":585,"height":190,"url":"https:\/\/www.ruralgia.com\/blog\/wp-content\/uploads\/2013\/09\/iberflora.jpg","type":"image\/jpeg"}],"author":"admin","twitter_card":"summary_large_image","twitter_misc":{"Escrito por":"admin","Tiempo de lectura":"2 minutos"},"schema":{"@context":"https:\/\/schema.org","@graph":[{"@type":"WebPage","@id":"https:\/\/www.ruralgia.com\/blog\/iberflora-2013\/","url":"https:\/\/www.ruralgia.com\/blog\/iberflora-2013\/","name":"IBERFLORA 2013 - Ruralgia Blog","isPartOf":{"@id":"https:\/\/www.ruralgia.com\/blog\/#website"},"primaryImageOfPage":{"@id":"https:\/\/www.ruralgia.com\/blog\/iberflora-2013\/#primaryimage"},"image":{"@id":"https:\/\/www.ruralgia.com\/blog\/iberflora-2013\/#primaryimage"},"thumbnailUrl":"https:\/\/www.ruralgia.com\/blog\/wp-content\/uploads\/2013\/09\/iberflora.jpg","datePublished":"2013-09-24T10:33:50+00:00","dateModified":"2013-09-24T10:33:53+00:00","author":{"@id":"https:\/\/www.ruralgia.com\/blog\/#\/schema\/person\/f9d61dcaa454dc132c65467750b88c01"},"breadcrumb":{"@id":"https:\/\/www.ruralgia.com\/blog\/iberflora-2013\/#breadcrumb"},"inLanguage":"es","potentialAction":[{"@type":"ReadAction","target":["https:\/\/www.ruralgia.com\/blog\/iberflora-2013\/"]}]},{"@type":"ImageObject","inLanguage":"es","@id":"https:\/\/www.ruralgia.com\/blog\/iberflora-2013\/#primaryimage","url":"https:\/\/www.ruralgia.com\/blog\/wp-content\/uploads\/2013\/09\/iberflora.jpg","contentUrl":"https:\/\/www.ruralgia.com\/blog\/wp-content\/uploads\/2013\/09\/iberflora.jpg","width":585,"height":190},{"@type":"BreadcrumbList","@id":"https:\/\/www.ruralgia.com\/blog\/iberflora-2013\/#breadcrumb","itemListElement":[{"@type":"ListItem","position":1,"name":"Portada","item":"https:\/\/www.ruralgia.com\/blog\/"},{"@type":"ListItem","position":2,"name":"IBERFLORA 2013"}]},{"@type":"WebSite","@id":"https:\/\/www.ruralgia.com\/blog\/#website","url":"https:\/\/www.ruralgia.com\/blog\/","name":"Ruralgia Blog","description":"El blog de viajes y turismo de Ruralgia","potentialAction":[{"@type":"SearchAction","target":{"@type":"EntryPoint","urlTemplate":"https:\/\/www.ruralgia.com\/blog\/?s={search_term_string}"},"query-input":{"@type":"PropertyValueSpecification","valueRequired":true,"valueName":"search_term_string"}}],"inLanguage":"es"},{"@type":"Person","@id":"https:\/\/www.ruralgia.com\/blog\/#\/schema\/person\/f9d61dcaa454dc132c65467750b88c01","name":"admin","image":{"@type":"ImageObject","inLanguage":"es","@id":"https:\/\/www.ruralgia.com\/blog\/#\/schema\/person\/image\/","url":"https:\/\/secure.gravatar.com\/avatar\/308988d44afa417cbdf20b1a60ad4489?s=96&d=mm&r=g","contentUrl":"https:\/\/secure.gravatar.com\/avatar\/308988d44afa417cbdf20b1a60ad4489?s=96&d=mm&r=g","caption":"admin"},"url":"https:\/\/www.ruralgia.com\/blog\/author\/admin\/"}]}},"amp_enabled":true,"_links":{"self":[{"href":"https:\/\/www.ruralgia.com\/blog\/wp-json\/wp\/v2\/posts\/1275","targetHints":{"allow":["GET"]}}],"collection":[{"href":"https:\/\/www.ruralgia.com\/blog\/wp-json\/wp\/v2\/posts"}],"about":[{"href":"https:\/\/www.ruralgia.com\/blog\/wp-json\/wp\/v2\/types\/post"}],"author":[{"embeddable":true,"href":"https:\/\/www.ruralgia.com\/blog\/wp-json\/wp\/v2\/users\/1"}],"replies":[{"embeddable":true,"href":"https:\/\/www.ruralgia.com\/blog\/wp-json\/wp\/v2\/comments?post=1275"}],"version-history":[{"count":9,"href":"https:\/\/www.ruralgia.com\/blog\/wp-json\/wp\/v2\/posts\/1275\/revisions"}],"predecessor-version":[{"id":1286,"href":"https:\/\/www.ruralgia.com\/blog\/wp-json\/wp\/v2\/posts\/1275\/revisions\/1286"}],"wp:featuredmedia":[{"embeddable":true,"href":"https:\/\/www.ruralgia.com\/blog\/wp-json\/wp\/v2\/media\/1276"}],"wp:attachment":[{"href":"https:\/\/www.ruralgia.com\/blog\/wp-json\/wp\/v2\/media?parent=1275"}],"wp:term":[{"taxonomy":"category","embeddable":true,"href":"https:\/\/www.ruralgia.com\/blog\/wp-json\/wp\/v2\/categories?post=1275"},{"taxonomy":"post_tag","embeddable":true,"href":"https:\/\/www.ruralgia.com\/blog\/wp-json\/wp\/v2\/tags?post=1275"}],"curies":[{"name":"wp","href":"https:\/\/api.w.org\/{rel}","templated":true}]}}