{"id":1287,"date":"2013-09-27T10:48:32","date_gmt":"2013-09-27T10:48:32","guid":{"rendered":"https:\/\/www.ruralgia.com\/blog\/?p=1287"},"modified":"2013-09-27T10:48:35","modified_gmt":"2013-09-27T10:48:35","slug":"fira-diymania-en-sabadell-2013","status":"publish","type":"post","link":"https:\/\/www.ruralgia.com\/blog\/fira-diymania-en-sabadell-2013\/","title":{"rendered":"Fira DIYmania en Sabadell 2013"},"content":{"rendered":"<p><strong>Primera feria Do it yourself Fira DIY Mania<\/strong>, que se celebrar\u00e1 en <strong>Sabadell<\/strong> los d\u00edas <strong>11, 12 y 13 de octubre<\/strong>.<\/p>\n<p><a href=\"https:\/\/www.ruralgia.com\/blog\/fira-diymania-en-sabadell-2013\/captura2\/\" target=\"_blank\" rel=\"attachment wp-att-1288\"><img loading=\"lazy\" decoding=\"async\" class=\"size-medium wp-image-1288 alignright\" style=\"border: 2px solid black; margin: 5px;\" alt=\"Captura2\" src=\"https:\/\/www.ruralgia.com\/blog\/wp-content\/uploads\/2013\/09\/Captura2-225x300.jpg\" width=\"225\" height=\"300\" srcset=\"https:\/\/www.ruralgia.com\/blog\/wp-content\/uploads\/2013\/09\/Captura2-225x300.jpg 225w, https:\/\/www.ruralgia.com\/blog\/wp-content\/uploads\/2013\/09\/Captura2.jpg 361w\" sizes=\"auto, (max-width: 225px) 100vw, 225px\" \/><\/a><\/p>\n<p>Feria inspirada en la filosif\u00eda del \u201cDo It Yourself\u201d (hecho por uno mismo) que pretende obtener satisfacci\u00f3n personal al hacer alguna cosa por uno mismo. Este movimiento se ha extendido a cualquier arte creativa, y dentro de la feria se podran encontrar diferentes \u00e1reas creativas para hacerse uno mismo: moda, complementos, decoraci\u00f3n, bricolage, todo tipo de manualidades y cocina creativa.<\/p>\n<p>En el \u00e1rea de expositores podr\u00e1s encontrar, tejidos, lanas, trapillo, patchwork, scrapbooking, decopatch, restauraci\u00f3n de muebles, cupcakes, cake design, y mucho m\u00e1s\u2026.<\/p>\n<p>Tambi\u00e9n se podr\u00e1n realizar talleres para aprender las t\u00e9cnicas m\u00e1s nuevas para la realizaci\u00f3n de tus trabajos.<\/p>\n<p><a href=\"http:\/\/www.diymania.eu\/Castellano.html\" target=\"_blank\"><strong>ACTIVIDADES<\/strong><\/a><\/p>\n<p><strong>Show-cooking \u00a0COCINA R\u00c1PIDA CON LEKUE<\/strong><\/p>\n<p>Recetas f\u00e1ciles de preparar gracias a utensilios de silicona para cocina de Lekue.<\/p>\n<p>Sorteo de un lote de productos Lekue entre todos los asistentes.<\/p>\n<p>D\u00eda: S\u00e1bado 12\/10\/2013<\/p>\n<p>Horario: 11:00-12:30 h<\/p>\n<p>Lugar: Auditorio<\/p>\n<p>Entrada gratuita para los visitantes de la feria.<\/p>\n<p>Actividad patrocinada por: Cook &amp; Basics (Sabadell)<\/p>\n<p><script type=\"text\/javascript\" src=\"https:\/\/www.ruralgia.com\/caja_cerca.php?metodo=municipio&amp;ancho=250&amp;elementos=4&amp;size=90&amp;estilo=eggplant&amp;float=left&amp;kms=20&amp;aleatorio=true&amp;municipio=Sabadell (Barcelona)\"><\/script><\/p>\n<p><strong>Show-cooking\u00a0 COCINA SIN FOGONES<\/strong><\/p>\n<p>Merc\u00e9 Passola, autora del libro \u201cCocina cruda creativa\u201d realizar\u00e1 un taller de cocina sin fogones. Una nutritiva forma de comer que consigue exquisitos sabores, aromas y texturas.<\/p>\n<p>D\u00eda: S\u00e1bado 12\/10\/2013<\/p>\n<p>Horario: 12:30-14:00 h<\/p>\n<p>Lugar: Auditorio<\/p>\n<p>Entrada gratuita para todos los visitantes de la feria.<\/p>\n<p>Actividad patrocinada por: Cook &amp; Basics (Sabadell)<\/p>\n<p><strong>Show-cooking COCINA MACROBI\u00d3TICA<\/strong><\/p>\n<p>Show-cooking de cocina macrobi\u00f3tica con recetas f\u00e1ciles para preparar en casa y orientaciones para llevar una dieta sana.<\/p>\n<p>D\u00eda: S\u00e1bado 12\/10\/2013<\/p>\n<p>Horario: 16:30-18:00 h<\/p>\n<p>Lugar: Auditorio<\/p>\n<p>Entrada gratuita para todos los visitantes de la feria.<\/p>\n<p>Actividad patrocinada por: Cook &amp; Basics (Sabadell)<\/p>\n<p><strong>Presentaci\u00f3n del nuevo libro de IVANA MUNTAN \u2013 CUPCAKES A DIARIO<\/strong><\/p>\n<p>Ivana Munt\u00e1n presentar\u00e1 su nuevo libro que sale a la venta el 25 de septiembre \u201cCupcakes a diario\u201d.\u00a0 Venta y firma de libros.<\/p>\n<p>D\u00eda: S\u00e1bado 12\/10\/2013<\/p>\n<p>Horario: 18:00-19:00 h<\/p>\n<p>Lugar: Auditorio<\/p>\n<p>Entrada gratuita para todos los visitantes de la feria.<\/p>\n<p><strong>Show-cooking\u00a0 INTRODUCCI\u00d3N A LA PASTELER\u00cdA CREATIVA<\/strong><\/p>\n<p>Anna Prieto, cakemaster de Eat Me Alice, har\u00e1 un show-cooking\u00a0 dirigido a las personas que quieran iniciarse en la pasteler\u00eda creativa. Ense\u00f1ar\u00e1 a elaborar cookies i hacer decoraciones f\u00e1ciles. Sorteo de un vale para la asistencia a un Taller de pasteles de Cook &amp; Basics entre los asistentes.<\/p>\n<p>D\u00eda: S\u00e1bado 12\/10\/2013<\/p>\n<p>Horario: 19:00-20:30 h<\/p>\n<p>Lugar: Auditorio<\/p>\n<p>Entrada gratuita para todos los visitantes de la feria.<\/p>\n<p>Actividad patrocinada por: Cook &amp; Basics (Sabadell)<\/p>\n<p><strong>Demostraci\u00f3n y taller de Bollywood<\/strong><\/p>\n<p>El centro Asana de Sabadell realizar\u00e1 una demostraci\u00f3n y taller abierto a todo el p\u00fablico asistente a la feria de Bollywood.<\/p>\n<p>D\u00eda: Domingo 13\/10\/2013<\/p>\n<p>Horario: 12:00-13:00 h<\/p>\n<p>Lugar: Pasarela<\/p>\n<p>Entrada gratuita para todos los visitantes de la feria.<\/p>\n<p>Actividad patrocinada por: Centro Asana (Sabadell)<\/p>\n<p><a href=\"http:\/\/www.diymania.eu\/Castellano.html\" target=\"_blank\"><strong>FUENTE<\/strong><\/a><\/p>\n<p>&nbsp;<\/p>\n","protected":false},"excerpt":{"rendered":"<p>Primera feria Do it yourself Fira DIY Mania, que se celebrar\u00e1 en Sabadell los d\u00edas 11, 12 y 13 de octubre. Feria inspirada en la filosif\u00eda del \u201cDo It Yourself\u201d (hecho por uno mismo) que pretende obtener satisfacci\u00f3n personal al &hellip; <a href=\"https:\/\/www.ruralgia.com\/blog\/fira-diymania-en-sabadell-2013\/\">Sigue leyendo <span class=\"meta-nav\">&rarr;<\/span><\/a><\/p>\n","protected":false},"author":1,"featured_media":1288,"comment_status":"open","ping_status":"open","sticky":false,"template":"","format":"standard","meta":{"footnotes":""},"categories":[92,91,11],"tags":[21,165,39],"class_list":["post-1287","post","type-post","status-publish","format-standard","has-post-thumbnail","hentry","category-ferias","category-propuestas-eventos","category-trucos","tag-artesania","tag-ferias","tag-gastronomia"],"yoast_head":"<!-- This site is optimized with the Yoast SEO plugin v24.1 - https:\/\/yoast.com\/wordpress\/plugins\/seo\/ -->\n<title>Fira DIYmania en Sabadell 2013 - Ruralgia Blog<\/title>\n<meta name=\"robots\" content=\"index, follow, max-snippet:-1, max-image-preview:large, max-video-preview:-1\" \/>\n<link rel=\"canonical\" href=\"https:\/\/www.ruralgia.com\/blog\/fira-diymania-en-sabadell-2013\/\" \/>\n<meta property=\"og:locale\" content=\"es_ES\" \/>\n<meta property=\"og:type\" content=\"article\" \/>\n<meta property=\"og:title\" content=\"Fira DIYmania en Sabadell 2013 - Ruralgia Blog\" \/>\n<meta property=\"og:description\" content=\"Primera feria Do it yourself Fira DIY Mania, que se celebrar\u00e1 en Sabadell los d\u00edas 11, 12 y 13 de octubre. Feria inspirada en la filosif\u00eda del \u201cDo It Yourself\u201d (hecho por uno mismo) que pretende obtener satisfacci\u00f3n personal al &hellip; Sigue leyendo &rarr;\" \/>\n<meta property=\"og:url\" content=\"https:\/\/www.ruralgia.com\/blog\/fira-diymania-en-sabadell-2013\/\" \/>\n<meta property=\"og:site_name\" content=\"Ruralgia Blog\" \/>\n<meta property=\"article:published_time\" content=\"2013-09-27T10:48:32+00:00\" \/>\n<meta property=\"article:modified_time\" content=\"2013-09-27T10:48:35+00:00\" \/>\n<meta property=\"og:image\" content=\"https:\/\/www.ruralgia.com\/blog\/wp-content\/uploads\/2013\/09\/Captura2.jpg\" \/>\n\t<meta property=\"og:image:width\" content=\"361\" \/>\n\t<meta property=\"og:image:height\" content=\"481\" \/>\n\t<meta property=\"og:image:type\" content=\"image\/jpeg\" \/>\n<meta name=\"author\" content=\"admin\" \/>\n<meta name=\"twitter:card\" content=\"summary_large_image\" \/>\n<meta name=\"twitter:label1\" content=\"Escrito por\" \/>\n\t<meta name=\"twitter:data1\" content=\"admin\" \/>\n\t<meta name=\"twitter:label2\" content=\"Tiempo de lectura\" \/>\n\t<meta name=\"twitter:data2\" content=\"2 minutos\" \/>\n<script type=\"application\/ld+json\" class=\"yoast-schema-graph\">{\"@context\":\"https:\/\/schema.org\",\"@graph\":[{\"@type\":\"WebPage\",\"@id\":\"https:\/\/www.ruralgia.com\/blog\/fira-diymania-en-sabadell-2013\/\",\"url\":\"https:\/\/www.ruralgia.com\/blog\/fira-diymania-en-sabadell-2013\/\",\"name\":\"Fira DIYmania en Sabadell 2013 - Ruralgia Blog\",\"isPartOf\":{\"@id\":\"https:\/\/www.ruralgia.com\/blog\/#website\"},\"primaryImageOfPage\":{\"@id\":\"https:\/\/www.ruralgia.com\/blog\/fira-diymania-en-sabadell-2013\/#primaryimage\"},\"image\":{\"@id\":\"https:\/\/www.ruralgia.com\/blog\/fira-diymania-en-sabadell-2013\/#primaryimage\"},\"thumbnailUrl\":\"https:\/\/www.ruralgia.com\/blog\/wp-content\/uploads\/2013\/09\/Captura2.jpg\",\"datePublished\":\"2013-09-27T10:48:32+00:00\",\"dateModified\":\"2013-09-27T10:48:35+00:00\",\"author\":{\"@id\":\"https:\/\/www.ruralgia.com\/blog\/#\/schema\/person\/f9d61dcaa454dc132c65467750b88c01\"},\"breadcrumb\":{\"@id\":\"https:\/\/www.ruralgia.com\/blog\/fira-diymania-en-sabadell-2013\/#breadcrumb\"},\"inLanguage\":\"es\",\"potentialAction\":[{\"@type\":\"ReadAction\",\"target\":[\"https:\/\/www.ruralgia.com\/blog\/fira-diymania-en-sabadell-2013\/\"]}]},{\"@type\":\"ImageObject\",\"inLanguage\":\"es\",\"@id\":\"https:\/\/www.ruralgia.com\/blog\/fira-diymania-en-sabadell-2013\/#primaryimage\",\"url\":\"https:\/\/www.ruralgia.com\/blog\/wp-content\/uploads\/2013\/09\/Captura2.jpg\",\"contentUrl\":\"https:\/\/www.ruralgia.com\/blog\/wp-content\/uploads\/2013\/09\/Captura2.jpg\",\"width\":361,\"height\":481},{\"@type\":\"BreadcrumbList\",\"@id\":\"https:\/\/www.ruralgia.com\/blog\/fira-diymania-en-sabadell-2013\/#breadcrumb\",\"itemListElement\":[{\"@type\":\"ListItem\",\"position\":1,\"name\":\"Portada\",\"item\":\"https:\/\/www.ruralgia.com\/blog\/\"},{\"@type\":\"ListItem\",\"position\":2,\"name\":\"Fira DIYmania en Sabadell 2013\"}]},{\"@type\":\"WebSite\",\"@id\":\"https:\/\/www.ruralgia.com\/blog\/#website\",\"url\":\"https:\/\/www.ruralgia.com\/blog\/\",\"name\":\"Ruralgia Blog\",\"description\":\"El blog de viajes y turismo de Ruralgia\",\"potentialAction\":[{\"@type\":\"SearchAction\",\"target\":{\"@type\":\"EntryPoint\",\"urlTemplate\":\"https:\/\/www.ruralgia.com\/blog\/?s={search_term_string}\"},\"query-input\":{\"@type\":\"PropertyValueSpecification\",\"valueRequired\":true,\"valueName\":\"search_term_string\"}}],\"inLanguage\":\"es\"},{\"@type\":\"Person\",\"@id\":\"https:\/\/www.ruralgia.com\/blog\/#\/schema\/person\/f9d61dcaa454dc132c65467750b88c01\",\"name\":\"admin\",\"image\":{\"@type\":\"ImageObject\",\"inLanguage\":\"es\",\"@id\":\"https:\/\/www.ruralgia.com\/blog\/#\/schema\/person\/image\/\",\"url\":\"https:\/\/secure.gravatar.com\/avatar\/308988d44afa417cbdf20b1a60ad4489?s=96&d=mm&r=g\",\"contentUrl\":\"https:\/\/secure.gravatar.com\/avatar\/308988d44afa417cbdf20b1a60ad4489?s=96&d=mm&r=g\",\"caption\":\"admin\"},\"url\":\"https:\/\/www.ruralgia.com\/blog\/author\/admin\/\"}]}<\/script>\n<!-- \/ Yoast SEO plugin. -->","yoast_head_json":{"title":"Fira DIYmania en Sabadell 2013 - Ruralgia Blog","robots":{"index":"index","follow":"follow","max-snippet":"max-snippet:-1","max-image-preview":"max-image-preview:large","max-video-preview":"max-video-preview:-1"},"canonical":"https:\/\/www.ruralgia.com\/blog\/fira-diymania-en-sabadell-2013\/","og_locale":"es_ES","og_type":"article","og_title":"Fira DIYmania en Sabadell 2013 - Ruralgia Blog","og_description":"Primera feria Do it yourself Fira DIY Mania, que se celebrar\u00e1 en Sabadell los d\u00edas 11, 12 y 13 de octubre. Feria inspirada en la filosif\u00eda del \u201cDo It Yourself\u201d (hecho por uno mismo) que pretende obtener satisfacci\u00f3n personal al &hellip; Sigue leyendo &rarr;","og_url":"https:\/\/www.ruralgia.com\/blog\/fira-diymania-en-sabadell-2013\/","og_site_name":"Ruralgia Blog","article_published_time":"2013-09-27T10:48:32+00:00","article_modified_time":"2013-09-27T10:48:35+00:00","og_image":[{"width":361,"height":481,"url":"https:\/\/www.ruralgia.com\/blog\/wp-content\/uploads\/2013\/09\/Captura2.jpg","type":"image\/jpeg"}],"author":"admin","twitter_card":"summary_large_image","twitter_misc":{"Escrito por":"admin","Tiempo de lectura":"2 minutos"},"schema":{"@context":"https:\/\/schema.org","@graph":[{"@type":"WebPage","@id":"https:\/\/www.ruralgia.com\/blog\/fira-diymania-en-sabadell-2013\/","url":"https:\/\/www.ruralgia.com\/blog\/fira-diymania-en-sabadell-2013\/","name":"Fira DIYmania en Sabadell 2013 - Ruralgia Blog","isPartOf":{"@id":"https:\/\/www.ruralgia.com\/blog\/#website"},"primaryImageOfPage":{"@id":"https:\/\/www.ruralgia.com\/blog\/fira-diymania-en-sabadell-2013\/#primaryimage"},"image":{"@id":"https:\/\/www.ruralgia.com\/blog\/fira-diymania-en-sabadell-2013\/#primaryimage"},"thumbnailUrl":"https:\/\/www.ruralgia.com\/blog\/wp-content\/uploads\/2013\/09\/Captura2.jpg","datePublished":"2013-09-27T10:48:32+00:00","dateModified":"2013-09-27T10:48:35+00:00","author":{"@id":"https:\/\/www.ruralgia.com\/blog\/#\/schema\/person\/f9d61dcaa454dc132c65467750b88c01"},"breadcrumb":{"@id":"https:\/\/www.ruralgia.com\/blog\/fira-diymania-en-sabadell-2013\/#breadcrumb"},"inLanguage":"es","potentialAction":[{"@type":"ReadAction","target":["https:\/\/www.ruralgia.com\/blog\/fira-diymania-en-sabadell-2013\/"]}]},{"@type":"ImageObject","inLanguage":"es","@id":"https:\/\/www.ruralgia.com\/blog\/fira-diymania-en-sabadell-2013\/#primaryimage","url":"https:\/\/www.ruralgia.com\/blog\/wp-content\/uploads\/2013\/09\/Captura2.jpg","contentUrl":"https:\/\/www.ruralgia.com\/blog\/wp-content\/uploads\/2013\/09\/Captura2.jpg","width":361,"height":481},{"@type":"BreadcrumbList","@id":"https:\/\/www.ruralgia.com\/blog\/fira-diymania-en-sabadell-2013\/#breadcrumb","itemListElement":[{"@type":"ListItem","position":1,"name":"Portada","item":"https:\/\/www.ruralgia.com\/blog\/"},{"@type":"ListItem","position":2,"name":"Fira DIYmania en Sabadell 2013"}]},{"@type":"WebSite","@id":"https:\/\/www.ruralgia.com\/blog\/#website","url":"https:\/\/www.ruralgia.com\/blog\/","name":"Ruralgia Blog","description":"El blog de viajes y turismo de Ruralgia","potentialAction":[{"@type":"SearchAction","target":{"@type":"EntryPoint","urlTemplate":"https:\/\/www.ruralgia.com\/blog\/?s={search_term_string}"},"query-input":{"@type":"PropertyValueSpecification","valueRequired":true,"valueName":"search_term_string"}}],"inLanguage":"es"},{"@type":"Person","@id":"https:\/\/www.ruralgia.com\/blog\/#\/schema\/person\/f9d61dcaa454dc132c65467750b88c01","name":"admin","image":{"@type":"ImageObject","inLanguage":"es","@id":"https:\/\/www.ruralgia.com\/blog\/#\/schema\/person\/image\/","url":"https:\/\/secure.gravatar.com\/avatar\/308988d44afa417cbdf20b1a60ad4489?s=96&d=mm&r=g","contentUrl":"https:\/\/secure.gravatar.com\/avatar\/308988d44afa417cbdf20b1a60ad4489?s=96&d=mm&r=g","caption":"admin"},"url":"https:\/\/www.ruralgia.com\/blog\/author\/admin\/"}]}},"amp_enabled":true,"_links":{"self":[{"href":"https:\/\/www.ruralgia.com\/blog\/wp-json\/wp\/v2\/posts\/1287","targetHints":{"allow":["GET"]}}],"collection":[{"href":"https:\/\/www.ruralgia.com\/blog\/wp-json\/wp\/v2\/posts"}],"about":[{"href":"https:\/\/www.ruralgia.com\/blog\/wp-json\/wp\/v2\/types\/post"}],"author":[{"embeddable":true,"href":"https:\/\/www.ruralgia.com\/blog\/wp-json\/wp\/v2\/users\/1"}],"replies":[{"embeddable":true,"href":"https:\/\/www.ruralgia.com\/blog\/wp-json\/wp\/v2\/comments?post=1287"}],"version-history":[{"count":12,"href":"https:\/\/www.ruralgia.com\/blog\/wp-json\/wp\/v2\/posts\/1287\/revisions"}],"predecessor-version":[{"id":1300,"href":"https:\/\/www.ruralgia.com\/blog\/wp-json\/wp\/v2\/posts\/1287\/revisions\/1300"}],"wp:featuredmedia":[{"embeddable":true,"href":"https:\/\/www.ruralgia.com\/blog\/wp-json\/wp\/v2\/media\/1288"}],"wp:attachment":[{"href":"https:\/\/www.ruralgia.com\/blog\/wp-json\/wp\/v2\/media?parent=1287"}],"wp:term":[{"taxonomy":"category","embeddable":true,"href":"https:\/\/www.ruralgia.com\/blog\/wp-json\/wp\/v2\/categories?post=1287"},{"taxonomy":"post_tag","embeddable":true,"href":"https:\/\/www.ruralgia.com\/blog\/wp-json\/wp\/v2\/tags?post=1287"}],"curies":[{"name":"wp","href":"https:\/\/api.w.org\/{rel}","templated":true}]}}