{"id":1318,"date":"2013-09-29T12:28:01","date_gmt":"2013-09-29T12:28:01","guid":{"rendered":"https:\/\/www.ruralgia.com\/blog\/?p=1318"},"modified":"2013-09-29T12:28:01","modified_gmt":"2013-09-29T12:28:01","slug":"seminci-2013","status":"publish","type":"post","link":"https:\/\/www.ruralgia.com\/blog\/seminci-2013\/","title":{"rendered":"SEMINCI 2013"},"content":{"rendered":"<p><strong>58\u00aa edici\u00f3n de la \u201cSemana Internacional de Cine de Valladolid\u201d del 19 al 26 de octubre de 2013<\/strong><\/p>\n<p><a href=\"https:\/\/www.ruralgia.com\/blog\/wp-content\/uploads\/2013\/09\/Seminci_2013.jpg\" rel=\"lightbox[1318]\"><img loading=\"lazy\" decoding=\"async\" class=\"size-medium wp-image-1319 alignright\" style=\"border: 2px solid black; margin: 5px;\" alt=\"Seminci_2013\" src=\"https:\/\/www.ruralgia.com\/blog\/wp-content\/uploads\/2013\/09\/Seminci_2013-214x300.jpg\" width=\"214\" height=\"300\" srcset=\"https:\/\/www.ruralgia.com\/blog\/wp-content\/uploads\/2013\/09\/Seminci_2013-214x300.jpg 214w, https:\/\/www.ruralgia.com\/blog\/wp-content\/uploads\/2013\/09\/Seminci_2013-730x1024.jpg 730w, https:\/\/www.ruralgia.com\/blog\/wp-content\/uploads\/2013\/09\/Seminci_2013.jpg 856w\" sizes=\"auto, (max-width: 214px) 100vw, 214px\" \/><\/a><\/p>\n<div id=\"stcpDiv\">\n<div>Dedicar\u00e1 un ciclo al director estadounidense Paul Schrader, que llevar\u00e1 el t\u00edtulo <strong>Paul Schrader, director<\/strong>,\u00a0 con la proyecci\u00f3n de diez t\u00edtulos de su filmograf\u00eda.\u00a0 El cr\u00edtico cinematogr\u00e1fico y ensayista recibir\u00e1 el s\u00e1bado 19 de octubre (2013) en Valladolid, durante la gala de inauguraci\u00f3n, una Espiga de Honor del festival.<\/div>\n<div><\/div>\n<div>El segundo ciclo programado para esta edici\u00f3n ser\u00e1 <strong>Cine marroqu\u00ed del siglo XXI<\/strong>, que estar\u00e1 compuesto por 17 largometrajes de ficci\u00f3n, 3 documentales y 6 cortometrajes, realizados todos ellos desde comienzos de este siglo por los directores m\u00e1s reconocidos de Marruecos. El autor de la imagen del cartel es Iv\u00e1n San Mart\u00edn, director creativo de la joven agencia de publicidad, Miss Taggart.<\/div>\n<p><a href=\"http:\/\/www.seminci.es\/presentaciondeldirector.php\" target=\"_blank\"><strong>Presentaci\u00f3n Seminci 2013<\/strong><\/a><\/p>\n<p>La progamaci\u00f3n estar\u00e1 disponible a partir del 5 de Octubre <a href=\"http:\/\/www.seminci.es\/programacion.php#\" target=\"_blank\">aqu\u00ed<\/a>.<\/p>\n<p><a href=\"https:\/\/www.ruralgia.com\/blog\/wp-content\/uploads\/2013\/09\/CINE_MARROQUI2.jpg\" rel=\"lightbox[1318]\"><img loading=\"lazy\" decoding=\"async\" class=\"size-medium wp-image-1320 alignleft\" style=\"border: 2px solid black; margin: 5px;\" alt=\"CINE_MARROQUI2\" src=\"https:\/\/www.ruralgia.com\/blog\/wp-content\/uploads\/2013\/09\/CINE_MARROQUI2-214x300.jpg\" width=\"214\" height=\"300\" srcset=\"https:\/\/www.ruralgia.com\/blog\/wp-content\/uploads\/2013\/09\/CINE_MARROQUI2-214x300.jpg 214w, https:\/\/www.ruralgia.com\/blog\/wp-content\/uploads\/2013\/09\/CINE_MARROQUI2.jpg 286w\" sizes=\"auto, (max-width: 214px) 100vw, 214px\" \/><\/a><\/p>\n<\/div>\n<div>\n<p>&nbsp;<\/p>\n<p>&nbsp;<\/p>\n<p>&nbsp;<\/p>\n<h3>Historia del festival<\/h3>\n<p>La espiga y otros premios<\/p>\n<p>La espiga es el trofeo por el que compiten las cintas que participan en la Secci\u00f3n Oficial, dotado con un premio de 60.000 \u20ac para los largometrajes y 6.000 \u20ac para los cortometrajes. Un premio ya cl\u00e1sico que han recibido algunos de los m\u00e1s importantes realizadores de las \u00faltimas d\u00e9cadas, cuya entrega tiene lugar en la gala de clausura que se celebra en el Teatro Calder\u00f3n.<\/p>\n<p>De oro o de plata, la Espiga de Oro se erige como principal galard\u00f3n de la Seminci tras la desaparici\u00f3n del antiguo L\u00e1baro y, antes a\u00fan, del originario Dom Bosco.<\/p>\n<p>Cuando en 1956 dio comienzo la Seminci, conocida entonces como Semana de Cine Religioso, el festival no se concibi\u00f3 como una competici\u00f3n, por lo que en esa primera edici\u00f3n y\u00a0 la siguiente no se otorg\u00f3 ning\u00fan premio.<\/p>\n<p>No fue hasta la tercera edici\u00f3n del festival, en 1958, cuando apareci\u00f3 el &#8216;Dom Bosco&#8217;, de oro para la pel\u00edcula ganadora y de plata para la finalista, junto al reconocimiento de &#8216;Menci\u00f3n Especial&#8217;.<\/p>\n<p>Su existencia, sin embargo, fue muy corta. Un a\u00f1o despu\u00e9s, el Don Bosco dio paso al L\u00e1baro y el premio de &#8216;Menci\u00f3n Especial&#8217; desapareci\u00f3 y fue sustituido por el &#8216;Premio Ciudad de Valladolid&#8217;. En su primer a\u00f1o de vida, el L\u00e1baro de Oro recaer\u00eda en The Prisoner, de Peter Glenville, en la categor\u00eda de largometrajes, y en Die Weltenuhr, producci\u00f3n de la Alemania federal, en la de cortometrajes.<\/p>\n<p><script type=\"text\/javascript\" src=\"https:\/\/www.ruralgia.com\/caja_cerca.php?metodo=municipio&amp;ancho=250&amp;elementos=4&amp;size=90&amp;estilo=blitzer&amp;float=right&amp;kms=20&amp;aleatorio=true&amp;municipio=Valladolid (Valladolid)\"><\/script><\/p>\n<p>Tan s\u00f3lo un a\u00f1o despu\u00e9s, en 1960, un nuevo galard\u00f3n tomaba forma. Surg\u00eda as\u00ed la Espiga, que a\u00f1os despu\u00e9s se convertir\u00eda en el principal reconocimiento del festival pero que, hasta entonces, compartir\u00eda papel con el L\u00e1baro, el &#8216;Premio Ciudad de Valladolid&#8217; y las &#8216;Menciones Especiales&#8217;. A lo largo de las siguientes ediciones el festival mantuvo estos premios, a los que se uni\u00f3, en 1961, el Premio San Gregorio.<\/p>\n<p>En 1974, en la decimonovena edici\u00f3n del festival, desaparece finalmente el L\u00e1baro. A partir de este momento, la Espiga pasa a convertirse en el galard\u00f3n principal del certamen.<\/p>\n<p>Hubo que esperar a 1979 para ver los primeros galardones de Mejor Actriz (Jirina Sejbalov\u00e1, por &#8216;Solo pro starcu damu&#8217;) y Mejor Actor (Stanislav Liubchin, por &#8216;Piat vetcherov&#8217;). Cinco a\u00f1os despu\u00e9s, durante la vigesimonovena edici\u00f3n del festival, Piotr Todorovski obtiene el premio al Mejor Gui\u00f3n, por su trabajo en &#8216;Voienno-polevoi Roman&#8217;.<\/p>\n<p>Al a\u00f1o siguiente, &#8216;Mrs. Soffel&#8217;, de Gilliam Armstrong, se convierte en el primer film en obtener el \u201cPremio Fran\u00e7ois Truffaut\u201d<\/p>\n<p>La historia del festival avanzar\u00eda pareja a la aparici\u00f3n de nuevos premios, como el de Mejor Primera Pel\u00edcula, en 1989, el Premio del Jurado, en 1991 y el Premio al Mejor Nuevo Director, en 1992. Esta constante sigue viva hoy d\u00eda, con el nacimiento de un nuevo galard\u00f3n: el &#8216;Premio a la Diversidad Cultural&#8217;.<\/p>\n<p><a href=\"http:\/\/www.seminci.es\/indexweb.php\" target=\"_blank\">\u00a0Fuente.<\/a><\/p>\n<p>&nbsp;<\/p>\n<\/div>\n<div><\/div>\n<div><\/div>\n<p>&nbsp;<\/p>\n","protected":false},"excerpt":{"rendered":"<p>58\u00aa edici\u00f3n de la \u201cSemana Internacional de Cine de Valladolid\u201d del 19 al 26 de octubre de 2013 Dedicar\u00e1 un ciclo al director estadounidense Paul Schrader, que llevar\u00e1 el t\u00edtulo Paul Schrader, director,\u00a0 con la proyecci\u00f3n de diez t\u00edtulos de &hellip; <a href=\"https:\/\/www.ruralgia.com\/blog\/seminci-2013\/\">Sigue leyendo <span class=\"meta-nav\">&rarr;<\/span><\/a><\/p>\n","protected":false},"author":1,"featured_media":1320,"comment_status":"open","ping_status":"open","sticky":false,"template":"","format":"standard","meta":{"footnotes":""},"categories":[97,91,101],"tags":[166,158,161,156],"class_list":["post-1318","post","type-post","status-publish","format-standard","has-post-thumbnail","hentry","category-cine","category-propuestas-eventos","category-turismo","tag-cine","tag-cultura","tag-eventos","tag-festival"],"yoast_head":"<!-- This site is optimized with the Yoast SEO plugin v24.1 - https:\/\/yoast.com\/wordpress\/plugins\/seo\/ -->\n<title>SEMINCI 2013 - Ruralgia Blog<\/title>\n<meta name=\"robots\" content=\"index, follow, max-snippet:-1, max-image-preview:large, max-video-preview:-1\" \/>\n<link rel=\"canonical\" href=\"https:\/\/www.ruralgia.com\/blog\/seminci-2013\/\" \/>\n<meta property=\"og:locale\" content=\"es_ES\" \/>\n<meta property=\"og:type\" content=\"article\" \/>\n<meta property=\"og:title\" content=\"SEMINCI 2013 - Ruralgia Blog\" \/>\n<meta property=\"og:description\" content=\"58\u00aa edici\u00f3n de la \u201cSemana Internacional de Cine de Valladolid\u201d del 19 al 26 de octubre de 2013 Dedicar\u00e1 un ciclo al director estadounidense Paul Schrader, que llevar\u00e1 el t\u00edtulo Paul Schrader, director,\u00a0 con la proyecci\u00f3n de diez t\u00edtulos de &hellip; Sigue leyendo &rarr;\" \/>\n<meta property=\"og:url\" content=\"https:\/\/www.ruralgia.com\/blog\/seminci-2013\/\" \/>\n<meta property=\"og:site_name\" content=\"Ruralgia Blog\" \/>\n<meta property=\"article:published_time\" content=\"2013-09-29T12:28:01+00:00\" \/>\n<meta property=\"og:image\" content=\"https:\/\/www.ruralgia.com\/blog\/wp-content\/uploads\/2013\/09\/CINE_MARROQUI2.jpg\" \/>\n\t<meta property=\"og:image:width\" content=\"286\" \/>\n\t<meta property=\"og:image:height\" content=\"400\" \/>\n\t<meta property=\"og:image:type\" content=\"image\/jpeg\" \/>\n<meta name=\"author\" content=\"admin\" \/>\n<meta name=\"twitter:card\" content=\"summary_large_image\" \/>\n<meta name=\"twitter:label1\" content=\"Escrito por\" \/>\n\t<meta name=\"twitter:data1\" content=\"admin\" \/>\n\t<meta name=\"twitter:label2\" content=\"Tiempo de lectura\" \/>\n\t<meta name=\"twitter:data2\" content=\"3 minutos\" \/>\n<script type=\"application\/ld+json\" class=\"yoast-schema-graph\">{\"@context\":\"https:\/\/schema.org\",\"@graph\":[{\"@type\":\"WebPage\",\"@id\":\"https:\/\/www.ruralgia.com\/blog\/seminci-2013\/\",\"url\":\"https:\/\/www.ruralgia.com\/blog\/seminci-2013\/\",\"name\":\"SEMINCI 2013 - Ruralgia Blog\",\"isPartOf\":{\"@id\":\"https:\/\/www.ruralgia.com\/blog\/#website\"},\"primaryImageOfPage\":{\"@id\":\"https:\/\/www.ruralgia.com\/blog\/seminci-2013\/#primaryimage\"},\"image\":{\"@id\":\"https:\/\/www.ruralgia.com\/blog\/seminci-2013\/#primaryimage\"},\"thumbnailUrl\":\"https:\/\/www.ruralgia.com\/blog\/wp-content\/uploads\/2013\/09\/CINE_MARROQUI2.jpg\",\"datePublished\":\"2013-09-29T12:28:01+00:00\",\"dateModified\":\"2013-09-29T12:28:01+00:00\",\"author\":{\"@id\":\"https:\/\/www.ruralgia.com\/blog\/#\/schema\/person\/f9d61dcaa454dc132c65467750b88c01\"},\"breadcrumb\":{\"@id\":\"https:\/\/www.ruralgia.com\/blog\/seminci-2013\/#breadcrumb\"},\"inLanguage\":\"es\",\"potentialAction\":[{\"@type\":\"ReadAction\",\"target\":[\"https:\/\/www.ruralgia.com\/blog\/seminci-2013\/\"]}]},{\"@type\":\"ImageObject\",\"inLanguage\":\"es\",\"@id\":\"https:\/\/www.ruralgia.com\/blog\/seminci-2013\/#primaryimage\",\"url\":\"https:\/\/www.ruralgia.com\/blog\/wp-content\/uploads\/2013\/09\/CINE_MARROQUI2.jpg\",\"contentUrl\":\"https:\/\/www.ruralgia.com\/blog\/wp-content\/uploads\/2013\/09\/CINE_MARROQUI2.jpg\",\"width\":286,\"height\":400},{\"@type\":\"BreadcrumbList\",\"@id\":\"https:\/\/www.ruralgia.com\/blog\/seminci-2013\/#breadcrumb\",\"itemListElement\":[{\"@type\":\"ListItem\",\"position\":1,\"name\":\"Portada\",\"item\":\"https:\/\/www.ruralgia.com\/blog\/\"},{\"@type\":\"ListItem\",\"position\":2,\"name\":\"SEMINCI 2013\"}]},{\"@type\":\"WebSite\",\"@id\":\"https:\/\/www.ruralgia.com\/blog\/#website\",\"url\":\"https:\/\/www.ruralgia.com\/blog\/\",\"name\":\"Ruralgia Blog\",\"description\":\"El blog de viajes y turismo de Ruralgia\",\"potentialAction\":[{\"@type\":\"SearchAction\",\"target\":{\"@type\":\"EntryPoint\",\"urlTemplate\":\"https:\/\/www.ruralgia.com\/blog\/?s={search_term_string}\"},\"query-input\":{\"@type\":\"PropertyValueSpecification\",\"valueRequired\":true,\"valueName\":\"search_term_string\"}}],\"inLanguage\":\"es\"},{\"@type\":\"Person\",\"@id\":\"https:\/\/www.ruralgia.com\/blog\/#\/schema\/person\/f9d61dcaa454dc132c65467750b88c01\",\"name\":\"admin\",\"image\":{\"@type\":\"ImageObject\",\"inLanguage\":\"es\",\"@id\":\"https:\/\/www.ruralgia.com\/blog\/#\/schema\/person\/image\/\",\"url\":\"https:\/\/secure.gravatar.com\/avatar\/308988d44afa417cbdf20b1a60ad4489?s=96&d=mm&r=g\",\"contentUrl\":\"https:\/\/secure.gravatar.com\/avatar\/308988d44afa417cbdf20b1a60ad4489?s=96&d=mm&r=g\",\"caption\":\"admin\"},\"url\":\"https:\/\/www.ruralgia.com\/blog\/author\/admin\/\"}]}<\/script>\n<!-- \/ Yoast SEO plugin. -->","yoast_head_json":{"title":"SEMINCI 2013 - Ruralgia Blog","robots":{"index":"index","follow":"follow","max-snippet":"max-snippet:-1","max-image-preview":"max-image-preview:large","max-video-preview":"max-video-preview:-1"},"canonical":"https:\/\/www.ruralgia.com\/blog\/seminci-2013\/","og_locale":"es_ES","og_type":"article","og_title":"SEMINCI 2013 - Ruralgia Blog","og_description":"58\u00aa edici\u00f3n de la \u201cSemana Internacional de Cine de Valladolid\u201d del 19 al 26 de octubre de 2013 Dedicar\u00e1 un ciclo al director estadounidense Paul Schrader, que llevar\u00e1 el t\u00edtulo Paul Schrader, director,\u00a0 con la proyecci\u00f3n de diez t\u00edtulos de &hellip; Sigue leyendo &rarr;","og_url":"https:\/\/www.ruralgia.com\/blog\/seminci-2013\/","og_site_name":"Ruralgia Blog","article_published_time":"2013-09-29T12:28:01+00:00","og_image":[{"width":286,"height":400,"url":"https:\/\/www.ruralgia.com\/blog\/wp-content\/uploads\/2013\/09\/CINE_MARROQUI2.jpg","type":"image\/jpeg"}],"author":"admin","twitter_card":"summary_large_image","twitter_misc":{"Escrito por":"admin","Tiempo de lectura":"3 minutos"},"schema":{"@context":"https:\/\/schema.org","@graph":[{"@type":"WebPage","@id":"https:\/\/www.ruralgia.com\/blog\/seminci-2013\/","url":"https:\/\/www.ruralgia.com\/blog\/seminci-2013\/","name":"SEMINCI 2013 - Ruralgia Blog","isPartOf":{"@id":"https:\/\/www.ruralgia.com\/blog\/#website"},"primaryImageOfPage":{"@id":"https:\/\/www.ruralgia.com\/blog\/seminci-2013\/#primaryimage"},"image":{"@id":"https:\/\/www.ruralgia.com\/blog\/seminci-2013\/#primaryimage"},"thumbnailUrl":"https:\/\/www.ruralgia.com\/blog\/wp-content\/uploads\/2013\/09\/CINE_MARROQUI2.jpg","datePublished":"2013-09-29T12:28:01+00:00","dateModified":"2013-09-29T12:28:01+00:00","author":{"@id":"https:\/\/www.ruralgia.com\/blog\/#\/schema\/person\/f9d61dcaa454dc132c65467750b88c01"},"breadcrumb":{"@id":"https:\/\/www.ruralgia.com\/blog\/seminci-2013\/#breadcrumb"},"inLanguage":"es","potentialAction":[{"@type":"ReadAction","target":["https:\/\/www.ruralgia.com\/blog\/seminci-2013\/"]}]},{"@type":"ImageObject","inLanguage":"es","@id":"https:\/\/www.ruralgia.com\/blog\/seminci-2013\/#primaryimage","url":"https:\/\/www.ruralgia.com\/blog\/wp-content\/uploads\/2013\/09\/CINE_MARROQUI2.jpg","contentUrl":"https:\/\/www.ruralgia.com\/blog\/wp-content\/uploads\/2013\/09\/CINE_MARROQUI2.jpg","width":286,"height":400},{"@type":"BreadcrumbList","@id":"https:\/\/www.ruralgia.com\/blog\/seminci-2013\/#breadcrumb","itemListElement":[{"@type":"ListItem","position":1,"name":"Portada","item":"https:\/\/www.ruralgia.com\/blog\/"},{"@type":"ListItem","position":2,"name":"SEMINCI 2013"}]},{"@type":"WebSite","@id":"https:\/\/www.ruralgia.com\/blog\/#website","url":"https:\/\/www.ruralgia.com\/blog\/","name":"Ruralgia Blog","description":"El blog de viajes y turismo de Ruralgia","potentialAction":[{"@type":"SearchAction","target":{"@type":"EntryPoint","urlTemplate":"https:\/\/www.ruralgia.com\/blog\/?s={search_term_string}"},"query-input":{"@type":"PropertyValueSpecification","valueRequired":true,"valueName":"search_term_string"}}],"inLanguage":"es"},{"@type":"Person","@id":"https:\/\/www.ruralgia.com\/blog\/#\/schema\/person\/f9d61dcaa454dc132c65467750b88c01","name":"admin","image":{"@type":"ImageObject","inLanguage":"es","@id":"https:\/\/www.ruralgia.com\/blog\/#\/schema\/person\/image\/","url":"https:\/\/secure.gravatar.com\/avatar\/308988d44afa417cbdf20b1a60ad4489?s=96&d=mm&r=g","contentUrl":"https:\/\/secure.gravatar.com\/avatar\/308988d44afa417cbdf20b1a60ad4489?s=96&d=mm&r=g","caption":"admin"},"url":"https:\/\/www.ruralgia.com\/blog\/author\/admin\/"}]}},"amp_enabled":true,"_links":{"self":[{"href":"https:\/\/www.ruralgia.com\/blog\/wp-json\/wp\/v2\/posts\/1318","targetHints":{"allow":["GET"]}}],"collection":[{"href":"https:\/\/www.ruralgia.com\/blog\/wp-json\/wp\/v2\/posts"}],"about":[{"href":"https:\/\/www.ruralgia.com\/blog\/wp-json\/wp\/v2\/types\/post"}],"author":[{"embeddable":true,"href":"https:\/\/www.ruralgia.com\/blog\/wp-json\/wp\/v2\/users\/1"}],"replies":[{"embeddable":true,"href":"https:\/\/www.ruralgia.com\/blog\/wp-json\/wp\/v2\/comments?post=1318"}],"version-history":[{"count":11,"href":"https:\/\/www.ruralgia.com\/blog\/wp-json\/wp\/v2\/posts\/1318\/revisions"}],"predecessor-version":[{"id":1331,"href":"https:\/\/www.ruralgia.com\/blog\/wp-json\/wp\/v2\/posts\/1318\/revisions\/1331"}],"wp:featuredmedia":[{"embeddable":true,"href":"https:\/\/www.ruralgia.com\/blog\/wp-json\/wp\/v2\/media\/1320"}],"wp:attachment":[{"href":"https:\/\/www.ruralgia.com\/blog\/wp-json\/wp\/v2\/media?parent=1318"}],"wp:term":[{"taxonomy":"category","embeddable":true,"href":"https:\/\/www.ruralgia.com\/blog\/wp-json\/wp\/v2\/categories?post=1318"},{"taxonomy":"post_tag","embeddable":true,"href":"https:\/\/www.ruralgia.com\/blog\/wp-json\/wp\/v2\/tags?post=1318"}],"curies":[{"name":"wp","href":"https:\/\/api.w.org\/{rel}","templated":true}]}}