{"id":1333,"date":"2013-10-02T16:16:10","date_gmt":"2013-10-02T16:16:10","guid":{"rendered":"https:\/\/www.ruralgia.com\/blog\/?p=1333"},"modified":"2013-10-02T16:16:10","modified_gmt":"2013-10-02T16:16:10","slug":"fiesta-de-la-rosa-del-azafran-2013","status":"publish","type":"post","link":"https:\/\/www.ruralgia.com\/blog\/fiesta-de-la-rosa-del-azafran-2013\/","title":{"rendered":"Fiesta de la Rosa del Azafr\u00e1n 2013"},"content":{"rendered":"<p><strong>Del 25-oct-2013 al 27-oct-2013<\/strong> en la poblaci\u00f3n de <strong>Consuegra,<\/strong> se exalta la importancia del azafr\u00e1n y se reivindica la cultura tradicional de Castilla-La Mancha.<\/p>\n<p><a href=\"https:\/\/www.ruralgia.com\/blog\/wp-content\/uploads\/2013\/09\/fiesta-de-la-rosa-del-azafr\u00e1n.jpg\" rel=\"lightbox[1333]\"><img loading=\"lazy\" decoding=\"async\" class=\"size-medium wp-image-1334 alignleft\" style=\"border: 2px solid black; margin: 5px;\" alt=\"fiesta de la rosa del azafr\u00e1n\" src=\"https:\/\/www.ruralgia.com\/blog\/wp-content\/uploads\/2013\/09\/fiesta-de-la-rosa-del-azafr\u00e1n-300x275.jpg\" width=\"300\" height=\"275\" srcset=\"https:\/\/www.ruralgia.com\/blog\/wp-content\/uploads\/2013\/09\/fiesta-de-la-rosa-del-azafr\u00e1n-300x275.jpg 300w, https:\/\/www.ruralgia.com\/blog\/wp-content\/uploads\/2013\/09\/fiesta-de-la-rosa-del-azafr\u00e1n.jpg 471w\" sizes=\"auto, (max-width: 300px) 100vw, 300px\" \/><\/a><\/p>\n<p><strong>Consuegra<\/strong> , en Toledo, vive a finales de octubre la <strong>Fiesta de la Rosa del Azafr\u00e1n<\/strong>. Su objetivo es dar a conocer la esencia cultural de Castilla-La Mancha a trav\u00e9s de la gastronom\u00eda, la artesan\u00eda, la historia y las tradiciones populares. La programaci\u00f3n de este evento es muy variada, y comienza con la proclamaci\u00f3n de la Dulcinea y las Damas de Honor.<\/p>\n<p>Entre sus actos destacan \u201cla Molienda de la Paz y del Amor\u201d, en la que un molino de viento del siglo XVI tritura trigo para convertirlo en harina; el certamen gastron\u00f3mico de cocina tradicional manchega; concursos de monda de la Rosa del Azafr\u00e1n, que consisten en separar el azafr\u00e1n de la flor en el menor tiempo posible, y un Festival Folcl\u00f3rico, en el que participan grupos llegados de toda la regi\u00f3n. Los azafraneros son los grandes protagonistas de esta fiesta, que se celebra desde 1963. Exposiciones, actividades culturales y competiciones deportivas completan el programa.<\/p>\n<p><a href=\"https:\/\/www.ruralgia.com\/blog\/wp-content\/uploads\/2013\/09\/rosa-azafran-2.jpg\" rel=\"lightbox[1333]\"><img loading=\"lazy\" decoding=\"async\" class=\"size-medium wp-image-1335 alignright\" style=\"border: 2px solid black; margin: 5px;\" alt=\"rosa-azafran 2\" src=\"https:\/\/www.ruralgia.com\/blog\/wp-content\/uploads\/2013\/09\/rosa-azafran-2-300x225.jpg\" width=\"300\" height=\"225\" srcset=\"https:\/\/www.ruralgia.com\/blog\/wp-content\/uploads\/2013\/09\/rosa-azafran-2-300x225.jpg 300w, https:\/\/www.ruralgia.com\/blog\/wp-content\/uploads\/2013\/09\/rosa-azafran-2.jpg 960w\" sizes=\"auto, (max-width: 300px) 100vw, 300px\" \/><\/a><\/p>\n<div id=\"stcpDiv\"><strong>Historia del Azafr\u00e1n en la Mancha<\/strong><\/div>\n<div id=\"stcpDiv\">\n<p>El cultivo del azafr\u00e1n en la Mancha se remonta a la alta edad media, siendo \u00e9ste un cultivo que proviene de oriente pr\u00f3ximo y que por lo tanto fue introducido por los \u00e1rabes como complemente a la agricultura de la zona dominada por el cereal, la vid y el olivar, ya presentes en el paisaje desde el periodo romano, y al adaptarse perfectamente a la climatolog\u00eda como a tipo de tierras de la Mancha.<\/p>\n<p>Uno de los documentos m\u00e1s antiguos en el que aparecen relacionados de forma directa el cultivo del azafr\u00e1n y la ciudad de Consuegra se remonta al a\u00f1o 1.183, a\u00f1o en el cual Alfonso VIII concede estatuto foral a la villa. En este documento de car\u00e1cter eminentemente jur\u00eddico se recogen los deberes, privilegios y rentas que ha de percibir la Orden de San Juan de Jerusal\u00e9n como la corona. En esta acta de donaci\u00f3n la instituci\u00f3n regia se reserva para s\u00ed el derecho sobre un tercio del diezmo de la cosecha de azafr\u00e1n.<\/p>\n<p>El cultivo de la especia se ha venido realizando pr\u00e1cticamente de forma artesanal hasta nuestros d\u00edas, perpetu\u00e1ndose generaci\u00f3n tras generaci\u00f3n.<\/p>\n<p>En nuestros d\u00edas, la explotaci\u00f3n de los campos de azafr\u00e1n ha disminu\u00eddo de forma considerable, la baja rentabilidad del producto desde la d\u00e9cada de los ochenta ha provocado la pr\u00e1ctica extinci\u00f3n del cultivo.<\/p>\n<p>&nbsp;<\/p>\n<div id=\"stcpDiv\"><strong>La Fiesta<\/strong><\/div>\n<div id=\"stcpDiv\">\n<p>La Fiesta de la Rosa del Azafr\u00e1n se celebra cada a\u00f1o en Consuegra el \u00faltimo fin de semana completo del mes de octubre, siendo por lo tanto su fecha variable tratando de coincidir la celebraci\u00f3n con la recogida de la flor.<\/p>\n<p>Se instaur\u00f3 en el a\u00f1o 1.963, celebr\u00e1ndose este a\u00f1o su quincuag\u00e9sima edici\u00f3n, habiendo sido catalogada por la Secretaria General de Turismo como Fiesta de Inter\u00e9s Tur\u00edstico.<\/p>\n<p>La funci\u00f3n principal de la Fiesta es dar a conocer y promocionar la esencia cultural manchega a trav\u00e9s de la gastronom\u00eda, la artesan\u00eda, la historia y las tradiciones populares.<\/p>\n<p><script src='https:\/\/www.ruralgia.com\/caja_cerca.php?metodo=municipio&#038;ancho=250&#038;elementos=4&#038;size=90&#038;estilo=eggplant&#038;float=left&#038;kms=20&#038;aleatorio=true&#038;municipio=consuegra' type='text\/javascript'><\/script>La <strong>raz\u00f3n de escoger al azafr\u00e1n<\/strong> como motivo en torno al que celebrar una fiesta se debe a tres causas fundamentales:<\/p>\n<p>En primer lugar es un producto \u00fanico dentro de lo que es el paisaje agrario espa\u00f1ol al concentrarse el 90% de la producci\u00f3n en la Mancha, asoci\u00e1ndose por lo tanto al espacio natural donde se produce, con todas sus connotaciones culturales, por lo que podr\u00eda ser considerado como una se\u00f1a de identidad propia de la regi\u00f3n.<\/p>\n<p>En segundo lugar, est\u00e1 por derecho asociado a la calidad, y esto no es solamente en el \u00e1mbito interno, sino que ya culturas de la antig\u00fcedad, como los sumerios o acadios, lo consideraban como un art\u00edculo de lujo.<\/p>\n<p>En tercer lugar, es uno de los pocos productos, por no decir el \u00fanico, que Castilla \u2013 La Mancha puede asegurar que tiene en su territorio como el mejor en el \u00e1mbito mundial.<\/p>\n<p>En su larga andadura, la fiesta ha ido adapt\u00e1ndose a los cambios, evolucionando junto con la sociedad en estos cincuenta a\u00f1os de historia, transform\u00e1ndose paulatinamente de un evento agr\u00edcola \u2013 ganadero a otro de caracter\u00edsticas tur\u00edsticas \u2013 comercial, seg\u00fan ha ido cambiando el tejido social de los visitantes y de las personas que lo sustentan.<\/p>\n<p>El alma de esta fiesta son sus actos, creados de tal forma que aunaran inter\u00e9s, tradici\u00f3n y peculariedad, recuperando viejas tradiciones e incluso sirviendo como catalizador para la recuperaci\u00f3n de un cultivo que es se\u00f1a de identidad de La Mancha.<\/p>\n<p><strong><a href=\"http:\/\/aytoconsuegra.es\/calendario-fiestas\" target=\"_blank\">Fuente<\/a>.<\/strong><\/p>\n<\/div>\n<div><\/div>\n<div><\/div>\n<div><\/div>\n<\/div>\n","protected":false},"excerpt":{"rendered":"<p>Del 25-oct-2013 al 27-oct-2013 en la poblaci\u00f3n de Consuegra, se exalta la importancia del azafr\u00e1n y se reivindica la cultura tradicional de Castilla-La Mancha. Consuegra , en Toledo, vive a finales de octubre la Fiesta de la Rosa del Azafr\u00e1n. &hellip; <a href=\"https:\/\/www.ruralgia.com\/blog\/fiesta-de-la-rosa-del-azafran-2013\/\">Sigue leyendo <span class=\"meta-nav\">&rarr;<\/span><\/a><\/p>\n","protected":false},"author":1,"featured_media":1335,"comment_status":"open","ping_status":"open","sticky":false,"template":"","format":"standard","meta":{"footnotes":""},"categories":[90,91,101],"tags":[161,22,39,43,71],"class_list":["post-1333","post","type-post","status-publish","format-standard","has-post-thumbnail","hentry","category-fiestas-2","category-propuestas-eventos","category-turismo","tag-eventos","tag-fiestas","tag-gastronomia","tag-historia","tag-turismo-rural"],"yoast_head":"<!-- This site is optimized with the Yoast SEO plugin v24.1 - https:\/\/yoast.com\/wordpress\/plugins\/seo\/ -->\n<title>Fiesta de la Rosa del Azafr\u00e1n 2013 - Ruralgia Blog<\/title>\n<meta name=\"robots\" content=\"index, follow, max-snippet:-1, max-image-preview:large, max-video-preview:-1\" \/>\n<link rel=\"canonical\" href=\"https:\/\/www.ruralgia.com\/blog\/fiesta-de-la-rosa-del-azafran-2013\/\" \/>\n<meta property=\"og:locale\" content=\"es_ES\" \/>\n<meta property=\"og:type\" content=\"article\" \/>\n<meta property=\"og:title\" content=\"Fiesta de la Rosa del Azafr\u00e1n 2013 - Ruralgia Blog\" \/>\n<meta property=\"og:description\" content=\"Del 25-oct-2013 al 27-oct-2013 en la poblaci\u00f3n de Consuegra, se exalta la importancia del azafr\u00e1n y se reivindica la cultura tradicional de Castilla-La Mancha. Consuegra , en Toledo, vive a finales de octubre la Fiesta de la Rosa del Azafr\u00e1n. &hellip; Sigue leyendo &rarr;\" \/>\n<meta property=\"og:url\" content=\"https:\/\/www.ruralgia.com\/blog\/fiesta-de-la-rosa-del-azafran-2013\/\" \/>\n<meta property=\"og:site_name\" content=\"Ruralgia Blog\" \/>\n<meta property=\"article:published_time\" content=\"2013-10-02T16:16:10+00:00\" \/>\n<meta property=\"og:image\" content=\"https:\/\/www.ruralgia.com\/blog\/wp-content\/uploads\/2013\/09\/rosa-azafran-2.jpg\" \/>\n\t<meta property=\"og:image:width\" content=\"960\" \/>\n\t<meta property=\"og:image:height\" content=\"720\" \/>\n\t<meta property=\"og:image:type\" content=\"image\/jpeg\" \/>\n<meta name=\"author\" content=\"admin\" \/>\n<meta name=\"twitter:card\" content=\"summary_large_image\" \/>\n<meta name=\"twitter:label1\" content=\"Escrito por\" \/>\n\t<meta name=\"twitter:data1\" content=\"admin\" \/>\n\t<meta name=\"twitter:label2\" content=\"Tiempo de lectura\" \/>\n\t<meta name=\"twitter:data2\" content=\"4 minutos\" \/>\n<script type=\"application\/ld+json\" class=\"yoast-schema-graph\">{\"@context\":\"https:\/\/schema.org\",\"@graph\":[{\"@type\":\"WebPage\",\"@id\":\"https:\/\/www.ruralgia.com\/blog\/fiesta-de-la-rosa-del-azafran-2013\/\",\"url\":\"https:\/\/www.ruralgia.com\/blog\/fiesta-de-la-rosa-del-azafran-2013\/\",\"name\":\"Fiesta de la Rosa del Azafr\u00e1n 2013 - Ruralgia Blog\",\"isPartOf\":{\"@id\":\"https:\/\/www.ruralgia.com\/blog\/#website\"},\"primaryImageOfPage\":{\"@id\":\"https:\/\/www.ruralgia.com\/blog\/fiesta-de-la-rosa-del-azafran-2013\/#primaryimage\"},\"image\":{\"@id\":\"https:\/\/www.ruralgia.com\/blog\/fiesta-de-la-rosa-del-azafran-2013\/#primaryimage\"},\"thumbnailUrl\":\"https:\/\/www.ruralgia.com\/blog\/wp-content\/uploads\/2013\/09\/rosa-azafran-2.jpg\",\"datePublished\":\"2013-10-02T16:16:10+00:00\",\"dateModified\":\"2013-10-02T16:16:10+00:00\",\"author\":{\"@id\":\"https:\/\/www.ruralgia.com\/blog\/#\/schema\/person\/f9d61dcaa454dc132c65467750b88c01\"},\"breadcrumb\":{\"@id\":\"https:\/\/www.ruralgia.com\/blog\/fiesta-de-la-rosa-del-azafran-2013\/#breadcrumb\"},\"inLanguage\":\"es\",\"potentialAction\":[{\"@type\":\"ReadAction\",\"target\":[\"https:\/\/www.ruralgia.com\/blog\/fiesta-de-la-rosa-del-azafran-2013\/\"]}]},{\"@type\":\"ImageObject\",\"inLanguage\":\"es\",\"@id\":\"https:\/\/www.ruralgia.com\/blog\/fiesta-de-la-rosa-del-azafran-2013\/#primaryimage\",\"url\":\"https:\/\/www.ruralgia.com\/blog\/wp-content\/uploads\/2013\/09\/rosa-azafran-2.jpg\",\"contentUrl\":\"https:\/\/www.ruralgia.com\/blog\/wp-content\/uploads\/2013\/09\/rosa-azafran-2.jpg\",\"width\":960,\"height\":720},{\"@type\":\"BreadcrumbList\",\"@id\":\"https:\/\/www.ruralgia.com\/blog\/fiesta-de-la-rosa-del-azafran-2013\/#breadcrumb\",\"itemListElement\":[{\"@type\":\"ListItem\",\"position\":1,\"name\":\"Portada\",\"item\":\"https:\/\/www.ruralgia.com\/blog\/\"},{\"@type\":\"ListItem\",\"position\":2,\"name\":\"Fiesta de la Rosa del Azafr\u00e1n 2013\"}]},{\"@type\":\"WebSite\",\"@id\":\"https:\/\/www.ruralgia.com\/blog\/#website\",\"url\":\"https:\/\/www.ruralgia.com\/blog\/\",\"name\":\"Ruralgia Blog\",\"description\":\"El blog de viajes y turismo de Ruralgia\",\"potentialAction\":[{\"@type\":\"SearchAction\",\"target\":{\"@type\":\"EntryPoint\",\"urlTemplate\":\"https:\/\/www.ruralgia.com\/blog\/?s={search_term_string}\"},\"query-input\":{\"@type\":\"PropertyValueSpecification\",\"valueRequired\":true,\"valueName\":\"search_term_string\"}}],\"inLanguage\":\"es\"},{\"@type\":\"Person\",\"@id\":\"https:\/\/www.ruralgia.com\/blog\/#\/schema\/person\/f9d61dcaa454dc132c65467750b88c01\",\"name\":\"admin\",\"image\":{\"@type\":\"ImageObject\",\"inLanguage\":\"es\",\"@id\":\"https:\/\/www.ruralgia.com\/blog\/#\/schema\/person\/image\/\",\"url\":\"https:\/\/secure.gravatar.com\/avatar\/308988d44afa417cbdf20b1a60ad4489?s=96&d=mm&r=g\",\"contentUrl\":\"https:\/\/secure.gravatar.com\/avatar\/308988d44afa417cbdf20b1a60ad4489?s=96&d=mm&r=g\",\"caption\":\"admin\"},\"url\":\"https:\/\/www.ruralgia.com\/blog\/author\/admin\/\"}]}<\/script>\n<!-- \/ Yoast SEO plugin. -->","yoast_head_json":{"title":"Fiesta de la Rosa del Azafr\u00e1n 2013 - Ruralgia Blog","robots":{"index":"index","follow":"follow","max-snippet":"max-snippet:-1","max-image-preview":"max-image-preview:large","max-video-preview":"max-video-preview:-1"},"canonical":"https:\/\/www.ruralgia.com\/blog\/fiesta-de-la-rosa-del-azafran-2013\/","og_locale":"es_ES","og_type":"article","og_title":"Fiesta de la Rosa del Azafr\u00e1n 2013 - Ruralgia Blog","og_description":"Del 25-oct-2013 al 27-oct-2013 en la poblaci\u00f3n de Consuegra, se exalta la importancia del azafr\u00e1n y se reivindica la cultura tradicional de Castilla-La Mancha. Consuegra , en Toledo, vive a finales de octubre la Fiesta de la Rosa del Azafr\u00e1n. &hellip; Sigue leyendo &rarr;","og_url":"https:\/\/www.ruralgia.com\/blog\/fiesta-de-la-rosa-del-azafran-2013\/","og_site_name":"Ruralgia Blog","article_published_time":"2013-10-02T16:16:10+00:00","og_image":[{"width":960,"height":720,"url":"https:\/\/www.ruralgia.com\/blog\/wp-content\/uploads\/2013\/09\/rosa-azafran-2.jpg","type":"image\/jpeg"}],"author":"admin","twitter_card":"summary_large_image","twitter_misc":{"Escrito por":"admin","Tiempo de lectura":"4 minutos"},"schema":{"@context":"https:\/\/schema.org","@graph":[{"@type":"WebPage","@id":"https:\/\/www.ruralgia.com\/blog\/fiesta-de-la-rosa-del-azafran-2013\/","url":"https:\/\/www.ruralgia.com\/blog\/fiesta-de-la-rosa-del-azafran-2013\/","name":"Fiesta de la Rosa del Azafr\u00e1n 2013 - Ruralgia Blog","isPartOf":{"@id":"https:\/\/www.ruralgia.com\/blog\/#website"},"primaryImageOfPage":{"@id":"https:\/\/www.ruralgia.com\/blog\/fiesta-de-la-rosa-del-azafran-2013\/#primaryimage"},"image":{"@id":"https:\/\/www.ruralgia.com\/blog\/fiesta-de-la-rosa-del-azafran-2013\/#primaryimage"},"thumbnailUrl":"https:\/\/www.ruralgia.com\/blog\/wp-content\/uploads\/2013\/09\/rosa-azafran-2.jpg","datePublished":"2013-10-02T16:16:10+00:00","dateModified":"2013-10-02T16:16:10+00:00","author":{"@id":"https:\/\/www.ruralgia.com\/blog\/#\/schema\/person\/f9d61dcaa454dc132c65467750b88c01"},"breadcrumb":{"@id":"https:\/\/www.ruralgia.com\/blog\/fiesta-de-la-rosa-del-azafran-2013\/#breadcrumb"},"inLanguage":"es","potentialAction":[{"@type":"ReadAction","target":["https:\/\/www.ruralgia.com\/blog\/fiesta-de-la-rosa-del-azafran-2013\/"]}]},{"@type":"ImageObject","inLanguage":"es","@id":"https:\/\/www.ruralgia.com\/blog\/fiesta-de-la-rosa-del-azafran-2013\/#primaryimage","url":"https:\/\/www.ruralgia.com\/blog\/wp-content\/uploads\/2013\/09\/rosa-azafran-2.jpg","contentUrl":"https:\/\/www.ruralgia.com\/blog\/wp-content\/uploads\/2013\/09\/rosa-azafran-2.jpg","width":960,"height":720},{"@type":"BreadcrumbList","@id":"https:\/\/www.ruralgia.com\/blog\/fiesta-de-la-rosa-del-azafran-2013\/#breadcrumb","itemListElement":[{"@type":"ListItem","position":1,"name":"Portada","item":"https:\/\/www.ruralgia.com\/blog\/"},{"@type":"ListItem","position":2,"name":"Fiesta de la Rosa del Azafr\u00e1n 2013"}]},{"@type":"WebSite","@id":"https:\/\/www.ruralgia.com\/blog\/#website","url":"https:\/\/www.ruralgia.com\/blog\/","name":"Ruralgia Blog","description":"El blog de viajes y turismo de Ruralgia","potentialAction":[{"@type":"SearchAction","target":{"@type":"EntryPoint","urlTemplate":"https:\/\/www.ruralgia.com\/blog\/?s={search_term_string}"},"query-input":{"@type":"PropertyValueSpecification","valueRequired":true,"valueName":"search_term_string"}}],"inLanguage":"es"},{"@type":"Person","@id":"https:\/\/www.ruralgia.com\/blog\/#\/schema\/person\/f9d61dcaa454dc132c65467750b88c01","name":"admin","image":{"@type":"ImageObject","inLanguage":"es","@id":"https:\/\/www.ruralgia.com\/blog\/#\/schema\/person\/image\/","url":"https:\/\/secure.gravatar.com\/avatar\/308988d44afa417cbdf20b1a60ad4489?s=96&d=mm&r=g","contentUrl":"https:\/\/secure.gravatar.com\/avatar\/308988d44afa417cbdf20b1a60ad4489?s=96&d=mm&r=g","caption":"admin"},"url":"https:\/\/www.ruralgia.com\/blog\/author\/admin\/"}]}},"amp_enabled":true,"_links":{"self":[{"href":"https:\/\/www.ruralgia.com\/blog\/wp-json\/wp\/v2\/posts\/1333","targetHints":{"allow":["GET"]}}],"collection":[{"href":"https:\/\/www.ruralgia.com\/blog\/wp-json\/wp\/v2\/posts"}],"about":[{"href":"https:\/\/www.ruralgia.com\/blog\/wp-json\/wp\/v2\/types\/post"}],"author":[{"embeddable":true,"href":"https:\/\/www.ruralgia.com\/blog\/wp-json\/wp\/v2\/users\/1"}],"replies":[{"embeddable":true,"href":"https:\/\/www.ruralgia.com\/blog\/wp-json\/wp\/v2\/comments?post=1333"}],"version-history":[{"count":8,"href":"https:\/\/www.ruralgia.com\/blog\/wp-json\/wp\/v2\/posts\/1333\/revisions"}],"predecessor-version":[{"id":1353,"href":"https:\/\/www.ruralgia.com\/blog\/wp-json\/wp\/v2\/posts\/1333\/revisions\/1353"}],"wp:featuredmedia":[{"embeddable":true,"href":"https:\/\/www.ruralgia.com\/blog\/wp-json\/wp\/v2\/media\/1335"}],"wp:attachment":[{"href":"https:\/\/www.ruralgia.com\/blog\/wp-json\/wp\/v2\/media?parent=1333"}],"wp:term":[{"taxonomy":"category","embeddable":true,"href":"https:\/\/www.ruralgia.com\/blog\/wp-json\/wp\/v2\/categories?post=1333"},{"taxonomy":"post_tag","embeddable":true,"href":"https:\/\/www.ruralgia.com\/blog\/wp-json\/wp\/v2\/tags?post=1333"}],"curies":[{"name":"wp","href":"https:\/\/api.w.org\/{rel}","templated":true}]}}