{"id":1380,"date":"2013-10-07T17:46:26","date_gmt":"2013-10-07T17:46:26","guid":{"rendered":"https:\/\/www.ruralgia.com\/blog\/?p=1380"},"modified":"2013-10-07T17:46:26","modified_gmt":"2013-10-07T17:46:26","slug":"periferias-2013","status":"publish","type":"post","link":"https:\/\/www.ruralgia.com\/blog\/periferias-2013\/","title":{"rendered":"Periferias 2013"},"content":{"rendered":"<p><strong>Huesca<\/strong> acoger\u00e1 del <strong>30 de octubre al 3 de noviembre<\/strong> la 14\u00aa edici\u00f3n del Festival Periferias, que este a\u00f1o dedica su programaci\u00f3n al Horror, en su m\u00e1s amplio sentido.<\/p>\n<p><a href=\"https:\/\/www.ruralgia.com\/blog\/wp-content\/uploads\/2013\/10\/cartel-periferias2013-prensa.jpg\" rel=\"lightbox[1380]\"><img loading=\"lazy\" decoding=\"async\" class=\"size-medium wp-image-1381 alignleft\" style=\"border: 2px solid black; margin: 5px;\" alt=\"cartel periferias2013 prensa\" src=\"https:\/\/www.ruralgia.com\/blog\/wp-content\/uploads\/2013\/10\/cartel-periferias2013-prensa-226x300.jpg\" width=\"226\" height=\"300\" srcset=\"https:\/\/www.ruralgia.com\/blog\/wp-content\/uploads\/2013\/10\/cartel-periferias2013-prensa-226x300.jpg 226w, https:\/\/www.ruralgia.com\/blog\/wp-content\/uploads\/2013\/10\/cartel-periferias2013-prensa-774x1024.jpg 774w, https:\/\/www.ruralgia.com\/blog\/wp-content\/uploads\/2013\/10\/cartel-periferias2013-prensa.jpg 893w\" sizes=\"auto, (max-width: 226px) 100vw, 226px\" \/><\/a><\/p>\n<p><strong>El festival oscense Periferias llega este a\u00f1o a su 14\u00aa edici\u00f3n<\/strong>. Como ya es bien sabido, <strong>Periferias<\/strong> es un festival multidisciplinar y tem\u00e1tico, de forma que toda la programaci\u00f3n del mismo gira en torno al tema elegido cada a\u00f1o, que se convierte de esta forma en su hilo conductor. Algo que le permite reinventarse cada a\u00f1o y que le convierte en un festival \u00fanico en Espa\u00f1a. Si en ediciones anteriores los temas seleccionados por el festival han sido Cosmos, Exilios, Versi\u00f3n, Mundo Raro, Agit Prop, Fiesta, Tierra, Futuro, Comercial, Nuevo, Outsider y Nueva Comedia, conceptos siempre recurrentes en el mundo de la cultura, este a\u00f1o <strong>Periferias girar\u00e1 en torno a la tem\u00e1tica del HORROR<\/strong>. Por lo tanto, en 2013 el festival oscense se acercar\u00e1 al concepto de horror en su m\u00e1s amplio sentido: al g\u00e9nero de terror, por supuesto, pero tambi\u00e9n a la brutalidad de la guerra, al horror de Auschwitz, al espanto ante la realidad, al horror de vivir, a la iconograf\u00eda g\u00f3tica, a la fascinaci\u00f3n por lo monstruoso y, por qu\u00e9 no, a la veta c\u00f3mica del terror. Como siempre, todo ello ser\u00e1 visto y analizado desde la perspectiva cr\u00edtica y reflexiva, heterodoxa y radicalmente personal, que siempre ha caracterizado al festival Periferias.<\/p>\n<p><a href=\"http:\/\/www.periferias.org\/programacion-2013\/\" target=\"_blank\"><strong>Programaci\u00f3n<\/strong><\/a><\/p>\n<p><script src='https:\/\/www.ruralgia.com\/caja_cerca.php?metodo=municipio&#038;ancho=250&#038;elementos=4&#038;size=90&#038;estilo=blitzer&#038;float=right&#038;kms=20&#038;aleatorio=true&#038;municipio=Huesca (Huesca)' type='text\/javascript'><\/script><\/p>\n<p>&nbsp;<\/p>\n<p>Entre los nombres que formar\u00e1n parte del cartel figuran artistas como el experimentador alem\u00e1n Jochen Arbeit (componente del m\u00edtico grupo Einst\u00fcrzende Neubauten), el cantautor vasco Rafael Berrio, creador de canciones en la mejor tradici\u00f3n del malditismo rock y Los Ganglios, tri\u00f3 extreme\u00f1o de surrealismo extremo.<\/p>\n<p>En la programaci\u00f3n cinematogr\u00e1fica destaca el documental The Act of Killing de Joshua Oppenheimer que a trav\u00e9s del genocidio en Indonesia acontecido en los a\u00f1os 60, reflexiona sobre la construcci\u00f3n y la banalizaci\u00f3n de la Historia.<\/p>\n<p>Por otro lado, la compa\u00f1\u00eda oscense ESENCIA PRODUCCIONES realizar\u00e1 una revisi\u00f3n del mito de Frankenstein en la coproducci\u00f3n para p\u00fablico familiar titulada \u201cV\u00edctor y el monstruo\u201d.<\/p>\n<p>Por \u00faltimo, entre la amplia programaci\u00f3n del festival Periferias, cabe resaltar la exposici\u00f3n colectiva \u201cHORRORIZADOS\u201d comisariada por el altoaragon\u00e9s Antonio Latorre. Incluye obras de Goya, Enrique Marty, Marina N\u00fa\u00f1ez, Joel-Peter Witkin o los oscenses Jorge Vic\u00e9n y Nicol\u00e1s S\u00e1nchez, entre otros.<\/p>\n<p><a href=\"http:\/\/www.radiohuesca.com\/noticia\/498923\/Comienza-a-conocerse-la-programacion-de-Periferias-2013-horror\" target=\"_blank\"><strong>Fuente.<\/strong><\/a><\/p>\n<p><a href=\"http:\/\/www.periferias.org\/\" target=\"_blank\"><strong>M\u00e1s informaci\u00f3n.<\/strong><\/a><\/p>\n<p>&nbsp;<\/p>\n<p>&nbsp;<\/p>\n","protected":false},"excerpt":{"rendered":"<p>Huesca acoger\u00e1 del 30 de octubre al 3 de noviembre la 14\u00aa edici\u00f3n del Festival Periferias, que este a\u00f1o dedica su programaci\u00f3n al Horror, en su m\u00e1s amplio sentido. El festival oscense Periferias llega este a\u00f1o a su 14\u00aa edici\u00f3n. &hellip; <a href=\"https:\/\/www.ruralgia.com\/blog\/periferias-2013\/\">Sigue leyendo <span class=\"meta-nav\">&rarr;<\/span><\/a><\/p>\n","protected":false},"author":1,"featured_media":1381,"comment_status":"open","ping_status":"open","sticky":false,"template":"","format":"standard","meta":{"footnotes":""},"categories":[48,12],"tags":[166,158,161,156,157],"class_list":["post-1380","post","type-post","status-publish","format-standard","has-post-thumbnail","hentry","category-festival","category-propuestas","tag-cine","tag-cultura","tag-eventos","tag-festival","tag-musica"],"yoast_head":"<!-- This site is optimized with the Yoast SEO plugin v24.1 - https:\/\/yoast.com\/wordpress\/plugins\/seo\/ -->\n<title>Periferias 2013  - Ruralgia Blog<\/title>\n<meta name=\"robots\" content=\"index, follow, max-snippet:-1, max-image-preview:large, max-video-preview:-1\" \/>\n<link rel=\"canonical\" href=\"https:\/\/www.ruralgia.com\/blog\/periferias-2013\/\" \/>\n<meta property=\"og:locale\" content=\"es_ES\" \/>\n<meta property=\"og:type\" content=\"article\" \/>\n<meta property=\"og:title\" content=\"Periferias 2013  - Ruralgia Blog\" \/>\n<meta property=\"og:description\" content=\"Huesca acoger\u00e1 del 30 de octubre al 3 de noviembre la 14\u00aa edici\u00f3n del Festival Periferias, que este a\u00f1o dedica su programaci\u00f3n al Horror, en su m\u00e1s amplio sentido. El festival oscense Periferias llega este a\u00f1o a su 14\u00aa edici\u00f3n. &hellip; Sigue leyendo &rarr;\" \/>\n<meta property=\"og:url\" content=\"https:\/\/www.ruralgia.com\/blog\/periferias-2013\/\" \/>\n<meta property=\"og:site_name\" content=\"Ruralgia Blog\" \/>\n<meta property=\"article:published_time\" content=\"2013-10-07T17:46:26+00:00\" \/>\n<meta property=\"og:image\" content=\"https:\/\/www.ruralgia.com\/blog\/wp-content\/uploads\/2013\/10\/cartel-periferias2013-prensa.jpg\" \/>\n\t<meta property=\"og:image:width\" content=\"893\" \/>\n\t<meta property=\"og:image:height\" content=\"1181\" \/>\n\t<meta property=\"og:image:type\" content=\"image\/jpeg\" \/>\n<meta name=\"author\" content=\"admin\" \/>\n<meta name=\"twitter:card\" content=\"summary_large_image\" \/>\n<meta name=\"twitter:label1\" content=\"Escrito por\" \/>\n\t<meta name=\"twitter:data1\" content=\"admin\" \/>\n\t<meta name=\"twitter:label2\" content=\"Tiempo de lectura\" \/>\n\t<meta name=\"twitter:data2\" content=\"2 minutos\" \/>\n<script type=\"application\/ld+json\" class=\"yoast-schema-graph\">{\"@context\":\"https:\/\/schema.org\",\"@graph\":[{\"@type\":\"WebPage\",\"@id\":\"https:\/\/www.ruralgia.com\/blog\/periferias-2013\/\",\"url\":\"https:\/\/www.ruralgia.com\/blog\/periferias-2013\/\",\"name\":\"Periferias 2013 - Ruralgia Blog\",\"isPartOf\":{\"@id\":\"https:\/\/www.ruralgia.com\/blog\/#website\"},\"primaryImageOfPage\":{\"@id\":\"https:\/\/www.ruralgia.com\/blog\/periferias-2013\/#primaryimage\"},\"image\":{\"@id\":\"https:\/\/www.ruralgia.com\/blog\/periferias-2013\/#primaryimage\"},\"thumbnailUrl\":\"https:\/\/www.ruralgia.com\/blog\/wp-content\/uploads\/2013\/10\/cartel-periferias2013-prensa.jpg\",\"datePublished\":\"2013-10-07T17:46:26+00:00\",\"dateModified\":\"2013-10-07T17:46:26+00:00\",\"author\":{\"@id\":\"https:\/\/www.ruralgia.com\/blog\/#\/schema\/person\/f9d61dcaa454dc132c65467750b88c01\"},\"breadcrumb\":{\"@id\":\"https:\/\/www.ruralgia.com\/blog\/periferias-2013\/#breadcrumb\"},\"inLanguage\":\"es\",\"potentialAction\":[{\"@type\":\"ReadAction\",\"target\":[\"https:\/\/www.ruralgia.com\/blog\/periferias-2013\/\"]}]},{\"@type\":\"ImageObject\",\"inLanguage\":\"es\",\"@id\":\"https:\/\/www.ruralgia.com\/blog\/periferias-2013\/#primaryimage\",\"url\":\"https:\/\/www.ruralgia.com\/blog\/wp-content\/uploads\/2013\/10\/cartel-periferias2013-prensa.jpg\",\"contentUrl\":\"https:\/\/www.ruralgia.com\/blog\/wp-content\/uploads\/2013\/10\/cartel-periferias2013-prensa.jpg\",\"width\":893,\"height\":1181},{\"@type\":\"BreadcrumbList\",\"@id\":\"https:\/\/www.ruralgia.com\/blog\/periferias-2013\/#breadcrumb\",\"itemListElement\":[{\"@type\":\"ListItem\",\"position\":1,\"name\":\"Portada\",\"item\":\"https:\/\/www.ruralgia.com\/blog\/\"},{\"@type\":\"ListItem\",\"position\":2,\"name\":\"Periferias 2013\"}]},{\"@type\":\"WebSite\",\"@id\":\"https:\/\/www.ruralgia.com\/blog\/#website\",\"url\":\"https:\/\/www.ruralgia.com\/blog\/\",\"name\":\"Ruralgia Blog\",\"description\":\"El blog de viajes y turismo de Ruralgia\",\"potentialAction\":[{\"@type\":\"SearchAction\",\"target\":{\"@type\":\"EntryPoint\",\"urlTemplate\":\"https:\/\/www.ruralgia.com\/blog\/?s={search_term_string}\"},\"query-input\":{\"@type\":\"PropertyValueSpecification\",\"valueRequired\":true,\"valueName\":\"search_term_string\"}}],\"inLanguage\":\"es\"},{\"@type\":\"Person\",\"@id\":\"https:\/\/www.ruralgia.com\/blog\/#\/schema\/person\/f9d61dcaa454dc132c65467750b88c01\",\"name\":\"admin\",\"image\":{\"@type\":\"ImageObject\",\"inLanguage\":\"es\",\"@id\":\"https:\/\/www.ruralgia.com\/blog\/#\/schema\/person\/image\/\",\"url\":\"https:\/\/secure.gravatar.com\/avatar\/308988d44afa417cbdf20b1a60ad4489?s=96&d=mm&r=g\",\"contentUrl\":\"https:\/\/secure.gravatar.com\/avatar\/308988d44afa417cbdf20b1a60ad4489?s=96&d=mm&r=g\",\"caption\":\"admin\"},\"url\":\"https:\/\/www.ruralgia.com\/blog\/author\/admin\/\"}]}<\/script>\n<!-- \/ Yoast SEO plugin. -->","yoast_head_json":{"title":"Periferias 2013  - Ruralgia Blog","robots":{"index":"index","follow":"follow","max-snippet":"max-snippet:-1","max-image-preview":"max-image-preview:large","max-video-preview":"max-video-preview:-1"},"canonical":"https:\/\/www.ruralgia.com\/blog\/periferias-2013\/","og_locale":"es_ES","og_type":"article","og_title":"Periferias 2013  - Ruralgia Blog","og_description":"Huesca acoger\u00e1 del 30 de octubre al 3 de noviembre la 14\u00aa edici\u00f3n del Festival Periferias, que este a\u00f1o dedica su programaci\u00f3n al Horror, en su m\u00e1s amplio sentido. El festival oscense Periferias llega este a\u00f1o a su 14\u00aa edici\u00f3n. &hellip; Sigue leyendo &rarr;","og_url":"https:\/\/www.ruralgia.com\/blog\/periferias-2013\/","og_site_name":"Ruralgia Blog","article_published_time":"2013-10-07T17:46:26+00:00","og_image":[{"width":893,"height":1181,"url":"https:\/\/www.ruralgia.com\/blog\/wp-content\/uploads\/2013\/10\/cartel-periferias2013-prensa.jpg","type":"image\/jpeg"}],"author":"admin","twitter_card":"summary_large_image","twitter_misc":{"Escrito por":"admin","Tiempo de lectura":"2 minutos"},"schema":{"@context":"https:\/\/schema.org","@graph":[{"@type":"WebPage","@id":"https:\/\/www.ruralgia.com\/blog\/periferias-2013\/","url":"https:\/\/www.ruralgia.com\/blog\/periferias-2013\/","name":"Periferias 2013 - Ruralgia Blog","isPartOf":{"@id":"https:\/\/www.ruralgia.com\/blog\/#website"},"primaryImageOfPage":{"@id":"https:\/\/www.ruralgia.com\/blog\/periferias-2013\/#primaryimage"},"image":{"@id":"https:\/\/www.ruralgia.com\/blog\/periferias-2013\/#primaryimage"},"thumbnailUrl":"https:\/\/www.ruralgia.com\/blog\/wp-content\/uploads\/2013\/10\/cartel-periferias2013-prensa.jpg","datePublished":"2013-10-07T17:46:26+00:00","dateModified":"2013-10-07T17:46:26+00:00","author":{"@id":"https:\/\/www.ruralgia.com\/blog\/#\/schema\/person\/f9d61dcaa454dc132c65467750b88c01"},"breadcrumb":{"@id":"https:\/\/www.ruralgia.com\/blog\/periferias-2013\/#breadcrumb"},"inLanguage":"es","potentialAction":[{"@type":"ReadAction","target":["https:\/\/www.ruralgia.com\/blog\/periferias-2013\/"]}]},{"@type":"ImageObject","inLanguage":"es","@id":"https:\/\/www.ruralgia.com\/blog\/periferias-2013\/#primaryimage","url":"https:\/\/www.ruralgia.com\/blog\/wp-content\/uploads\/2013\/10\/cartel-periferias2013-prensa.jpg","contentUrl":"https:\/\/www.ruralgia.com\/blog\/wp-content\/uploads\/2013\/10\/cartel-periferias2013-prensa.jpg","width":893,"height":1181},{"@type":"BreadcrumbList","@id":"https:\/\/www.ruralgia.com\/blog\/periferias-2013\/#breadcrumb","itemListElement":[{"@type":"ListItem","position":1,"name":"Portada","item":"https:\/\/www.ruralgia.com\/blog\/"},{"@type":"ListItem","position":2,"name":"Periferias 2013"}]},{"@type":"WebSite","@id":"https:\/\/www.ruralgia.com\/blog\/#website","url":"https:\/\/www.ruralgia.com\/blog\/","name":"Ruralgia Blog","description":"El blog de viajes y turismo de Ruralgia","potentialAction":[{"@type":"SearchAction","target":{"@type":"EntryPoint","urlTemplate":"https:\/\/www.ruralgia.com\/blog\/?s={search_term_string}"},"query-input":{"@type":"PropertyValueSpecification","valueRequired":true,"valueName":"search_term_string"}}],"inLanguage":"es"},{"@type":"Person","@id":"https:\/\/www.ruralgia.com\/blog\/#\/schema\/person\/f9d61dcaa454dc132c65467750b88c01","name":"admin","image":{"@type":"ImageObject","inLanguage":"es","@id":"https:\/\/www.ruralgia.com\/blog\/#\/schema\/person\/image\/","url":"https:\/\/secure.gravatar.com\/avatar\/308988d44afa417cbdf20b1a60ad4489?s=96&d=mm&r=g","contentUrl":"https:\/\/secure.gravatar.com\/avatar\/308988d44afa417cbdf20b1a60ad4489?s=96&d=mm&r=g","caption":"admin"},"url":"https:\/\/www.ruralgia.com\/blog\/author\/admin\/"}]}},"amp_enabled":true,"_links":{"self":[{"href":"https:\/\/www.ruralgia.com\/blog\/wp-json\/wp\/v2\/posts\/1380","targetHints":{"allow":["GET"]}}],"collection":[{"href":"https:\/\/www.ruralgia.com\/blog\/wp-json\/wp\/v2\/posts"}],"about":[{"href":"https:\/\/www.ruralgia.com\/blog\/wp-json\/wp\/v2\/types\/post"}],"author":[{"embeddable":true,"href":"https:\/\/www.ruralgia.com\/blog\/wp-json\/wp\/v2\/users\/1"}],"replies":[{"embeddable":true,"href":"https:\/\/www.ruralgia.com\/blog\/wp-json\/wp\/v2\/comments?post=1380"}],"version-history":[{"count":14,"href":"https:\/\/www.ruralgia.com\/blog\/wp-json\/wp\/v2\/posts\/1380\/revisions"}],"predecessor-version":[{"id":1412,"href":"https:\/\/www.ruralgia.com\/blog\/wp-json\/wp\/v2\/posts\/1380\/revisions\/1412"}],"wp:featuredmedia":[{"embeddable":true,"href":"https:\/\/www.ruralgia.com\/blog\/wp-json\/wp\/v2\/media\/1381"}],"wp:attachment":[{"href":"https:\/\/www.ruralgia.com\/blog\/wp-json\/wp\/v2\/media?parent=1380"}],"wp:term":[{"taxonomy":"category","embeddable":true,"href":"https:\/\/www.ruralgia.com\/blog\/wp-json\/wp\/v2\/categories?post=1380"},{"taxonomy":"post_tag","embeddable":true,"href":"https:\/\/www.ruralgia.com\/blog\/wp-json\/wp\/v2\/tags?post=1380"}],"curies":[{"name":"wp","href":"https:\/\/api.w.org\/{rel}","templated":true}]}}