{"id":1406,"date":"2013-10-08T08:16:30","date_gmt":"2013-10-08T08:16:30","guid":{"rendered":"https:\/\/www.ruralgia.com\/blog\/?p=1406"},"modified":"2013-10-08T08:16:30","modified_gmt":"2013-10-08T08:16:30","slug":"feria-de-la-miel-en-boal-2013","status":"publish","type":"post","link":"https:\/\/www.ruralgia.com\/blog\/feria-de-la-miel-en-boal-2013\/","title":{"rendered":"Feria de la Miel en Boal 2013"},"content":{"rendered":"<h2 class=\"titulo3\">XXVII FERIA DE LA MIEL DE BOAL<\/h2>\n<p><a href=\"https:\/\/www.ruralgia.com\/blog\/wp-content\/uploads\/2013\/10\/feria-de-la-miel.jpg\" rel=\"lightbox[1406]\"><img loading=\"lazy\" decoding=\"async\" class=\"size-medium wp-image-1407 alignleft\" style=\"border: 2px solid black; margin: 5px;\" alt=\"feria de la miel\" src=\"https:\/\/www.ruralgia.com\/blog\/wp-content\/uploads\/2013\/10\/feria-de-la-miel-212x300.jpg\" width=\"212\" height=\"300\" srcset=\"https:\/\/www.ruralgia.com\/blog\/wp-content\/uploads\/2013\/10\/feria-de-la-miel-212x300.jpg 212w, https:\/\/www.ruralgia.com\/blog\/wp-content\/uploads\/2013\/10\/feria-de-la-miel.jpg 269w\" sizes=\"auto, (max-width: 212px) 100vw, 212px\" \/><\/a>Si hay algo con lo que inmediatamente se relaciona el nombre de Boal es con el de miel. Hablar de apicultura y de miel en Asturias es hablar, necesariamente, de Boal. Y es que nuestro concejo se ha sabido ganar a pulso con su buen saber hacer un puesto destacado dentro de los municipios mel\u00edferos de Espa\u00f1a.<\/p>\n<p>Expertos apicultores y un lugar privilegiado en cuento a flora y paisaje se refiere, confieren a nuestra miel unas caracter\u00edsticas singulares, f\u00e1cilmente identificables y que la convierten en un referente gastron\u00f3mico muy apreciado.<\/p>\n<p>Con el objetivo de reforzar la posici\u00f3n en el mercado de nuestro producto estrella, la asociaci\u00f3n de apicultores y el Ayuntamiento de Boal crearon hace 27a\u00f1os la FERIA DE LA MIEL. Desde entonces hasta hoy la Feria ha ido creciendo, ha variado su localizaci\u00f3n, pero contin\u00faa manteniendo su esencia, que no es otra m\u00e1s que la de mostrar al numeroso p\u00fablico que a ella se acerca la excelente calidad de nuestra miel. La uni\u00f3n de todo el pueblo en torno a ella es sin duda su clave de \u00e9xito.<\/p>\n<p>Paralelamente a la actividad mercantil, se desarrollan otras actividades que vienen a potenciar el atractivo del evento en s\u00ed, tanto a nivel profesional como en su car\u00e1cter l\u00fadico. Por un lado la celebraci\u00f3n de jornadas ap\u00edcolas ha sido una constante. A lo largo de estos veinticinco a\u00f1os han sido muchos los expertos que se han acercado a Boal y que nos han dejado sus conocimientos en torno a t\u00e9cnicas de producci\u00f3n y tratamiento, flora, el mundo de las abejas y el medio rural asturiano en general. Conferencias, mesas redondas de debate, publicaciones, son algunos de los formatos que la feria de la miel ha escogido en estos a\u00f1os.<\/p>\n<p><script type=\"text\/javascript\" src=\"https:\/\/www.ruralgia.com\/caja_cerca.php?metodo=municipio&amp;ancho=250&amp;elementos=4&amp;size=90&amp;estilo=humanity&amp;float=right&amp;kms=20&amp;aleatorio=true&amp;municipio=Boal (Asturias)\"><\/script><\/p>\n<p>El premio \u201cEl Cort\u00edn\u201d se cre\u00f3 con el objeto de reconocer el trabajo de aquellas personas e instituciones que se hayan distinguido por su apoyo y promoci\u00f3n de la apicultura, tanto a nivel asturiano como nacional. El jurado ha premiado en dieciocho ocasiones con \u00e9l la labor de personas y colectivos de muy distinta \u00edndole y procedencia, a todos ellos nuestra m\u00e1s sincera enhorabuena y agradecimiento por aceptarlo. Como agradecimiento se merecen tambi\u00e9n nuestros pregoneros que han anunciado al p\u00fablico y han invitado a participar en nuestra Feria a las gentes que a ella se han acercado. Cada uno de ellos con su toque personal y \u00fanico ha glosado nuestra miel y nuestro certamen y han compartido con nosotros las distintas ediciones del mismo, convirti\u00e9ndose en parte de \u00e9l con su legado.<\/p>\n<p>La miel se ha utilizado en nuestra cocina desde tiempos inmemoriales. El concurso de platos congrega un gran n\u00famero de participantes que, sin lugar a dudas, satisfacen los paladares m\u00e1s exigentes. Por su calidad, presentaci\u00f3n o tradici\u00f3n, el jurado elige a los premiados, aunque todos ellos son merecedores del galard\u00f3n por su esfuerzo y colaboraci\u00f3n. Los concursos de maquetas y el de carteles de la siguiente edici\u00f3n congregan tambi\u00e9n un elevado n\u00famero de participantes.<\/p>\n<p>Como hemos venido rese\u00f1ando, la Feria es tradici\u00f3n, y nuestras costumbres tienen un hueco en ella en forma de deportes, de nuestro \u201cmagosto\u201d y las escenas del grupo de teatro \u201cPenedo Aball\u00f3n\u201d y de nuestra m\u00fasica m\u00e1s arraigada. En esta edici\u00f3n, adem\u00e1s del grupo de gaitas \u201cBrisas del Navia\u201d, en la noche del s\u00e1bado contaremos con la presencia de otros grupos m\u00e1s destacados en el panorama regional.<\/p>\n<p>Talleres y concursos para los m\u00e1s peque\u00f1os y exposiciones completan la carta de este dulce men\u00fa que la organizaci\u00f3n pondr\u00e1 a su disposici\u00f3n para ser degustado los pr\u00f3ximos <strong>2 y 3de noviembre.<\/strong><\/p>\n<p><a href=\"http:\/\/www.boal.es\/index.php?M1=3&amp;M2=67\" target=\"_blank\"><strong>Fuente<\/strong><\/a>.<\/p>\n<p>&nbsp;<\/p>\n<p>&nbsp;<\/p>\n","protected":false},"excerpt":{"rendered":"<p>XXVII FERIA DE LA MIEL DE BOAL Si hay algo con lo que inmediatamente se relaciona el nombre de Boal es con el de miel. Hablar de apicultura y de miel en Asturias es hablar, necesariamente, de Boal. Y es &hellip; <a href=\"https:\/\/www.ruralgia.com\/blog\/feria-de-la-miel-en-boal-2013\/\">Sigue leyendo <span class=\"meta-nav\">&rarr;<\/span><\/a><\/p>\n","protected":false},"author":1,"featured_media":1407,"comment_status":"open","ping_status":"open","sticky":false,"template":"","format":"standard","meta":{"footnotes":""},"categories":[92,12,101],"tags":[158,95,161,165,39,43,71],"class_list":["post-1406","post","type-post","status-publish","format-standard","has-post-thumbnail","hentry","category-ferias","category-propuestas","category-turismo","tag-cultura","tag-ecologico","tag-eventos","tag-ferias","tag-gastronomia","tag-historia","tag-turismo-rural"],"yoast_head":"<!-- This site is optimized with the Yoast SEO plugin v24.1 - https:\/\/yoast.com\/wordpress\/plugins\/seo\/ -->\n<title>Feria de la Miel en Boal 2013 - Ruralgia Blog<\/title>\n<meta name=\"robots\" content=\"index, follow, max-snippet:-1, max-image-preview:large, max-video-preview:-1\" \/>\n<link rel=\"canonical\" href=\"https:\/\/www.ruralgia.com\/blog\/feria-de-la-miel-en-boal-2013\/\" \/>\n<meta property=\"og:locale\" content=\"es_ES\" \/>\n<meta property=\"og:type\" content=\"article\" \/>\n<meta property=\"og:title\" content=\"Feria de la Miel en Boal 2013 - Ruralgia Blog\" \/>\n<meta property=\"og:description\" content=\"XXVII FERIA DE LA MIEL DE BOAL Si hay algo con lo que inmediatamente se relaciona el nombre de Boal es con el de miel. Hablar de apicultura y de miel en Asturias es hablar, necesariamente, de Boal. Y es &hellip; Sigue leyendo &rarr;\" \/>\n<meta property=\"og:url\" content=\"https:\/\/www.ruralgia.com\/blog\/feria-de-la-miel-en-boal-2013\/\" \/>\n<meta property=\"og:site_name\" content=\"Ruralgia Blog\" \/>\n<meta property=\"article:published_time\" content=\"2013-10-08T08:16:30+00:00\" \/>\n<meta property=\"og:image\" content=\"https:\/\/www.ruralgia.com\/blog\/wp-content\/uploads\/2013\/10\/feria-de-la-miel.jpg\" \/>\n\t<meta property=\"og:image:width\" content=\"269\" \/>\n\t<meta property=\"og:image:height\" content=\"380\" \/>\n\t<meta property=\"og:image:type\" content=\"image\/jpeg\" \/>\n<meta name=\"author\" content=\"admin\" \/>\n<meta name=\"twitter:card\" content=\"summary_large_image\" \/>\n<meta name=\"twitter:label1\" content=\"Escrito por\" \/>\n\t<meta name=\"twitter:data1\" content=\"admin\" \/>\n\t<meta name=\"twitter:label2\" content=\"Tiempo de lectura\" \/>\n\t<meta name=\"twitter:data2\" content=\"3 minutos\" \/>\n<script type=\"application\/ld+json\" class=\"yoast-schema-graph\">{\"@context\":\"https:\/\/schema.org\",\"@graph\":[{\"@type\":\"WebPage\",\"@id\":\"https:\/\/www.ruralgia.com\/blog\/feria-de-la-miel-en-boal-2013\/\",\"url\":\"https:\/\/www.ruralgia.com\/blog\/feria-de-la-miel-en-boal-2013\/\",\"name\":\"Feria de la Miel en Boal 2013 - Ruralgia Blog\",\"isPartOf\":{\"@id\":\"https:\/\/www.ruralgia.com\/blog\/#website\"},\"primaryImageOfPage\":{\"@id\":\"https:\/\/www.ruralgia.com\/blog\/feria-de-la-miel-en-boal-2013\/#primaryimage\"},\"image\":{\"@id\":\"https:\/\/www.ruralgia.com\/blog\/feria-de-la-miel-en-boal-2013\/#primaryimage\"},\"thumbnailUrl\":\"https:\/\/www.ruralgia.com\/blog\/wp-content\/uploads\/2013\/10\/feria-de-la-miel.jpg\",\"datePublished\":\"2013-10-08T08:16:30+00:00\",\"dateModified\":\"2013-10-08T08:16:30+00:00\",\"author\":{\"@id\":\"https:\/\/www.ruralgia.com\/blog\/#\/schema\/person\/f9d61dcaa454dc132c65467750b88c01\"},\"breadcrumb\":{\"@id\":\"https:\/\/www.ruralgia.com\/blog\/feria-de-la-miel-en-boal-2013\/#breadcrumb\"},\"inLanguage\":\"es\",\"potentialAction\":[{\"@type\":\"ReadAction\",\"target\":[\"https:\/\/www.ruralgia.com\/blog\/feria-de-la-miel-en-boal-2013\/\"]}]},{\"@type\":\"ImageObject\",\"inLanguage\":\"es\",\"@id\":\"https:\/\/www.ruralgia.com\/blog\/feria-de-la-miel-en-boal-2013\/#primaryimage\",\"url\":\"https:\/\/www.ruralgia.com\/blog\/wp-content\/uploads\/2013\/10\/feria-de-la-miel.jpg\",\"contentUrl\":\"https:\/\/www.ruralgia.com\/blog\/wp-content\/uploads\/2013\/10\/feria-de-la-miel.jpg\",\"width\":269,\"height\":380},{\"@type\":\"BreadcrumbList\",\"@id\":\"https:\/\/www.ruralgia.com\/blog\/feria-de-la-miel-en-boal-2013\/#breadcrumb\",\"itemListElement\":[{\"@type\":\"ListItem\",\"position\":1,\"name\":\"Portada\",\"item\":\"https:\/\/www.ruralgia.com\/blog\/\"},{\"@type\":\"ListItem\",\"position\":2,\"name\":\"Feria de la Miel en Boal 2013\"}]},{\"@type\":\"WebSite\",\"@id\":\"https:\/\/www.ruralgia.com\/blog\/#website\",\"url\":\"https:\/\/www.ruralgia.com\/blog\/\",\"name\":\"Ruralgia Blog\",\"description\":\"El blog de viajes y turismo de Ruralgia\",\"potentialAction\":[{\"@type\":\"SearchAction\",\"target\":{\"@type\":\"EntryPoint\",\"urlTemplate\":\"https:\/\/www.ruralgia.com\/blog\/?s={search_term_string}\"},\"query-input\":{\"@type\":\"PropertyValueSpecification\",\"valueRequired\":true,\"valueName\":\"search_term_string\"}}],\"inLanguage\":\"es\"},{\"@type\":\"Person\",\"@id\":\"https:\/\/www.ruralgia.com\/blog\/#\/schema\/person\/f9d61dcaa454dc132c65467750b88c01\",\"name\":\"admin\",\"image\":{\"@type\":\"ImageObject\",\"inLanguage\":\"es\",\"@id\":\"https:\/\/www.ruralgia.com\/blog\/#\/schema\/person\/image\/\",\"url\":\"https:\/\/secure.gravatar.com\/avatar\/308988d44afa417cbdf20b1a60ad4489?s=96&d=mm&r=g\",\"contentUrl\":\"https:\/\/secure.gravatar.com\/avatar\/308988d44afa417cbdf20b1a60ad4489?s=96&d=mm&r=g\",\"caption\":\"admin\"},\"url\":\"https:\/\/www.ruralgia.com\/blog\/author\/admin\/\"}]}<\/script>\n<!-- \/ Yoast SEO plugin. -->","yoast_head_json":{"title":"Feria de la Miel en Boal 2013 - Ruralgia Blog","robots":{"index":"index","follow":"follow","max-snippet":"max-snippet:-1","max-image-preview":"max-image-preview:large","max-video-preview":"max-video-preview:-1"},"canonical":"https:\/\/www.ruralgia.com\/blog\/feria-de-la-miel-en-boal-2013\/","og_locale":"es_ES","og_type":"article","og_title":"Feria de la Miel en Boal 2013 - Ruralgia Blog","og_description":"XXVII FERIA DE LA MIEL DE BOAL Si hay algo con lo que inmediatamente se relaciona el nombre de Boal es con el de miel. Hablar de apicultura y de miel en Asturias es hablar, necesariamente, de Boal. Y es &hellip; Sigue leyendo &rarr;","og_url":"https:\/\/www.ruralgia.com\/blog\/feria-de-la-miel-en-boal-2013\/","og_site_name":"Ruralgia Blog","article_published_time":"2013-10-08T08:16:30+00:00","og_image":[{"width":269,"height":380,"url":"https:\/\/www.ruralgia.com\/blog\/wp-content\/uploads\/2013\/10\/feria-de-la-miel.jpg","type":"image\/jpeg"}],"author":"admin","twitter_card":"summary_large_image","twitter_misc":{"Escrito por":"admin","Tiempo de lectura":"3 minutos"},"schema":{"@context":"https:\/\/schema.org","@graph":[{"@type":"WebPage","@id":"https:\/\/www.ruralgia.com\/blog\/feria-de-la-miel-en-boal-2013\/","url":"https:\/\/www.ruralgia.com\/blog\/feria-de-la-miel-en-boal-2013\/","name":"Feria de la Miel en Boal 2013 - Ruralgia Blog","isPartOf":{"@id":"https:\/\/www.ruralgia.com\/blog\/#website"},"primaryImageOfPage":{"@id":"https:\/\/www.ruralgia.com\/blog\/feria-de-la-miel-en-boal-2013\/#primaryimage"},"image":{"@id":"https:\/\/www.ruralgia.com\/blog\/feria-de-la-miel-en-boal-2013\/#primaryimage"},"thumbnailUrl":"https:\/\/www.ruralgia.com\/blog\/wp-content\/uploads\/2013\/10\/feria-de-la-miel.jpg","datePublished":"2013-10-08T08:16:30+00:00","dateModified":"2013-10-08T08:16:30+00:00","author":{"@id":"https:\/\/www.ruralgia.com\/blog\/#\/schema\/person\/f9d61dcaa454dc132c65467750b88c01"},"breadcrumb":{"@id":"https:\/\/www.ruralgia.com\/blog\/feria-de-la-miel-en-boal-2013\/#breadcrumb"},"inLanguage":"es","potentialAction":[{"@type":"ReadAction","target":["https:\/\/www.ruralgia.com\/blog\/feria-de-la-miel-en-boal-2013\/"]}]},{"@type":"ImageObject","inLanguage":"es","@id":"https:\/\/www.ruralgia.com\/blog\/feria-de-la-miel-en-boal-2013\/#primaryimage","url":"https:\/\/www.ruralgia.com\/blog\/wp-content\/uploads\/2013\/10\/feria-de-la-miel.jpg","contentUrl":"https:\/\/www.ruralgia.com\/blog\/wp-content\/uploads\/2013\/10\/feria-de-la-miel.jpg","width":269,"height":380},{"@type":"BreadcrumbList","@id":"https:\/\/www.ruralgia.com\/blog\/feria-de-la-miel-en-boal-2013\/#breadcrumb","itemListElement":[{"@type":"ListItem","position":1,"name":"Portada","item":"https:\/\/www.ruralgia.com\/blog\/"},{"@type":"ListItem","position":2,"name":"Feria de la Miel en Boal 2013"}]},{"@type":"WebSite","@id":"https:\/\/www.ruralgia.com\/blog\/#website","url":"https:\/\/www.ruralgia.com\/blog\/","name":"Ruralgia Blog","description":"El blog de viajes y turismo de Ruralgia","potentialAction":[{"@type":"SearchAction","target":{"@type":"EntryPoint","urlTemplate":"https:\/\/www.ruralgia.com\/blog\/?s={search_term_string}"},"query-input":{"@type":"PropertyValueSpecification","valueRequired":true,"valueName":"search_term_string"}}],"inLanguage":"es"},{"@type":"Person","@id":"https:\/\/www.ruralgia.com\/blog\/#\/schema\/person\/f9d61dcaa454dc132c65467750b88c01","name":"admin","image":{"@type":"ImageObject","inLanguage":"es","@id":"https:\/\/www.ruralgia.com\/blog\/#\/schema\/person\/image\/","url":"https:\/\/secure.gravatar.com\/avatar\/308988d44afa417cbdf20b1a60ad4489?s=96&d=mm&r=g","contentUrl":"https:\/\/secure.gravatar.com\/avatar\/308988d44afa417cbdf20b1a60ad4489?s=96&d=mm&r=g","caption":"admin"},"url":"https:\/\/www.ruralgia.com\/blog\/author\/admin\/"}]}},"amp_enabled":true,"_links":{"self":[{"href":"https:\/\/www.ruralgia.com\/blog\/wp-json\/wp\/v2\/posts\/1406","targetHints":{"allow":["GET"]}}],"collection":[{"href":"https:\/\/www.ruralgia.com\/blog\/wp-json\/wp\/v2\/posts"}],"about":[{"href":"https:\/\/www.ruralgia.com\/blog\/wp-json\/wp\/v2\/types\/post"}],"author":[{"embeddable":true,"href":"https:\/\/www.ruralgia.com\/blog\/wp-json\/wp\/v2\/users\/1"}],"replies":[{"embeddable":true,"href":"https:\/\/www.ruralgia.com\/blog\/wp-json\/wp\/v2\/comments?post=1406"}],"version-history":[{"count":7,"href":"https:\/\/www.ruralgia.com\/blog\/wp-json\/wp\/v2\/posts\/1406\/revisions"}],"predecessor-version":[{"id":1416,"href":"https:\/\/www.ruralgia.com\/blog\/wp-json\/wp\/v2\/posts\/1406\/revisions\/1416"}],"wp:featuredmedia":[{"embeddable":true,"href":"https:\/\/www.ruralgia.com\/blog\/wp-json\/wp\/v2\/media\/1407"}],"wp:attachment":[{"href":"https:\/\/www.ruralgia.com\/blog\/wp-json\/wp\/v2\/media?parent=1406"}],"wp:term":[{"taxonomy":"category","embeddable":true,"href":"https:\/\/www.ruralgia.com\/blog\/wp-json\/wp\/v2\/categories?post=1406"},{"taxonomy":"post_tag","embeddable":true,"href":"https:\/\/www.ruralgia.com\/blog\/wp-json\/wp\/v2\/tags?post=1406"}],"curies":[{"name":"wp","href":"https:\/\/api.w.org\/{rel}","templated":true}]}}