{"id":1429,"date":"2013-10-10T19:14:14","date_gmt":"2013-10-10T19:14:14","guid":{"rendered":"https:\/\/www.ruralgia.com\/blog\/?p=1429"},"modified":"2013-10-10T19:14:14","modified_gmt":"2013-10-10T19:14:14","slug":"feria-del-jamon-2013","status":"publish","type":"post","link":"https:\/\/www.ruralgia.com\/blog\/feria-del-jamon-2013\/","title":{"rendered":"Feria del Jam\u00f3n 2013"},"content":{"rendered":"<p>Semana del Jam\u00f3n Ib\u00e9rico. <strong>Feria Regional del Jam\u00f3n y del Cerdo Ib\u00e9rico.<\/strong><\/p>\n<p><a href=\"https:\/\/www.ruralgia.com\/blog\/wp-content\/uploads\/2013\/10\/Cartel_Feria_del_Jamon_2013_web.jpg\" rel=\"lightbox[1429]\"><img loading=\"lazy\" decoding=\"async\" class=\"size-full wp-image-1431 alignright\" style=\"border: 2px solid black; margin: 5px;\" alt=\"????????????????????????????\" src=\"https:\/\/www.ruralgia.com\/blog\/wp-content\/uploads\/2013\/10\/Cartel_Feria_del_Jamon_2013_web.jpg\" width=\"225\" height=\"314\" srcset=\"https:\/\/www.ruralgia.com\/blog\/wp-content\/uploads\/2013\/10\/Cartel_Feria_del_Jamon_2013_web.jpg 225w, https:\/\/www.ruralgia.com\/blog\/wp-content\/uploads\/2013\/10\/Cartel_Feria_del_Jamon_2013_web-214x300.jpg 214w\" sizes=\"auto, (max-width: 225px) 100vw, 225px\" \/><\/a><\/p>\n<p>La<strong> Feria del Jam\u00f3n de Aracena<\/strong> cuenta ya con cartel anunciador de una de las citas m\u00e1s esperadas del oto\u00f1o en la<strong> Sierra de Aracena y Picos de Aroche.<\/strong> Seg\u00fan informa el Ayuntamiento en un comunicado, <strong>dos emblemas de Aracena, la Gruta de las Maravillas y el buen jam\u00f3n, se funden en el cartel anunciador<\/strong> de la celebraci\u00f3n que esta localidad dedica a este excepcional producto en el mes de octubre y que este a\u00f1o presenta importantes novedades.<\/p>\n<p>Y es que <strong>la Feria Regional del Jam\u00f3n y del Cerdo Ib\u00e9rico de 2013 se desarrollar\u00e1 durante dos fines de semana (del 18 a 20 y del 25 a 27 de octubre)<\/strong> dentro de una amplia programaci\u00f3n de actividades de diverso tipo integrada en lo que se ha dado en llamar la <strong>\u2018Semana del Jam\u00f3n Ib\u00e9rico\u2019.<\/strong><\/p>\n<p>Aunque la programaci\u00f3n definitiva todav\u00eda se est\u00e1 perfilando ya se conoce que, a <strong>las actividades ya tradicionales como el Concurso de Cortadores, la Degustaci\u00f3n de Productos de la Matanza o el sorteo \u2018Su peso en jam\u00f3n\u2019, este a\u00f1o se incorporar\u00e1n otras nuevas como la \u2018Ruta de la tapa ib\u00e9rica\u2019 o el Concurso de Pintura sobre el mundo del jam\u00f3n y el cerdo ib\u00e9rico e, igualmente, se rescatar\u00e1n eventos como la \u2018Gala del Jam\u00f3n\u2019.<\/strong><\/p>\n<p><script type=\"text\/javascript\" src=\"https:\/\/www.ruralgia.com\/caja_cerca.php?metodo=municipio&amp;ancho=250&amp;elementos=4&amp;size=90&amp;estilo=start&amp;float=left&amp;kms=20&amp;aleatorio=true&amp;municipio=Aracena (Huelva)\"><\/script><\/p>\n<p>Tambi\u00e9n puede anticiparse que se superar\u00e1 el n\u00famero de empresas presentes en ediciones anteriores, ya que, hasta la fecha, han solicitado su participaci\u00f3n en torno a 50 entidades.<\/p>\n<p>El <strong>cartel de este a\u00f1o es un gui\u00f1o a la conmemoraci\u00f3n del centenario de la Gruta de las Maravillas que tendr\u00e1 lugar en 2014, cuyo logotipo se convierte en vitola del jam\u00f3n que aparece sobre el fondo de una de sus salas m\u00e1s emblem\u00e1ticas y sobre una de las formaciones m\u00e1s originales (la conocida como \u2018Palmatoria\u2019).<\/strong><\/p>\n<p><a href=\"http:\/\/turismosierradearacena.com\/feria-del-jamon-de-aracena-sierra-de-huelva-casa-rural\/\" target=\"_blank\"><strong>Fuente.<\/strong><\/a><\/p>\n<p><a href=\"http:\/\/www.aracena.es\/index.php\/propuestas-destacadas-others-107\/961-feria-del-jamon-2013-p\" target=\"_blank\"><strong>M\u00e1s informaci\u00f3n.<\/strong><\/a><\/p>\n<p>&nbsp;<\/p>\n","protected":false},"excerpt":{"rendered":"<p>Semana del Jam\u00f3n Ib\u00e9rico. Feria Regional del Jam\u00f3n y del Cerdo Ib\u00e9rico. La Feria del Jam\u00f3n de Aracena cuenta ya con cartel anunciador de una de las citas m\u00e1s esperadas del oto\u00f1o en la Sierra de Aracena y Picos de &hellip; <a href=\"https:\/\/www.ruralgia.com\/blog\/feria-del-jamon-2013\/\">Sigue leyendo <span class=\"meta-nav\">&rarr;<\/span><\/a><\/p>\n","protected":false},"author":1,"featured_media":1431,"comment_status":"open","ping_status":"open","sticky":false,"template":"","format":"standard","meta":{"footnotes":""},"categories":[92,91,101],"tags":[161,165,39,71],"class_list":["post-1429","post","type-post","status-publish","format-standard","has-post-thumbnail","hentry","category-ferias","category-propuestas-eventos","category-turismo","tag-eventos","tag-ferias","tag-gastronomia","tag-turismo-rural"],"yoast_head":"<!-- This site is optimized with the Yoast SEO plugin v24.1 - https:\/\/yoast.com\/wordpress\/plugins\/seo\/ -->\n<title>Feria del Jam\u00f3n 2013 - Ruralgia Blog<\/title>\n<meta name=\"robots\" content=\"index, follow, max-snippet:-1, max-image-preview:large, max-video-preview:-1\" \/>\n<link rel=\"canonical\" href=\"https:\/\/www.ruralgia.com\/blog\/feria-del-jamon-2013\/\" \/>\n<meta property=\"og:locale\" content=\"es_ES\" \/>\n<meta property=\"og:type\" content=\"article\" \/>\n<meta property=\"og:title\" content=\"Feria del Jam\u00f3n 2013 - Ruralgia Blog\" \/>\n<meta property=\"og:description\" content=\"Semana del Jam\u00f3n Ib\u00e9rico. Feria Regional del Jam\u00f3n y del Cerdo Ib\u00e9rico. La Feria del Jam\u00f3n de Aracena cuenta ya con cartel anunciador de una de las citas m\u00e1s esperadas del oto\u00f1o en la Sierra de Aracena y Picos de &hellip; Sigue leyendo &rarr;\" \/>\n<meta property=\"og:url\" content=\"https:\/\/www.ruralgia.com\/blog\/feria-del-jamon-2013\/\" \/>\n<meta property=\"og:site_name\" content=\"Ruralgia Blog\" \/>\n<meta property=\"article:published_time\" content=\"2013-10-10T19:14:14+00:00\" \/>\n<meta property=\"og:image\" content=\"https:\/\/www.ruralgia.com\/blog\/wp-content\/uploads\/2013\/10\/Cartel_Feria_del_Jamon_2013_web.jpg\" \/>\n\t<meta property=\"og:image:width\" content=\"225\" \/>\n\t<meta property=\"og:image:height\" content=\"314\" \/>\n\t<meta property=\"og:image:type\" content=\"image\/jpeg\" \/>\n<meta name=\"author\" content=\"admin\" \/>\n<meta name=\"twitter:card\" content=\"summary_large_image\" \/>\n<meta name=\"twitter:label1\" content=\"Escrito por\" \/>\n\t<meta name=\"twitter:data1\" content=\"admin\" \/>\n\t<meta name=\"twitter:label2\" content=\"Tiempo de lectura\" \/>\n\t<meta name=\"twitter:data2\" content=\"2 minutos\" \/>\n<script type=\"application\/ld+json\" class=\"yoast-schema-graph\">{\"@context\":\"https:\/\/schema.org\",\"@graph\":[{\"@type\":\"WebPage\",\"@id\":\"https:\/\/www.ruralgia.com\/blog\/feria-del-jamon-2013\/\",\"url\":\"https:\/\/www.ruralgia.com\/blog\/feria-del-jamon-2013\/\",\"name\":\"Feria del Jam\u00f3n 2013 - Ruralgia Blog\",\"isPartOf\":{\"@id\":\"https:\/\/www.ruralgia.com\/blog\/#website\"},\"primaryImageOfPage\":{\"@id\":\"https:\/\/www.ruralgia.com\/blog\/feria-del-jamon-2013\/#primaryimage\"},\"image\":{\"@id\":\"https:\/\/www.ruralgia.com\/blog\/feria-del-jamon-2013\/#primaryimage\"},\"thumbnailUrl\":\"https:\/\/www.ruralgia.com\/blog\/wp-content\/uploads\/2013\/10\/Cartel_Feria_del_Jamon_2013_web.jpg\",\"datePublished\":\"2013-10-10T19:14:14+00:00\",\"dateModified\":\"2013-10-10T19:14:14+00:00\",\"author\":{\"@id\":\"https:\/\/www.ruralgia.com\/blog\/#\/schema\/person\/f9d61dcaa454dc132c65467750b88c01\"},\"breadcrumb\":{\"@id\":\"https:\/\/www.ruralgia.com\/blog\/feria-del-jamon-2013\/#breadcrumb\"},\"inLanguage\":\"es\",\"potentialAction\":[{\"@type\":\"ReadAction\",\"target\":[\"https:\/\/www.ruralgia.com\/blog\/feria-del-jamon-2013\/\"]}]},{\"@type\":\"ImageObject\",\"inLanguage\":\"es\",\"@id\":\"https:\/\/www.ruralgia.com\/blog\/feria-del-jamon-2013\/#primaryimage\",\"url\":\"https:\/\/www.ruralgia.com\/blog\/wp-content\/uploads\/2013\/10\/Cartel_Feria_del_Jamon_2013_web.jpg\",\"contentUrl\":\"https:\/\/www.ruralgia.com\/blog\/wp-content\/uploads\/2013\/10\/Cartel_Feria_del_Jamon_2013_web.jpg\",\"width\":225,\"height\":314},{\"@type\":\"BreadcrumbList\",\"@id\":\"https:\/\/www.ruralgia.com\/blog\/feria-del-jamon-2013\/#breadcrumb\",\"itemListElement\":[{\"@type\":\"ListItem\",\"position\":1,\"name\":\"Portada\",\"item\":\"https:\/\/www.ruralgia.com\/blog\/\"},{\"@type\":\"ListItem\",\"position\":2,\"name\":\"Feria del Jam\u00f3n 2013\"}]},{\"@type\":\"WebSite\",\"@id\":\"https:\/\/www.ruralgia.com\/blog\/#website\",\"url\":\"https:\/\/www.ruralgia.com\/blog\/\",\"name\":\"Ruralgia Blog\",\"description\":\"El blog de viajes y turismo de Ruralgia\",\"potentialAction\":[{\"@type\":\"SearchAction\",\"target\":{\"@type\":\"EntryPoint\",\"urlTemplate\":\"https:\/\/www.ruralgia.com\/blog\/?s={search_term_string}\"},\"query-input\":{\"@type\":\"PropertyValueSpecification\",\"valueRequired\":true,\"valueName\":\"search_term_string\"}}],\"inLanguage\":\"es\"},{\"@type\":\"Person\",\"@id\":\"https:\/\/www.ruralgia.com\/blog\/#\/schema\/person\/f9d61dcaa454dc132c65467750b88c01\",\"name\":\"admin\",\"image\":{\"@type\":\"ImageObject\",\"inLanguage\":\"es\",\"@id\":\"https:\/\/www.ruralgia.com\/blog\/#\/schema\/person\/image\/\",\"url\":\"https:\/\/secure.gravatar.com\/avatar\/308988d44afa417cbdf20b1a60ad4489?s=96&d=mm&r=g\",\"contentUrl\":\"https:\/\/secure.gravatar.com\/avatar\/308988d44afa417cbdf20b1a60ad4489?s=96&d=mm&r=g\",\"caption\":\"admin\"},\"url\":\"https:\/\/www.ruralgia.com\/blog\/author\/admin\/\"}]}<\/script>\n<!-- \/ Yoast SEO plugin. -->","yoast_head_json":{"title":"Feria del Jam\u00f3n 2013 - Ruralgia Blog","robots":{"index":"index","follow":"follow","max-snippet":"max-snippet:-1","max-image-preview":"max-image-preview:large","max-video-preview":"max-video-preview:-1"},"canonical":"https:\/\/www.ruralgia.com\/blog\/feria-del-jamon-2013\/","og_locale":"es_ES","og_type":"article","og_title":"Feria del Jam\u00f3n 2013 - Ruralgia Blog","og_description":"Semana del Jam\u00f3n Ib\u00e9rico. Feria Regional del Jam\u00f3n y del Cerdo Ib\u00e9rico. La Feria del Jam\u00f3n de Aracena cuenta ya con cartel anunciador de una de las citas m\u00e1s esperadas del oto\u00f1o en la Sierra de Aracena y Picos de &hellip; Sigue leyendo &rarr;","og_url":"https:\/\/www.ruralgia.com\/blog\/feria-del-jamon-2013\/","og_site_name":"Ruralgia Blog","article_published_time":"2013-10-10T19:14:14+00:00","og_image":[{"width":225,"height":314,"url":"https:\/\/www.ruralgia.com\/blog\/wp-content\/uploads\/2013\/10\/Cartel_Feria_del_Jamon_2013_web.jpg","type":"image\/jpeg"}],"author":"admin","twitter_card":"summary_large_image","twitter_misc":{"Escrito por":"admin","Tiempo de lectura":"2 minutos"},"schema":{"@context":"https:\/\/schema.org","@graph":[{"@type":"WebPage","@id":"https:\/\/www.ruralgia.com\/blog\/feria-del-jamon-2013\/","url":"https:\/\/www.ruralgia.com\/blog\/feria-del-jamon-2013\/","name":"Feria del Jam\u00f3n 2013 - Ruralgia Blog","isPartOf":{"@id":"https:\/\/www.ruralgia.com\/blog\/#website"},"primaryImageOfPage":{"@id":"https:\/\/www.ruralgia.com\/blog\/feria-del-jamon-2013\/#primaryimage"},"image":{"@id":"https:\/\/www.ruralgia.com\/blog\/feria-del-jamon-2013\/#primaryimage"},"thumbnailUrl":"https:\/\/www.ruralgia.com\/blog\/wp-content\/uploads\/2013\/10\/Cartel_Feria_del_Jamon_2013_web.jpg","datePublished":"2013-10-10T19:14:14+00:00","dateModified":"2013-10-10T19:14:14+00:00","author":{"@id":"https:\/\/www.ruralgia.com\/blog\/#\/schema\/person\/f9d61dcaa454dc132c65467750b88c01"},"breadcrumb":{"@id":"https:\/\/www.ruralgia.com\/blog\/feria-del-jamon-2013\/#breadcrumb"},"inLanguage":"es","potentialAction":[{"@type":"ReadAction","target":["https:\/\/www.ruralgia.com\/blog\/feria-del-jamon-2013\/"]}]},{"@type":"ImageObject","inLanguage":"es","@id":"https:\/\/www.ruralgia.com\/blog\/feria-del-jamon-2013\/#primaryimage","url":"https:\/\/www.ruralgia.com\/blog\/wp-content\/uploads\/2013\/10\/Cartel_Feria_del_Jamon_2013_web.jpg","contentUrl":"https:\/\/www.ruralgia.com\/blog\/wp-content\/uploads\/2013\/10\/Cartel_Feria_del_Jamon_2013_web.jpg","width":225,"height":314},{"@type":"BreadcrumbList","@id":"https:\/\/www.ruralgia.com\/blog\/feria-del-jamon-2013\/#breadcrumb","itemListElement":[{"@type":"ListItem","position":1,"name":"Portada","item":"https:\/\/www.ruralgia.com\/blog\/"},{"@type":"ListItem","position":2,"name":"Feria del Jam\u00f3n 2013"}]},{"@type":"WebSite","@id":"https:\/\/www.ruralgia.com\/blog\/#website","url":"https:\/\/www.ruralgia.com\/blog\/","name":"Ruralgia Blog","description":"El blog de viajes y turismo de Ruralgia","potentialAction":[{"@type":"SearchAction","target":{"@type":"EntryPoint","urlTemplate":"https:\/\/www.ruralgia.com\/blog\/?s={search_term_string}"},"query-input":{"@type":"PropertyValueSpecification","valueRequired":true,"valueName":"search_term_string"}}],"inLanguage":"es"},{"@type":"Person","@id":"https:\/\/www.ruralgia.com\/blog\/#\/schema\/person\/f9d61dcaa454dc132c65467750b88c01","name":"admin","image":{"@type":"ImageObject","inLanguage":"es","@id":"https:\/\/www.ruralgia.com\/blog\/#\/schema\/person\/image\/","url":"https:\/\/secure.gravatar.com\/avatar\/308988d44afa417cbdf20b1a60ad4489?s=96&d=mm&r=g","contentUrl":"https:\/\/secure.gravatar.com\/avatar\/308988d44afa417cbdf20b1a60ad4489?s=96&d=mm&r=g","caption":"admin"},"url":"https:\/\/www.ruralgia.com\/blog\/author\/admin\/"}]}},"amp_enabled":true,"_links":{"self":[{"href":"https:\/\/www.ruralgia.com\/blog\/wp-json\/wp\/v2\/posts\/1429","targetHints":{"allow":["GET"]}}],"collection":[{"href":"https:\/\/www.ruralgia.com\/blog\/wp-json\/wp\/v2\/posts"}],"about":[{"href":"https:\/\/www.ruralgia.com\/blog\/wp-json\/wp\/v2\/types\/post"}],"author":[{"embeddable":true,"href":"https:\/\/www.ruralgia.com\/blog\/wp-json\/wp\/v2\/users\/1"}],"replies":[{"embeddable":true,"href":"https:\/\/www.ruralgia.com\/blog\/wp-json\/wp\/v2\/comments?post=1429"}],"version-history":[{"count":6,"href":"https:\/\/www.ruralgia.com\/blog\/wp-json\/wp\/v2\/posts\/1429\/revisions"}],"predecessor-version":[{"id":1442,"href":"https:\/\/www.ruralgia.com\/blog\/wp-json\/wp\/v2\/posts\/1429\/revisions\/1442"}],"wp:featuredmedia":[{"embeddable":true,"href":"https:\/\/www.ruralgia.com\/blog\/wp-json\/wp\/v2\/media\/1431"}],"wp:attachment":[{"href":"https:\/\/www.ruralgia.com\/blog\/wp-json\/wp\/v2\/media?parent=1429"}],"wp:term":[{"taxonomy":"category","embeddable":true,"href":"https:\/\/www.ruralgia.com\/blog\/wp-json\/wp\/v2\/categories?post=1429"},{"taxonomy":"post_tag","embeddable":true,"href":"https:\/\/www.ruralgia.com\/blog\/wp-json\/wp\/v2\/tags?post=1429"}],"curies":[{"name":"wp","href":"https:\/\/api.w.org\/{rel}","templated":true}]}}