{"id":1467,"date":"2013-10-17T09:56:00","date_gmt":"2013-10-17T09:56:00","guid":{"rendered":"https:\/\/www.ruralgia.com\/blog\/?p=1467"},"modified":"2013-10-17T09:56:00","modified_gmt":"2013-10-17T09:56:00","slug":"salon-del-vino-y-la-aceituna-de-extremadura-2013","status":"publish","type":"post","link":"https:\/\/www.ruralgia.com\/blog\/salon-del-vino-y-la-aceituna-de-extremadura-2013\/","title":{"rendered":"Sal\u00f3n del Vino y la Aceituna de Extremadura 2013"},"content":{"rendered":"<p><a href=\"https:\/\/www.ruralgia.com\/blog\/wp-content\/uploads\/2013\/10\/Foto-Feria-Vino-y-Aceite-Extremadura.jpg\" rel=\"lightbox[1467]\"><img loading=\"lazy\" decoding=\"async\" class=\"size-full wp-image-1468 alignleft\" style=\"border: 2px solid black; margin: 5px;\" alt=\"Foto Feria Vino y Aceite Extremadura\" src=\"https:\/\/www.ruralgia.com\/blog\/wp-content\/uploads\/2013\/10\/Foto-Feria-Vino-y-Aceite-Extremadura.jpg\" width=\"259\" height=\"277\" \/><\/a>La ciudad de Almendralejo acoge, entre el <strong>5 y el 7 de noviembre<\/strong> pr\u00f3ximo, una nueva edici\u00f3n del <strong>Sal\u00f3n del Vino y la Aceituna de Extremadura<\/strong>, una feria a\u00f1o tras a\u00f1o consolida su posici\u00f3n como una cita de referencia para los sectores del vino, el aceite y la aceituna.<\/p>\n<p>Entre las novedades, un cambio de fecha que le permitir\u00e1 convertirse en la primera regi\u00f3n vitivin\u00edcola que lleve a cabo la presentaci\u00f3n de las nuevas a\u00f1adas, adem\u00e1s de diversas actividades de la mano de la Ruta del Vino Ribera del Guadiana, como catas, visitas de sumilleres, cocina en vivo y distintas exposiciones, entre otras.<\/p>\n<p>Con la vista puesta en lograr una mayor penetraci\u00f3n en la provincia de C\u00e1ceres, resto de Espa\u00f1a y Portugal, la Feria busca un car\u00e1cter ib\u00e9rico que favorezca la difusi\u00f3n, la promoci\u00f3n y la venta de embotellado principalmente, y tambi\u00e9n el granel, tanto en el sector del vino como la aceituna y el aceite. De forma paralela, aspira a reforzar las marcas Almendralejo Ciudad del Cava, D.O. Ribera del Guadiana y Ruta del Vino Ribera del Guadiana, el proyecto enotur\u00edstico y gastron\u00f3mico del territorio que abarca la Denominaci\u00f3n de Origen.<\/p>\n<p><script src='https:\/\/www.ruralgia.com\/caja_cerca.php?metodo=municipio&#038;ancho=250&#038;elementos=4&#038;size=90&#038;estilo=redmond&#038;float=right&#038;kms=20&#038;aleatorio=true&#038;municipio=Almendralejo (Badajoz)' type='text\/javascript'><\/script><\/p>\n<p><strong>Profesionales y p\u00fablico general<\/strong><\/p>\n<p>Dirigida a un p\u00fablico profesional \u2014al que se dedican en exclusiva las dos primeras jornadas, y a los visitantes en general, que podr\u00e1n hacerlo el \u00faltimo d\u00eda de apertura\u2014 el Sal\u00f3n tiene un \u00e1mbito de influencia regional, nacional e internacional, con la participaci\u00f3n de potenciales compradores de pa\u00edses como Brasil, Canad\u00e1, China, Dinamarca, Irlanda, Italia, Rusia y Estados Unidos.<\/p>\n<p>Adem\u00e1s, se llevar\u00e1n a cabo diversas jornadas, conferencias, talleres y catas comentadas y comparadas en los que se compartir\u00e1n conocimientos y tecnolog\u00edas relacionadas con los sectores del vino, el aceite y la aceituna, as\u00ed como presentaciones de bodegas, mesas de precios y proyectos relacionados.<\/p>\n<p><a href=\"http:\/\/diariodegastronomia.com\/mercado\/ferias\/14807-salon-del-vino-y-la-aceituna-de-extremadura-.html\" target=\"_blank\"><strong>Fuente<\/strong><\/a>.<\/p>\n<p><a href=\"http:\/\/www.salondelvinoylaaceituna.com\/\" target=\"_blank\"><strong>M\u00e1s Informaci\u00f3n.<\/strong><\/p>\n<p><\/a><\/p>\n<p>&nbsp;<\/p>\n","protected":false},"excerpt":{"rendered":"<p>La ciudad de Almendralejo acoge, entre el 5 y el 7 de noviembre pr\u00f3ximo, una nueva edici\u00f3n del Sal\u00f3n del Vino y la Aceituna de Extremadura, una feria a\u00f1o tras a\u00f1o consolida su posici\u00f3n como una cita de referencia para &hellip; <a href=\"https:\/\/www.ruralgia.com\/blog\/salon-del-vino-y-la-aceituna-de-extremadura-2013\/\">Sigue leyendo <span class=\"meta-nav\">&rarr;<\/span><\/a><\/p>\n","protected":false},"author":1,"featured_media":1468,"comment_status":"open","ping_status":"open","sticky":false,"template":"","format":"standard","meta":{"footnotes":""},"categories":[92,91],"tags":[165,39],"class_list":["post-1467","post","type-post","status-publish","format-standard","has-post-thumbnail","hentry","category-ferias","category-propuestas-eventos","tag-ferias","tag-gastronomia"],"yoast_head":"<!-- This site is optimized with the Yoast SEO plugin v24.1 - https:\/\/yoast.com\/wordpress\/plugins\/seo\/ -->\n<title>Sal\u00f3n del Vino y la Aceituna de Extremadura 2013 - Ruralgia Blog<\/title>\n<meta name=\"robots\" content=\"index, follow, max-snippet:-1, max-image-preview:large, max-video-preview:-1\" \/>\n<link rel=\"canonical\" href=\"https:\/\/www.ruralgia.com\/blog\/salon-del-vino-y-la-aceituna-de-extremadura-2013\/\" \/>\n<meta property=\"og:locale\" content=\"es_ES\" \/>\n<meta property=\"og:type\" content=\"article\" \/>\n<meta property=\"og:title\" content=\"Sal\u00f3n del Vino y la Aceituna de Extremadura 2013 - Ruralgia Blog\" \/>\n<meta property=\"og:description\" content=\"La ciudad de Almendralejo acoge, entre el 5 y el 7 de noviembre pr\u00f3ximo, una nueva edici\u00f3n del Sal\u00f3n del Vino y la Aceituna de Extremadura, una feria a\u00f1o tras a\u00f1o consolida su posici\u00f3n como una cita de referencia para &hellip; Sigue leyendo &rarr;\" \/>\n<meta property=\"og:url\" content=\"https:\/\/www.ruralgia.com\/blog\/salon-del-vino-y-la-aceituna-de-extremadura-2013\/\" \/>\n<meta property=\"og:site_name\" content=\"Ruralgia Blog\" \/>\n<meta property=\"article:published_time\" content=\"2013-10-17T09:56:00+00:00\" \/>\n<meta property=\"og:image\" content=\"https:\/\/www.ruralgia.com\/blog\/wp-content\/uploads\/2013\/10\/Foto-Feria-Vino-y-Aceite-Extremadura.jpg\" \/>\n\t<meta property=\"og:image:width\" content=\"259\" \/>\n\t<meta property=\"og:image:height\" content=\"277\" \/>\n\t<meta property=\"og:image:type\" content=\"image\/jpeg\" \/>\n<meta name=\"author\" content=\"admin\" \/>\n<meta name=\"twitter:card\" content=\"summary_large_image\" \/>\n<meta name=\"twitter:label1\" content=\"Escrito por\" \/>\n\t<meta name=\"twitter:data1\" content=\"admin\" \/>\n\t<meta name=\"twitter:label2\" content=\"Tiempo de lectura\" \/>\n\t<meta name=\"twitter:data2\" content=\"2 minutos\" \/>\n<script type=\"application\/ld+json\" class=\"yoast-schema-graph\">{\"@context\":\"https:\/\/schema.org\",\"@graph\":[{\"@type\":\"WebPage\",\"@id\":\"https:\/\/www.ruralgia.com\/blog\/salon-del-vino-y-la-aceituna-de-extremadura-2013\/\",\"url\":\"https:\/\/www.ruralgia.com\/blog\/salon-del-vino-y-la-aceituna-de-extremadura-2013\/\",\"name\":\"Sal\u00f3n del Vino y la Aceituna de Extremadura 2013 - Ruralgia Blog\",\"isPartOf\":{\"@id\":\"https:\/\/www.ruralgia.com\/blog\/#website\"},\"primaryImageOfPage\":{\"@id\":\"https:\/\/www.ruralgia.com\/blog\/salon-del-vino-y-la-aceituna-de-extremadura-2013\/#primaryimage\"},\"image\":{\"@id\":\"https:\/\/www.ruralgia.com\/blog\/salon-del-vino-y-la-aceituna-de-extremadura-2013\/#primaryimage\"},\"thumbnailUrl\":\"https:\/\/www.ruralgia.com\/blog\/wp-content\/uploads\/2013\/10\/Foto-Feria-Vino-y-Aceite-Extremadura.jpg\",\"datePublished\":\"2013-10-17T09:56:00+00:00\",\"dateModified\":\"2013-10-17T09:56:00+00:00\",\"author\":{\"@id\":\"https:\/\/www.ruralgia.com\/blog\/#\/schema\/person\/f9d61dcaa454dc132c65467750b88c01\"},\"breadcrumb\":{\"@id\":\"https:\/\/www.ruralgia.com\/blog\/salon-del-vino-y-la-aceituna-de-extremadura-2013\/#breadcrumb\"},\"inLanguage\":\"es\",\"potentialAction\":[{\"@type\":\"ReadAction\",\"target\":[\"https:\/\/www.ruralgia.com\/blog\/salon-del-vino-y-la-aceituna-de-extremadura-2013\/\"]}]},{\"@type\":\"ImageObject\",\"inLanguage\":\"es\",\"@id\":\"https:\/\/www.ruralgia.com\/blog\/salon-del-vino-y-la-aceituna-de-extremadura-2013\/#primaryimage\",\"url\":\"https:\/\/www.ruralgia.com\/blog\/wp-content\/uploads\/2013\/10\/Foto-Feria-Vino-y-Aceite-Extremadura.jpg\",\"contentUrl\":\"https:\/\/www.ruralgia.com\/blog\/wp-content\/uploads\/2013\/10\/Foto-Feria-Vino-y-Aceite-Extremadura.jpg\",\"width\":259,\"height\":277},{\"@type\":\"BreadcrumbList\",\"@id\":\"https:\/\/www.ruralgia.com\/blog\/salon-del-vino-y-la-aceituna-de-extremadura-2013\/#breadcrumb\",\"itemListElement\":[{\"@type\":\"ListItem\",\"position\":1,\"name\":\"Portada\",\"item\":\"https:\/\/www.ruralgia.com\/blog\/\"},{\"@type\":\"ListItem\",\"position\":2,\"name\":\"Sal\u00f3n del Vino y la Aceituna de Extremadura 2013\"}]},{\"@type\":\"WebSite\",\"@id\":\"https:\/\/www.ruralgia.com\/blog\/#website\",\"url\":\"https:\/\/www.ruralgia.com\/blog\/\",\"name\":\"Ruralgia Blog\",\"description\":\"El blog de viajes y turismo de Ruralgia\",\"potentialAction\":[{\"@type\":\"SearchAction\",\"target\":{\"@type\":\"EntryPoint\",\"urlTemplate\":\"https:\/\/www.ruralgia.com\/blog\/?s={search_term_string}\"},\"query-input\":{\"@type\":\"PropertyValueSpecification\",\"valueRequired\":true,\"valueName\":\"search_term_string\"}}],\"inLanguage\":\"es\"},{\"@type\":\"Person\",\"@id\":\"https:\/\/www.ruralgia.com\/blog\/#\/schema\/person\/f9d61dcaa454dc132c65467750b88c01\",\"name\":\"admin\",\"image\":{\"@type\":\"ImageObject\",\"inLanguage\":\"es\",\"@id\":\"https:\/\/www.ruralgia.com\/blog\/#\/schema\/person\/image\/\",\"url\":\"https:\/\/secure.gravatar.com\/avatar\/308988d44afa417cbdf20b1a60ad4489?s=96&d=mm&r=g\",\"contentUrl\":\"https:\/\/secure.gravatar.com\/avatar\/308988d44afa417cbdf20b1a60ad4489?s=96&d=mm&r=g\",\"caption\":\"admin\"},\"url\":\"https:\/\/www.ruralgia.com\/blog\/author\/admin\/\"}]}<\/script>\n<!-- \/ Yoast SEO plugin. -->","yoast_head_json":{"title":"Sal\u00f3n del Vino y la Aceituna de Extremadura 2013 - Ruralgia Blog","robots":{"index":"index","follow":"follow","max-snippet":"max-snippet:-1","max-image-preview":"max-image-preview:large","max-video-preview":"max-video-preview:-1"},"canonical":"https:\/\/www.ruralgia.com\/blog\/salon-del-vino-y-la-aceituna-de-extremadura-2013\/","og_locale":"es_ES","og_type":"article","og_title":"Sal\u00f3n del Vino y la Aceituna de Extremadura 2013 - Ruralgia Blog","og_description":"La ciudad de Almendralejo acoge, entre el 5 y el 7 de noviembre pr\u00f3ximo, una nueva edici\u00f3n del Sal\u00f3n del Vino y la Aceituna de Extremadura, una feria a\u00f1o tras a\u00f1o consolida su posici\u00f3n como una cita de referencia para &hellip; Sigue leyendo &rarr;","og_url":"https:\/\/www.ruralgia.com\/blog\/salon-del-vino-y-la-aceituna-de-extremadura-2013\/","og_site_name":"Ruralgia Blog","article_published_time":"2013-10-17T09:56:00+00:00","og_image":[{"width":259,"height":277,"url":"https:\/\/www.ruralgia.com\/blog\/wp-content\/uploads\/2013\/10\/Foto-Feria-Vino-y-Aceite-Extremadura.jpg","type":"image\/jpeg"}],"author":"admin","twitter_card":"summary_large_image","twitter_misc":{"Escrito por":"admin","Tiempo de lectura":"2 minutos"},"schema":{"@context":"https:\/\/schema.org","@graph":[{"@type":"WebPage","@id":"https:\/\/www.ruralgia.com\/blog\/salon-del-vino-y-la-aceituna-de-extremadura-2013\/","url":"https:\/\/www.ruralgia.com\/blog\/salon-del-vino-y-la-aceituna-de-extremadura-2013\/","name":"Sal\u00f3n del Vino y la Aceituna de Extremadura 2013 - Ruralgia Blog","isPartOf":{"@id":"https:\/\/www.ruralgia.com\/blog\/#website"},"primaryImageOfPage":{"@id":"https:\/\/www.ruralgia.com\/blog\/salon-del-vino-y-la-aceituna-de-extremadura-2013\/#primaryimage"},"image":{"@id":"https:\/\/www.ruralgia.com\/blog\/salon-del-vino-y-la-aceituna-de-extremadura-2013\/#primaryimage"},"thumbnailUrl":"https:\/\/www.ruralgia.com\/blog\/wp-content\/uploads\/2013\/10\/Foto-Feria-Vino-y-Aceite-Extremadura.jpg","datePublished":"2013-10-17T09:56:00+00:00","dateModified":"2013-10-17T09:56:00+00:00","author":{"@id":"https:\/\/www.ruralgia.com\/blog\/#\/schema\/person\/f9d61dcaa454dc132c65467750b88c01"},"breadcrumb":{"@id":"https:\/\/www.ruralgia.com\/blog\/salon-del-vino-y-la-aceituna-de-extremadura-2013\/#breadcrumb"},"inLanguage":"es","potentialAction":[{"@type":"ReadAction","target":["https:\/\/www.ruralgia.com\/blog\/salon-del-vino-y-la-aceituna-de-extremadura-2013\/"]}]},{"@type":"ImageObject","inLanguage":"es","@id":"https:\/\/www.ruralgia.com\/blog\/salon-del-vino-y-la-aceituna-de-extremadura-2013\/#primaryimage","url":"https:\/\/www.ruralgia.com\/blog\/wp-content\/uploads\/2013\/10\/Foto-Feria-Vino-y-Aceite-Extremadura.jpg","contentUrl":"https:\/\/www.ruralgia.com\/blog\/wp-content\/uploads\/2013\/10\/Foto-Feria-Vino-y-Aceite-Extremadura.jpg","width":259,"height":277},{"@type":"BreadcrumbList","@id":"https:\/\/www.ruralgia.com\/blog\/salon-del-vino-y-la-aceituna-de-extremadura-2013\/#breadcrumb","itemListElement":[{"@type":"ListItem","position":1,"name":"Portada","item":"https:\/\/www.ruralgia.com\/blog\/"},{"@type":"ListItem","position":2,"name":"Sal\u00f3n del Vino y la Aceituna de Extremadura 2013"}]},{"@type":"WebSite","@id":"https:\/\/www.ruralgia.com\/blog\/#website","url":"https:\/\/www.ruralgia.com\/blog\/","name":"Ruralgia Blog","description":"El blog de viajes y turismo de Ruralgia","potentialAction":[{"@type":"SearchAction","target":{"@type":"EntryPoint","urlTemplate":"https:\/\/www.ruralgia.com\/blog\/?s={search_term_string}"},"query-input":{"@type":"PropertyValueSpecification","valueRequired":true,"valueName":"search_term_string"}}],"inLanguage":"es"},{"@type":"Person","@id":"https:\/\/www.ruralgia.com\/blog\/#\/schema\/person\/f9d61dcaa454dc132c65467750b88c01","name":"admin","image":{"@type":"ImageObject","inLanguage":"es","@id":"https:\/\/www.ruralgia.com\/blog\/#\/schema\/person\/image\/","url":"https:\/\/secure.gravatar.com\/avatar\/308988d44afa417cbdf20b1a60ad4489?s=96&d=mm&r=g","contentUrl":"https:\/\/secure.gravatar.com\/avatar\/308988d44afa417cbdf20b1a60ad4489?s=96&d=mm&r=g","caption":"admin"},"url":"https:\/\/www.ruralgia.com\/blog\/author\/admin\/"}]}},"amp_enabled":true,"_links":{"self":[{"href":"https:\/\/www.ruralgia.com\/blog\/wp-json\/wp\/v2\/posts\/1467","targetHints":{"allow":["GET"]}}],"collection":[{"href":"https:\/\/www.ruralgia.com\/blog\/wp-json\/wp\/v2\/posts"}],"about":[{"href":"https:\/\/www.ruralgia.com\/blog\/wp-json\/wp\/v2\/types\/post"}],"author":[{"embeddable":true,"href":"https:\/\/www.ruralgia.com\/blog\/wp-json\/wp\/v2\/users\/1"}],"replies":[{"embeddable":true,"href":"https:\/\/www.ruralgia.com\/blog\/wp-json\/wp\/v2\/comments?post=1467"}],"version-history":[{"count":7,"href":"https:\/\/www.ruralgia.com\/blog\/wp-json\/wp\/v2\/posts\/1467\/revisions"}],"predecessor-version":[{"id":1482,"href":"https:\/\/www.ruralgia.com\/blog\/wp-json\/wp\/v2\/posts\/1467\/revisions\/1482"}],"wp:featuredmedia":[{"embeddable":true,"href":"https:\/\/www.ruralgia.com\/blog\/wp-json\/wp\/v2\/media\/1468"}],"wp:attachment":[{"href":"https:\/\/www.ruralgia.com\/blog\/wp-json\/wp\/v2\/media?parent=1467"}],"wp:term":[{"taxonomy":"category","embeddable":true,"href":"https:\/\/www.ruralgia.com\/blog\/wp-json\/wp\/v2\/categories?post=1467"},{"taxonomy":"post_tag","embeddable":true,"href":"https:\/\/www.ruralgia.com\/blog\/wp-json\/wp\/v2\/tags?post=1467"}],"curies":[{"name":"wp","href":"https:\/\/api.w.org\/{rel}","templated":true}]}}