{"id":1485,"date":"2013-10-18T10:39:13","date_gmt":"2013-10-18T10:39:13","guid":{"rendered":"https:\/\/www.ruralgia.com\/blog\/?p=1485"},"modified":"2013-10-18T10:39:13","modified_gmt":"2013-10-18T10:39:13","slug":"festival-de-jazz-de-cartagena-2013","status":"publish","type":"post","link":"https:\/\/www.ruralgia.com\/blog\/festival-de-jazz-de-cartagena-2013\/","title":{"rendered":"Festival de Jazz de Cartagena 2013"},"content":{"rendered":"<p><strong>33\u00ba Festival de Jazz de Cartagena<\/strong>, donde disfrutar de las mejores estrellas del Jazz Internacional. Esta nueva edici\u00f3n tendr\u00e1 lugar en los siguientes escenarios: Nuevo Teatro Circo y en Auditorio y Palacio de Congresos \u201cEl Batel\u201d.<\/p>\n<p><a href=\"https:\/\/www.ruralgia.com\/blog\/wp-content\/uploads\/2013\/10\/cartel_jazz_festival_cartagena_2013.jpg\" rel=\"lightbox[1485]\"><img loading=\"lazy\" decoding=\"async\" class=\" wp-image-1486 alignleft\" style=\"margin: 5px; border: 2px solid black;\" alt=\"cartel_jazz_festival_cartagena_2013\" src=\"https:\/\/www.ruralgia.com\/blog\/wp-content\/uploads\/2013\/10\/cartel_jazz_festival_cartagena_2013.jpg\" width=\"437\" height=\"191\" \/><\/a> El festival naci\u00f3 en el a\u00f1o 1980 y por dos semanas inunda a Cartagena del mejor Jazz tradicional y vanguardista del mundo, est\u00e1 considerado junto con el Festival de Jazz de San Sebasti\u00e1n y Festival de Jazz de Vitoria como unos de los mejores de Espa\u00f1a.<\/p>\n<p><span itemprop=\"articleBody\">La banda estadounidense <strong>Low<\/strong> abrir\u00e1 la trig\u00e9simo tercera edici\u00f3n del Cartagena Jazz Festival, que se celebrar\u00e1 en el <strong>Nuevo Teatro Circo<\/strong> y el Auditorio El Batel de la ciudad portuaria del<strong> 2 al 29 de noviembre<\/strong> y contar\u00e1 con las actuaciones de <strong>Chucho Vald\u00e9s<\/strong>, <strong>Luciana Souza<\/strong>, <strong>John Grant<\/strong> o <strong>The Waterboys<\/strong>, entre otros.<\/span><\/p>\n<p>La banda, un icono del indie estadounidense, cuenta con 10 discos en sus 20 a\u00f1os de trayectoria, y presentar\u00e1n el 2 de noviembre en el Nuevo Teatro Circo su \u00faltimo trabajo, \u00abThe invisible way\u00bb, producido por Jeff Tweedy.<\/p>\n<p><script type=\"text\/javascript\" src=\"https:\/\/www.ruralgia.com\/caja_cerca.php?metodo=municipio&amp;ancho=250&amp;elementos=4&amp;size=90&amp;estilo=start&amp;float=right&amp;kms=20&amp;aleatorio=true&amp;municipio=Cartagena (Murcia)\"><\/script><\/p>\n<p>El 8 de noviembre el pianista y compositor cubano Chucho Vald\u00e9s volver\u00e1 a Cartagena acompa\u00f1ado de los Afro-Cuban Messengers para presentar sobre el escenario del Auditorio El Batel su segundo disco juntos, \u00abBorder-Free\u00bb, en el que rompen las fronteras de los g\u00e9neros fusionando flamenco, jazz, m\u00fasica \u00e1rabe, cl\u00e1sica y ritmos comanches y afrocubanos.<\/p>\n<p>En el mismo escenario el 9 de noviembre tendr\u00e1 lugar un concierto doble con el trompetista alem\u00e1n Till Br\u00f6nner, el m\u00fasico de jazz de ese pa\u00eds que m\u00e1s discos ha vendido, y el pianista espa\u00f1ol Chano Dom\u00ednguez, considerado uno de los grandes del jazz-flamenco y el primero en tocar en el Lincoln Center de Nueva York, que tocar\u00e1 acompa\u00f1ado por la prestigiosa WDR Big Band de Colonia.<\/p>\n<p>El jazz vocal femenino ser\u00e1 el protagonista la noche del 15 de noviembre, con conciertos en El Batel de a cargo de la brasile\u00f1a Luciana Souza, que presentar\u00e1 sus dos \u00faltimos discos \u00abThe book of Chet\u00bb y \u00abDuos III\u00bb, seguida de la actuaci\u00f3n de Madeleine Peyroux, vieja conocida del fetival, que cantar\u00e1 acompa\u00f1ada de su banda y de una secci\u00f3n de cuerda de la Orquesta Sinf\u00f3nica de la Regi\u00f3n de Murcia.<\/p>\n<p>Los conciertos se trasladan de nuevo al Teatro Circo el 16 de noviembre con las actuaciones de los americanos Josh Rouse y James Hunter, que presentar\u00e1n sus discos \u00abThe Happiness Waltz\u00bb y \u00abMinute by Minute\u00bb, respectivamente.<\/p>\n<p>Tambi\u00e9n en el Teatro Circo actuar\u00e1n el 22 de noviembre el cantante y pianista italiano, considerado una de las promesas del jazz vocal, Raphael Gualazzi y el cantante franc\u00e9s apasionado del soul de los 60 y a m\u00fasica negra Ben L&#8217;Oncle.<\/p>\n<p>Al d\u00eda siguiente pisar\u00e1 el mismo escenario John Grant, considerado por muchos un m\u00fasico de culto tras liderar entre 1994 y 2004 la banda The Czars, y reconvertir m\u00e1s tarde su estilo musical incluyendo en sus composiciones la m\u00fasica electr\u00f3nica que tanto le fascin\u00f3 de adolescente.<\/p>\n<p>La banda de folk irland\u00e9s The Waterboys, liderada por el escoc\u00e9s Mike Scott, ser\u00e1 la encargada de clausurar el festival, tal y como se adelant\u00f3 a finales de julio, con un concierto en el que volver\u00e1n a reunirse para celebrar el 25 aniversario del disco que les catapult\u00f3 a la fama, \u00abFisherman&#8217;s blues\u00bb.<\/p>\n<p><a href=\"http:\/\/www.laopiniondemurcia.es\/cartagena\/2013\/09\/18\/the-waterboys-resucitan-cartagena-jazz\/498681.html\" target=\"_blank\"><strong>Fuente.<\/strong><\/a><\/p>\n<p><a href=\"http:\/\/www.jazzcartagena.es\/2013\/programacion.asp\" target=\"_blank\">Programaci\u00f3n<\/a> y <a href=\"http:\/\/www.jazzcartagena.es\/2013\/entradas.asp\" target=\"_blank\">entradas<\/a>.<\/p>\n<p>&nbsp;<\/p>\n<p>&nbsp;<\/p>\n","protected":false},"excerpt":{"rendered":"<p>33\u00ba Festival de Jazz de Cartagena, donde disfrutar de las mejores estrellas del Jazz Internacional. Esta nueva edici\u00f3n tendr\u00e1 lugar en los siguientes escenarios: Nuevo Teatro Circo y en Auditorio y Palacio de Congresos \u201cEl Batel\u201d. El festival naci\u00f3 en &hellip; <a href=\"https:\/\/www.ruralgia.com\/blog\/festival-de-jazz-de-cartagena-2013\/\">Sigue leyendo <span class=\"meta-nav\">&rarr;<\/span><\/a><\/p>\n","protected":false},"author":1,"featured_media":1486,"comment_status":"open","ping_status":"open","sticky":false,"template":"","format":"standard","meta":{"footnotes":""},"categories":[48,50,91],"tags":[158,156,157],"class_list":["post-1485","post","type-post","status-publish","format-standard","has-post-thumbnail","hentry","category-festival","category-musica","category-propuestas-eventos","tag-cultura","tag-festival","tag-musica"],"yoast_head":"<!-- This site is optimized with the Yoast SEO plugin v24.1 - https:\/\/yoast.com\/wordpress\/plugins\/seo\/ -->\n<title>Festival de Jazz de Cartagena 2013 - Ruralgia Blog<\/title>\n<meta name=\"robots\" content=\"index, follow, max-snippet:-1, max-image-preview:large, max-video-preview:-1\" \/>\n<link rel=\"canonical\" href=\"https:\/\/www.ruralgia.com\/blog\/festival-de-jazz-de-cartagena-2013\/\" \/>\n<meta property=\"og:locale\" content=\"es_ES\" \/>\n<meta property=\"og:type\" content=\"article\" \/>\n<meta property=\"og:title\" content=\"Festival de Jazz de Cartagena 2013 - Ruralgia Blog\" \/>\n<meta property=\"og:description\" content=\"33\u00ba Festival de Jazz de Cartagena, donde disfrutar de las mejores estrellas del Jazz Internacional. Esta nueva edici\u00f3n tendr\u00e1 lugar en los siguientes escenarios: Nuevo Teatro Circo y en Auditorio y Palacio de Congresos \u201cEl Batel\u201d. El festival naci\u00f3 en &hellip; Sigue leyendo &rarr;\" \/>\n<meta property=\"og:url\" content=\"https:\/\/www.ruralgia.com\/blog\/festival-de-jazz-de-cartagena-2013\/\" \/>\n<meta property=\"og:site_name\" content=\"Ruralgia Blog\" \/>\n<meta property=\"article:published_time\" content=\"2013-10-18T10:39:13+00:00\" \/>\n<meta property=\"og:image\" content=\"https:\/\/www.ruralgia.com\/blog\/wp-content\/uploads\/2013\/10\/cartel_jazz_festival_cartagena_2013.jpg\" \/>\n\t<meta property=\"og:image:width\" content=\"737\" \/>\n\t<meta property=\"og:image:height\" content=\"491\" \/>\n\t<meta property=\"og:image:type\" content=\"image\/jpeg\" \/>\n<meta name=\"author\" content=\"admin\" \/>\n<meta name=\"twitter:card\" content=\"summary_large_image\" \/>\n<meta name=\"twitter:label1\" content=\"Escrito por\" \/>\n\t<meta name=\"twitter:data1\" content=\"admin\" \/>\n\t<meta name=\"twitter:label2\" content=\"Tiempo de lectura\" \/>\n\t<meta name=\"twitter:data2\" content=\"3 minutos\" \/>\n<script type=\"application\/ld+json\" class=\"yoast-schema-graph\">{\"@context\":\"https:\/\/schema.org\",\"@graph\":[{\"@type\":\"WebPage\",\"@id\":\"https:\/\/www.ruralgia.com\/blog\/festival-de-jazz-de-cartagena-2013\/\",\"url\":\"https:\/\/www.ruralgia.com\/blog\/festival-de-jazz-de-cartagena-2013\/\",\"name\":\"Festival de Jazz de Cartagena 2013 - Ruralgia Blog\",\"isPartOf\":{\"@id\":\"https:\/\/www.ruralgia.com\/blog\/#website\"},\"primaryImageOfPage\":{\"@id\":\"https:\/\/www.ruralgia.com\/blog\/festival-de-jazz-de-cartagena-2013\/#primaryimage\"},\"image\":{\"@id\":\"https:\/\/www.ruralgia.com\/blog\/festival-de-jazz-de-cartagena-2013\/#primaryimage\"},\"thumbnailUrl\":\"https:\/\/www.ruralgia.com\/blog\/wp-content\/uploads\/2013\/10\/cartel_jazz_festival_cartagena_2013.jpg\",\"datePublished\":\"2013-10-18T10:39:13+00:00\",\"dateModified\":\"2013-10-18T10:39:13+00:00\",\"author\":{\"@id\":\"https:\/\/www.ruralgia.com\/blog\/#\/schema\/person\/f9d61dcaa454dc132c65467750b88c01\"},\"breadcrumb\":{\"@id\":\"https:\/\/www.ruralgia.com\/blog\/festival-de-jazz-de-cartagena-2013\/#breadcrumb\"},\"inLanguage\":\"es\",\"potentialAction\":[{\"@type\":\"ReadAction\",\"target\":[\"https:\/\/www.ruralgia.com\/blog\/festival-de-jazz-de-cartagena-2013\/\"]}]},{\"@type\":\"ImageObject\",\"inLanguage\":\"es\",\"@id\":\"https:\/\/www.ruralgia.com\/blog\/festival-de-jazz-de-cartagena-2013\/#primaryimage\",\"url\":\"https:\/\/www.ruralgia.com\/blog\/wp-content\/uploads\/2013\/10\/cartel_jazz_festival_cartagena_2013.jpg\",\"contentUrl\":\"https:\/\/www.ruralgia.com\/blog\/wp-content\/uploads\/2013\/10\/cartel_jazz_festival_cartagena_2013.jpg\",\"width\":737,\"height\":491},{\"@type\":\"BreadcrumbList\",\"@id\":\"https:\/\/www.ruralgia.com\/blog\/festival-de-jazz-de-cartagena-2013\/#breadcrumb\",\"itemListElement\":[{\"@type\":\"ListItem\",\"position\":1,\"name\":\"Portada\",\"item\":\"https:\/\/www.ruralgia.com\/blog\/\"},{\"@type\":\"ListItem\",\"position\":2,\"name\":\"Festival de Jazz de Cartagena 2013\"}]},{\"@type\":\"WebSite\",\"@id\":\"https:\/\/www.ruralgia.com\/blog\/#website\",\"url\":\"https:\/\/www.ruralgia.com\/blog\/\",\"name\":\"Ruralgia Blog\",\"description\":\"El blog de viajes y turismo de Ruralgia\",\"potentialAction\":[{\"@type\":\"SearchAction\",\"target\":{\"@type\":\"EntryPoint\",\"urlTemplate\":\"https:\/\/www.ruralgia.com\/blog\/?s={search_term_string}\"},\"query-input\":{\"@type\":\"PropertyValueSpecification\",\"valueRequired\":true,\"valueName\":\"search_term_string\"}}],\"inLanguage\":\"es\"},{\"@type\":\"Person\",\"@id\":\"https:\/\/www.ruralgia.com\/blog\/#\/schema\/person\/f9d61dcaa454dc132c65467750b88c01\",\"name\":\"admin\",\"image\":{\"@type\":\"ImageObject\",\"inLanguage\":\"es\",\"@id\":\"https:\/\/www.ruralgia.com\/blog\/#\/schema\/person\/image\/\",\"url\":\"https:\/\/secure.gravatar.com\/avatar\/308988d44afa417cbdf20b1a60ad4489?s=96&d=mm&r=g\",\"contentUrl\":\"https:\/\/secure.gravatar.com\/avatar\/308988d44afa417cbdf20b1a60ad4489?s=96&d=mm&r=g\",\"caption\":\"admin\"},\"url\":\"https:\/\/www.ruralgia.com\/blog\/author\/admin\/\"}]}<\/script>\n<!-- \/ Yoast SEO plugin. -->","yoast_head_json":{"title":"Festival de Jazz de Cartagena 2013 - Ruralgia Blog","robots":{"index":"index","follow":"follow","max-snippet":"max-snippet:-1","max-image-preview":"max-image-preview:large","max-video-preview":"max-video-preview:-1"},"canonical":"https:\/\/www.ruralgia.com\/blog\/festival-de-jazz-de-cartagena-2013\/","og_locale":"es_ES","og_type":"article","og_title":"Festival de Jazz de Cartagena 2013 - Ruralgia Blog","og_description":"33\u00ba Festival de Jazz de Cartagena, donde disfrutar de las mejores estrellas del Jazz Internacional. Esta nueva edici\u00f3n tendr\u00e1 lugar en los siguientes escenarios: Nuevo Teatro Circo y en Auditorio y Palacio de Congresos \u201cEl Batel\u201d. El festival naci\u00f3 en &hellip; Sigue leyendo &rarr;","og_url":"https:\/\/www.ruralgia.com\/blog\/festival-de-jazz-de-cartagena-2013\/","og_site_name":"Ruralgia Blog","article_published_time":"2013-10-18T10:39:13+00:00","og_image":[{"width":737,"height":491,"url":"https:\/\/www.ruralgia.com\/blog\/wp-content\/uploads\/2013\/10\/cartel_jazz_festival_cartagena_2013.jpg","type":"image\/jpeg"}],"author":"admin","twitter_card":"summary_large_image","twitter_misc":{"Escrito por":"admin","Tiempo de lectura":"3 minutos"},"schema":{"@context":"https:\/\/schema.org","@graph":[{"@type":"WebPage","@id":"https:\/\/www.ruralgia.com\/blog\/festival-de-jazz-de-cartagena-2013\/","url":"https:\/\/www.ruralgia.com\/blog\/festival-de-jazz-de-cartagena-2013\/","name":"Festival de Jazz de Cartagena 2013 - Ruralgia Blog","isPartOf":{"@id":"https:\/\/www.ruralgia.com\/blog\/#website"},"primaryImageOfPage":{"@id":"https:\/\/www.ruralgia.com\/blog\/festival-de-jazz-de-cartagena-2013\/#primaryimage"},"image":{"@id":"https:\/\/www.ruralgia.com\/blog\/festival-de-jazz-de-cartagena-2013\/#primaryimage"},"thumbnailUrl":"https:\/\/www.ruralgia.com\/blog\/wp-content\/uploads\/2013\/10\/cartel_jazz_festival_cartagena_2013.jpg","datePublished":"2013-10-18T10:39:13+00:00","dateModified":"2013-10-18T10:39:13+00:00","author":{"@id":"https:\/\/www.ruralgia.com\/blog\/#\/schema\/person\/f9d61dcaa454dc132c65467750b88c01"},"breadcrumb":{"@id":"https:\/\/www.ruralgia.com\/blog\/festival-de-jazz-de-cartagena-2013\/#breadcrumb"},"inLanguage":"es","potentialAction":[{"@type":"ReadAction","target":["https:\/\/www.ruralgia.com\/blog\/festival-de-jazz-de-cartagena-2013\/"]}]},{"@type":"ImageObject","inLanguage":"es","@id":"https:\/\/www.ruralgia.com\/blog\/festival-de-jazz-de-cartagena-2013\/#primaryimage","url":"https:\/\/www.ruralgia.com\/blog\/wp-content\/uploads\/2013\/10\/cartel_jazz_festival_cartagena_2013.jpg","contentUrl":"https:\/\/www.ruralgia.com\/blog\/wp-content\/uploads\/2013\/10\/cartel_jazz_festival_cartagena_2013.jpg","width":737,"height":491},{"@type":"BreadcrumbList","@id":"https:\/\/www.ruralgia.com\/blog\/festival-de-jazz-de-cartagena-2013\/#breadcrumb","itemListElement":[{"@type":"ListItem","position":1,"name":"Portada","item":"https:\/\/www.ruralgia.com\/blog\/"},{"@type":"ListItem","position":2,"name":"Festival de Jazz de Cartagena 2013"}]},{"@type":"WebSite","@id":"https:\/\/www.ruralgia.com\/blog\/#website","url":"https:\/\/www.ruralgia.com\/blog\/","name":"Ruralgia Blog","description":"El blog de viajes y turismo de Ruralgia","potentialAction":[{"@type":"SearchAction","target":{"@type":"EntryPoint","urlTemplate":"https:\/\/www.ruralgia.com\/blog\/?s={search_term_string}"},"query-input":{"@type":"PropertyValueSpecification","valueRequired":true,"valueName":"search_term_string"}}],"inLanguage":"es"},{"@type":"Person","@id":"https:\/\/www.ruralgia.com\/blog\/#\/schema\/person\/f9d61dcaa454dc132c65467750b88c01","name":"admin","image":{"@type":"ImageObject","inLanguage":"es","@id":"https:\/\/www.ruralgia.com\/blog\/#\/schema\/person\/image\/","url":"https:\/\/secure.gravatar.com\/avatar\/308988d44afa417cbdf20b1a60ad4489?s=96&d=mm&r=g","contentUrl":"https:\/\/secure.gravatar.com\/avatar\/308988d44afa417cbdf20b1a60ad4489?s=96&d=mm&r=g","caption":"admin"},"url":"https:\/\/www.ruralgia.com\/blog\/author\/admin\/"}]}},"amp_enabled":true,"_links":{"self":[{"href":"https:\/\/www.ruralgia.com\/blog\/wp-json\/wp\/v2\/posts\/1485","targetHints":{"allow":["GET"]}}],"collection":[{"href":"https:\/\/www.ruralgia.com\/blog\/wp-json\/wp\/v2\/posts"}],"about":[{"href":"https:\/\/www.ruralgia.com\/blog\/wp-json\/wp\/v2\/types\/post"}],"author":[{"embeddable":true,"href":"https:\/\/www.ruralgia.com\/blog\/wp-json\/wp\/v2\/users\/1"}],"replies":[{"embeddable":true,"href":"https:\/\/www.ruralgia.com\/blog\/wp-json\/wp\/v2\/comments?post=1485"}],"version-history":[{"count":9,"href":"https:\/\/www.ruralgia.com\/blog\/wp-json\/wp\/v2\/posts\/1485\/revisions"}],"predecessor-version":[{"id":1500,"href":"https:\/\/www.ruralgia.com\/blog\/wp-json\/wp\/v2\/posts\/1485\/revisions\/1500"}],"wp:featuredmedia":[{"embeddable":true,"href":"https:\/\/www.ruralgia.com\/blog\/wp-json\/wp\/v2\/media\/1486"}],"wp:attachment":[{"href":"https:\/\/www.ruralgia.com\/blog\/wp-json\/wp\/v2\/media?parent=1485"}],"wp:term":[{"taxonomy":"category","embeddable":true,"href":"https:\/\/www.ruralgia.com\/blog\/wp-json\/wp\/v2\/categories?post=1485"},{"taxonomy":"post_tag","embeddable":true,"href":"https:\/\/www.ruralgia.com\/blog\/wp-json\/wp\/v2\/tags?post=1485"}],"curies":[{"name":"wp","href":"https:\/\/api.w.org\/{rel}","templated":true}]}}