{"id":1501,"date":"2013-10-23T12:12:19","date_gmt":"2013-10-23T12:12:19","guid":{"rendered":"https:\/\/www.ruralgia.com\/blog\/?p=1501"},"modified":"2013-10-23T12:12:19","modified_gmt":"2013-10-23T12:12:19","slug":"feria-biocultura-madrid-2013","status":"publish","type":"post","link":"https:\/\/www.ruralgia.com\/blog\/feria-biocultura-madrid-2013\/","title":{"rendered":"Feria Biocultura Madrid 2013"},"content":{"rendered":"<p><span style=\"font-size: 14px;\"><strong><span style=\"font-size: 14px;\">BioCultura.<\/span> Feria Internacional de Productos Ecol\u00f3gicos y Consumo Responsable.<\/p>\n<p>Pabell\u00f3n 9 &#8211;\u00a0 Feria de Madrid &#8211;\u00a0 IFEMA<\/p>\n<p>Campo de las Naciones. Madrid<\/p>\n<p>Del 14 al 17 de noviembre, 2013<\/p>\n<p>Vig\u00e9simonovena Edici\u00f3n<\/strong><\/span><\/p>\n<p><a href=\"https:\/\/www.ruralgia.com\/blog\/wp-content\/uploads\/2013\/10\/360x508xCartel-Biocultura-Madrid-2013.jpg.pagespeed.ic_.kxPTnYzhVt.jpg\" rel=\"lightbox[1501]\"><img loading=\"lazy\" decoding=\"async\" class=\"size-full wp-image-1502 alignleft\" style=\"border: 2px solid black; margin: 5px;\" alt=\"360x508xCartel-Biocultura-Madrid-2013.jpg.pagespeed.ic.kxPTnYzhVt\" src=\"https:\/\/www.ruralgia.com\/blog\/wp-content\/uploads\/2013\/10\/360x508xCartel-Biocultura-Madrid-2013.jpg.pagespeed.ic_.kxPTnYzhVt.jpg\" width=\"360\" height=\"508\" srcset=\"https:\/\/www.ruralgia.com\/blog\/wp-content\/uploads\/2013\/10\/360x508xCartel-Biocultura-Madrid-2013.jpg.pagespeed.ic_.kxPTnYzhVt.jpg 360w, https:\/\/www.ruralgia.com\/blog\/wp-content\/uploads\/2013\/10\/360x508xCartel-Biocultura-Madrid-2013.jpg.pagespeed.ic_.kxPTnYzhVt-212x300.jpg 212w\" sizes=\"auto, (max-width: 360px) 100vw, 360px\" \/><\/a><\/p>\n<p>Un a\u00f1o m\u00e1s se celebra la feria de productos ecol\u00f3gicos y consumo responsable m\u00e1s importante de Espa\u00f1a. \u00a0Se presentan 700 expositores; m\u00e1s de 18.000 referencias de productos de alimentaci\u00f3n ecol\u00f3gica forman el mayor sector de la feria, acompa\u00f1ado de otros sectores como son productos para la higiene y la cosm\u00e9tica con ingredientes certificados; textil org\u00e1nico; ecomateriales, muebles y decoraci\u00f3n para la vivienda; energ\u00edas renovables; terapias y medicinas complementarias; ahorro y reciclaje; ecolog\u00eda; medio ambiente; turismo rural y casas de reposo; juguetes; artesan\u00edas; m\u00fasica; libros y revistas.<\/p>\n<p><strong>\u00bfQ\u00fae es BioCultura?<\/strong><\/p>\n<p>Es un encuentro de proyecci\u00f3n internacional que se sit\u00faa entre los dos m\u00e1s importantes de estas caracter\u00edsticas que se celebran en Europa.<\/p>\n<p>Se celebra anualmente en Valencia, Barcelona, Bilbao y Madrid.<\/p>\n<p>Las 28 ediciones de BioCultura en Madrid, las\u00a020 en Barcelona y\u00a04 en Valencia, significan\u00a0ya un n\u00famero importante como para celebrar el \u00e9xito del movimiento de la cultura biol\u00f3gica. Valencia es un nuevo pelda\u00f1o, el primero de una larga escalera.<\/p>\n<p>La feria m\u00e1s importante de Espa\u00f1a espera en esta ocasi\u00f3n la participaci\u00f3n de m\u00e1s de 700 expositores y m\u00e1s de 70.000 visitantes.<\/p>\n<p>BioCultura, esa cita anual tan esperada, es s\u00edmbolo a su vez del cambio, necesario e imprescindible, para dar el paso definitivo hacia un mundo realmente sostenible.<\/p>\n<p>La feria de los productos ecol\u00f3gicos y el consumo responsable es la avanzadilla de todas aquellas tendencias modernas y antiguas que quieren hacer de nuestro mundo un lugar m\u00e1s agradable y limpio para vivir dignamente.<\/p>\n<p>La felicidad de lo sencillo, la b\u00fasqueda de lo bello en aquello que hacemos, en nuestro trabajo, en nuestra vida familiar, en nuestro ocio&#8230; est\u00e1 en el coraz\u00f3n de BioCultura.<\/p>\n<p><script type=\"text\/javascript\" src=\"https:\/\/www.ruralgia.com\/caja_cerca.php?metodo=municipio&amp;ancho=250&amp;elementos=4&amp;size=90&amp;estilo=trontastic&amp;float=right&amp;kms=20&amp;aleatorio=true&amp;municipio=Madrid (Madrid)\"><\/script><\/p>\n<p><strong>\u00bfQU\u00c9 OFRECE BioCultura?<\/strong><\/p>\n<p>M\u00e1s de 17.000 referencias de productos de alimentaci\u00f3n ecol\u00f3gica forman el mayor sector de la feria. Estos estands, empresas y productos alimentarios se sit\u00faan en un solo pabell\u00f3n.<\/p>\n<p>Los dem\u00e1s sectores, que nos ayudar\u00e1n a llevar en todos los aspectos de nuestra cotidianidad una vida m\u00e1s saludable, forman un amplia variedad de productos y servicios que le dan a la feria otra proyecci\u00f3n y que atraen a ciudadanos interesados por infinidad de temas e inquietudes.<\/p>\n<p>Productos certificados para la higiene y la cosm\u00e9tica; materiales para la bioconstrucci\u00f3n; energ\u00edas renovables; muebles y decoraci\u00f3n para la vivienda y lugares de trabajo saludables; terapias y medicinas complementarias; ahorro y reciclaje; c\u00e1\u00f1amo industrial; ecolog\u00eda; medio ambiente; turismo rural y casas de reposo; juguetes; artesan\u00edas; m\u00fasica; libros y revistas.<\/p>\n<p><strong>LA FERIA PROFESIONAL<\/strong><\/p>\n<p>El sector m\u00e1s importante de BioCultura es el de la alimentaci\u00f3n biol\u00f3gica. Una amplia gama de productos y servicios completa la oferta de la feria que, acompa\u00f1ada de un alto nivel de calidad, caracteriza la madurez y profesionalidad de los operadores del sector y de las empresas presentes en cada edici\u00f3n.<\/p>\n<p>BioCultura acoge a profesionales de cada uno de los sectores y promueve la participaci\u00f3n del consumidor, convirti\u00e9ndose as\u00ed en un escaparate de la producci\u00f3n biol\u00f3gica y ecol\u00f3gica en un marco de respeto por las formas de producci\u00f3n basadas, a su vez, en el respeto a la vida.<\/p>\n<p>Los profesionales tienen la oportunidad de conocer directamente a distribuidores y operadores y de realizar sus transacciones comerciales de una forma sencilla. Las empresas, por su parte, disponen de ese escaparate que es BioCultura para ofrecer y atender a sus clientes y recibir a otros nuevos atra\u00eddos por el alto nivel de difusi\u00f3n de la feria y de su proyecci\u00f3n de futuro.<\/p>\n<p>Cocineros, exportadores, importadores, prescriptores, empresarios y profesionales de otras muchas artes y disciplinas acuden a la cita con BioCultura como el lugar donde seguro encontrar\u00e1n respuestas y propuestas.<\/p>\n<p><a href=\"http:\/\/biocultura.org\/index.php?option=com_content&amp;view=article&amp;id=69&amp;Itemid=33\" target=\"_blank\"><strong>Fuente.<\/strong><\/a><\/p>\n<p>&nbsp;<\/p>\n<p>&nbsp;<\/p>\n","protected":false},"excerpt":{"rendered":"<p>BioCultura. Feria Internacional de Productos Ecol\u00f3gicos y Consumo Responsable. Pabell\u00f3n 9 &#8211;\u00a0 Feria de Madrid &#8211;\u00a0 IFEMA Campo de las Naciones. Madrid Del 14 al 17 de noviembre, 2013 Vig\u00e9simonovena Edici\u00f3n Un a\u00f1o m\u00e1s se celebra la feria de productos &hellip; <a href=\"https:\/\/www.ruralgia.com\/blog\/feria-biocultura-madrid-2013\/\">Sigue leyendo <span class=\"meta-nav\">&rarr;<\/span><\/a><\/p>\n","protected":false},"author":1,"featured_media":1502,"comment_status":"open","ping_status":"open","sticky":false,"template":"","format":"standard","meta":{"footnotes":""},"categories":[92,12,11],"tags":[158,95,165],"class_list":["post-1501","post","type-post","status-publish","format-standard","has-post-thumbnail","hentry","category-ferias","category-propuestas","category-trucos","tag-cultura","tag-ecologico","tag-ferias"],"yoast_head":"<!-- This site is optimized with the Yoast SEO plugin v24.1 - https:\/\/yoast.com\/wordpress\/plugins\/seo\/ -->\n<title>Feria Biocultura Madrid 2013 - Ruralgia Blog<\/title>\n<meta name=\"robots\" content=\"index, follow, max-snippet:-1, max-image-preview:large, max-video-preview:-1\" \/>\n<link rel=\"canonical\" href=\"https:\/\/www.ruralgia.com\/blog\/feria-biocultura-madrid-2013\/\" \/>\n<meta property=\"og:locale\" content=\"es_ES\" \/>\n<meta property=\"og:type\" content=\"article\" \/>\n<meta property=\"og:title\" content=\"Feria Biocultura Madrid 2013 - Ruralgia Blog\" \/>\n<meta property=\"og:description\" content=\"BioCultura. Feria Internacional de Productos Ecol\u00f3gicos y Consumo Responsable. Pabell\u00f3n 9 &#8211;\u00a0 Feria de Madrid &#8211;\u00a0 IFEMA Campo de las Naciones. Madrid Del 14 al 17 de noviembre, 2013 Vig\u00e9simonovena Edici\u00f3n Un a\u00f1o m\u00e1s se celebra la feria de productos &hellip; Sigue leyendo &rarr;\" \/>\n<meta property=\"og:url\" content=\"https:\/\/www.ruralgia.com\/blog\/feria-biocultura-madrid-2013\/\" \/>\n<meta property=\"og:site_name\" content=\"Ruralgia Blog\" \/>\n<meta property=\"article:published_time\" content=\"2013-10-23T12:12:19+00:00\" \/>\n<meta property=\"og:image\" content=\"https:\/\/www.ruralgia.com\/blog\/wp-content\/uploads\/2013\/10\/360x508xCartel-Biocultura-Madrid-2013.jpg.pagespeed.ic_.kxPTnYzhVt.jpg\" \/>\n\t<meta property=\"og:image:width\" content=\"360\" \/>\n\t<meta property=\"og:image:height\" content=\"508\" \/>\n\t<meta property=\"og:image:type\" content=\"image\/jpeg\" \/>\n<meta name=\"author\" content=\"admin\" \/>\n<meta name=\"twitter:card\" content=\"summary_large_image\" \/>\n<meta name=\"twitter:label1\" content=\"Escrito por\" \/>\n\t<meta name=\"twitter:data1\" content=\"admin\" \/>\n\t<meta name=\"twitter:label2\" content=\"Tiempo de lectura\" \/>\n\t<meta name=\"twitter:data2\" content=\"3 minutos\" \/>\n<script type=\"application\/ld+json\" class=\"yoast-schema-graph\">{\"@context\":\"https:\/\/schema.org\",\"@graph\":[{\"@type\":\"WebPage\",\"@id\":\"https:\/\/www.ruralgia.com\/blog\/feria-biocultura-madrid-2013\/\",\"url\":\"https:\/\/www.ruralgia.com\/blog\/feria-biocultura-madrid-2013\/\",\"name\":\"Feria Biocultura Madrid 2013 - Ruralgia Blog\",\"isPartOf\":{\"@id\":\"https:\/\/www.ruralgia.com\/blog\/#website\"},\"primaryImageOfPage\":{\"@id\":\"https:\/\/www.ruralgia.com\/blog\/feria-biocultura-madrid-2013\/#primaryimage\"},\"image\":{\"@id\":\"https:\/\/www.ruralgia.com\/blog\/feria-biocultura-madrid-2013\/#primaryimage\"},\"thumbnailUrl\":\"https:\/\/www.ruralgia.com\/blog\/wp-content\/uploads\/2013\/10\/360x508xCartel-Biocultura-Madrid-2013.jpg.pagespeed.ic_.kxPTnYzhVt.jpg\",\"datePublished\":\"2013-10-23T12:12:19+00:00\",\"dateModified\":\"2013-10-23T12:12:19+00:00\",\"author\":{\"@id\":\"https:\/\/www.ruralgia.com\/blog\/#\/schema\/person\/f9d61dcaa454dc132c65467750b88c01\"},\"breadcrumb\":{\"@id\":\"https:\/\/www.ruralgia.com\/blog\/feria-biocultura-madrid-2013\/#breadcrumb\"},\"inLanguage\":\"es\",\"potentialAction\":[{\"@type\":\"ReadAction\",\"target\":[\"https:\/\/www.ruralgia.com\/blog\/feria-biocultura-madrid-2013\/\"]}]},{\"@type\":\"ImageObject\",\"inLanguage\":\"es\",\"@id\":\"https:\/\/www.ruralgia.com\/blog\/feria-biocultura-madrid-2013\/#primaryimage\",\"url\":\"https:\/\/www.ruralgia.com\/blog\/wp-content\/uploads\/2013\/10\/360x508xCartel-Biocultura-Madrid-2013.jpg.pagespeed.ic_.kxPTnYzhVt.jpg\",\"contentUrl\":\"https:\/\/www.ruralgia.com\/blog\/wp-content\/uploads\/2013\/10\/360x508xCartel-Biocultura-Madrid-2013.jpg.pagespeed.ic_.kxPTnYzhVt.jpg\",\"width\":360,\"height\":508},{\"@type\":\"BreadcrumbList\",\"@id\":\"https:\/\/www.ruralgia.com\/blog\/feria-biocultura-madrid-2013\/#breadcrumb\",\"itemListElement\":[{\"@type\":\"ListItem\",\"position\":1,\"name\":\"Portada\",\"item\":\"https:\/\/www.ruralgia.com\/blog\/\"},{\"@type\":\"ListItem\",\"position\":2,\"name\":\"Feria Biocultura Madrid 2013\"}]},{\"@type\":\"WebSite\",\"@id\":\"https:\/\/www.ruralgia.com\/blog\/#website\",\"url\":\"https:\/\/www.ruralgia.com\/blog\/\",\"name\":\"Ruralgia Blog\",\"description\":\"El blog de viajes y turismo de Ruralgia\",\"potentialAction\":[{\"@type\":\"SearchAction\",\"target\":{\"@type\":\"EntryPoint\",\"urlTemplate\":\"https:\/\/www.ruralgia.com\/blog\/?s={search_term_string}\"},\"query-input\":{\"@type\":\"PropertyValueSpecification\",\"valueRequired\":true,\"valueName\":\"search_term_string\"}}],\"inLanguage\":\"es\"},{\"@type\":\"Person\",\"@id\":\"https:\/\/www.ruralgia.com\/blog\/#\/schema\/person\/f9d61dcaa454dc132c65467750b88c01\",\"name\":\"admin\",\"image\":{\"@type\":\"ImageObject\",\"inLanguage\":\"es\",\"@id\":\"https:\/\/www.ruralgia.com\/blog\/#\/schema\/person\/image\/\",\"url\":\"https:\/\/secure.gravatar.com\/avatar\/308988d44afa417cbdf20b1a60ad4489?s=96&d=mm&r=g\",\"contentUrl\":\"https:\/\/secure.gravatar.com\/avatar\/308988d44afa417cbdf20b1a60ad4489?s=96&d=mm&r=g\",\"caption\":\"admin\"},\"url\":\"https:\/\/www.ruralgia.com\/blog\/author\/admin\/\"}]}<\/script>\n<!-- \/ Yoast SEO plugin. -->","yoast_head_json":{"title":"Feria Biocultura Madrid 2013 - Ruralgia Blog","robots":{"index":"index","follow":"follow","max-snippet":"max-snippet:-1","max-image-preview":"max-image-preview:large","max-video-preview":"max-video-preview:-1"},"canonical":"https:\/\/www.ruralgia.com\/blog\/feria-biocultura-madrid-2013\/","og_locale":"es_ES","og_type":"article","og_title":"Feria Biocultura Madrid 2013 - Ruralgia Blog","og_description":"BioCultura. Feria Internacional de Productos Ecol\u00f3gicos y Consumo Responsable. Pabell\u00f3n 9 &#8211;\u00a0 Feria de Madrid &#8211;\u00a0 IFEMA Campo de las Naciones. Madrid Del 14 al 17 de noviembre, 2013 Vig\u00e9simonovena Edici\u00f3n Un a\u00f1o m\u00e1s se celebra la feria de productos &hellip; Sigue leyendo &rarr;","og_url":"https:\/\/www.ruralgia.com\/blog\/feria-biocultura-madrid-2013\/","og_site_name":"Ruralgia Blog","article_published_time":"2013-10-23T12:12:19+00:00","og_image":[{"width":360,"height":508,"url":"https:\/\/www.ruralgia.com\/blog\/wp-content\/uploads\/2013\/10\/360x508xCartel-Biocultura-Madrid-2013.jpg.pagespeed.ic_.kxPTnYzhVt.jpg","type":"image\/jpeg"}],"author":"admin","twitter_card":"summary_large_image","twitter_misc":{"Escrito por":"admin","Tiempo de lectura":"3 minutos"},"schema":{"@context":"https:\/\/schema.org","@graph":[{"@type":"WebPage","@id":"https:\/\/www.ruralgia.com\/blog\/feria-biocultura-madrid-2013\/","url":"https:\/\/www.ruralgia.com\/blog\/feria-biocultura-madrid-2013\/","name":"Feria Biocultura Madrid 2013 - Ruralgia Blog","isPartOf":{"@id":"https:\/\/www.ruralgia.com\/blog\/#website"},"primaryImageOfPage":{"@id":"https:\/\/www.ruralgia.com\/blog\/feria-biocultura-madrid-2013\/#primaryimage"},"image":{"@id":"https:\/\/www.ruralgia.com\/blog\/feria-biocultura-madrid-2013\/#primaryimage"},"thumbnailUrl":"https:\/\/www.ruralgia.com\/blog\/wp-content\/uploads\/2013\/10\/360x508xCartel-Biocultura-Madrid-2013.jpg.pagespeed.ic_.kxPTnYzhVt.jpg","datePublished":"2013-10-23T12:12:19+00:00","dateModified":"2013-10-23T12:12:19+00:00","author":{"@id":"https:\/\/www.ruralgia.com\/blog\/#\/schema\/person\/f9d61dcaa454dc132c65467750b88c01"},"breadcrumb":{"@id":"https:\/\/www.ruralgia.com\/blog\/feria-biocultura-madrid-2013\/#breadcrumb"},"inLanguage":"es","potentialAction":[{"@type":"ReadAction","target":["https:\/\/www.ruralgia.com\/blog\/feria-biocultura-madrid-2013\/"]}]},{"@type":"ImageObject","inLanguage":"es","@id":"https:\/\/www.ruralgia.com\/blog\/feria-biocultura-madrid-2013\/#primaryimage","url":"https:\/\/www.ruralgia.com\/blog\/wp-content\/uploads\/2013\/10\/360x508xCartel-Biocultura-Madrid-2013.jpg.pagespeed.ic_.kxPTnYzhVt.jpg","contentUrl":"https:\/\/www.ruralgia.com\/blog\/wp-content\/uploads\/2013\/10\/360x508xCartel-Biocultura-Madrid-2013.jpg.pagespeed.ic_.kxPTnYzhVt.jpg","width":360,"height":508},{"@type":"BreadcrumbList","@id":"https:\/\/www.ruralgia.com\/blog\/feria-biocultura-madrid-2013\/#breadcrumb","itemListElement":[{"@type":"ListItem","position":1,"name":"Portada","item":"https:\/\/www.ruralgia.com\/blog\/"},{"@type":"ListItem","position":2,"name":"Feria Biocultura Madrid 2013"}]},{"@type":"WebSite","@id":"https:\/\/www.ruralgia.com\/blog\/#website","url":"https:\/\/www.ruralgia.com\/blog\/","name":"Ruralgia Blog","description":"El blog de viajes y turismo de Ruralgia","potentialAction":[{"@type":"SearchAction","target":{"@type":"EntryPoint","urlTemplate":"https:\/\/www.ruralgia.com\/blog\/?s={search_term_string}"},"query-input":{"@type":"PropertyValueSpecification","valueRequired":true,"valueName":"search_term_string"}}],"inLanguage":"es"},{"@type":"Person","@id":"https:\/\/www.ruralgia.com\/blog\/#\/schema\/person\/f9d61dcaa454dc132c65467750b88c01","name":"admin","image":{"@type":"ImageObject","inLanguage":"es","@id":"https:\/\/www.ruralgia.com\/blog\/#\/schema\/person\/image\/","url":"https:\/\/secure.gravatar.com\/avatar\/308988d44afa417cbdf20b1a60ad4489?s=96&d=mm&r=g","contentUrl":"https:\/\/secure.gravatar.com\/avatar\/308988d44afa417cbdf20b1a60ad4489?s=96&d=mm&r=g","caption":"admin"},"url":"https:\/\/www.ruralgia.com\/blog\/author\/admin\/"}]}},"amp_enabled":true,"_links":{"self":[{"href":"https:\/\/www.ruralgia.com\/blog\/wp-json\/wp\/v2\/posts\/1501","targetHints":{"allow":["GET"]}}],"collection":[{"href":"https:\/\/www.ruralgia.com\/blog\/wp-json\/wp\/v2\/posts"}],"about":[{"href":"https:\/\/www.ruralgia.com\/blog\/wp-json\/wp\/v2\/types\/post"}],"author":[{"embeddable":true,"href":"https:\/\/www.ruralgia.com\/blog\/wp-json\/wp\/v2\/users\/1"}],"replies":[{"embeddable":true,"href":"https:\/\/www.ruralgia.com\/blog\/wp-json\/wp\/v2\/comments?post=1501"}],"version-history":[{"count":6,"href":"https:\/\/www.ruralgia.com\/blog\/wp-json\/wp\/v2\/posts\/1501\/revisions"}],"predecessor-version":[{"id":1536,"href":"https:\/\/www.ruralgia.com\/blog\/wp-json\/wp\/v2\/posts\/1501\/revisions\/1536"}],"wp:featuredmedia":[{"embeddable":true,"href":"https:\/\/www.ruralgia.com\/blog\/wp-json\/wp\/v2\/media\/1502"}],"wp:attachment":[{"href":"https:\/\/www.ruralgia.com\/blog\/wp-json\/wp\/v2\/media?parent=1501"}],"wp:term":[{"taxonomy":"category","embeddable":true,"href":"https:\/\/www.ruralgia.com\/blog\/wp-json\/wp\/v2\/categories?post=1501"},{"taxonomy":"post_tag","embeddable":true,"href":"https:\/\/www.ruralgia.com\/blog\/wp-json\/wp\/v2\/tags?post=1501"}],"curies":[{"name":"wp","href":"https:\/\/api.w.org\/{rel}","templated":true}]}}