{"id":1506,"date":"2013-10-23T12:16:09","date_gmt":"2013-10-23T12:16:09","guid":{"rendered":"https:\/\/www.ruralgia.com\/blog\/?p=1506"},"modified":"2013-10-23T12:16:09","modified_gmt":"2013-10-23T12:16:09","slug":"festival-internacional-de-titeres-de-bilbao-2013","status":"publish","type":"post","link":"https:\/\/www.ruralgia.com\/blog\/festival-internacional-de-titeres-de-bilbao-2013\/","title":{"rendered":"Festival Internacional de T\u00edteres de Bilbao 2013"},"content":{"rendered":"<p><strong>Bilbao<\/strong> celebra del\u00a0 <strong>5 al 30 de Noviembre<\/strong> la <strong>32\u00ba Edici\u00f3n del Festival Internacional de T\u00edtere<\/strong>s con actuaciones por toda la ciudad.<\/p>\n<p><a href=\"https:\/\/www.ruralgia.com\/blog\/wp-content\/uploads\/2013\/10\/Cartel-del-32-Festival-Internacional-de-Titeres-de-Bilbao-2013.jpg\" rel=\"lightbox[1506]\"><img loading=\"lazy\" decoding=\"async\" class=\" wp-image-1507 alignleft\" style=\"border: 2px solid black; margin: 5px;\" alt=\"Cartel-del-32-Festival-Internacional-de-Titeres-de-Bilbao-2013\" src=\"https:\/\/www.ruralgia.com\/blog\/wp-content\/uploads\/2013\/10\/Cartel-del-32-Festival-Internacional-de-Titeres-de-Bilbao-2013.jpg\" width=\"324\" height=\"400\" \/><\/a>El <strong>Festival Internacional de T\u00edteres de Bilbao<\/strong> se celebr\u00f3 por primera vez, en <strong>1982<\/strong>. Naci\u00f3 como evento aislado, pero del trabajo documental realizado para celebraciones sucesivas, surgi\u00f3 el <strong>Centro de documentaci\u00f3n de T\u00edteres de Bilbao<\/strong>.<\/p>\n<p>La Asociaci\u00f3n Txirlora es la encargada de la organizaci\u00f3n del Festival y su directora, Concha de la Casa, indica que el festival acoger\u00e1 a compa\u00f1\u00edas de teatro de t\u00edteres procedentes de diversos lugares del mundo y se van a multiplicar las ubicaciones de las representaciones, acerc\u00e1ndolas a diversos enclaves de la Villa, creando as\u00ed una mayor participaci\u00f3n ciudadana.<\/p>\n<p>En el cartel de esta edici\u00f3n podemos observar la silueta de un t\u00edtere siguiendo las l\u00edneas naturales del plano de Bilbao. La idea es que todo el mundo en la ciudad siga sintiendo este festival como propio.<\/p>\n<p>El Festival Internacional de T\u00edteres de Bilbao es uno de los m\u00e1s antiguos de los que se celebran en Espa\u00f1a y un referente dentro del actual panorama teatral.<\/p>\n<p><script type=\"text\/javascript\" src=\"https:\/\/www.ruralgia.com\/caja_cerca.php?metodo=municipio&amp;ancho=250&amp;elementos=3&amp;size=90&amp;estilo=start&amp;float=right&amp;kms=20&amp;aleatorio=true&amp;municipio=Bilbao (Vizcaya)\"><\/script><\/p>\n<p>Todo ha tenido cabida, incluido el teatro de calle y la cita con otros g\u00e9neros, como el cinematogr\u00e1fico.<\/p>\n<p>Las m\u00e1s importantes compa\u00f1\u00edas del teatro de t\u00edteres han desfilado por sus escenarios, y a su amparo han nacido <strong>exposiciones<\/strong>, <strong>conferencias<\/strong> y <strong>seminarios<\/strong>, <strong>congresos<\/strong>, <strong>teatros<\/strong>&#8211; <strong>forum<\/strong>, <strong>talleres<\/strong> y <strong>cursos<\/strong>&#8230; un mundo cultural polivalente, reunido al reclamo del teatro de mu\u00f1ecos.<\/p>\n<p>Multitud de grupos de todos los continentes, a trav\u00e9s de sus obras, con las m\u00e1s diversas t\u00e9cnicas e idiomas, han dado vida a argumentos propios o adaptados, textos cl\u00e1sicos o contempor\u00e1neos, dramatizaciones de vanguardia o del m\u00e1s rancio conservadurismo, teatro de texto o silencio expresivo.<\/p>\n<p>&nbsp;<\/p>\n<p><a href=\"http:\/\/www.pantzerki.com\/interiores\/home_fr.html\" target=\"_blank\"><strong>Fuente y m\u00e1s informaci\u00f3n.<\/strong><\/a><\/p>\n<p>&nbsp;<\/p>\n<p>&nbsp;<\/p>\n<p>&nbsp;<\/p>\n<p>&nbsp;<\/p>\n","protected":false},"excerpt":{"rendered":"<p>Bilbao celebra del\u00a0 5 al 30 de Noviembre la 32\u00ba Edici\u00f3n del Festival Internacional de T\u00edteres con actuaciones por toda la ciudad. El Festival Internacional de T\u00edteres de Bilbao se celebr\u00f3 por primera vez, en 1982. Naci\u00f3 como evento aislado, &hellip; <a href=\"https:\/\/www.ruralgia.com\/blog\/festival-internacional-de-titeres-de-bilbao-2013\/\">Sigue leyendo <span class=\"meta-nav\">&rarr;<\/span><\/a><\/p>\n","protected":false},"author":1,"featured_media":1507,"comment_status":"open","ping_status":"open","sticky":false,"template":"","format":"standard","meta":{"footnotes":""},"categories":[48,12,60,107],"tags":[158,161,156,169],"class_list":["post-1506","post","type-post","status-publish","format-standard","has-post-thumbnail","hentry","category-festival","category-propuestas","category-teatro","category-titeres","tag-cultura","tag-eventos","tag-festival","tag-titeres"],"yoast_head":"<!-- This site is optimized with the Yoast SEO plugin v24.1 - https:\/\/yoast.com\/wordpress\/plugins\/seo\/ -->\n<title>Festival Internacional de T\u00edteres de Bilbao 2013 - Ruralgia Blog<\/title>\n<meta name=\"robots\" content=\"index, follow, max-snippet:-1, max-image-preview:large, max-video-preview:-1\" \/>\n<link rel=\"canonical\" href=\"https:\/\/www.ruralgia.com\/blog\/festival-internacional-de-titeres-de-bilbao-2013\/\" \/>\n<meta property=\"og:locale\" content=\"es_ES\" \/>\n<meta property=\"og:type\" content=\"article\" \/>\n<meta property=\"og:title\" content=\"Festival Internacional de T\u00edteres de Bilbao 2013 - Ruralgia Blog\" \/>\n<meta property=\"og:description\" content=\"Bilbao celebra del\u00a0 5 al 30 de Noviembre la 32\u00ba Edici\u00f3n del Festival Internacional de T\u00edteres con actuaciones por toda la ciudad. El Festival Internacional de T\u00edteres de Bilbao se celebr\u00f3 por primera vez, en 1982. Naci\u00f3 como evento aislado, &hellip; Sigue leyendo &rarr;\" \/>\n<meta property=\"og:url\" content=\"https:\/\/www.ruralgia.com\/blog\/festival-internacional-de-titeres-de-bilbao-2013\/\" \/>\n<meta property=\"og:site_name\" content=\"Ruralgia Blog\" \/>\n<meta property=\"article:published_time\" content=\"2013-10-23T12:16:09+00:00\" \/>\n<meta property=\"og:image\" content=\"https:\/\/www.ruralgia.com\/blog\/wp-content\/uploads\/2013\/10\/Cartel-del-32-Festival-Internacional-de-Titeres-de-Bilbao-2013.jpg\" \/>\n\t<meta property=\"og:image:width\" content=\"424\" \/>\n\t<meta property=\"og:image:height\" content=\"600\" \/>\n\t<meta property=\"og:image:type\" content=\"image\/jpeg\" \/>\n<meta name=\"author\" content=\"admin\" \/>\n<meta name=\"twitter:card\" content=\"summary_large_image\" \/>\n<meta name=\"twitter:label1\" content=\"Escrito por\" \/>\n\t<meta name=\"twitter:data1\" content=\"admin\" \/>\n\t<meta name=\"twitter:label2\" content=\"Tiempo de lectura\" \/>\n\t<meta name=\"twitter:data2\" content=\"2 minutos\" \/>\n<script type=\"application\/ld+json\" class=\"yoast-schema-graph\">{\"@context\":\"https:\/\/schema.org\",\"@graph\":[{\"@type\":\"WebPage\",\"@id\":\"https:\/\/www.ruralgia.com\/blog\/festival-internacional-de-titeres-de-bilbao-2013\/\",\"url\":\"https:\/\/www.ruralgia.com\/blog\/festival-internacional-de-titeres-de-bilbao-2013\/\",\"name\":\"Festival Internacional de T\u00edteres de Bilbao 2013 - Ruralgia Blog\",\"isPartOf\":{\"@id\":\"https:\/\/www.ruralgia.com\/blog\/#website\"},\"primaryImageOfPage\":{\"@id\":\"https:\/\/www.ruralgia.com\/blog\/festival-internacional-de-titeres-de-bilbao-2013\/#primaryimage\"},\"image\":{\"@id\":\"https:\/\/www.ruralgia.com\/blog\/festival-internacional-de-titeres-de-bilbao-2013\/#primaryimage\"},\"thumbnailUrl\":\"https:\/\/www.ruralgia.com\/blog\/wp-content\/uploads\/2013\/10\/Cartel-del-32-Festival-Internacional-de-Titeres-de-Bilbao-2013.jpg\",\"datePublished\":\"2013-10-23T12:16:09+00:00\",\"dateModified\":\"2013-10-23T12:16:09+00:00\",\"author\":{\"@id\":\"https:\/\/www.ruralgia.com\/blog\/#\/schema\/person\/f9d61dcaa454dc132c65467750b88c01\"},\"breadcrumb\":{\"@id\":\"https:\/\/www.ruralgia.com\/blog\/festival-internacional-de-titeres-de-bilbao-2013\/#breadcrumb\"},\"inLanguage\":\"es\",\"potentialAction\":[{\"@type\":\"ReadAction\",\"target\":[\"https:\/\/www.ruralgia.com\/blog\/festival-internacional-de-titeres-de-bilbao-2013\/\"]}]},{\"@type\":\"ImageObject\",\"inLanguage\":\"es\",\"@id\":\"https:\/\/www.ruralgia.com\/blog\/festival-internacional-de-titeres-de-bilbao-2013\/#primaryimage\",\"url\":\"https:\/\/www.ruralgia.com\/blog\/wp-content\/uploads\/2013\/10\/Cartel-del-32-Festival-Internacional-de-Titeres-de-Bilbao-2013.jpg\",\"contentUrl\":\"https:\/\/www.ruralgia.com\/blog\/wp-content\/uploads\/2013\/10\/Cartel-del-32-Festival-Internacional-de-Titeres-de-Bilbao-2013.jpg\",\"width\":424,\"height\":600},{\"@type\":\"BreadcrumbList\",\"@id\":\"https:\/\/www.ruralgia.com\/blog\/festival-internacional-de-titeres-de-bilbao-2013\/#breadcrumb\",\"itemListElement\":[{\"@type\":\"ListItem\",\"position\":1,\"name\":\"Portada\",\"item\":\"https:\/\/www.ruralgia.com\/blog\/\"},{\"@type\":\"ListItem\",\"position\":2,\"name\":\"Festival Internacional de T\u00edteres de Bilbao 2013\"}]},{\"@type\":\"WebSite\",\"@id\":\"https:\/\/www.ruralgia.com\/blog\/#website\",\"url\":\"https:\/\/www.ruralgia.com\/blog\/\",\"name\":\"Ruralgia Blog\",\"description\":\"El blog de viajes y turismo de Ruralgia\",\"potentialAction\":[{\"@type\":\"SearchAction\",\"target\":{\"@type\":\"EntryPoint\",\"urlTemplate\":\"https:\/\/www.ruralgia.com\/blog\/?s={search_term_string}\"},\"query-input\":{\"@type\":\"PropertyValueSpecification\",\"valueRequired\":true,\"valueName\":\"search_term_string\"}}],\"inLanguage\":\"es\"},{\"@type\":\"Person\",\"@id\":\"https:\/\/www.ruralgia.com\/blog\/#\/schema\/person\/f9d61dcaa454dc132c65467750b88c01\",\"name\":\"admin\",\"image\":{\"@type\":\"ImageObject\",\"inLanguage\":\"es\",\"@id\":\"https:\/\/www.ruralgia.com\/blog\/#\/schema\/person\/image\/\",\"url\":\"https:\/\/secure.gravatar.com\/avatar\/308988d44afa417cbdf20b1a60ad4489?s=96&d=mm&r=g\",\"contentUrl\":\"https:\/\/secure.gravatar.com\/avatar\/308988d44afa417cbdf20b1a60ad4489?s=96&d=mm&r=g\",\"caption\":\"admin\"},\"url\":\"https:\/\/www.ruralgia.com\/blog\/author\/admin\/\"}]}<\/script>\n<!-- \/ Yoast SEO plugin. -->","yoast_head_json":{"title":"Festival Internacional de T\u00edteres de Bilbao 2013 - Ruralgia Blog","robots":{"index":"index","follow":"follow","max-snippet":"max-snippet:-1","max-image-preview":"max-image-preview:large","max-video-preview":"max-video-preview:-1"},"canonical":"https:\/\/www.ruralgia.com\/blog\/festival-internacional-de-titeres-de-bilbao-2013\/","og_locale":"es_ES","og_type":"article","og_title":"Festival Internacional de T\u00edteres de Bilbao 2013 - Ruralgia Blog","og_description":"Bilbao celebra del\u00a0 5 al 30 de Noviembre la 32\u00ba Edici\u00f3n del Festival Internacional de T\u00edteres con actuaciones por toda la ciudad. El Festival Internacional de T\u00edteres de Bilbao se celebr\u00f3 por primera vez, en 1982. Naci\u00f3 como evento aislado, &hellip; Sigue leyendo &rarr;","og_url":"https:\/\/www.ruralgia.com\/blog\/festival-internacional-de-titeres-de-bilbao-2013\/","og_site_name":"Ruralgia Blog","article_published_time":"2013-10-23T12:16:09+00:00","og_image":[{"width":424,"height":600,"url":"https:\/\/www.ruralgia.com\/blog\/wp-content\/uploads\/2013\/10\/Cartel-del-32-Festival-Internacional-de-Titeres-de-Bilbao-2013.jpg","type":"image\/jpeg"}],"author":"admin","twitter_card":"summary_large_image","twitter_misc":{"Escrito por":"admin","Tiempo de lectura":"2 minutos"},"schema":{"@context":"https:\/\/schema.org","@graph":[{"@type":"WebPage","@id":"https:\/\/www.ruralgia.com\/blog\/festival-internacional-de-titeres-de-bilbao-2013\/","url":"https:\/\/www.ruralgia.com\/blog\/festival-internacional-de-titeres-de-bilbao-2013\/","name":"Festival Internacional de T\u00edteres de Bilbao 2013 - Ruralgia Blog","isPartOf":{"@id":"https:\/\/www.ruralgia.com\/blog\/#website"},"primaryImageOfPage":{"@id":"https:\/\/www.ruralgia.com\/blog\/festival-internacional-de-titeres-de-bilbao-2013\/#primaryimage"},"image":{"@id":"https:\/\/www.ruralgia.com\/blog\/festival-internacional-de-titeres-de-bilbao-2013\/#primaryimage"},"thumbnailUrl":"https:\/\/www.ruralgia.com\/blog\/wp-content\/uploads\/2013\/10\/Cartel-del-32-Festival-Internacional-de-Titeres-de-Bilbao-2013.jpg","datePublished":"2013-10-23T12:16:09+00:00","dateModified":"2013-10-23T12:16:09+00:00","author":{"@id":"https:\/\/www.ruralgia.com\/blog\/#\/schema\/person\/f9d61dcaa454dc132c65467750b88c01"},"breadcrumb":{"@id":"https:\/\/www.ruralgia.com\/blog\/festival-internacional-de-titeres-de-bilbao-2013\/#breadcrumb"},"inLanguage":"es","potentialAction":[{"@type":"ReadAction","target":["https:\/\/www.ruralgia.com\/blog\/festival-internacional-de-titeres-de-bilbao-2013\/"]}]},{"@type":"ImageObject","inLanguage":"es","@id":"https:\/\/www.ruralgia.com\/blog\/festival-internacional-de-titeres-de-bilbao-2013\/#primaryimage","url":"https:\/\/www.ruralgia.com\/blog\/wp-content\/uploads\/2013\/10\/Cartel-del-32-Festival-Internacional-de-Titeres-de-Bilbao-2013.jpg","contentUrl":"https:\/\/www.ruralgia.com\/blog\/wp-content\/uploads\/2013\/10\/Cartel-del-32-Festival-Internacional-de-Titeres-de-Bilbao-2013.jpg","width":424,"height":600},{"@type":"BreadcrumbList","@id":"https:\/\/www.ruralgia.com\/blog\/festival-internacional-de-titeres-de-bilbao-2013\/#breadcrumb","itemListElement":[{"@type":"ListItem","position":1,"name":"Portada","item":"https:\/\/www.ruralgia.com\/blog\/"},{"@type":"ListItem","position":2,"name":"Festival Internacional de T\u00edteres de Bilbao 2013"}]},{"@type":"WebSite","@id":"https:\/\/www.ruralgia.com\/blog\/#website","url":"https:\/\/www.ruralgia.com\/blog\/","name":"Ruralgia Blog","description":"El blog de viajes y turismo de Ruralgia","potentialAction":[{"@type":"SearchAction","target":{"@type":"EntryPoint","urlTemplate":"https:\/\/www.ruralgia.com\/blog\/?s={search_term_string}"},"query-input":{"@type":"PropertyValueSpecification","valueRequired":true,"valueName":"search_term_string"}}],"inLanguage":"es"},{"@type":"Person","@id":"https:\/\/www.ruralgia.com\/blog\/#\/schema\/person\/f9d61dcaa454dc132c65467750b88c01","name":"admin","image":{"@type":"ImageObject","inLanguage":"es","@id":"https:\/\/www.ruralgia.com\/blog\/#\/schema\/person\/image\/","url":"https:\/\/secure.gravatar.com\/avatar\/308988d44afa417cbdf20b1a60ad4489?s=96&d=mm&r=g","contentUrl":"https:\/\/secure.gravatar.com\/avatar\/308988d44afa417cbdf20b1a60ad4489?s=96&d=mm&r=g","caption":"admin"},"url":"https:\/\/www.ruralgia.com\/blog\/author\/admin\/"}]}},"amp_enabled":true,"_links":{"self":[{"href":"https:\/\/www.ruralgia.com\/blog\/wp-json\/wp\/v2\/posts\/1506","targetHints":{"allow":["GET"]}}],"collection":[{"href":"https:\/\/www.ruralgia.com\/blog\/wp-json\/wp\/v2\/posts"}],"about":[{"href":"https:\/\/www.ruralgia.com\/blog\/wp-json\/wp\/v2\/types\/post"}],"author":[{"embeddable":true,"href":"https:\/\/www.ruralgia.com\/blog\/wp-json\/wp\/v2\/users\/1"}],"replies":[{"embeddable":true,"href":"https:\/\/www.ruralgia.com\/blog\/wp-json\/wp\/v2\/comments?post=1506"}],"version-history":[{"count":17,"href":"https:\/\/www.ruralgia.com\/blog\/wp-json\/wp\/v2\/posts\/1506\/revisions"}],"predecessor-version":[{"id":1535,"href":"https:\/\/www.ruralgia.com\/blog\/wp-json\/wp\/v2\/posts\/1506\/revisions\/1535"}],"wp:featuredmedia":[{"embeddable":true,"href":"https:\/\/www.ruralgia.com\/blog\/wp-json\/wp\/v2\/media\/1507"}],"wp:attachment":[{"href":"https:\/\/www.ruralgia.com\/blog\/wp-json\/wp\/v2\/media?parent=1506"}],"wp:term":[{"taxonomy":"category","embeddable":true,"href":"https:\/\/www.ruralgia.com\/blog\/wp-json\/wp\/v2\/categories?post=1506"},{"taxonomy":"post_tag","embeddable":true,"href":"https:\/\/www.ruralgia.com\/blog\/wp-json\/wp\/v2\/tags?post=1506"}],"curies":[{"name":"wp","href":"https:\/\/api.w.org\/{rel}","templated":true}]}}