{"id":1636,"date":"2013-11-15T12:08:19","date_gmt":"2013-11-15T12:08:19","guid":{"rendered":"https:\/\/www.ruralgia.com\/blog\/?p=1636"},"modified":"2013-11-15T12:08:19","modified_gmt":"2013-11-15T12:08:19","slug":"intur-2013-feria-internacional-turismo-de-interior","status":"publish","type":"post","link":"https:\/\/www.ruralgia.com\/blog\/intur-2013-feria-internacional-turismo-de-interior\/","title":{"rendered":"Intur 2013 \u00abFeria Internacional del Turismo de Interior\u00bb"},"content":{"rendered":"<p>Del <strong>21 al 24 de Noviembre<\/strong>, Feria de Valladolid celebrar\u00e1 la 17\u00ba edici\u00f3n de <strong>INTUR <em>\u00abFeria Internacional del Turismo de Interior\u00bb<\/em><\/strong>.<\/p>\n<p><a href=\"https:\/\/www.ruralgia.com\/blog\/wp-content\/uploads\/2013\/11\/Cartel-INTUR2013.jpg\" rel=\"lightbox[1636]\"><img loading=\"lazy\" decoding=\"async\" class=\" wp-image-1637 alignleft\" style=\"border: 2px solid black; margin: 5px;\" alt=\"INTURa4\" src=\"https:\/\/www.ruralgia.com\/blog\/wp-content\/uploads\/2013\/11\/Cartel-INTUR2013.jpg\" width=\"272\" height=\"308\" \/><\/a>Se citar\u00e1n profesionales y usuarios del turismo de interior y donde destacar\u00e1n la gastronom\u00eda, el arte, el turismo idiom\u00e1tico y de naturaleza.<\/p>\n<p>El 21 y 22 de noviembre se abrir\u00e1 una nueva edici\u00f3n de <strong>INTUR Negocios<\/strong>, mercado de contrataci\u00f3n especializado en turismo de interior dirigido a <strong>profesionales<\/strong> donde participar\u00e1n tour operadores nacionales e internacionales y empresas que ofrecer\u00e1n un amplio cat\u00e1logo de servicios y productos asociados al turismo de interior.<\/p>\n<p>Adem\u00e1s el fin de semana se podr\u00e1 disfrutar de <strong>INTUR RURAL<\/strong>, propuesta de participaci\u00f3n pensada para peque\u00f1as empresas del \u00e1mbito rural como alojamientos, agencias de viajes especializadas, turismo activo, etc.<\/p>\n<p><strong>INTUR<\/strong> es una plataforma desde la que divulgar la riqueza y variedad del turismo de interior. El objetivo es proyectar una imagen com\u00fan para promocionar estos destinos en mercados internacionales.<\/p>\n<p><a href=\"http:\/\/www.feriavalladolid.com\/intur\/index.php\" target=\"_blank\"><strong>Fuente y M\u00e1s Informaci\u00f3n.<\/strong><\/a><\/p>\n<p><script type=\"text\/javascript\" src=\"https:\/\/www.ruralgia.com\/caja_cerca.php?metodo=municipio&amp;ancho=250&amp;elementos=4&amp;size=90&amp;estilo=trontastic&amp;float=right&amp;kms=20&amp;aleatorio=true&amp;municipio=Valladolid (Valladolid)\"><\/script><\/p>\n<p><strong>Castilla y Le\u00f3n<\/strong> es el escenario perfecto para mostrar la variedad tur\u00edstica de nuestra tierra, una gran visi\u00f3n conjunta de toda nuestra oferta de interior en un momento en que los diferentes conceptos tur\u00edsticos se revisan y buscan nuevas hojas de ruta.<\/p>\n<p><strong>INTUR <\/strong>se posiciona como la feria l\u00edder en turismo de interior del territorio nacional en cuanto a expositores y n\u00famero de visitantes.<\/p>\n<p><a href=\"http:\/\/www.feriavalladolid.com\/intur\/datosinteres.php\" target=\"_blank\">Datos de inter\u00e9s.<\/a><\/p>\n<p>Los visitantes podran disfrutar de los contenidos presentados por expositores nacionales e internacionales\u00a0que les permitir\u00e1 realizar un exhaustivo recorrido por los recursos tur\u00edsticos de Espa\u00f1a y multitud de pa\u00edses, valorar el patrimonio hist\u00f3rico, la cultura y\u00a0 la riqueza medioambiental que se ofrece.<\/p>\n<p>Salud, compras, conciertos, naturaleza, cultura, gastronom\u00eda, museos&#8230; cualquier tipo de turismo. INTUR es el lugar ideal para disfrutar y conocer las diferentes vertientes del turismo de interior.<\/p>\n<p>&nbsp;<\/p>\n<p>&nbsp;<\/p>\n<p>&nbsp;<\/p>\n<p>&nbsp;<\/p>\n<p>&nbsp;<\/p>\n","protected":false},"excerpt":{"rendered":"<p>Del 21 al 24 de Noviembre, Feria de Valladolid celebrar\u00e1 la 17\u00ba edici\u00f3n de INTUR \u00abFeria Internacional del Turismo de Interior\u00bb. Se citar\u00e1n profesionales y usuarios del turismo de interior y donde destacar\u00e1n la gastronom\u00eda, el arte, el turismo idiom\u00e1tico &hellip; <a href=\"https:\/\/www.ruralgia.com\/blog\/intur-2013-feria-internacional-turismo-de-interior\/\">Sigue leyendo <span class=\"meta-nav\">&rarr;<\/span><\/a><\/p>\n","protected":false},"author":1,"featured_media":1637,"comment_status":"open","ping_status":"open","sticky":false,"template":"","format":"standard","meta":{"footnotes":""},"categories":[92,12,11,101],"tags":[165,71],"class_list":["post-1636","post","type-post","status-publish","format-standard","has-post-thumbnail","hentry","category-ferias","category-propuestas","category-trucos","category-turismo","tag-ferias","tag-turismo-rural"],"yoast_head":"<!-- This site is optimized with the Yoast SEO plugin v24.1 - https:\/\/yoast.com\/wordpress\/plugins\/seo\/ -->\n<title>Intur 2013 &quot;Feria Internacional del Turismo de Interior&quot; - Ruralgia Blog<\/title>\n<meta name=\"robots\" content=\"index, follow, max-snippet:-1, max-image-preview:large, max-video-preview:-1\" \/>\n<link rel=\"canonical\" href=\"https:\/\/www.ruralgia.com\/blog\/intur-2013-feria-internacional-turismo-de-interior\/\" \/>\n<meta property=\"og:locale\" content=\"es_ES\" \/>\n<meta property=\"og:type\" content=\"article\" \/>\n<meta property=\"og:title\" content=\"Intur 2013 &quot;Feria Internacional del Turismo de Interior&quot; - Ruralgia Blog\" \/>\n<meta property=\"og:description\" content=\"Del 21 al 24 de Noviembre, Feria de Valladolid celebrar\u00e1 la 17\u00ba edici\u00f3n de INTUR \u00abFeria Internacional del Turismo de Interior\u00bb. Se citar\u00e1n profesionales y usuarios del turismo de interior y donde destacar\u00e1n la gastronom\u00eda, el arte, el turismo idiom\u00e1tico &hellip; Sigue leyendo &rarr;\" \/>\n<meta property=\"og:url\" content=\"https:\/\/www.ruralgia.com\/blog\/intur-2013-feria-internacional-turismo-de-interior\/\" \/>\n<meta property=\"og:site_name\" content=\"Ruralgia Blog\" \/>\n<meta property=\"article:published_time\" content=\"2013-11-15T12:08:19+00:00\" \/>\n<meta property=\"og:image\" content=\"https:\/\/www.ruralgia.com\/blog\/wp-content\/uploads\/2013\/11\/Cartel-INTUR2013.jpg\" \/>\n\t<meta property=\"og:image:width\" content=\"1772\" \/>\n\t<meta property=\"og:image:height\" content=\"2508\" \/>\n\t<meta property=\"og:image:type\" content=\"image\/jpeg\" \/>\n<meta name=\"author\" content=\"admin\" \/>\n<meta name=\"twitter:card\" content=\"summary_large_image\" \/>\n<meta name=\"twitter:label1\" content=\"Escrito por\" \/>\n\t<meta name=\"twitter:data1\" content=\"admin\" \/>\n\t<meta name=\"twitter:label2\" content=\"Tiempo de lectura\" \/>\n\t<meta name=\"twitter:data2\" content=\"2 minutos\" \/>\n<script type=\"application\/ld+json\" class=\"yoast-schema-graph\">{\"@context\":\"https:\/\/schema.org\",\"@graph\":[{\"@type\":\"WebPage\",\"@id\":\"https:\/\/www.ruralgia.com\/blog\/intur-2013-feria-internacional-turismo-de-interior\/\",\"url\":\"https:\/\/www.ruralgia.com\/blog\/intur-2013-feria-internacional-turismo-de-interior\/\",\"name\":\"Intur 2013 \\\"Feria Internacional del Turismo de Interior\\\" - Ruralgia Blog\",\"isPartOf\":{\"@id\":\"https:\/\/www.ruralgia.com\/blog\/#website\"},\"primaryImageOfPage\":{\"@id\":\"https:\/\/www.ruralgia.com\/blog\/intur-2013-feria-internacional-turismo-de-interior\/#primaryimage\"},\"image\":{\"@id\":\"https:\/\/www.ruralgia.com\/blog\/intur-2013-feria-internacional-turismo-de-interior\/#primaryimage\"},\"thumbnailUrl\":\"https:\/\/www.ruralgia.com\/blog\/wp-content\/uploads\/2013\/11\/Cartel-INTUR2013.jpg\",\"datePublished\":\"2013-11-15T12:08:19+00:00\",\"dateModified\":\"2013-11-15T12:08:19+00:00\",\"author\":{\"@id\":\"https:\/\/www.ruralgia.com\/blog\/#\/schema\/person\/f9d61dcaa454dc132c65467750b88c01\"},\"breadcrumb\":{\"@id\":\"https:\/\/www.ruralgia.com\/blog\/intur-2013-feria-internacional-turismo-de-interior\/#breadcrumb\"},\"inLanguage\":\"es\",\"potentialAction\":[{\"@type\":\"ReadAction\",\"target\":[\"https:\/\/www.ruralgia.com\/blog\/intur-2013-feria-internacional-turismo-de-interior\/\"]}]},{\"@type\":\"ImageObject\",\"inLanguage\":\"es\",\"@id\":\"https:\/\/www.ruralgia.com\/blog\/intur-2013-feria-internacional-turismo-de-interior\/#primaryimage\",\"url\":\"https:\/\/www.ruralgia.com\/blog\/wp-content\/uploads\/2013\/11\/Cartel-INTUR2013.jpg\",\"contentUrl\":\"https:\/\/www.ruralgia.com\/blog\/wp-content\/uploads\/2013\/11\/Cartel-INTUR2013.jpg\",\"width\":1772,\"height\":2508},{\"@type\":\"BreadcrumbList\",\"@id\":\"https:\/\/www.ruralgia.com\/blog\/intur-2013-feria-internacional-turismo-de-interior\/#breadcrumb\",\"itemListElement\":[{\"@type\":\"ListItem\",\"position\":1,\"name\":\"Portada\",\"item\":\"https:\/\/www.ruralgia.com\/blog\/\"},{\"@type\":\"ListItem\",\"position\":2,\"name\":\"Intur 2013 \u00abFeria Internacional del Turismo de Interior\u00bb\"}]},{\"@type\":\"WebSite\",\"@id\":\"https:\/\/www.ruralgia.com\/blog\/#website\",\"url\":\"https:\/\/www.ruralgia.com\/blog\/\",\"name\":\"Ruralgia Blog\",\"description\":\"El blog de viajes y turismo de Ruralgia\",\"potentialAction\":[{\"@type\":\"SearchAction\",\"target\":{\"@type\":\"EntryPoint\",\"urlTemplate\":\"https:\/\/www.ruralgia.com\/blog\/?s={search_term_string}\"},\"query-input\":{\"@type\":\"PropertyValueSpecification\",\"valueRequired\":true,\"valueName\":\"search_term_string\"}}],\"inLanguage\":\"es\"},{\"@type\":\"Person\",\"@id\":\"https:\/\/www.ruralgia.com\/blog\/#\/schema\/person\/f9d61dcaa454dc132c65467750b88c01\",\"name\":\"admin\",\"image\":{\"@type\":\"ImageObject\",\"inLanguage\":\"es\",\"@id\":\"https:\/\/www.ruralgia.com\/blog\/#\/schema\/person\/image\/\",\"url\":\"https:\/\/secure.gravatar.com\/avatar\/308988d44afa417cbdf20b1a60ad4489?s=96&d=mm&r=g\",\"contentUrl\":\"https:\/\/secure.gravatar.com\/avatar\/308988d44afa417cbdf20b1a60ad4489?s=96&d=mm&r=g\",\"caption\":\"admin\"},\"url\":\"https:\/\/www.ruralgia.com\/blog\/author\/admin\/\"}]}<\/script>\n<!-- \/ Yoast SEO plugin. -->","yoast_head_json":{"title":"Intur 2013 \"Feria Internacional del Turismo de Interior\" - Ruralgia Blog","robots":{"index":"index","follow":"follow","max-snippet":"max-snippet:-1","max-image-preview":"max-image-preview:large","max-video-preview":"max-video-preview:-1"},"canonical":"https:\/\/www.ruralgia.com\/blog\/intur-2013-feria-internacional-turismo-de-interior\/","og_locale":"es_ES","og_type":"article","og_title":"Intur 2013 \"Feria Internacional del Turismo de Interior\" - Ruralgia Blog","og_description":"Del 21 al 24 de Noviembre, Feria de Valladolid celebrar\u00e1 la 17\u00ba edici\u00f3n de INTUR \u00abFeria Internacional del Turismo de Interior\u00bb. Se citar\u00e1n profesionales y usuarios del turismo de interior y donde destacar\u00e1n la gastronom\u00eda, el arte, el turismo idiom\u00e1tico &hellip; Sigue leyendo &rarr;","og_url":"https:\/\/www.ruralgia.com\/blog\/intur-2013-feria-internacional-turismo-de-interior\/","og_site_name":"Ruralgia Blog","article_published_time":"2013-11-15T12:08:19+00:00","og_image":[{"width":1772,"height":2508,"url":"https:\/\/www.ruralgia.com\/blog\/wp-content\/uploads\/2013\/11\/Cartel-INTUR2013.jpg","type":"image\/jpeg"}],"author":"admin","twitter_card":"summary_large_image","twitter_misc":{"Escrito por":"admin","Tiempo de lectura":"2 minutos"},"schema":{"@context":"https:\/\/schema.org","@graph":[{"@type":"WebPage","@id":"https:\/\/www.ruralgia.com\/blog\/intur-2013-feria-internacional-turismo-de-interior\/","url":"https:\/\/www.ruralgia.com\/blog\/intur-2013-feria-internacional-turismo-de-interior\/","name":"Intur 2013 \"Feria Internacional del Turismo de Interior\" - Ruralgia Blog","isPartOf":{"@id":"https:\/\/www.ruralgia.com\/blog\/#website"},"primaryImageOfPage":{"@id":"https:\/\/www.ruralgia.com\/blog\/intur-2013-feria-internacional-turismo-de-interior\/#primaryimage"},"image":{"@id":"https:\/\/www.ruralgia.com\/blog\/intur-2013-feria-internacional-turismo-de-interior\/#primaryimage"},"thumbnailUrl":"https:\/\/www.ruralgia.com\/blog\/wp-content\/uploads\/2013\/11\/Cartel-INTUR2013.jpg","datePublished":"2013-11-15T12:08:19+00:00","dateModified":"2013-11-15T12:08:19+00:00","author":{"@id":"https:\/\/www.ruralgia.com\/blog\/#\/schema\/person\/f9d61dcaa454dc132c65467750b88c01"},"breadcrumb":{"@id":"https:\/\/www.ruralgia.com\/blog\/intur-2013-feria-internacional-turismo-de-interior\/#breadcrumb"},"inLanguage":"es","potentialAction":[{"@type":"ReadAction","target":["https:\/\/www.ruralgia.com\/blog\/intur-2013-feria-internacional-turismo-de-interior\/"]}]},{"@type":"ImageObject","inLanguage":"es","@id":"https:\/\/www.ruralgia.com\/blog\/intur-2013-feria-internacional-turismo-de-interior\/#primaryimage","url":"https:\/\/www.ruralgia.com\/blog\/wp-content\/uploads\/2013\/11\/Cartel-INTUR2013.jpg","contentUrl":"https:\/\/www.ruralgia.com\/blog\/wp-content\/uploads\/2013\/11\/Cartel-INTUR2013.jpg","width":1772,"height":2508},{"@type":"BreadcrumbList","@id":"https:\/\/www.ruralgia.com\/blog\/intur-2013-feria-internacional-turismo-de-interior\/#breadcrumb","itemListElement":[{"@type":"ListItem","position":1,"name":"Portada","item":"https:\/\/www.ruralgia.com\/blog\/"},{"@type":"ListItem","position":2,"name":"Intur 2013 \u00abFeria Internacional del Turismo de Interior\u00bb"}]},{"@type":"WebSite","@id":"https:\/\/www.ruralgia.com\/blog\/#website","url":"https:\/\/www.ruralgia.com\/blog\/","name":"Ruralgia Blog","description":"El blog de viajes y turismo de Ruralgia","potentialAction":[{"@type":"SearchAction","target":{"@type":"EntryPoint","urlTemplate":"https:\/\/www.ruralgia.com\/blog\/?s={search_term_string}"},"query-input":{"@type":"PropertyValueSpecification","valueRequired":true,"valueName":"search_term_string"}}],"inLanguage":"es"},{"@type":"Person","@id":"https:\/\/www.ruralgia.com\/blog\/#\/schema\/person\/f9d61dcaa454dc132c65467750b88c01","name":"admin","image":{"@type":"ImageObject","inLanguage":"es","@id":"https:\/\/www.ruralgia.com\/blog\/#\/schema\/person\/image\/","url":"https:\/\/secure.gravatar.com\/avatar\/308988d44afa417cbdf20b1a60ad4489?s=96&d=mm&r=g","contentUrl":"https:\/\/secure.gravatar.com\/avatar\/308988d44afa417cbdf20b1a60ad4489?s=96&d=mm&r=g","caption":"admin"},"url":"https:\/\/www.ruralgia.com\/blog\/author\/admin\/"}]}},"amp_enabled":true,"_links":{"self":[{"href":"https:\/\/www.ruralgia.com\/blog\/wp-json\/wp\/v2\/posts\/1636","targetHints":{"allow":["GET"]}}],"collection":[{"href":"https:\/\/www.ruralgia.com\/blog\/wp-json\/wp\/v2\/posts"}],"about":[{"href":"https:\/\/www.ruralgia.com\/blog\/wp-json\/wp\/v2\/types\/post"}],"author":[{"embeddable":true,"href":"https:\/\/www.ruralgia.com\/blog\/wp-json\/wp\/v2\/users\/1"}],"replies":[{"embeddable":true,"href":"https:\/\/www.ruralgia.com\/blog\/wp-json\/wp\/v2\/comments?post=1636"}],"version-history":[{"count":16,"href":"https:\/\/www.ruralgia.com\/blog\/wp-json\/wp\/v2\/posts\/1636\/revisions"}],"predecessor-version":[{"id":1758,"href":"https:\/\/www.ruralgia.com\/blog\/wp-json\/wp\/v2\/posts\/1636\/revisions\/1758"}],"wp:featuredmedia":[{"embeddable":true,"href":"https:\/\/www.ruralgia.com\/blog\/wp-json\/wp\/v2\/media\/1637"}],"wp:attachment":[{"href":"https:\/\/www.ruralgia.com\/blog\/wp-json\/wp\/v2\/media?parent=1636"}],"wp:term":[{"taxonomy":"category","embeddable":true,"href":"https:\/\/www.ruralgia.com\/blog\/wp-json\/wp\/v2\/categories?post=1636"},{"taxonomy":"post_tag","embeddable":true,"href":"https:\/\/www.ruralgia.com\/blog\/wp-json\/wp\/v2\/tags?post=1636"}],"curies":[{"name":"wp","href":"https:\/\/api.w.org\/{rel}","templated":true}]}}