{"id":1649,"date":"2013-11-08T11:34:38","date_gmt":"2013-11-08T11:34:38","guid":{"rendered":"https:\/\/www.ruralgia.com\/blog\/?p=1649"},"modified":"2013-11-08T11:34:38","modified_gmt":"2013-11-08T11:34:38","slug":"feria-del-vino-y-alimentacion-mediterranea-2013","status":"publish","type":"post","link":"https:\/\/www.ruralgia.com\/blog\/feria-del-vino-y-alimentacion-mediterranea-2013\/","title":{"rendered":"Feria del Vino y Alimentaci\u00f3n Mediterr\u00e1nea 2013"},"content":{"rendered":"<p>El <strong>Palacio de Congresos de Torremolinos<\/strong> acoger\u00e1 del <strong>23 al 25 de Noviembre<\/strong> la <strong>14\u00aa edici\u00f3n<\/strong> de la <strong>\u00abFeria del Vino y Alimentaci\u00f3n Mediterr\u00e1nea\u00bb.<\/strong><\/p>\n<p><a href=\"https:\/\/www.ruralgia.com\/blog\/wp-content\/uploads\/2013\/11\/curso-uma-andalucc3ada-turismo-gastronc3b3mico-de-vanguardia-01.jpg\" rel=\"lightbox[1649]\"><img loading=\"lazy\" decoding=\"async\" class=\" wp-image-1650 alignright\" style=\"margin: 5px; border: 2px solid black;\" alt=\"curso-uma-andalucc3ada-turismo-gastronc3b3mico-de-vanguardia-01\" src=\"https:\/\/www.ruralgia.com\/blog\/wp-content\/uploads\/2013\/11\/curso-uma-andalucc3ada-turismo-gastronc3b3mico-de-vanguardia-01.jpg\" width=\"296\" height=\"443\" \/><\/a><\/p>\n<p><a href=\"https:\/\/www.ruralgia.com\/blog\/wp-content\/uploads\/2013\/11\/cropped-facebook-fvam.jpg\" rel=\"lightbox[1649]\"><img loading=\"lazy\" decoding=\"async\" class=\"alignleft size-full wp-image-1688\" alt=\"cropped-facebook-fvam\" src=\"https:\/\/www.ruralgia.com\/blog\/wp-content\/uploads\/2013\/11\/cropped-facebook-fvam.jpg\" width=\"240\" height=\"197\" \/><\/a>La <strong>FVAM 2013<\/strong> esta especializada en el sector agroalimentario y vitivin\u00edcola. Donde las peque\u00f1as y medianas empresas, distribuidores, consejos reguladores de dominaci\u00f3n de origen y muchas m\u00e1s empresas relacionadas con el sector se dan cita en este evento.<\/p>\n<p><strong>Custodio L\u00f3pez Zamarra<\/strong>, maestro de la sumiller\u00eda, dirigir\u00e1 y guiar\u00e1 esta 14\u00aa edici\u00f3n con una cata de los vinos m\u00e1s emblem\u00e1ticos presentes en la Feria, esto ser\u00e1 el domingo 24 a las 17:30h.<\/p>\n<p>La <strong>Trufa Negra Melanosporum-Perigod<\/strong>, condimento preciado en la alta cocina, ser\u00e1 este a\u00f1o una de las protiganistas. <strong>Juan Mu\u00f1oz<\/strong> (Presidente de la Academia de Sumiller\u00eda y Master Sumiller) ser\u00e1 el encargado de dirigir esta cata el domingo 24 a las 13:15h.<\/p>\n<p><a href=\"http:\/\/feriavinoydo.wordpress.com\/\" target=\"_blank\"><strong>Fuente.<\/strong><\/a><\/p>\n<p><script type=\"text\/javascript\" src=\"https:\/\/www.ruralgia.com\/caja_cerca.php?metodo=municipio&amp;ancho=250&amp;elementos=4&amp;size=90&amp;estilo=start&amp;float=left&amp;kms=20&amp;aleatorio=true&amp;municipio=Torremolinos (M\u00e1laga)\"><\/script><\/p>\n<p>&nbsp;<\/p>\n<p><a href=\"http:\/\/www.feriadelvinoydo.com\/index.php\" target=\"_blank\"><strong>M\u00e1s Informaci\u00f3n.<\/strong><\/a><\/p>\n<p>Tres d\u00edas donde descubrir y conocer las peculiaridades de los productos presentados. Experiencias que fusionaran, vino, cocktails, habanos, champagne, sushi&#8230;<\/p>\n<p>Los amantes del vino y la dieta mediterranea encontraran en esta feria un amplio abanico de posibilidades para disfrutar de un programa de actividades tales como ponenecias, catas, concurso de sumiller\u00eda, maridaje vino-plato, etc.<\/p>\n<p><a href=\"http:\/\/www.feriadelvinoydo.com\/actividades.php\" target=\"_blank\"><strong>Programa y actividades.<\/strong><\/a><\/p>\n<p>&nbsp;<\/p>\n<p>&nbsp;<\/p>\n<p>&nbsp;<\/p>\n<p>&nbsp;<\/p>\n","protected":false},"excerpt":{"rendered":"<p>El Palacio de Congresos de Torremolinos acoger\u00e1 del 23 al 25 de Noviembre la 14\u00aa edici\u00f3n de la \u00abFeria del Vino y Alimentaci\u00f3n Mediterr\u00e1nea\u00bb. La FVAM 2013 esta especializada en el sector agroalimentario y vitivin\u00edcola. Donde las peque\u00f1as y medianas &hellip; <a href=\"https:\/\/www.ruralgia.com\/blog\/feria-del-vino-y-alimentacion-mediterranea-2013\/\">Sigue leyendo <span class=\"meta-nav\">&rarr;<\/span><\/a><\/p>\n","protected":false},"author":1,"featured_media":1650,"comment_status":"open","ping_status":"open","sticky":false,"template":"","format":"standard","meta":{"footnotes":""},"categories":[92,91],"tags":[161,165,39],"class_list":["post-1649","post","type-post","status-publish","format-standard","has-post-thumbnail","hentry","category-ferias","category-propuestas-eventos","tag-eventos","tag-ferias","tag-gastronomia"],"yoast_head":"<!-- This site is optimized with the Yoast SEO plugin v24.1 - https:\/\/yoast.com\/wordpress\/plugins\/seo\/ -->\n<title>Feria del Vino y Alimentaci\u00f3n Mediterr\u00e1nea 2013 - Ruralgia Blog<\/title>\n<meta name=\"robots\" content=\"index, follow, max-snippet:-1, max-image-preview:large, max-video-preview:-1\" \/>\n<link rel=\"canonical\" href=\"https:\/\/www.ruralgia.com\/blog\/feria-del-vino-y-alimentacion-mediterranea-2013\/\" \/>\n<meta property=\"og:locale\" content=\"es_ES\" \/>\n<meta property=\"og:type\" content=\"article\" \/>\n<meta property=\"og:title\" content=\"Feria del Vino y Alimentaci\u00f3n Mediterr\u00e1nea 2013 - Ruralgia Blog\" \/>\n<meta property=\"og:description\" content=\"El Palacio de Congresos de Torremolinos acoger\u00e1 del 23 al 25 de Noviembre la 14\u00aa edici\u00f3n de la \u00abFeria del Vino y Alimentaci\u00f3n Mediterr\u00e1nea\u00bb. La FVAM 2013 esta especializada en el sector agroalimentario y vitivin\u00edcola. Donde las peque\u00f1as y medianas &hellip; Sigue leyendo &rarr;\" \/>\n<meta property=\"og:url\" content=\"https:\/\/www.ruralgia.com\/blog\/feria-del-vino-y-alimentacion-mediterranea-2013\/\" \/>\n<meta property=\"og:site_name\" content=\"Ruralgia Blog\" \/>\n<meta property=\"article:published_time\" content=\"2013-11-08T11:34:38+00:00\" \/>\n<meta property=\"og:image\" content=\"https:\/\/www.ruralgia.com\/blog\/wp-content\/uploads\/2013\/11\/curso-uma-andalucc3ada-turismo-gastronc3b3mico-de-vanguardia-01.jpg\" \/>\n\t<meta property=\"og:image:width\" content=\"596\" \/>\n\t<meta property=\"og:image:height\" content=\"843\" \/>\n\t<meta property=\"og:image:type\" content=\"image\/jpeg\" \/>\n<meta name=\"author\" content=\"admin\" \/>\n<meta name=\"twitter:card\" content=\"summary_large_image\" \/>\n<meta name=\"twitter:label1\" content=\"Escrito por\" \/>\n\t<meta name=\"twitter:data1\" content=\"admin\" \/>\n\t<meta name=\"twitter:label2\" content=\"Tiempo de lectura\" \/>\n\t<meta name=\"twitter:data2\" content=\"1 minuto\" \/>\n<script type=\"application\/ld+json\" class=\"yoast-schema-graph\">{\"@context\":\"https:\/\/schema.org\",\"@graph\":[{\"@type\":\"WebPage\",\"@id\":\"https:\/\/www.ruralgia.com\/blog\/feria-del-vino-y-alimentacion-mediterranea-2013\/\",\"url\":\"https:\/\/www.ruralgia.com\/blog\/feria-del-vino-y-alimentacion-mediterranea-2013\/\",\"name\":\"Feria del Vino y Alimentaci\u00f3n Mediterr\u00e1nea 2013 - Ruralgia Blog\",\"isPartOf\":{\"@id\":\"https:\/\/www.ruralgia.com\/blog\/#website\"},\"primaryImageOfPage\":{\"@id\":\"https:\/\/www.ruralgia.com\/blog\/feria-del-vino-y-alimentacion-mediterranea-2013\/#primaryimage\"},\"image\":{\"@id\":\"https:\/\/www.ruralgia.com\/blog\/feria-del-vino-y-alimentacion-mediterranea-2013\/#primaryimage\"},\"thumbnailUrl\":\"https:\/\/www.ruralgia.com\/blog\/wp-content\/uploads\/2013\/11\/curso-uma-andalucc3ada-turismo-gastronc3b3mico-de-vanguardia-01.jpg\",\"datePublished\":\"2013-11-08T11:34:38+00:00\",\"dateModified\":\"2013-11-08T11:34:38+00:00\",\"author\":{\"@id\":\"https:\/\/www.ruralgia.com\/blog\/#\/schema\/person\/f9d61dcaa454dc132c65467750b88c01\"},\"breadcrumb\":{\"@id\":\"https:\/\/www.ruralgia.com\/blog\/feria-del-vino-y-alimentacion-mediterranea-2013\/#breadcrumb\"},\"inLanguage\":\"es\",\"potentialAction\":[{\"@type\":\"ReadAction\",\"target\":[\"https:\/\/www.ruralgia.com\/blog\/feria-del-vino-y-alimentacion-mediterranea-2013\/\"]}]},{\"@type\":\"ImageObject\",\"inLanguage\":\"es\",\"@id\":\"https:\/\/www.ruralgia.com\/blog\/feria-del-vino-y-alimentacion-mediterranea-2013\/#primaryimage\",\"url\":\"https:\/\/www.ruralgia.com\/blog\/wp-content\/uploads\/2013\/11\/curso-uma-andalucc3ada-turismo-gastronc3b3mico-de-vanguardia-01.jpg\",\"contentUrl\":\"https:\/\/www.ruralgia.com\/blog\/wp-content\/uploads\/2013\/11\/curso-uma-andalucc3ada-turismo-gastronc3b3mico-de-vanguardia-01.jpg\",\"width\":596,\"height\":843},{\"@type\":\"BreadcrumbList\",\"@id\":\"https:\/\/www.ruralgia.com\/blog\/feria-del-vino-y-alimentacion-mediterranea-2013\/#breadcrumb\",\"itemListElement\":[{\"@type\":\"ListItem\",\"position\":1,\"name\":\"Portada\",\"item\":\"https:\/\/www.ruralgia.com\/blog\/\"},{\"@type\":\"ListItem\",\"position\":2,\"name\":\"Feria del Vino y Alimentaci\u00f3n Mediterr\u00e1nea 2013\"}]},{\"@type\":\"WebSite\",\"@id\":\"https:\/\/www.ruralgia.com\/blog\/#website\",\"url\":\"https:\/\/www.ruralgia.com\/blog\/\",\"name\":\"Ruralgia Blog\",\"description\":\"El blog de viajes y turismo de Ruralgia\",\"potentialAction\":[{\"@type\":\"SearchAction\",\"target\":{\"@type\":\"EntryPoint\",\"urlTemplate\":\"https:\/\/www.ruralgia.com\/blog\/?s={search_term_string}\"},\"query-input\":{\"@type\":\"PropertyValueSpecification\",\"valueRequired\":true,\"valueName\":\"search_term_string\"}}],\"inLanguage\":\"es\"},{\"@type\":\"Person\",\"@id\":\"https:\/\/www.ruralgia.com\/blog\/#\/schema\/person\/f9d61dcaa454dc132c65467750b88c01\",\"name\":\"admin\",\"image\":{\"@type\":\"ImageObject\",\"inLanguage\":\"es\",\"@id\":\"https:\/\/www.ruralgia.com\/blog\/#\/schema\/person\/image\/\",\"url\":\"https:\/\/secure.gravatar.com\/avatar\/308988d44afa417cbdf20b1a60ad4489?s=96&d=mm&r=g\",\"contentUrl\":\"https:\/\/secure.gravatar.com\/avatar\/308988d44afa417cbdf20b1a60ad4489?s=96&d=mm&r=g\",\"caption\":\"admin\"},\"url\":\"https:\/\/www.ruralgia.com\/blog\/author\/admin\/\"}]}<\/script>\n<!-- \/ Yoast SEO plugin. -->","yoast_head_json":{"title":"Feria del Vino y Alimentaci\u00f3n Mediterr\u00e1nea 2013 - Ruralgia Blog","robots":{"index":"index","follow":"follow","max-snippet":"max-snippet:-1","max-image-preview":"max-image-preview:large","max-video-preview":"max-video-preview:-1"},"canonical":"https:\/\/www.ruralgia.com\/blog\/feria-del-vino-y-alimentacion-mediterranea-2013\/","og_locale":"es_ES","og_type":"article","og_title":"Feria del Vino y Alimentaci\u00f3n Mediterr\u00e1nea 2013 - Ruralgia Blog","og_description":"El Palacio de Congresos de Torremolinos acoger\u00e1 del 23 al 25 de Noviembre la 14\u00aa edici\u00f3n de la \u00abFeria del Vino y Alimentaci\u00f3n Mediterr\u00e1nea\u00bb. La FVAM 2013 esta especializada en el sector agroalimentario y vitivin\u00edcola. Donde las peque\u00f1as y medianas &hellip; Sigue leyendo &rarr;","og_url":"https:\/\/www.ruralgia.com\/blog\/feria-del-vino-y-alimentacion-mediterranea-2013\/","og_site_name":"Ruralgia Blog","article_published_time":"2013-11-08T11:34:38+00:00","og_image":[{"width":596,"height":843,"url":"https:\/\/www.ruralgia.com\/blog\/wp-content\/uploads\/2013\/11\/curso-uma-andalucc3ada-turismo-gastronc3b3mico-de-vanguardia-01.jpg","type":"image\/jpeg"}],"author":"admin","twitter_card":"summary_large_image","twitter_misc":{"Escrito por":"admin","Tiempo de lectura":"1 minuto"},"schema":{"@context":"https:\/\/schema.org","@graph":[{"@type":"WebPage","@id":"https:\/\/www.ruralgia.com\/blog\/feria-del-vino-y-alimentacion-mediterranea-2013\/","url":"https:\/\/www.ruralgia.com\/blog\/feria-del-vino-y-alimentacion-mediterranea-2013\/","name":"Feria del Vino y Alimentaci\u00f3n Mediterr\u00e1nea 2013 - Ruralgia Blog","isPartOf":{"@id":"https:\/\/www.ruralgia.com\/blog\/#website"},"primaryImageOfPage":{"@id":"https:\/\/www.ruralgia.com\/blog\/feria-del-vino-y-alimentacion-mediterranea-2013\/#primaryimage"},"image":{"@id":"https:\/\/www.ruralgia.com\/blog\/feria-del-vino-y-alimentacion-mediterranea-2013\/#primaryimage"},"thumbnailUrl":"https:\/\/www.ruralgia.com\/blog\/wp-content\/uploads\/2013\/11\/curso-uma-andalucc3ada-turismo-gastronc3b3mico-de-vanguardia-01.jpg","datePublished":"2013-11-08T11:34:38+00:00","dateModified":"2013-11-08T11:34:38+00:00","author":{"@id":"https:\/\/www.ruralgia.com\/blog\/#\/schema\/person\/f9d61dcaa454dc132c65467750b88c01"},"breadcrumb":{"@id":"https:\/\/www.ruralgia.com\/blog\/feria-del-vino-y-alimentacion-mediterranea-2013\/#breadcrumb"},"inLanguage":"es","potentialAction":[{"@type":"ReadAction","target":["https:\/\/www.ruralgia.com\/blog\/feria-del-vino-y-alimentacion-mediterranea-2013\/"]}]},{"@type":"ImageObject","inLanguage":"es","@id":"https:\/\/www.ruralgia.com\/blog\/feria-del-vino-y-alimentacion-mediterranea-2013\/#primaryimage","url":"https:\/\/www.ruralgia.com\/blog\/wp-content\/uploads\/2013\/11\/curso-uma-andalucc3ada-turismo-gastronc3b3mico-de-vanguardia-01.jpg","contentUrl":"https:\/\/www.ruralgia.com\/blog\/wp-content\/uploads\/2013\/11\/curso-uma-andalucc3ada-turismo-gastronc3b3mico-de-vanguardia-01.jpg","width":596,"height":843},{"@type":"BreadcrumbList","@id":"https:\/\/www.ruralgia.com\/blog\/feria-del-vino-y-alimentacion-mediterranea-2013\/#breadcrumb","itemListElement":[{"@type":"ListItem","position":1,"name":"Portada","item":"https:\/\/www.ruralgia.com\/blog\/"},{"@type":"ListItem","position":2,"name":"Feria del Vino y Alimentaci\u00f3n Mediterr\u00e1nea 2013"}]},{"@type":"WebSite","@id":"https:\/\/www.ruralgia.com\/blog\/#website","url":"https:\/\/www.ruralgia.com\/blog\/","name":"Ruralgia Blog","description":"El blog de viajes y turismo de Ruralgia","potentialAction":[{"@type":"SearchAction","target":{"@type":"EntryPoint","urlTemplate":"https:\/\/www.ruralgia.com\/blog\/?s={search_term_string}"},"query-input":{"@type":"PropertyValueSpecification","valueRequired":true,"valueName":"search_term_string"}}],"inLanguage":"es"},{"@type":"Person","@id":"https:\/\/www.ruralgia.com\/blog\/#\/schema\/person\/f9d61dcaa454dc132c65467750b88c01","name":"admin","image":{"@type":"ImageObject","inLanguage":"es","@id":"https:\/\/www.ruralgia.com\/blog\/#\/schema\/person\/image\/","url":"https:\/\/secure.gravatar.com\/avatar\/308988d44afa417cbdf20b1a60ad4489?s=96&d=mm&r=g","contentUrl":"https:\/\/secure.gravatar.com\/avatar\/308988d44afa417cbdf20b1a60ad4489?s=96&d=mm&r=g","caption":"admin"},"url":"https:\/\/www.ruralgia.com\/blog\/author\/admin\/"}]}},"amp_enabled":true,"_links":{"self":[{"href":"https:\/\/www.ruralgia.com\/blog\/wp-json\/wp\/v2\/posts\/1649","targetHints":{"allow":["GET"]}}],"collection":[{"href":"https:\/\/www.ruralgia.com\/blog\/wp-json\/wp\/v2\/posts"}],"about":[{"href":"https:\/\/www.ruralgia.com\/blog\/wp-json\/wp\/v2\/types\/post"}],"author":[{"embeddable":true,"href":"https:\/\/www.ruralgia.com\/blog\/wp-json\/wp\/v2\/users\/1"}],"replies":[{"embeddable":true,"href":"https:\/\/www.ruralgia.com\/blog\/wp-json\/wp\/v2\/comments?post=1649"}],"version-history":[{"count":41,"href":"https:\/\/www.ruralgia.com\/blog\/wp-json\/wp\/v2\/posts\/1649\/revisions"}],"predecessor-version":[{"id":1693,"href":"https:\/\/www.ruralgia.com\/blog\/wp-json\/wp\/v2\/posts\/1649\/revisions\/1693"}],"wp:featuredmedia":[{"embeddable":true,"href":"https:\/\/www.ruralgia.com\/blog\/wp-json\/wp\/v2\/media\/1650"}],"wp:attachment":[{"href":"https:\/\/www.ruralgia.com\/blog\/wp-json\/wp\/v2\/media?parent=1649"}],"wp:term":[{"taxonomy":"category","embeddable":true,"href":"https:\/\/www.ruralgia.com\/blog\/wp-json\/wp\/v2\/categories?post=1649"},{"taxonomy":"post_tag","embeddable":true,"href":"https:\/\/www.ruralgia.com\/blog\/wp-json\/wp\/v2\/tags?post=1649"}],"curies":[{"name":"wp","href":"https:\/\/api.w.org\/{rel}","templated":true}]}}