{"id":1762,"date":"2013-11-19T19:41:13","date_gmt":"2013-11-19T19:41:13","guid":{"rendered":"https:\/\/www.ruralgia.com\/blog\/?p=1762"},"modified":"2013-11-25T02:56:51","modified_gmt":"2013-11-25T02:56:51","slug":"fiesta-de-la-aceituna-2013","status":"publish","type":"post","link":"https:\/\/www.ruralgia.com\/blog\/fiesta-de-la-aceituna-2013\/","title":{"rendered":"Fiesta de la Aceituna 2013"},"content":{"rendered":"<p><strong><a href=\"https:\/\/www.ruralgia.com\/blog\/wp-content\/uploads\/2013\/11\/XXXIII-Fiesta-de-la-aceituna-02.jpg\" rel=\"lightbox[1762]\"><img loading=\"lazy\" decoding=\"async\" class=\" wp-image-1763 alignright\" style=\"border: 2px solid black; margin: 5px;\" alt=\"XXXIII Fiesta de la aceituna-02\" src=\"https:\/\/www.ruralgia.com\/blog\/wp-content\/uploads\/2013\/11\/XXXIII-Fiesta-de-la-aceituna-02.jpg\" width=\"233\" height=\"300\" \/><\/a>Martos<\/strong> (Ja\u00e9n) se prepara para acoger del <strong>4 al 8 de diciembre<\/strong> la <strong>XXXIII Fiesta de la Aceituna<\/strong>. Esta celebraci\u00f3n\u00a0 rinde homenaje a todos los aceituneros que trabajan en la campa\u00f1a y que simboliza el inicio de la misma.<\/p>\n<p>Martos contar\u00e1 este a\u00f1o con <strong>Rosa Marchal<\/strong>, directora de CM Europa, como la pregonera de la Fiesta de la Aceituna.<\/p>\n<p>El d\u00eda grande de la fiesta es el domingo <strong>8 de diciembre<\/strong> cuando se realiza la ofrenda floral en el Monumento a los Aceituneros, la emulaci\u00f3n de extracci\u00f3n del primer aceite de oliva del a\u00f1o y el reparto del hoyo aceitunero (compuesto de bacalao, aceitunas, aceite y pan).<\/p>\n<p><script type=\"text\/javascript\" src=\"https:\/\/www.ruralgia.com\/caja_cerca.php?metodo=municipio&amp;ancho=250&amp;elementos=3&amp;size=90&amp;estilo=swanky-purse&amp;float=left&amp;kms=20&amp;aleatorio=true&amp;municipio=Martos (Ja\u00e9n)\"><\/script><\/p>\n<p><a href=\"http:\/\/www.cuandopasa.com\/index.php?v=v55258h\" target=\"_blank\"><strong>Fuente.<\/strong><\/a><\/p>\n<p><a href=\"http:\/\/www.martos.es\/\" target=\"_blank\">M\u00e1s informaci\u00f3n.<\/a><\/p>\n<p>&nbsp;<\/p>\n<p><strong>Martos<\/strong> (Ja\u00e9n), es denominada como la \u00ab<strong>Cuna del olivar<\/strong>\u00bb y es considerada el primer productor de aceite de oliva del mundo, contando incluso con su propia varidad de aceituna, la \u00ab<strong>Marte\u00f1a<\/strong>\u00ab.<\/p>\n<p>En la localidad podr\u00e1n disfrutar de la Cocina Marte\u00f1a, la cual ofrece gran variedad de platos en los que el<strong> aceite de oliva virgen<\/strong> es el ingrediente fundamental.<\/p>\n<p>&nbsp;<\/p>\n<p>&nbsp;<\/p>\n","protected":false},"excerpt":{"rendered":"<p>Martos (Ja\u00e9n) se prepara para acoger del 4 al 8 de diciembre la XXXIII Fiesta de la Aceituna. Esta celebraci\u00f3n\u00a0 rinde homenaje a todos los aceituneros que trabajan en la campa\u00f1a y que simboliza el inicio de la misma. Martos &hellip; <a href=\"https:\/\/www.ruralgia.com\/blog\/fiesta-de-la-aceituna-2013\/\">Sigue leyendo <span class=\"meta-nav\">&rarr;<\/span><\/a><\/p>\n","protected":false},"author":1,"featured_media":1763,"comment_status":"open","ping_status":"open","sticky":false,"template":"","format":"standard","meta":{"footnotes":""},"categories":[92,91,11],"tags":[161,165,39],"class_list":["post-1762","post","type-post","status-publish","format-standard","has-post-thumbnail","hentry","category-ferias","category-propuestas-eventos","category-trucos","tag-eventos","tag-ferias","tag-gastronomia"],"yoast_head":"<!-- This site is optimized with the Yoast SEO plugin v24.1 - https:\/\/yoast.com\/wordpress\/plugins\/seo\/ -->\n<title>Fiesta de la Aceituna 2013 - Ruralgia Blog<\/title>\n<meta name=\"robots\" content=\"index, follow, max-snippet:-1, max-image-preview:large, max-video-preview:-1\" \/>\n<link rel=\"canonical\" href=\"https:\/\/www.ruralgia.com\/blog\/fiesta-de-la-aceituna-2013\/\" \/>\n<meta property=\"og:locale\" content=\"es_ES\" \/>\n<meta property=\"og:type\" content=\"article\" \/>\n<meta property=\"og:title\" content=\"Fiesta de la Aceituna 2013 - Ruralgia Blog\" \/>\n<meta property=\"og:description\" content=\"Martos (Ja\u00e9n) se prepara para acoger del 4 al 8 de diciembre la XXXIII Fiesta de la Aceituna. Esta celebraci\u00f3n\u00a0 rinde homenaje a todos los aceituneros que trabajan en la campa\u00f1a y que simboliza el inicio de la misma. Martos &hellip; Sigue leyendo &rarr;\" \/>\n<meta property=\"og:url\" content=\"https:\/\/www.ruralgia.com\/blog\/fiesta-de-la-aceituna-2013\/\" \/>\n<meta property=\"og:site_name\" content=\"Ruralgia Blog\" \/>\n<meta property=\"article:published_time\" content=\"2013-11-19T19:41:13+00:00\" \/>\n<meta property=\"article:modified_time\" content=\"2013-11-25T02:56:51+00:00\" \/>\n<meta property=\"og:image\" content=\"https:\/\/www.ruralgia.com\/blog\/wp-content\/uploads\/2013\/11\/XXXIII-Fiesta-de-la-aceituna-02.jpg\" \/>\n\t<meta property=\"og:image:width\" content=\"1133\" \/>\n\t<meta property=\"og:image:height\" content=\"1600\" \/>\n\t<meta property=\"og:image:type\" content=\"image\/jpeg\" \/>\n<meta name=\"author\" content=\"admin\" \/>\n<meta name=\"twitter:card\" content=\"summary_large_image\" \/>\n<meta name=\"twitter:label1\" content=\"Escrito por\" \/>\n\t<meta name=\"twitter:data1\" content=\"admin\" \/>\n\t<meta name=\"twitter:label2\" content=\"Tiempo de lectura\" \/>\n\t<meta name=\"twitter:data2\" content=\"1 minuto\" \/>\n<script type=\"application\/ld+json\" class=\"yoast-schema-graph\">{\"@context\":\"https:\/\/schema.org\",\"@graph\":[{\"@type\":\"WebPage\",\"@id\":\"https:\/\/www.ruralgia.com\/blog\/fiesta-de-la-aceituna-2013\/\",\"url\":\"https:\/\/www.ruralgia.com\/blog\/fiesta-de-la-aceituna-2013\/\",\"name\":\"Fiesta de la Aceituna 2013 - Ruralgia Blog\",\"isPartOf\":{\"@id\":\"https:\/\/www.ruralgia.com\/blog\/#website\"},\"primaryImageOfPage\":{\"@id\":\"https:\/\/www.ruralgia.com\/blog\/fiesta-de-la-aceituna-2013\/#primaryimage\"},\"image\":{\"@id\":\"https:\/\/www.ruralgia.com\/blog\/fiesta-de-la-aceituna-2013\/#primaryimage\"},\"thumbnailUrl\":\"https:\/\/www.ruralgia.com\/blog\/wp-content\/uploads\/2013\/11\/XXXIII-Fiesta-de-la-aceituna-02.jpg\",\"datePublished\":\"2013-11-19T19:41:13+00:00\",\"dateModified\":\"2013-11-25T02:56:51+00:00\",\"author\":{\"@id\":\"https:\/\/www.ruralgia.com\/blog\/#\/schema\/person\/f9d61dcaa454dc132c65467750b88c01\"},\"breadcrumb\":{\"@id\":\"https:\/\/www.ruralgia.com\/blog\/fiesta-de-la-aceituna-2013\/#breadcrumb\"},\"inLanguage\":\"es\",\"potentialAction\":[{\"@type\":\"ReadAction\",\"target\":[\"https:\/\/www.ruralgia.com\/blog\/fiesta-de-la-aceituna-2013\/\"]}]},{\"@type\":\"ImageObject\",\"inLanguage\":\"es\",\"@id\":\"https:\/\/www.ruralgia.com\/blog\/fiesta-de-la-aceituna-2013\/#primaryimage\",\"url\":\"https:\/\/www.ruralgia.com\/blog\/wp-content\/uploads\/2013\/11\/XXXIII-Fiesta-de-la-aceituna-02.jpg\",\"contentUrl\":\"https:\/\/www.ruralgia.com\/blog\/wp-content\/uploads\/2013\/11\/XXXIII-Fiesta-de-la-aceituna-02.jpg\",\"width\":1133,\"height\":1600},{\"@type\":\"BreadcrumbList\",\"@id\":\"https:\/\/www.ruralgia.com\/blog\/fiesta-de-la-aceituna-2013\/#breadcrumb\",\"itemListElement\":[{\"@type\":\"ListItem\",\"position\":1,\"name\":\"Portada\",\"item\":\"https:\/\/www.ruralgia.com\/blog\/\"},{\"@type\":\"ListItem\",\"position\":2,\"name\":\"Fiesta de la Aceituna 2013\"}]},{\"@type\":\"WebSite\",\"@id\":\"https:\/\/www.ruralgia.com\/blog\/#website\",\"url\":\"https:\/\/www.ruralgia.com\/blog\/\",\"name\":\"Ruralgia Blog\",\"description\":\"El blog de viajes y turismo de Ruralgia\",\"potentialAction\":[{\"@type\":\"SearchAction\",\"target\":{\"@type\":\"EntryPoint\",\"urlTemplate\":\"https:\/\/www.ruralgia.com\/blog\/?s={search_term_string}\"},\"query-input\":{\"@type\":\"PropertyValueSpecification\",\"valueRequired\":true,\"valueName\":\"search_term_string\"}}],\"inLanguage\":\"es\"},{\"@type\":\"Person\",\"@id\":\"https:\/\/www.ruralgia.com\/blog\/#\/schema\/person\/f9d61dcaa454dc132c65467750b88c01\",\"name\":\"admin\",\"image\":{\"@type\":\"ImageObject\",\"inLanguage\":\"es\",\"@id\":\"https:\/\/www.ruralgia.com\/blog\/#\/schema\/person\/image\/\",\"url\":\"https:\/\/secure.gravatar.com\/avatar\/308988d44afa417cbdf20b1a60ad4489?s=96&d=mm&r=g\",\"contentUrl\":\"https:\/\/secure.gravatar.com\/avatar\/308988d44afa417cbdf20b1a60ad4489?s=96&d=mm&r=g\",\"caption\":\"admin\"},\"url\":\"https:\/\/www.ruralgia.com\/blog\/author\/admin\/\"}]}<\/script>\n<!-- \/ Yoast SEO plugin. -->","yoast_head_json":{"title":"Fiesta de la Aceituna 2013 - Ruralgia Blog","robots":{"index":"index","follow":"follow","max-snippet":"max-snippet:-1","max-image-preview":"max-image-preview:large","max-video-preview":"max-video-preview:-1"},"canonical":"https:\/\/www.ruralgia.com\/blog\/fiesta-de-la-aceituna-2013\/","og_locale":"es_ES","og_type":"article","og_title":"Fiesta de la Aceituna 2013 - Ruralgia Blog","og_description":"Martos (Ja\u00e9n) se prepara para acoger del 4 al 8 de diciembre la XXXIII Fiesta de la Aceituna. Esta celebraci\u00f3n\u00a0 rinde homenaje a todos los aceituneros que trabajan en la campa\u00f1a y que simboliza el inicio de la misma. Martos &hellip; Sigue leyendo &rarr;","og_url":"https:\/\/www.ruralgia.com\/blog\/fiesta-de-la-aceituna-2013\/","og_site_name":"Ruralgia Blog","article_published_time":"2013-11-19T19:41:13+00:00","article_modified_time":"2013-11-25T02:56:51+00:00","og_image":[{"width":1133,"height":1600,"url":"https:\/\/www.ruralgia.com\/blog\/wp-content\/uploads\/2013\/11\/XXXIII-Fiesta-de-la-aceituna-02.jpg","type":"image\/jpeg"}],"author":"admin","twitter_card":"summary_large_image","twitter_misc":{"Escrito por":"admin","Tiempo de lectura":"1 minuto"},"schema":{"@context":"https:\/\/schema.org","@graph":[{"@type":"WebPage","@id":"https:\/\/www.ruralgia.com\/blog\/fiesta-de-la-aceituna-2013\/","url":"https:\/\/www.ruralgia.com\/blog\/fiesta-de-la-aceituna-2013\/","name":"Fiesta de la Aceituna 2013 - Ruralgia Blog","isPartOf":{"@id":"https:\/\/www.ruralgia.com\/blog\/#website"},"primaryImageOfPage":{"@id":"https:\/\/www.ruralgia.com\/blog\/fiesta-de-la-aceituna-2013\/#primaryimage"},"image":{"@id":"https:\/\/www.ruralgia.com\/blog\/fiesta-de-la-aceituna-2013\/#primaryimage"},"thumbnailUrl":"https:\/\/www.ruralgia.com\/blog\/wp-content\/uploads\/2013\/11\/XXXIII-Fiesta-de-la-aceituna-02.jpg","datePublished":"2013-11-19T19:41:13+00:00","dateModified":"2013-11-25T02:56:51+00:00","author":{"@id":"https:\/\/www.ruralgia.com\/blog\/#\/schema\/person\/f9d61dcaa454dc132c65467750b88c01"},"breadcrumb":{"@id":"https:\/\/www.ruralgia.com\/blog\/fiesta-de-la-aceituna-2013\/#breadcrumb"},"inLanguage":"es","potentialAction":[{"@type":"ReadAction","target":["https:\/\/www.ruralgia.com\/blog\/fiesta-de-la-aceituna-2013\/"]}]},{"@type":"ImageObject","inLanguage":"es","@id":"https:\/\/www.ruralgia.com\/blog\/fiesta-de-la-aceituna-2013\/#primaryimage","url":"https:\/\/www.ruralgia.com\/blog\/wp-content\/uploads\/2013\/11\/XXXIII-Fiesta-de-la-aceituna-02.jpg","contentUrl":"https:\/\/www.ruralgia.com\/blog\/wp-content\/uploads\/2013\/11\/XXXIII-Fiesta-de-la-aceituna-02.jpg","width":1133,"height":1600},{"@type":"BreadcrumbList","@id":"https:\/\/www.ruralgia.com\/blog\/fiesta-de-la-aceituna-2013\/#breadcrumb","itemListElement":[{"@type":"ListItem","position":1,"name":"Portada","item":"https:\/\/www.ruralgia.com\/blog\/"},{"@type":"ListItem","position":2,"name":"Fiesta de la Aceituna 2013"}]},{"@type":"WebSite","@id":"https:\/\/www.ruralgia.com\/blog\/#website","url":"https:\/\/www.ruralgia.com\/blog\/","name":"Ruralgia Blog","description":"El blog de viajes y turismo de Ruralgia","potentialAction":[{"@type":"SearchAction","target":{"@type":"EntryPoint","urlTemplate":"https:\/\/www.ruralgia.com\/blog\/?s={search_term_string}"},"query-input":{"@type":"PropertyValueSpecification","valueRequired":true,"valueName":"search_term_string"}}],"inLanguage":"es"},{"@type":"Person","@id":"https:\/\/www.ruralgia.com\/blog\/#\/schema\/person\/f9d61dcaa454dc132c65467750b88c01","name":"admin","image":{"@type":"ImageObject","inLanguage":"es","@id":"https:\/\/www.ruralgia.com\/blog\/#\/schema\/person\/image\/","url":"https:\/\/secure.gravatar.com\/avatar\/308988d44afa417cbdf20b1a60ad4489?s=96&d=mm&r=g","contentUrl":"https:\/\/secure.gravatar.com\/avatar\/308988d44afa417cbdf20b1a60ad4489?s=96&d=mm&r=g","caption":"admin"},"url":"https:\/\/www.ruralgia.com\/blog\/author\/admin\/"}]}},"amp_enabled":true,"_links":{"self":[{"href":"https:\/\/www.ruralgia.com\/blog\/wp-json\/wp\/v2\/posts\/1762","targetHints":{"allow":["GET"]}}],"collection":[{"href":"https:\/\/www.ruralgia.com\/blog\/wp-json\/wp\/v2\/posts"}],"about":[{"href":"https:\/\/www.ruralgia.com\/blog\/wp-json\/wp\/v2\/types\/post"}],"author":[{"embeddable":true,"href":"https:\/\/www.ruralgia.com\/blog\/wp-json\/wp\/v2\/users\/1"}],"replies":[{"embeddable":true,"href":"https:\/\/www.ruralgia.com\/blog\/wp-json\/wp\/v2\/comments?post=1762"}],"version-history":[{"count":22,"href":"https:\/\/www.ruralgia.com\/blog\/wp-json\/wp\/v2\/posts\/1762\/revisions"}],"predecessor-version":[{"id":1922,"href":"https:\/\/www.ruralgia.com\/blog\/wp-json\/wp\/v2\/posts\/1762\/revisions\/1922"}],"wp:featuredmedia":[{"embeddable":true,"href":"https:\/\/www.ruralgia.com\/blog\/wp-json\/wp\/v2\/media\/1763"}],"wp:attachment":[{"href":"https:\/\/www.ruralgia.com\/blog\/wp-json\/wp\/v2\/media?parent=1762"}],"wp:term":[{"taxonomy":"category","embeddable":true,"href":"https:\/\/www.ruralgia.com\/blog\/wp-json\/wp\/v2\/categories?post=1762"},{"taxonomy":"post_tag","embeddable":true,"href":"https:\/\/www.ruralgia.com\/blog\/wp-json\/wp\/v2\/tags?post=1762"}],"curies":[{"name":"wp","href":"https:\/\/api.w.org\/{rel}","templated":true}]}}