{"id":1805,"date":"2013-11-24T13:53:57","date_gmt":"2013-11-24T13:53:57","guid":{"rendered":"https:\/\/www.ruralgia.com\/blog\/?p=1805"},"modified":"2013-11-25T02:59:12","modified_gmt":"2013-11-25T02:59:12","slug":"feria-del-dulce-de-convento-2013-torremolinos","status":"publish","type":"post","link":"https:\/\/www.ruralgia.com\/blog\/feria-del-dulce-de-convento-2013-torremolinos\/","title":{"rendered":"Feria del Dulce de Convento 2013 Torremolinos"},"content":{"rendered":"<div class=\"titularFeria\"><strong>Del 5 al 8 de Diciembre <em>Torremolinos<\/em><\/strong> acoge en el <strong><em>Palacio de Congresos y Exposiciones<\/em><\/strong> la 8\u00ba edici\u00f3n de la <em><strong>\u00abFeria del Dulce de Convento\u00bb.<\/strong><\/em><\/div>\n<div class=\"titularFeria\"><\/div>\n<div class=\"titularFeria\"><a href=\"https:\/\/www.ruralgia.com\/blog\/wp-content\/uploads\/2013\/11\/dulceImagen.jpg\" rel=\"lightbox[1805]\"><img loading=\"lazy\" decoding=\"async\" class=\"size-full wp-image-1806 alignleft\" style=\"border: 2px solid black; margin: 5px;\" alt=\"dulceImagen\" src=\"https:\/\/www.ruralgia.com\/blog\/wp-content\/uploads\/2013\/11\/dulceImagen.jpg\" width=\"227\" height=\"306\" srcset=\"https:\/\/www.ruralgia.com\/blog\/wp-content\/uploads\/2013\/11\/dulceImagen.jpg 227w, https:\/\/www.ruralgia.com\/blog\/wp-content\/uploads\/2013\/11\/dulceImagen-222x300.jpg 222w\" sizes=\"auto, (max-width: 227px) 100vw, 227px\" \/><\/a><\/div>\n<div class=\"titularFeria\"><\/div>\n<div class=\"titularFeria\">Es una de las mayores muestras de pasteler\u00eda y confiter\u00eda monacal.<\/div>\n<div class=\"titularFeria\">La Feria del Dulce de Convento quiere acercar al p\u00fablico malague\u00f1o la tradici\u00f3n pastelera junto con el sabor tradicional y artesano de los conventos de clausura y monasterios andaluces.<\/div>\n<div class=\"titularFeria\">Los mostachones, corazones del Obispo, huesos de chocolate, borrachuelos, yemas de San Leandro, alfajores, membrillos, roscos, sultanas o trufas son algunos de los dulces t\u00edpicos, no s\u00f3lo en navidad, que forman parte del amplio cat\u00e1logo de productos en venta y exposici\u00f3n.<\/div>\n<div class=\"titularFeria\">\n<p>Con la venta de estos deliciosos productos se ayudar\u00e1 al mantenimiento de monasterios y conventos participantes, con enorme valor hist\u00f3rico-art\u00edstico en muchos casos.<\/p>\n<p><script type=\"text\/javascript\" src=\"https:\/\/www.ruralgia.com\/caja_cerca.php?metodo=municipio&amp;ancho=250&amp;elementos=3&amp;size=90&amp;estilo=humanity&amp;float=right&amp;kms=20&amp;aleatorio=true&amp;municipio=Torremolinos (M\u00e1laga)\"><\/script><\/p>\n<\/div>\n<div class=\"titularFeria\">Las monjas cada a\u00f1o buscan novedades con las que agradar al p\u00fablico, preocup\u00e1ndose por los gustos de los visitantes y un af\u00e1n de innovaci\u00f3n. La creciente preocupaci\u00f3n de los consumidores por cuidarse ha hecho que las monjas realicen productos sin az\u00facar, aptos tambi\u00e9n para diab\u00e9ticos, adapt\u00e1ndose as\u00ed a las necesidades de los consumidores.<\/div>\n<p><a href=\"http:\/\/feriadeldulcedeconvento.com\/index.php\" target=\"_blank\"> <strong>Fuente y m\u00e1s informaci\u00f3n.<\/strong><\/a><\/p>\n<p><strong>Horario:<\/strong> De 11:00 a 14:00 h y de 17:00 a 20:00 h<\/p>\n<p><strong><em>\u201cComer un dulce de convento de clausura es como morder los labios de un \u00e1ngel\u201d<\/em><\/strong>. <strong>Luis Cernuda<\/strong> en \u00abOcnos\u00bb<\/p>\n<p>&nbsp;<\/p>\n<div class=\"cuerpoFeria\">\n<p>&nbsp;<\/p>\n<p>&nbsp;<\/p>\n<\/div>\n<p>&nbsp;<\/p>\n","protected":false},"excerpt":{"rendered":"<p>Del 5 al 8 de Diciembre Torremolinos acoge en el Palacio de Congresos y Exposiciones la 8\u00ba edici\u00f3n de la \u00abFeria del Dulce de Convento\u00bb. Es una de las mayores muestras de pasteler\u00eda y confiter\u00eda monacal. La Feria del Dulce &hellip; <a href=\"https:\/\/www.ruralgia.com\/blog\/feria-del-dulce-de-convento-2013-torremolinos\/\">Sigue leyendo <span class=\"meta-nav\">&rarr;<\/span><\/a><\/p>\n","protected":false},"author":1,"featured_media":1806,"comment_status":"open","ping_status":"open","sticky":false,"template":"","format":"standard","meta":{"footnotes":""},"categories":[92,10],"tags":[115,165,39,116],"class_list":["post-1805","post","type-post","status-publish","format-standard","has-post-thumbnail","hentry","category-ferias","category-propietarios","tag-dulces","tag-ferias","tag-gastronomia","tag-navidad"],"yoast_head":"<!-- This site is optimized with the Yoast SEO plugin v24.1 - https:\/\/yoast.com\/wordpress\/plugins\/seo\/ -->\n<title>Feria del Dulce de Convento 2013 Torremolinos - Ruralgia Blog<\/title>\n<meta name=\"robots\" content=\"index, follow, max-snippet:-1, max-image-preview:large, max-video-preview:-1\" \/>\n<link rel=\"canonical\" href=\"https:\/\/www.ruralgia.com\/blog\/feria-del-dulce-de-convento-2013-torremolinos\/\" \/>\n<meta property=\"og:locale\" content=\"es_ES\" \/>\n<meta property=\"og:type\" content=\"article\" \/>\n<meta property=\"og:title\" content=\"Feria del Dulce de Convento 2013 Torremolinos - Ruralgia Blog\" \/>\n<meta property=\"og:description\" content=\"Del 5 al 8 de Diciembre Torremolinos acoge en el Palacio de Congresos y Exposiciones la 8\u00ba edici\u00f3n de la \u00abFeria del Dulce de Convento\u00bb. Es una de las mayores muestras de pasteler\u00eda y confiter\u00eda monacal. La Feria del Dulce &hellip; Sigue leyendo &rarr;\" \/>\n<meta property=\"og:url\" content=\"https:\/\/www.ruralgia.com\/blog\/feria-del-dulce-de-convento-2013-torremolinos\/\" \/>\n<meta property=\"og:site_name\" content=\"Ruralgia Blog\" \/>\n<meta property=\"article:published_time\" content=\"2013-11-24T13:53:57+00:00\" \/>\n<meta property=\"article:modified_time\" content=\"2013-11-25T02:59:12+00:00\" \/>\n<meta property=\"og:image\" content=\"https:\/\/www.ruralgia.com\/blog\/wp-content\/uploads\/2013\/11\/dulceImagen.jpg\" \/>\n\t<meta property=\"og:image:width\" content=\"227\" \/>\n\t<meta property=\"og:image:height\" content=\"306\" \/>\n\t<meta property=\"og:image:type\" content=\"image\/jpeg\" \/>\n<meta name=\"author\" content=\"admin\" \/>\n<meta name=\"twitter:card\" content=\"summary_large_image\" \/>\n<meta name=\"twitter:label1\" content=\"Escrito por\" \/>\n\t<meta name=\"twitter:data1\" content=\"admin\" \/>\n\t<meta name=\"twitter:label2\" content=\"Tiempo de lectura\" \/>\n\t<meta name=\"twitter:data2\" content=\"1 minuto\" \/>\n<script type=\"application\/ld+json\" class=\"yoast-schema-graph\">{\"@context\":\"https:\/\/schema.org\",\"@graph\":[{\"@type\":\"WebPage\",\"@id\":\"https:\/\/www.ruralgia.com\/blog\/feria-del-dulce-de-convento-2013-torremolinos\/\",\"url\":\"https:\/\/www.ruralgia.com\/blog\/feria-del-dulce-de-convento-2013-torremolinos\/\",\"name\":\"Feria del Dulce de Convento 2013 Torremolinos - Ruralgia Blog\",\"isPartOf\":{\"@id\":\"https:\/\/www.ruralgia.com\/blog\/#website\"},\"primaryImageOfPage\":{\"@id\":\"https:\/\/www.ruralgia.com\/blog\/feria-del-dulce-de-convento-2013-torremolinos\/#primaryimage\"},\"image\":{\"@id\":\"https:\/\/www.ruralgia.com\/blog\/feria-del-dulce-de-convento-2013-torremolinos\/#primaryimage\"},\"thumbnailUrl\":\"https:\/\/www.ruralgia.com\/blog\/wp-content\/uploads\/2013\/11\/dulceImagen.jpg\",\"datePublished\":\"2013-11-24T13:53:57+00:00\",\"dateModified\":\"2013-11-25T02:59:12+00:00\",\"author\":{\"@id\":\"https:\/\/www.ruralgia.com\/blog\/#\/schema\/person\/f9d61dcaa454dc132c65467750b88c01\"},\"breadcrumb\":{\"@id\":\"https:\/\/www.ruralgia.com\/blog\/feria-del-dulce-de-convento-2013-torremolinos\/#breadcrumb\"},\"inLanguage\":\"es\",\"potentialAction\":[{\"@type\":\"ReadAction\",\"target\":[\"https:\/\/www.ruralgia.com\/blog\/feria-del-dulce-de-convento-2013-torremolinos\/\"]}]},{\"@type\":\"ImageObject\",\"inLanguage\":\"es\",\"@id\":\"https:\/\/www.ruralgia.com\/blog\/feria-del-dulce-de-convento-2013-torremolinos\/#primaryimage\",\"url\":\"https:\/\/www.ruralgia.com\/blog\/wp-content\/uploads\/2013\/11\/dulceImagen.jpg\",\"contentUrl\":\"https:\/\/www.ruralgia.com\/blog\/wp-content\/uploads\/2013\/11\/dulceImagen.jpg\",\"width\":227,\"height\":306},{\"@type\":\"BreadcrumbList\",\"@id\":\"https:\/\/www.ruralgia.com\/blog\/feria-del-dulce-de-convento-2013-torremolinos\/#breadcrumb\",\"itemListElement\":[{\"@type\":\"ListItem\",\"position\":1,\"name\":\"Portada\",\"item\":\"https:\/\/www.ruralgia.com\/blog\/\"},{\"@type\":\"ListItem\",\"position\":2,\"name\":\"Feria del Dulce de Convento 2013 Torremolinos\"}]},{\"@type\":\"WebSite\",\"@id\":\"https:\/\/www.ruralgia.com\/blog\/#website\",\"url\":\"https:\/\/www.ruralgia.com\/blog\/\",\"name\":\"Ruralgia Blog\",\"description\":\"El blog de viajes y turismo de Ruralgia\",\"potentialAction\":[{\"@type\":\"SearchAction\",\"target\":{\"@type\":\"EntryPoint\",\"urlTemplate\":\"https:\/\/www.ruralgia.com\/blog\/?s={search_term_string}\"},\"query-input\":{\"@type\":\"PropertyValueSpecification\",\"valueRequired\":true,\"valueName\":\"search_term_string\"}}],\"inLanguage\":\"es\"},{\"@type\":\"Person\",\"@id\":\"https:\/\/www.ruralgia.com\/blog\/#\/schema\/person\/f9d61dcaa454dc132c65467750b88c01\",\"name\":\"admin\",\"image\":{\"@type\":\"ImageObject\",\"inLanguage\":\"es\",\"@id\":\"https:\/\/www.ruralgia.com\/blog\/#\/schema\/person\/image\/\",\"url\":\"https:\/\/secure.gravatar.com\/avatar\/308988d44afa417cbdf20b1a60ad4489?s=96&d=mm&r=g\",\"contentUrl\":\"https:\/\/secure.gravatar.com\/avatar\/308988d44afa417cbdf20b1a60ad4489?s=96&d=mm&r=g\",\"caption\":\"admin\"},\"url\":\"https:\/\/www.ruralgia.com\/blog\/author\/admin\/\"}]}<\/script>\n<!-- \/ Yoast SEO plugin. -->","yoast_head_json":{"title":"Feria del Dulce de Convento 2013 Torremolinos - Ruralgia Blog","robots":{"index":"index","follow":"follow","max-snippet":"max-snippet:-1","max-image-preview":"max-image-preview:large","max-video-preview":"max-video-preview:-1"},"canonical":"https:\/\/www.ruralgia.com\/blog\/feria-del-dulce-de-convento-2013-torremolinos\/","og_locale":"es_ES","og_type":"article","og_title":"Feria del Dulce de Convento 2013 Torremolinos - Ruralgia Blog","og_description":"Del 5 al 8 de Diciembre Torremolinos acoge en el Palacio de Congresos y Exposiciones la 8\u00ba edici\u00f3n de la \u00abFeria del Dulce de Convento\u00bb. Es una de las mayores muestras de pasteler\u00eda y confiter\u00eda monacal. La Feria del Dulce &hellip; Sigue leyendo &rarr;","og_url":"https:\/\/www.ruralgia.com\/blog\/feria-del-dulce-de-convento-2013-torremolinos\/","og_site_name":"Ruralgia Blog","article_published_time":"2013-11-24T13:53:57+00:00","article_modified_time":"2013-11-25T02:59:12+00:00","og_image":[{"width":227,"height":306,"url":"https:\/\/www.ruralgia.com\/blog\/wp-content\/uploads\/2013\/11\/dulceImagen.jpg","type":"image\/jpeg"}],"author":"admin","twitter_card":"summary_large_image","twitter_misc":{"Escrito por":"admin","Tiempo de lectura":"1 minuto"},"schema":{"@context":"https:\/\/schema.org","@graph":[{"@type":"WebPage","@id":"https:\/\/www.ruralgia.com\/blog\/feria-del-dulce-de-convento-2013-torremolinos\/","url":"https:\/\/www.ruralgia.com\/blog\/feria-del-dulce-de-convento-2013-torremolinos\/","name":"Feria del Dulce de Convento 2013 Torremolinos - Ruralgia Blog","isPartOf":{"@id":"https:\/\/www.ruralgia.com\/blog\/#website"},"primaryImageOfPage":{"@id":"https:\/\/www.ruralgia.com\/blog\/feria-del-dulce-de-convento-2013-torremolinos\/#primaryimage"},"image":{"@id":"https:\/\/www.ruralgia.com\/blog\/feria-del-dulce-de-convento-2013-torremolinos\/#primaryimage"},"thumbnailUrl":"https:\/\/www.ruralgia.com\/blog\/wp-content\/uploads\/2013\/11\/dulceImagen.jpg","datePublished":"2013-11-24T13:53:57+00:00","dateModified":"2013-11-25T02:59:12+00:00","author":{"@id":"https:\/\/www.ruralgia.com\/blog\/#\/schema\/person\/f9d61dcaa454dc132c65467750b88c01"},"breadcrumb":{"@id":"https:\/\/www.ruralgia.com\/blog\/feria-del-dulce-de-convento-2013-torremolinos\/#breadcrumb"},"inLanguage":"es","potentialAction":[{"@type":"ReadAction","target":["https:\/\/www.ruralgia.com\/blog\/feria-del-dulce-de-convento-2013-torremolinos\/"]}]},{"@type":"ImageObject","inLanguage":"es","@id":"https:\/\/www.ruralgia.com\/blog\/feria-del-dulce-de-convento-2013-torremolinos\/#primaryimage","url":"https:\/\/www.ruralgia.com\/blog\/wp-content\/uploads\/2013\/11\/dulceImagen.jpg","contentUrl":"https:\/\/www.ruralgia.com\/blog\/wp-content\/uploads\/2013\/11\/dulceImagen.jpg","width":227,"height":306},{"@type":"BreadcrumbList","@id":"https:\/\/www.ruralgia.com\/blog\/feria-del-dulce-de-convento-2013-torremolinos\/#breadcrumb","itemListElement":[{"@type":"ListItem","position":1,"name":"Portada","item":"https:\/\/www.ruralgia.com\/blog\/"},{"@type":"ListItem","position":2,"name":"Feria del Dulce de Convento 2013 Torremolinos"}]},{"@type":"WebSite","@id":"https:\/\/www.ruralgia.com\/blog\/#website","url":"https:\/\/www.ruralgia.com\/blog\/","name":"Ruralgia Blog","description":"El blog de viajes y turismo de Ruralgia","potentialAction":[{"@type":"SearchAction","target":{"@type":"EntryPoint","urlTemplate":"https:\/\/www.ruralgia.com\/blog\/?s={search_term_string}"},"query-input":{"@type":"PropertyValueSpecification","valueRequired":true,"valueName":"search_term_string"}}],"inLanguage":"es"},{"@type":"Person","@id":"https:\/\/www.ruralgia.com\/blog\/#\/schema\/person\/f9d61dcaa454dc132c65467750b88c01","name":"admin","image":{"@type":"ImageObject","inLanguage":"es","@id":"https:\/\/www.ruralgia.com\/blog\/#\/schema\/person\/image\/","url":"https:\/\/secure.gravatar.com\/avatar\/308988d44afa417cbdf20b1a60ad4489?s=96&d=mm&r=g","contentUrl":"https:\/\/secure.gravatar.com\/avatar\/308988d44afa417cbdf20b1a60ad4489?s=96&d=mm&r=g","caption":"admin"},"url":"https:\/\/www.ruralgia.com\/blog\/author\/admin\/"}]}},"amp_enabled":true,"_links":{"self":[{"href":"https:\/\/www.ruralgia.com\/blog\/wp-json\/wp\/v2\/posts\/1805","targetHints":{"allow":["GET"]}}],"collection":[{"href":"https:\/\/www.ruralgia.com\/blog\/wp-json\/wp\/v2\/posts"}],"about":[{"href":"https:\/\/www.ruralgia.com\/blog\/wp-json\/wp\/v2\/types\/post"}],"author":[{"embeddable":true,"href":"https:\/\/www.ruralgia.com\/blog\/wp-json\/wp\/v2\/users\/1"}],"replies":[{"embeddable":true,"href":"https:\/\/www.ruralgia.com\/blog\/wp-json\/wp\/v2\/comments?post=1805"}],"version-history":[{"count":28,"href":"https:\/\/www.ruralgia.com\/blog\/wp-json\/wp\/v2\/posts\/1805\/revisions"}],"predecessor-version":[{"id":1832,"href":"https:\/\/www.ruralgia.com\/blog\/wp-json\/wp\/v2\/posts\/1805\/revisions\/1832"}],"wp:featuredmedia":[{"embeddable":true,"href":"https:\/\/www.ruralgia.com\/blog\/wp-json\/wp\/v2\/media\/1806"}],"wp:attachment":[{"href":"https:\/\/www.ruralgia.com\/blog\/wp-json\/wp\/v2\/media?parent=1805"}],"wp:term":[{"taxonomy":"category","embeddable":true,"href":"https:\/\/www.ruralgia.com\/blog\/wp-json\/wp\/v2\/categories?post=1805"},{"taxonomy":"post_tag","embeddable":true,"href":"https:\/\/www.ruralgia.com\/blog\/wp-json\/wp\/v2\/tags?post=1805"}],"curies":[{"name":"wp","href":"https:\/\/api.w.org\/{rel}","templated":true}]}}