{"id":182,"date":"2012-01-31T23:29:36","date_gmt":"2012-01-31T23:29:36","guid":{"rendered":"https:\/\/www.ruralgia.com\/blog\/?p=182"},"modified":"2012-02-27T09:06:07","modified_gmt":"2012-02-27T09:06:07","slug":"carnaval-de-cadiz-2012","status":"publish","type":"post","link":"https:\/\/www.ruralgia.com\/blog\/carnaval-de-cadiz-2012\/","title":{"rendered":"Carnaval de C\u00e1diz 2012"},"content":{"rendered":"<p><a href=\"https:\/\/www.ruralgia.com\/blog\/wp-content\/uploads\/2012\/01\/Cartel_2012.jpg\" rel=\"lightbox[182]\"><img loading=\"lazy\" decoding=\"async\" class=\"alignright size-full wp-image-183\" title=\"Cartel del Carnaval de C\u00e1diz 2012\" src=\"https:\/\/www.ruralgia.com\/blog\/wp-content\/uploads\/2012\/01\/Cartel_2012.jpg\" alt=\"\" width=\"250\" height=\"350\" srcset=\"https:\/\/www.ruralgia.com\/blog\/wp-content\/uploads\/2012\/01\/Cartel_2012.jpg 250w, https:\/\/www.ruralgia.com\/blog\/wp-content\/uploads\/2012\/01\/Cartel_2012-214x300.jpg 214w\" sizes=\"auto, (max-width: 250px) 100vw, 250px\" \/><\/a>Comienza el Carnaval de C\u00e1diz 2012. Decir esto en C\u00e1diz es simplemente un decir, porque realmente el Carnaval 2012 empez\u00f3 el d\u00eda en que termin\u00f3 el Carnaval 2011.<\/p>\n<p>El Carnaval en C\u00e1diz no es s\u00f3lo una fiesta t\u00edpica, ni una tradici\u00f3n, ni una semana de ocio y diversi\u00f3n; el Carnaval en C\u00e1diz es una forma de vida, y es la misma vida de mucha gente de la Tacita. Muchas familias viven por y para el Carnaval y no s\u00f3lo durante la semana y media que oficialmente dura la fiesta.<\/p>\n<p>A primeros de enero, casi con los polvorones todav\u00eda en la boca empiezan las agrupaciones a hacer los \u00faltimos ensayos generales, y durante las celebraciones de las pesti\u00f1adas, ostionadas y erizadas populares, se aprovecha para oir los primeros acordes de guitarras y bandurrias. El Carnaval del Gran Teatro Falla est\u00e1 empezando ya a calentar motores y las voces terminan de afinarse.<\/p>\n<p>Pero no es en enero cuando empieza todo. Los autores ya est\u00e1n preparando letras y m\u00fasica desde febrero del a\u00f1o anterior, y los chirigoreros, comparsistas, coristas y cuarteteros llevan ensayando desde hace cinco o seis meses, cuando no m\u00e1s. Todo es poco para la gran fiesta del Carnaval, para algunos el mejor del mundo.<\/p>\n<p>Este s\u00e1bado 21 empezaron las preliminares. Unas 120 agrupaciones pasar\u00e1n por esta fase eliminatoria. Despu\u00e9s vendr\u00e1n los cuartos de final, las semifinales y la Gran Final, que este a\u00f1o ser\u00e1 el viernes d\u00eda 17, es decir un mes entero de coplas&#8230; \u00a1s\u00f3lo apto para los m\u00e1s jartibles!<\/p>\n<p><center><\/p>\n<p><iframe loading=\"lazy\" width=\"420\" height=\"315\" src=\"http:\/\/www.youtube.com\/embed\/eHbvsMJYjfw\" frameborder=\"0\" allowfullscreen><\/iframe><\/p>\n<p><\/center><\/p>\n<p>Despu\u00e9s el Preg\u00f3n, este a\u00f1o a cargo de Ni\u00f1a Pastori, y comienza la fiesta en la calle, una semana entera de fiesta. Miles de visitantes llegar\u00e1n a C\u00e1diz desde todas partes, para compartir con los gaditanos su gran fiesta.<\/p>\n<p>Bienvenidos y Feliz Carnaval 2012.<\/p>\n","protected":false},"excerpt":{"rendered":"<p>Comienza el Carnaval de C\u00e1diz 2012. Decir esto en C\u00e1diz es simplemente un decir, porque realmente el Carnaval 2012 empez\u00f3 el d\u00eda en que termin\u00f3 el Carnaval 2011. El Carnaval en C\u00e1diz no es s\u00f3lo una fiesta t\u00edpica, ni una &hellip; <a href=\"https:\/\/www.ruralgia.com\/blog\/carnaval-de-cadiz-2012\/\">Sigue leyendo <span class=\"meta-nav\">&rarr;<\/span><\/a><\/p>\n","protected":false},"author":4,"featured_media":183,"comment_status":"open","ping_status":"open","sticky":false,"template":"","format":"standard","meta":{"footnotes":""},"categories":[12],"tags":[26,24,22,25],"class_list":["post-182","post","type-post","status-publish","format-standard","has-post-thumbnail","hentry","category-propuestas","tag-cadiz","tag-carnaval-de-cadiz","tag-fiestas","tag-nina-pastori"],"yoast_head":"<!-- This site is optimized with the Yoast SEO plugin v24.1 - https:\/\/yoast.com\/wordpress\/plugins\/seo\/ -->\n<title>Carnaval de C\u00e1diz 2012 - Ruralgia Blog<\/title>\n<meta name=\"robots\" content=\"index, follow, max-snippet:-1, max-image-preview:large, max-video-preview:-1\" \/>\n<link rel=\"canonical\" href=\"https:\/\/www.ruralgia.com\/blog\/carnaval-de-cadiz-2012\/\" \/>\n<meta property=\"og:locale\" content=\"es_ES\" \/>\n<meta property=\"og:type\" content=\"article\" \/>\n<meta property=\"og:title\" content=\"Carnaval de C\u00e1diz 2012 - Ruralgia Blog\" \/>\n<meta property=\"og:description\" content=\"Comienza el Carnaval de C\u00e1diz 2012. Decir esto en C\u00e1diz es simplemente un decir, porque realmente el Carnaval 2012 empez\u00f3 el d\u00eda en que termin\u00f3 el Carnaval 2011. El Carnaval en C\u00e1diz no es s\u00f3lo una fiesta t\u00edpica, ni una &hellip; Sigue leyendo &rarr;\" \/>\n<meta property=\"og:url\" content=\"https:\/\/www.ruralgia.com\/blog\/carnaval-de-cadiz-2012\/\" \/>\n<meta property=\"og:site_name\" content=\"Ruralgia Blog\" \/>\n<meta property=\"article:published_time\" content=\"2012-01-31T23:29:36+00:00\" \/>\n<meta property=\"article:modified_time\" content=\"2012-02-27T09:06:07+00:00\" \/>\n<meta property=\"og:image\" content=\"https:\/\/www.ruralgia.com\/blog\/wp-content\/uploads\/2012\/01\/Cartel_2012.jpg\" \/>\n\t<meta property=\"og:image:width\" content=\"250\" \/>\n\t<meta property=\"og:image:height\" content=\"350\" \/>\n\t<meta property=\"og:image:type\" content=\"image\/jpeg\" \/>\n<meta name=\"author\" content=\"C\u00e9sar Pati\u00f1o Varela\" \/>\n<meta name=\"twitter:card\" content=\"summary_large_image\" \/>\n<meta name=\"twitter:label1\" content=\"Escrito por\" \/>\n\t<meta name=\"twitter:data1\" content=\"C\u00e9sar Pati\u00f1o Varela\" \/>\n\t<meta name=\"twitter:label2\" content=\"Tiempo de lectura\" \/>\n\t<meta name=\"twitter:data2\" content=\"2 minutos\" \/>\n<script type=\"application\/ld+json\" class=\"yoast-schema-graph\">{\"@context\":\"https:\/\/schema.org\",\"@graph\":[{\"@type\":\"WebPage\",\"@id\":\"https:\/\/www.ruralgia.com\/blog\/carnaval-de-cadiz-2012\/\",\"url\":\"https:\/\/www.ruralgia.com\/blog\/carnaval-de-cadiz-2012\/\",\"name\":\"Carnaval de C\u00e1diz 2012 - Ruralgia Blog\",\"isPartOf\":{\"@id\":\"https:\/\/www.ruralgia.com\/blog\/#website\"},\"primaryImageOfPage\":{\"@id\":\"https:\/\/www.ruralgia.com\/blog\/carnaval-de-cadiz-2012\/#primaryimage\"},\"image\":{\"@id\":\"https:\/\/www.ruralgia.com\/blog\/carnaval-de-cadiz-2012\/#primaryimage\"},\"thumbnailUrl\":\"https:\/\/www.ruralgia.com\/blog\/wp-content\/uploads\/2012\/01\/Cartel_2012.jpg\",\"datePublished\":\"2012-01-31T23:29:36+00:00\",\"dateModified\":\"2012-02-27T09:06:07+00:00\",\"author\":{\"@id\":\"https:\/\/www.ruralgia.com\/blog\/#\/schema\/person\/9f6cc0647f6cdd05692f0f851b1615d5\"},\"breadcrumb\":{\"@id\":\"https:\/\/www.ruralgia.com\/blog\/carnaval-de-cadiz-2012\/#breadcrumb\"},\"inLanguage\":\"es\",\"potentialAction\":[{\"@type\":\"ReadAction\",\"target\":[\"https:\/\/www.ruralgia.com\/blog\/carnaval-de-cadiz-2012\/\"]}]},{\"@type\":\"ImageObject\",\"inLanguage\":\"es\",\"@id\":\"https:\/\/www.ruralgia.com\/blog\/carnaval-de-cadiz-2012\/#primaryimage\",\"url\":\"https:\/\/www.ruralgia.com\/blog\/wp-content\/uploads\/2012\/01\/Cartel_2012.jpg\",\"contentUrl\":\"https:\/\/www.ruralgia.com\/blog\/wp-content\/uploads\/2012\/01\/Cartel_2012.jpg\",\"width\":\"250\",\"height\":\"350\"},{\"@type\":\"BreadcrumbList\",\"@id\":\"https:\/\/www.ruralgia.com\/blog\/carnaval-de-cadiz-2012\/#breadcrumb\",\"itemListElement\":[{\"@type\":\"ListItem\",\"position\":1,\"name\":\"Portada\",\"item\":\"https:\/\/www.ruralgia.com\/blog\/\"},{\"@type\":\"ListItem\",\"position\":2,\"name\":\"Carnaval de C\u00e1diz 2012\"}]},{\"@type\":\"WebSite\",\"@id\":\"https:\/\/www.ruralgia.com\/blog\/#website\",\"url\":\"https:\/\/www.ruralgia.com\/blog\/\",\"name\":\"Ruralgia Blog\",\"description\":\"El blog de viajes y turismo de Ruralgia\",\"potentialAction\":[{\"@type\":\"SearchAction\",\"target\":{\"@type\":\"EntryPoint\",\"urlTemplate\":\"https:\/\/www.ruralgia.com\/blog\/?s={search_term_string}\"},\"query-input\":{\"@type\":\"PropertyValueSpecification\",\"valueRequired\":true,\"valueName\":\"search_term_string\"}}],\"inLanguage\":\"es\"},{\"@type\":\"Person\",\"@id\":\"https:\/\/www.ruralgia.com\/blog\/#\/schema\/person\/9f6cc0647f6cdd05692f0f851b1615d5\",\"name\":\"C\u00e9sar Pati\u00f1o Varela\",\"image\":{\"@type\":\"ImageObject\",\"inLanguage\":\"es\",\"@id\":\"https:\/\/www.ruralgia.com\/blog\/#\/schema\/person\/image\/\",\"url\":\"https:\/\/secure.gravatar.com\/avatar\/584231250159bd84a90a31c49e212ef3?s=96&d=mm&r=g\",\"contentUrl\":\"https:\/\/secure.gravatar.com\/avatar\/584231250159bd84a90a31c49e212ef3?s=96&d=mm&r=g\",\"caption\":\"C\u00e9sar Pati\u00f1o Varela\"},\"sameAs\":[\"http:\/\/www.cpatinov.com\"],\"url\":\"https:\/\/www.ruralgia.com\/blog\/author\/cesar\/\"}]}<\/script>\n<!-- \/ Yoast SEO plugin. -->","yoast_head_json":{"title":"Carnaval de C\u00e1diz 2012 - Ruralgia Blog","robots":{"index":"index","follow":"follow","max-snippet":"max-snippet:-1","max-image-preview":"max-image-preview:large","max-video-preview":"max-video-preview:-1"},"canonical":"https:\/\/www.ruralgia.com\/blog\/carnaval-de-cadiz-2012\/","og_locale":"es_ES","og_type":"article","og_title":"Carnaval de C\u00e1diz 2012 - Ruralgia Blog","og_description":"Comienza el Carnaval de C\u00e1diz 2012. Decir esto en C\u00e1diz es simplemente un decir, porque realmente el Carnaval 2012 empez\u00f3 el d\u00eda en que termin\u00f3 el Carnaval 2011. El Carnaval en C\u00e1diz no es s\u00f3lo una fiesta t\u00edpica, ni una &hellip; Sigue leyendo &rarr;","og_url":"https:\/\/www.ruralgia.com\/blog\/carnaval-de-cadiz-2012\/","og_site_name":"Ruralgia Blog","article_published_time":"2012-01-31T23:29:36+00:00","article_modified_time":"2012-02-27T09:06:07+00:00","og_image":[{"width":250,"height":350,"url":"https:\/\/www.ruralgia.com\/blog\/wp-content\/uploads\/2012\/01\/Cartel_2012.jpg","type":"image\/jpeg"}],"author":"C\u00e9sar Pati\u00f1o Varela","twitter_card":"summary_large_image","twitter_misc":{"Escrito por":"C\u00e9sar Pati\u00f1o Varela","Tiempo de lectura":"2 minutos"},"schema":{"@context":"https:\/\/schema.org","@graph":[{"@type":"WebPage","@id":"https:\/\/www.ruralgia.com\/blog\/carnaval-de-cadiz-2012\/","url":"https:\/\/www.ruralgia.com\/blog\/carnaval-de-cadiz-2012\/","name":"Carnaval de C\u00e1diz 2012 - Ruralgia Blog","isPartOf":{"@id":"https:\/\/www.ruralgia.com\/blog\/#website"},"primaryImageOfPage":{"@id":"https:\/\/www.ruralgia.com\/blog\/carnaval-de-cadiz-2012\/#primaryimage"},"image":{"@id":"https:\/\/www.ruralgia.com\/blog\/carnaval-de-cadiz-2012\/#primaryimage"},"thumbnailUrl":"https:\/\/www.ruralgia.com\/blog\/wp-content\/uploads\/2012\/01\/Cartel_2012.jpg","datePublished":"2012-01-31T23:29:36+00:00","dateModified":"2012-02-27T09:06:07+00:00","author":{"@id":"https:\/\/www.ruralgia.com\/blog\/#\/schema\/person\/9f6cc0647f6cdd05692f0f851b1615d5"},"breadcrumb":{"@id":"https:\/\/www.ruralgia.com\/blog\/carnaval-de-cadiz-2012\/#breadcrumb"},"inLanguage":"es","potentialAction":[{"@type":"ReadAction","target":["https:\/\/www.ruralgia.com\/blog\/carnaval-de-cadiz-2012\/"]}]},{"@type":"ImageObject","inLanguage":"es","@id":"https:\/\/www.ruralgia.com\/blog\/carnaval-de-cadiz-2012\/#primaryimage","url":"https:\/\/www.ruralgia.com\/blog\/wp-content\/uploads\/2012\/01\/Cartel_2012.jpg","contentUrl":"https:\/\/www.ruralgia.com\/blog\/wp-content\/uploads\/2012\/01\/Cartel_2012.jpg","width":"250","height":"350"},{"@type":"BreadcrumbList","@id":"https:\/\/www.ruralgia.com\/blog\/carnaval-de-cadiz-2012\/#breadcrumb","itemListElement":[{"@type":"ListItem","position":1,"name":"Portada","item":"https:\/\/www.ruralgia.com\/blog\/"},{"@type":"ListItem","position":2,"name":"Carnaval de C\u00e1diz 2012"}]},{"@type":"WebSite","@id":"https:\/\/www.ruralgia.com\/blog\/#website","url":"https:\/\/www.ruralgia.com\/blog\/","name":"Ruralgia Blog","description":"El blog de viajes y turismo de Ruralgia","potentialAction":[{"@type":"SearchAction","target":{"@type":"EntryPoint","urlTemplate":"https:\/\/www.ruralgia.com\/blog\/?s={search_term_string}"},"query-input":{"@type":"PropertyValueSpecification","valueRequired":true,"valueName":"search_term_string"}}],"inLanguage":"es"},{"@type":"Person","@id":"https:\/\/www.ruralgia.com\/blog\/#\/schema\/person\/9f6cc0647f6cdd05692f0f851b1615d5","name":"C\u00e9sar Pati\u00f1o Varela","image":{"@type":"ImageObject","inLanguage":"es","@id":"https:\/\/www.ruralgia.com\/blog\/#\/schema\/person\/image\/","url":"https:\/\/secure.gravatar.com\/avatar\/584231250159bd84a90a31c49e212ef3?s=96&d=mm&r=g","contentUrl":"https:\/\/secure.gravatar.com\/avatar\/584231250159bd84a90a31c49e212ef3?s=96&d=mm&r=g","caption":"C\u00e9sar Pati\u00f1o Varela"},"sameAs":["http:\/\/www.cpatinov.com"],"url":"https:\/\/www.ruralgia.com\/blog\/author\/cesar\/"}]}},"amp_enabled":true,"_links":{"self":[{"href":"https:\/\/www.ruralgia.com\/blog\/wp-json\/wp\/v2\/posts\/182","targetHints":{"allow":["GET"]}}],"collection":[{"href":"https:\/\/www.ruralgia.com\/blog\/wp-json\/wp\/v2\/posts"}],"about":[{"href":"https:\/\/www.ruralgia.com\/blog\/wp-json\/wp\/v2\/types\/post"}],"author":[{"embeddable":true,"href":"https:\/\/www.ruralgia.com\/blog\/wp-json\/wp\/v2\/users\/4"}],"replies":[{"embeddable":true,"href":"https:\/\/www.ruralgia.com\/blog\/wp-json\/wp\/v2\/comments?post=182"}],"version-history":[{"count":5,"href":"https:\/\/www.ruralgia.com\/blog\/wp-json\/wp\/v2\/posts\/182\/revisions"}],"predecessor-version":[{"id":225,"href":"https:\/\/www.ruralgia.com\/blog\/wp-json\/wp\/v2\/posts\/182\/revisions\/225"}],"wp:featuredmedia":[{"embeddable":true,"href":"https:\/\/www.ruralgia.com\/blog\/wp-json\/wp\/v2\/media\/183"}],"wp:attachment":[{"href":"https:\/\/www.ruralgia.com\/blog\/wp-json\/wp\/v2\/media?parent=182"}],"wp:term":[{"taxonomy":"category","embeddable":true,"href":"https:\/\/www.ruralgia.com\/blog\/wp-json\/wp\/v2\/categories?post=182"},{"taxonomy":"post_tag","embeddable":true,"href":"https:\/\/www.ruralgia.com\/blog\/wp-json\/wp\/v2\/tags?post=182"}],"curies":[{"name":"wp","href":"https:\/\/api.w.org\/{rel}","templated":true}]}}