{"id":1847,"date":"2013-11-25T11:09:37","date_gmt":"2013-11-25T11:09:37","guid":{"rendered":"https:\/\/www.ruralgia.com\/blog\/?p=1847"},"modified":"2013-11-27T08:29:53","modified_gmt":"2013-11-27T08:29:53","slug":"mercado-medieval-de-vic-2013","status":"publish","type":"post","link":"https:\/\/www.ruralgia.com\/blog\/mercado-medieval-de-vic-2013\/","title":{"rendered":"Mercado Medieval de Vic 2013"},"content":{"rendered":"<p><a href=\"https:\/\/www.ruralgia.com\/blog\/wp-content\/uploads\/2013\/11\/cartel_programa1.jpg\" rel=\"lightbox[1847]\"><img loading=\"lazy\" decoding=\"async\" class=\"wp-image-1848 alignleft\" style=\"margin: 5px; border: 2px solid black;\" alt=\"cartel_programa\" src=\"https:\/\/www.ruralgia.com\/blog\/wp-content\/uploads\/2013\/11\/cartel_programa1.jpg\" width=\"250\" height=\"250\" srcset=\"https:\/\/www.ruralgia.com\/blog\/wp-content\/uploads\/2013\/11\/cartel_programa1.jpg 600w, https:\/\/www.ruralgia.com\/blog\/wp-content\/uploads\/2013\/11\/cartel_programa1-150x150.jpg 150w, https:\/\/www.ruralgia.com\/blog\/wp-content\/uploads\/2013\/11\/cartel_programa1-300x300.jpg 300w\" sizes=\"auto, (max-width: 250px) 100vw, 250px\" \/><\/a><span>Del <strong>6 al 8 de diciembre 2013 el Casco antiguo de Vic<\/strong> (Barcelona), se transforma en un<strong> gran poblado medieval<\/strong> donde se pueden encontrar desde artesanos, taberneros y ferientes, hasta perfumes, jabones, bolleria y quesos.<\/span><\/p>\n<p>En estas fechas pr\u00f3ximas a la Navidad, <strong>Vic<\/strong> acoge a todos sus visitantes con un gran mercado medieval que rememora el pasado hist\u00f3rico de la ciudad.<\/p>\n<p>El visitante se encontrar\u00e1 con un gran poblado medieval, un ventanal de productos para todos los gustos repartidos en un gran n\u00famero de paradas de acurada ambientaci\u00f3n y centenares de personajes caracterizados de la \u00e9poca.<\/p>\n<p>Un acontecimiento dedicado a todos los p\u00fablicos para que puedean disfrutar de los espect\u00e1culos y exhibiciones que tendran lugar en esta d\u00e9cimo octava edici\u00f3n.<\/p>\n<p><script type=\"text\/javascript\" src=\"https:\/\/www.ruralgia.com\/caja_cerca.php?metodo=municipio&amp;ancho=250&amp;elementos=2&amp;size=90&amp;estilo=vader&amp;float=left&amp;kms=20&amp;aleatorio=true&amp;municipio=Vic (Barcelona)\"><\/script><a href=\"http:\/\/www.vicfires.cat\/fires.php?idm=2&amp;subpg=8&amp;subpg2=1\" target=\"_blank\"><strong>Fuente.<\/strong><\/a><\/p>\n<p>&nbsp;<\/p>\n<h3>Fotos de Ediciones anteriores:<\/h3>\n<p><a href=\"https:\/\/www.ruralgia.com\/blog\/wp-content\/uploads\/2013\/11\/images.jpg\" rel=\"lightbox[1847]\"><img loading=\"lazy\" decoding=\"async\" class=\"size-full wp-image-1932 alignleft\" style=\"border: 3px solid black; margin-top: 3px; margin-bottom: 3px;\" alt=\"images\" src=\"https:\/\/www.ruralgia.com\/blog\/wp-content\/uploads\/2013\/11\/images.jpg\" width=\"261\" height=\"193\" \/><\/a><\/p>\n<p><img loading=\"lazy\" decoding=\"async\" class=\"size-full wp-image-1930 alignleft\" style=\"border: 3px solid black; margin-top: 3px; margin-bottom: 3px;\" alt=\"descarga\" src=\"https:\/\/www.ruralgia.com\/blog\/wp-content\/uploads\/2013\/11\/descarga.jpg\" width=\"259\" height=\"194\" \/><a href=\"https:\/\/www.ruralgia.com\/blog\/wp-content\/uploads\/2013\/11\/descarga-1.jpg\" rel=\"lightbox[1847]\"><img loading=\"lazy\" decoding=\"async\" class=\"size-full wp-image-1931 alignleft\" style=\"border: 3px solid black; margin-top: 3px; margin-bottom: 3px;\" alt=\"descarga (1)\" src=\"https:\/\/www.ruralgia.com\/blog\/wp-content\/uploads\/2013\/11\/descarga-1.jpg\" width=\"240\" height=\"210\" \/><\/a><\/p>\n<p>&nbsp;<\/p>\n","protected":false},"excerpt":{"rendered":"<p>Del 6 al 8 de diciembre 2013 el Casco antiguo de Vic (Barcelona), se transforma en un gran poblado medieval donde se pueden encontrar desde artesanos, taberneros y ferientes, hasta perfumes, jabones, bolleria y quesos. En estas fechas pr\u00f3ximas a &hellip; <a href=\"https:\/\/www.ruralgia.com\/blog\/mercado-medieval-de-vic-2013\/\">Sigue leyendo <span class=\"meta-nav\">&rarr;<\/span><\/a><\/p>\n","protected":false},"author":1,"featured_media":1848,"comment_status":"open","ping_status":"open","sticky":false,"template":"","format":"standard","meta":{"footnotes":""},"categories":[69,90,63,12],"tags":[21,158,161,23,165],"class_list":["post-1847","post","type-post","status-publish","format-standard","has-post-thumbnail","hentry","category-eventos","category-fiestas-2","category-ocio","category-propuestas","tag-artesania","tag-cultura","tag-eventos","tag-feria-medieval","tag-ferias"],"yoast_head":"<!-- This site is optimized with the Yoast SEO plugin v24.1 - https:\/\/yoast.com\/wordpress\/plugins\/seo\/ -->\n<title>Mercado Medieval de Vic 2013 - Ruralgia Blog<\/title>\n<meta name=\"robots\" content=\"index, follow, max-snippet:-1, max-image-preview:large, max-video-preview:-1\" \/>\n<link rel=\"canonical\" href=\"https:\/\/www.ruralgia.com\/blog\/mercado-medieval-de-vic-2013\/\" \/>\n<meta property=\"og:locale\" content=\"es_ES\" \/>\n<meta property=\"og:type\" content=\"article\" \/>\n<meta property=\"og:title\" content=\"Mercado Medieval de Vic 2013 - Ruralgia Blog\" \/>\n<meta property=\"og:description\" content=\"Del 6 al 8 de diciembre 2013 el Casco antiguo de Vic (Barcelona), se transforma en un gran poblado medieval donde se pueden encontrar desde artesanos, taberneros y ferientes, hasta perfumes, jabones, bolleria y quesos. En estas fechas pr\u00f3ximas a &hellip; Sigue leyendo &rarr;\" \/>\n<meta property=\"og:url\" content=\"https:\/\/www.ruralgia.com\/blog\/mercado-medieval-de-vic-2013\/\" \/>\n<meta property=\"og:site_name\" content=\"Ruralgia Blog\" \/>\n<meta property=\"article:published_time\" content=\"2013-11-25T11:09:37+00:00\" \/>\n<meta property=\"article:modified_time\" content=\"2013-11-27T08:29:53+00:00\" \/>\n<meta property=\"og:image\" content=\"https:\/\/www.ruralgia.com\/blog\/wp-content\/uploads\/2013\/11\/cartel_programa1.jpg\" \/>\n\t<meta property=\"og:image:width\" content=\"600\" \/>\n\t<meta property=\"og:image:height\" content=\"600\" \/>\n\t<meta property=\"og:image:type\" content=\"image\/jpeg\" \/>\n<meta name=\"author\" content=\"admin\" \/>\n<meta name=\"twitter:card\" content=\"summary_large_image\" \/>\n<meta name=\"twitter:label1\" content=\"Escrito por\" \/>\n\t<meta name=\"twitter:data1\" content=\"admin\" \/>\n\t<meta name=\"twitter:label2\" content=\"Tiempo de lectura\" \/>\n\t<meta name=\"twitter:data2\" content=\"1 minuto\" \/>\n<script type=\"application\/ld+json\" class=\"yoast-schema-graph\">{\"@context\":\"https:\/\/schema.org\",\"@graph\":[{\"@type\":\"WebPage\",\"@id\":\"https:\/\/www.ruralgia.com\/blog\/mercado-medieval-de-vic-2013\/\",\"url\":\"https:\/\/www.ruralgia.com\/blog\/mercado-medieval-de-vic-2013\/\",\"name\":\"Mercado Medieval de Vic 2013 - Ruralgia Blog\",\"isPartOf\":{\"@id\":\"https:\/\/www.ruralgia.com\/blog\/#website\"},\"primaryImageOfPage\":{\"@id\":\"https:\/\/www.ruralgia.com\/blog\/mercado-medieval-de-vic-2013\/#primaryimage\"},\"image\":{\"@id\":\"https:\/\/www.ruralgia.com\/blog\/mercado-medieval-de-vic-2013\/#primaryimage\"},\"thumbnailUrl\":\"https:\/\/www.ruralgia.com\/blog\/wp-content\/uploads\/2013\/11\/cartel_programa1.jpg\",\"datePublished\":\"2013-11-25T11:09:37+00:00\",\"dateModified\":\"2013-11-27T08:29:53+00:00\",\"author\":{\"@id\":\"https:\/\/www.ruralgia.com\/blog\/#\/schema\/person\/f9d61dcaa454dc132c65467750b88c01\"},\"breadcrumb\":{\"@id\":\"https:\/\/www.ruralgia.com\/blog\/mercado-medieval-de-vic-2013\/#breadcrumb\"},\"inLanguage\":\"es\",\"potentialAction\":[{\"@type\":\"ReadAction\",\"target\":[\"https:\/\/www.ruralgia.com\/blog\/mercado-medieval-de-vic-2013\/\"]}]},{\"@type\":\"ImageObject\",\"inLanguage\":\"es\",\"@id\":\"https:\/\/www.ruralgia.com\/blog\/mercado-medieval-de-vic-2013\/#primaryimage\",\"url\":\"https:\/\/www.ruralgia.com\/blog\/wp-content\/uploads\/2013\/11\/cartel_programa1.jpg\",\"contentUrl\":\"https:\/\/www.ruralgia.com\/blog\/wp-content\/uploads\/2013\/11\/cartel_programa1.jpg\",\"width\":600,\"height\":600},{\"@type\":\"BreadcrumbList\",\"@id\":\"https:\/\/www.ruralgia.com\/blog\/mercado-medieval-de-vic-2013\/#breadcrumb\",\"itemListElement\":[{\"@type\":\"ListItem\",\"position\":1,\"name\":\"Portada\",\"item\":\"https:\/\/www.ruralgia.com\/blog\/\"},{\"@type\":\"ListItem\",\"position\":2,\"name\":\"Mercado Medieval de Vic 2013\"}]},{\"@type\":\"WebSite\",\"@id\":\"https:\/\/www.ruralgia.com\/blog\/#website\",\"url\":\"https:\/\/www.ruralgia.com\/blog\/\",\"name\":\"Ruralgia Blog\",\"description\":\"El blog de viajes y turismo de Ruralgia\",\"potentialAction\":[{\"@type\":\"SearchAction\",\"target\":{\"@type\":\"EntryPoint\",\"urlTemplate\":\"https:\/\/www.ruralgia.com\/blog\/?s={search_term_string}\"},\"query-input\":{\"@type\":\"PropertyValueSpecification\",\"valueRequired\":true,\"valueName\":\"search_term_string\"}}],\"inLanguage\":\"es\"},{\"@type\":\"Person\",\"@id\":\"https:\/\/www.ruralgia.com\/blog\/#\/schema\/person\/f9d61dcaa454dc132c65467750b88c01\",\"name\":\"admin\",\"image\":{\"@type\":\"ImageObject\",\"inLanguage\":\"es\",\"@id\":\"https:\/\/www.ruralgia.com\/blog\/#\/schema\/person\/image\/\",\"url\":\"https:\/\/secure.gravatar.com\/avatar\/308988d44afa417cbdf20b1a60ad4489?s=96&d=mm&r=g\",\"contentUrl\":\"https:\/\/secure.gravatar.com\/avatar\/308988d44afa417cbdf20b1a60ad4489?s=96&d=mm&r=g\",\"caption\":\"admin\"},\"url\":\"https:\/\/www.ruralgia.com\/blog\/author\/admin\/\"}]}<\/script>\n<!-- \/ Yoast SEO plugin. -->","yoast_head_json":{"title":"Mercado Medieval de Vic 2013 - Ruralgia Blog","robots":{"index":"index","follow":"follow","max-snippet":"max-snippet:-1","max-image-preview":"max-image-preview:large","max-video-preview":"max-video-preview:-1"},"canonical":"https:\/\/www.ruralgia.com\/blog\/mercado-medieval-de-vic-2013\/","og_locale":"es_ES","og_type":"article","og_title":"Mercado Medieval de Vic 2013 - Ruralgia Blog","og_description":"Del 6 al 8 de diciembre 2013 el Casco antiguo de Vic (Barcelona), se transforma en un gran poblado medieval donde se pueden encontrar desde artesanos, taberneros y ferientes, hasta perfumes, jabones, bolleria y quesos. En estas fechas pr\u00f3ximas a &hellip; Sigue leyendo &rarr;","og_url":"https:\/\/www.ruralgia.com\/blog\/mercado-medieval-de-vic-2013\/","og_site_name":"Ruralgia Blog","article_published_time":"2013-11-25T11:09:37+00:00","article_modified_time":"2013-11-27T08:29:53+00:00","og_image":[{"width":600,"height":600,"url":"https:\/\/www.ruralgia.com\/blog\/wp-content\/uploads\/2013\/11\/cartel_programa1.jpg","type":"image\/jpeg"}],"author":"admin","twitter_card":"summary_large_image","twitter_misc":{"Escrito por":"admin","Tiempo de lectura":"1 minuto"},"schema":{"@context":"https:\/\/schema.org","@graph":[{"@type":"WebPage","@id":"https:\/\/www.ruralgia.com\/blog\/mercado-medieval-de-vic-2013\/","url":"https:\/\/www.ruralgia.com\/blog\/mercado-medieval-de-vic-2013\/","name":"Mercado Medieval de Vic 2013 - Ruralgia Blog","isPartOf":{"@id":"https:\/\/www.ruralgia.com\/blog\/#website"},"primaryImageOfPage":{"@id":"https:\/\/www.ruralgia.com\/blog\/mercado-medieval-de-vic-2013\/#primaryimage"},"image":{"@id":"https:\/\/www.ruralgia.com\/blog\/mercado-medieval-de-vic-2013\/#primaryimage"},"thumbnailUrl":"https:\/\/www.ruralgia.com\/blog\/wp-content\/uploads\/2013\/11\/cartel_programa1.jpg","datePublished":"2013-11-25T11:09:37+00:00","dateModified":"2013-11-27T08:29:53+00:00","author":{"@id":"https:\/\/www.ruralgia.com\/blog\/#\/schema\/person\/f9d61dcaa454dc132c65467750b88c01"},"breadcrumb":{"@id":"https:\/\/www.ruralgia.com\/blog\/mercado-medieval-de-vic-2013\/#breadcrumb"},"inLanguage":"es","potentialAction":[{"@type":"ReadAction","target":["https:\/\/www.ruralgia.com\/blog\/mercado-medieval-de-vic-2013\/"]}]},{"@type":"ImageObject","inLanguage":"es","@id":"https:\/\/www.ruralgia.com\/blog\/mercado-medieval-de-vic-2013\/#primaryimage","url":"https:\/\/www.ruralgia.com\/blog\/wp-content\/uploads\/2013\/11\/cartel_programa1.jpg","contentUrl":"https:\/\/www.ruralgia.com\/blog\/wp-content\/uploads\/2013\/11\/cartel_programa1.jpg","width":600,"height":600},{"@type":"BreadcrumbList","@id":"https:\/\/www.ruralgia.com\/blog\/mercado-medieval-de-vic-2013\/#breadcrumb","itemListElement":[{"@type":"ListItem","position":1,"name":"Portada","item":"https:\/\/www.ruralgia.com\/blog\/"},{"@type":"ListItem","position":2,"name":"Mercado Medieval de Vic 2013"}]},{"@type":"WebSite","@id":"https:\/\/www.ruralgia.com\/blog\/#website","url":"https:\/\/www.ruralgia.com\/blog\/","name":"Ruralgia Blog","description":"El blog de viajes y turismo de Ruralgia","potentialAction":[{"@type":"SearchAction","target":{"@type":"EntryPoint","urlTemplate":"https:\/\/www.ruralgia.com\/blog\/?s={search_term_string}"},"query-input":{"@type":"PropertyValueSpecification","valueRequired":true,"valueName":"search_term_string"}}],"inLanguage":"es"},{"@type":"Person","@id":"https:\/\/www.ruralgia.com\/blog\/#\/schema\/person\/f9d61dcaa454dc132c65467750b88c01","name":"admin","image":{"@type":"ImageObject","inLanguage":"es","@id":"https:\/\/www.ruralgia.com\/blog\/#\/schema\/person\/image\/","url":"https:\/\/secure.gravatar.com\/avatar\/308988d44afa417cbdf20b1a60ad4489?s=96&d=mm&r=g","contentUrl":"https:\/\/secure.gravatar.com\/avatar\/308988d44afa417cbdf20b1a60ad4489?s=96&d=mm&r=g","caption":"admin"},"url":"https:\/\/www.ruralgia.com\/blog\/author\/admin\/"}]}},"amp_enabled":true,"_links":{"self":[{"href":"https:\/\/www.ruralgia.com\/blog\/wp-json\/wp\/v2\/posts\/1847","targetHints":{"allow":["GET"]}}],"collection":[{"href":"https:\/\/www.ruralgia.com\/blog\/wp-json\/wp\/v2\/posts"}],"about":[{"href":"https:\/\/www.ruralgia.com\/blog\/wp-json\/wp\/v2\/types\/post"}],"author":[{"embeddable":true,"href":"https:\/\/www.ruralgia.com\/blog\/wp-json\/wp\/v2\/users\/1"}],"replies":[{"embeddable":true,"href":"https:\/\/www.ruralgia.com\/blog\/wp-json\/wp\/v2\/comments?post=1847"}],"version-history":[{"count":32,"href":"https:\/\/www.ruralgia.com\/blog\/wp-json\/wp\/v2\/posts\/1847\/revisions"}],"predecessor-version":[{"id":1948,"href":"https:\/\/www.ruralgia.com\/blog\/wp-json\/wp\/v2\/posts\/1847\/revisions\/1948"}],"wp:featuredmedia":[{"embeddable":true,"href":"https:\/\/www.ruralgia.com\/blog\/wp-json\/wp\/v2\/media\/1848"}],"wp:attachment":[{"href":"https:\/\/www.ruralgia.com\/blog\/wp-json\/wp\/v2\/media?parent=1847"}],"wp:term":[{"taxonomy":"category","embeddable":true,"href":"https:\/\/www.ruralgia.com\/blog\/wp-json\/wp\/v2\/categories?post=1847"},{"taxonomy":"post_tag","embeddable":true,"href":"https:\/\/www.ruralgia.com\/blog\/wp-json\/wp\/v2\/tags?post=1847"}],"curies":[{"name":"wp","href":"https:\/\/api.w.org\/{rel}","templated":true}]}}