{"id":1982,"date":"2013-11-28T13:52:16","date_gmt":"2013-11-28T13:52:16","guid":{"rendered":"https:\/\/www.ruralgia.com\/blog\/?p=1982"},"modified":"2013-12-03T13:21:01","modified_gmt":"2013-12-03T13:21:01","slug":"festival-internacional-de-cine-de-cartagena-2013","status":"publish","type":"post","link":"https:\/\/www.ruralgia.com\/blog\/festival-internacional-de-cine-de-cartagena-2013\/","title":{"rendered":"Festival Internacional de Cine de Cartagena 2013"},"content":{"rendered":"<p>Del <strong>9 al 14 de Diciembre<\/strong> se celebrar\u00e1 la <strong>42\u00aa edici\u00f3n<\/strong> del <em><strong>\u00abFestival Internacional de Cine de Cartagena\u00bb<\/strong><\/em> (FICC).<\/p>\n<p><a href=\"https:\/\/www.ruralgia.com\/blog\/wp-content\/uploads\/2013\/11\/Ficc42.jpg\" rel=\"lightbox[1982]\"><img loading=\"lazy\" decoding=\"async\" class=\" wp-image-1983 alignleft\" style=\"margin: 5px; border: 2px solid black;\" alt=\"Ficc42\" src=\"https:\/\/www.ruralgia.com\/blog\/wp-content\/uploads\/2013\/11\/Ficc42.jpg\" width=\"298\" height=\"380\" \/><\/a><\/p>\n<p>Certamen cinematogr\u00e1fico de car\u00e1cter internacional que lleva celebrandose en la ciudad desde <strong>1972<\/strong> siendo el festival de cine m\u00e1s antiguo de la <strong>Regi\u00f3n de Murcia<\/strong> y uno de los m\u00e1s antiguos de <strong>Espa\u00f1a<\/strong>.<\/p>\n<p>Este festival nace llamandose <em>\u00abSemana Internacional de Cine Naval\u00bb<\/em> con la intenci\u00f3n de ofrecer un homenaje a los hombre y mujeres del mar.<\/p>\n<p>Es en el a\u00f1o <strong>2005<\/strong> cuando el festival abandona el tema naval y mar\u00edtimo y se convierte en el actual <em>Festival Internacional de Cine de Cartagena (FICC)<\/em>. Realizado por la Asociaci\u00f3n Festival de Cine de Cartagena y en el que otorgan el trofeo <strong>Carabela de Plata \u00abCuidad de Cartagena\u00bb <\/strong>al mejor de los trabajos presentados en la secci\u00f3n oficial de cortometrajes.<\/p>\n<p><strong>MURcine<\/strong> es la secci\u00f3n dedicada a los j\u00f3venes realizadores de la Regi\u00f3n, en esta se premia el mejor cortometraje con dicho trofeo.\u00a0 El jurado formado por estudiantes de la Universidad Polit\u00e9cnica de Cartagena y del Centro Asociado de la UNED, son los encargados de galardonar con el <strong>Premio Jurado Joven<\/strong> la <strong>Secci\u00f3n de Largometrajes<\/strong>.<\/p>\n<p><script type=\"text\/javascript\" src=\"https:\/\/www.ruralgia.com\/caja_cerca.php?metodo=municipio&amp;ancho=250&amp;elementos=3&amp;size=90&amp;estilo=sunny&amp;float=right&amp;kms=20&amp;aleatorio=true&amp;municipio=Cartagena (Murcia)\"><\/script><\/p>\n<p>En la actualidad el <strong>FICC<\/strong> ha reunido actividades paralelas centradas en el cine como un ciclo de <strong>Alferd Hitchcock<\/strong>, talleres, conferencias, cursos, exposiciones, etc.<\/p>\n<p><a href=\"http:\/\/www.ficc.es\/#!programacion\/cnyl\" target=\"_blank\"><strong>Programaci\u00f3n.<\/strong><\/a><\/p>\n<p><a href=\"http:\/\/www.ficc.es\/\" target=\"_blank\"><strong>Fuente y m\u00e1s informaci\u00f3n.<\/strong><\/a><\/p>\n<p>Los premios descatados del <strong>FICC<\/strong> son, el <strong>Premio FICC\/Gas Natural Fenosa<\/strong> y los <strong>Premios Lux del Parlamento Europeo<\/strong>.<\/p>\n","protected":false},"excerpt":{"rendered":"<p>Del 9 al 14 de Diciembre se celebrar\u00e1 la 42\u00aa edici\u00f3n del \u00abFestival Internacional de Cine de Cartagena\u00bb (FICC). Certamen cinematogr\u00e1fico de car\u00e1cter internacional que lleva celebrandose en la ciudad desde 1972 siendo el festival de cine m\u00e1s antiguo de &hellip; <a href=\"https:\/\/www.ruralgia.com\/blog\/festival-internacional-de-cine-de-cartagena-2013\/\">Sigue leyendo <span class=\"meta-nav\">&rarr;<\/span><\/a><\/p>\n","protected":false},"author":1,"featured_media":1983,"comment_status":"open","ping_status":"open","sticky":false,"template":"","format":"standard","meta":{"footnotes":""},"categories":[97,48,63,12],"tags":[166,158,156],"class_list":["post-1982","post","type-post","status-publish","format-standard","has-post-thumbnail","hentry","category-cine","category-festival","category-ocio","category-propuestas","tag-cine","tag-cultura","tag-festival"],"yoast_head":"<!-- This site is optimized with the Yoast SEO plugin v24.1 - https:\/\/yoast.com\/wordpress\/plugins\/seo\/ -->\n<title>Festival Internacional de Cine de Cartagena 2013 - Ruralgia Blog<\/title>\n<meta name=\"robots\" content=\"index, follow, max-snippet:-1, max-image-preview:large, max-video-preview:-1\" \/>\n<link rel=\"canonical\" href=\"https:\/\/www.ruralgia.com\/blog\/festival-internacional-de-cine-de-cartagena-2013\/\" \/>\n<meta property=\"og:locale\" content=\"es_ES\" \/>\n<meta property=\"og:type\" content=\"article\" \/>\n<meta property=\"og:title\" content=\"Festival Internacional de Cine de Cartagena 2013 - Ruralgia Blog\" \/>\n<meta property=\"og:description\" content=\"Del 9 al 14 de Diciembre se celebrar\u00e1 la 42\u00aa edici\u00f3n del \u00abFestival Internacional de Cine de Cartagena\u00bb (FICC). Certamen cinematogr\u00e1fico de car\u00e1cter internacional que lleva celebrandose en la ciudad desde 1972 siendo el festival de cine m\u00e1s antiguo de &hellip; Sigue leyendo &rarr;\" \/>\n<meta property=\"og:url\" content=\"https:\/\/www.ruralgia.com\/blog\/festival-internacional-de-cine-de-cartagena-2013\/\" \/>\n<meta property=\"og:site_name\" content=\"Ruralgia Blog\" \/>\n<meta property=\"article:published_time\" content=\"2013-11-28T13:52:16+00:00\" \/>\n<meta property=\"article:modified_time\" content=\"2013-12-03T13:21:01+00:00\" \/>\n<meta property=\"og:image\" content=\"https:\/\/www.ruralgia.com\/blog\/wp-content\/uploads\/2013\/11\/Ficc42.jpg\" \/>\n\t<meta property=\"og:image:width\" content=\"898\" \/>\n\t<meta property=\"og:image:height\" content=\"1300\" \/>\n\t<meta property=\"og:image:type\" content=\"image\/jpeg\" \/>\n<meta name=\"author\" content=\"admin\" \/>\n<meta name=\"twitter:card\" content=\"summary_large_image\" \/>\n<meta name=\"twitter:label1\" content=\"Escrito por\" \/>\n\t<meta name=\"twitter:data1\" content=\"admin\" \/>\n\t<meta name=\"twitter:label2\" content=\"Tiempo de lectura\" \/>\n\t<meta name=\"twitter:data2\" content=\"1 minuto\" \/>\n<script type=\"application\/ld+json\" class=\"yoast-schema-graph\">{\"@context\":\"https:\/\/schema.org\",\"@graph\":[{\"@type\":\"WebPage\",\"@id\":\"https:\/\/www.ruralgia.com\/blog\/festival-internacional-de-cine-de-cartagena-2013\/\",\"url\":\"https:\/\/www.ruralgia.com\/blog\/festival-internacional-de-cine-de-cartagena-2013\/\",\"name\":\"Festival Internacional de Cine de Cartagena 2013 - Ruralgia Blog\",\"isPartOf\":{\"@id\":\"https:\/\/www.ruralgia.com\/blog\/#website\"},\"primaryImageOfPage\":{\"@id\":\"https:\/\/www.ruralgia.com\/blog\/festival-internacional-de-cine-de-cartagena-2013\/#primaryimage\"},\"image\":{\"@id\":\"https:\/\/www.ruralgia.com\/blog\/festival-internacional-de-cine-de-cartagena-2013\/#primaryimage\"},\"thumbnailUrl\":\"https:\/\/www.ruralgia.com\/blog\/wp-content\/uploads\/2013\/11\/Ficc42.jpg\",\"datePublished\":\"2013-11-28T13:52:16+00:00\",\"dateModified\":\"2013-12-03T13:21:01+00:00\",\"author\":{\"@id\":\"https:\/\/www.ruralgia.com\/blog\/#\/schema\/person\/f9d61dcaa454dc132c65467750b88c01\"},\"breadcrumb\":{\"@id\":\"https:\/\/www.ruralgia.com\/blog\/festival-internacional-de-cine-de-cartagena-2013\/#breadcrumb\"},\"inLanguage\":\"es\",\"potentialAction\":[{\"@type\":\"ReadAction\",\"target\":[\"https:\/\/www.ruralgia.com\/blog\/festival-internacional-de-cine-de-cartagena-2013\/\"]}]},{\"@type\":\"ImageObject\",\"inLanguage\":\"es\",\"@id\":\"https:\/\/www.ruralgia.com\/blog\/festival-internacional-de-cine-de-cartagena-2013\/#primaryimage\",\"url\":\"https:\/\/www.ruralgia.com\/blog\/wp-content\/uploads\/2013\/11\/Ficc42.jpg\",\"contentUrl\":\"https:\/\/www.ruralgia.com\/blog\/wp-content\/uploads\/2013\/11\/Ficc42.jpg\",\"width\":898,\"height\":1300},{\"@type\":\"BreadcrumbList\",\"@id\":\"https:\/\/www.ruralgia.com\/blog\/festival-internacional-de-cine-de-cartagena-2013\/#breadcrumb\",\"itemListElement\":[{\"@type\":\"ListItem\",\"position\":1,\"name\":\"Portada\",\"item\":\"https:\/\/www.ruralgia.com\/blog\/\"},{\"@type\":\"ListItem\",\"position\":2,\"name\":\"Festival Internacional de Cine de Cartagena 2013\"}]},{\"@type\":\"WebSite\",\"@id\":\"https:\/\/www.ruralgia.com\/blog\/#website\",\"url\":\"https:\/\/www.ruralgia.com\/blog\/\",\"name\":\"Ruralgia Blog\",\"description\":\"El blog de viajes y turismo de Ruralgia\",\"potentialAction\":[{\"@type\":\"SearchAction\",\"target\":{\"@type\":\"EntryPoint\",\"urlTemplate\":\"https:\/\/www.ruralgia.com\/blog\/?s={search_term_string}\"},\"query-input\":{\"@type\":\"PropertyValueSpecification\",\"valueRequired\":true,\"valueName\":\"search_term_string\"}}],\"inLanguage\":\"es\"},{\"@type\":\"Person\",\"@id\":\"https:\/\/www.ruralgia.com\/blog\/#\/schema\/person\/f9d61dcaa454dc132c65467750b88c01\",\"name\":\"admin\",\"image\":{\"@type\":\"ImageObject\",\"inLanguage\":\"es\",\"@id\":\"https:\/\/www.ruralgia.com\/blog\/#\/schema\/person\/image\/\",\"url\":\"https:\/\/secure.gravatar.com\/avatar\/308988d44afa417cbdf20b1a60ad4489?s=96&d=mm&r=g\",\"contentUrl\":\"https:\/\/secure.gravatar.com\/avatar\/308988d44afa417cbdf20b1a60ad4489?s=96&d=mm&r=g\",\"caption\":\"admin\"},\"url\":\"https:\/\/www.ruralgia.com\/blog\/author\/admin\/\"}]}<\/script>\n<!-- \/ Yoast SEO plugin. -->","yoast_head_json":{"title":"Festival Internacional de Cine de Cartagena 2013 - Ruralgia Blog","robots":{"index":"index","follow":"follow","max-snippet":"max-snippet:-1","max-image-preview":"max-image-preview:large","max-video-preview":"max-video-preview:-1"},"canonical":"https:\/\/www.ruralgia.com\/blog\/festival-internacional-de-cine-de-cartagena-2013\/","og_locale":"es_ES","og_type":"article","og_title":"Festival Internacional de Cine de Cartagena 2013 - Ruralgia Blog","og_description":"Del 9 al 14 de Diciembre se celebrar\u00e1 la 42\u00aa edici\u00f3n del \u00abFestival Internacional de Cine de Cartagena\u00bb (FICC). Certamen cinematogr\u00e1fico de car\u00e1cter internacional que lleva celebrandose en la ciudad desde 1972 siendo el festival de cine m\u00e1s antiguo de &hellip; Sigue leyendo &rarr;","og_url":"https:\/\/www.ruralgia.com\/blog\/festival-internacional-de-cine-de-cartagena-2013\/","og_site_name":"Ruralgia Blog","article_published_time":"2013-11-28T13:52:16+00:00","article_modified_time":"2013-12-03T13:21:01+00:00","og_image":[{"width":898,"height":1300,"url":"https:\/\/www.ruralgia.com\/blog\/wp-content\/uploads\/2013\/11\/Ficc42.jpg","type":"image\/jpeg"}],"author":"admin","twitter_card":"summary_large_image","twitter_misc":{"Escrito por":"admin","Tiempo de lectura":"1 minuto"},"schema":{"@context":"https:\/\/schema.org","@graph":[{"@type":"WebPage","@id":"https:\/\/www.ruralgia.com\/blog\/festival-internacional-de-cine-de-cartagena-2013\/","url":"https:\/\/www.ruralgia.com\/blog\/festival-internacional-de-cine-de-cartagena-2013\/","name":"Festival Internacional de Cine de Cartagena 2013 - Ruralgia Blog","isPartOf":{"@id":"https:\/\/www.ruralgia.com\/blog\/#website"},"primaryImageOfPage":{"@id":"https:\/\/www.ruralgia.com\/blog\/festival-internacional-de-cine-de-cartagena-2013\/#primaryimage"},"image":{"@id":"https:\/\/www.ruralgia.com\/blog\/festival-internacional-de-cine-de-cartagena-2013\/#primaryimage"},"thumbnailUrl":"https:\/\/www.ruralgia.com\/blog\/wp-content\/uploads\/2013\/11\/Ficc42.jpg","datePublished":"2013-11-28T13:52:16+00:00","dateModified":"2013-12-03T13:21:01+00:00","author":{"@id":"https:\/\/www.ruralgia.com\/blog\/#\/schema\/person\/f9d61dcaa454dc132c65467750b88c01"},"breadcrumb":{"@id":"https:\/\/www.ruralgia.com\/blog\/festival-internacional-de-cine-de-cartagena-2013\/#breadcrumb"},"inLanguage":"es","potentialAction":[{"@type":"ReadAction","target":["https:\/\/www.ruralgia.com\/blog\/festival-internacional-de-cine-de-cartagena-2013\/"]}]},{"@type":"ImageObject","inLanguage":"es","@id":"https:\/\/www.ruralgia.com\/blog\/festival-internacional-de-cine-de-cartagena-2013\/#primaryimage","url":"https:\/\/www.ruralgia.com\/blog\/wp-content\/uploads\/2013\/11\/Ficc42.jpg","contentUrl":"https:\/\/www.ruralgia.com\/blog\/wp-content\/uploads\/2013\/11\/Ficc42.jpg","width":898,"height":1300},{"@type":"BreadcrumbList","@id":"https:\/\/www.ruralgia.com\/blog\/festival-internacional-de-cine-de-cartagena-2013\/#breadcrumb","itemListElement":[{"@type":"ListItem","position":1,"name":"Portada","item":"https:\/\/www.ruralgia.com\/blog\/"},{"@type":"ListItem","position":2,"name":"Festival Internacional de Cine de Cartagena 2013"}]},{"@type":"WebSite","@id":"https:\/\/www.ruralgia.com\/blog\/#website","url":"https:\/\/www.ruralgia.com\/blog\/","name":"Ruralgia Blog","description":"El blog de viajes y turismo de Ruralgia","potentialAction":[{"@type":"SearchAction","target":{"@type":"EntryPoint","urlTemplate":"https:\/\/www.ruralgia.com\/blog\/?s={search_term_string}"},"query-input":{"@type":"PropertyValueSpecification","valueRequired":true,"valueName":"search_term_string"}}],"inLanguage":"es"},{"@type":"Person","@id":"https:\/\/www.ruralgia.com\/blog\/#\/schema\/person\/f9d61dcaa454dc132c65467750b88c01","name":"admin","image":{"@type":"ImageObject","inLanguage":"es","@id":"https:\/\/www.ruralgia.com\/blog\/#\/schema\/person\/image\/","url":"https:\/\/secure.gravatar.com\/avatar\/308988d44afa417cbdf20b1a60ad4489?s=96&d=mm&r=g","contentUrl":"https:\/\/secure.gravatar.com\/avatar\/308988d44afa417cbdf20b1a60ad4489?s=96&d=mm&r=g","caption":"admin"},"url":"https:\/\/www.ruralgia.com\/blog\/author\/admin\/"}]}},"amp_enabled":true,"_links":{"self":[{"href":"https:\/\/www.ruralgia.com\/blog\/wp-json\/wp\/v2\/posts\/1982","targetHints":{"allow":["GET"]}}],"collection":[{"href":"https:\/\/www.ruralgia.com\/blog\/wp-json\/wp\/v2\/posts"}],"about":[{"href":"https:\/\/www.ruralgia.com\/blog\/wp-json\/wp\/v2\/types\/post"}],"author":[{"embeddable":true,"href":"https:\/\/www.ruralgia.com\/blog\/wp-json\/wp\/v2\/users\/1"}],"replies":[{"embeddable":true,"href":"https:\/\/www.ruralgia.com\/blog\/wp-json\/wp\/v2\/comments?post=1982"}],"version-history":[{"count":14,"href":"https:\/\/www.ruralgia.com\/blog\/wp-json\/wp\/v2\/posts\/1982\/revisions"}],"predecessor-version":[{"id":1996,"href":"https:\/\/www.ruralgia.com\/blog\/wp-json\/wp\/v2\/posts\/1982\/revisions\/1996"}],"wp:featuredmedia":[{"embeddable":true,"href":"https:\/\/www.ruralgia.com\/blog\/wp-json\/wp\/v2\/media\/1983"}],"wp:attachment":[{"href":"https:\/\/www.ruralgia.com\/blog\/wp-json\/wp\/v2\/media?parent=1982"}],"wp:term":[{"taxonomy":"category","embeddable":true,"href":"https:\/\/www.ruralgia.com\/blog\/wp-json\/wp\/v2\/categories?post=1982"},{"taxonomy":"post_tag","embeddable":true,"href":"https:\/\/www.ruralgia.com\/blog\/wp-json\/wp\/v2\/tags?post=1982"}],"curies":[{"name":"wp","href":"https:\/\/api.w.org\/{rel}","templated":true}]}}