{"id":1997,"date":"2013-12-03T11:50:24","date_gmt":"2013-12-03T11:50:24","guid":{"rendered":"https:\/\/www.ruralgia.com\/blog\/?p=1997"},"modified":"2013-12-03T13:16:02","modified_gmt":"2013-12-03T13:16:02","slug":"i-mercado-navideno-artesanal-de-salteras","status":"publish","type":"post","link":"https:\/\/www.ruralgia.com\/blog\/i-mercado-navideno-artesanal-de-salteras\/","title":{"rendered":"I Mercado Navide\u00f1o Artesanal de Salteras"},"content":{"rendered":"<p>La poblaci\u00f3n<strong> Sevillana<\/strong> de <strong>Salteras<\/strong> acoge del <strong>13 al 15 de Diciembre<\/strong> el <strong>I Mercado Navide\u00f1o Artesanal<\/strong> junto con la segunda edici\u00f3n de la<strong> Navidad Solidaria<\/strong>.<a href=\"https:\/\/www.ruralgia.com\/blog\/wp-content\/uploads\/2013\/11\/6081730-90772711.jpg\" rel=\"lightbox[1997]\"><img loading=\"lazy\" decoding=\"async\" class=\"size-full wp-image-2015 alignright\" style=\"border: 2px solid black; margin: 5px;\" alt=\"6081730-9077271\" src=\"https:\/\/www.ruralgia.com\/blog\/wp-content\/uploads\/2013\/11\/6081730-90772711.jpg\" width=\"249\" height=\"349\" srcset=\"https:\/\/www.ruralgia.com\/blog\/wp-content\/uploads\/2013\/11\/6081730-90772711.jpg 249w, https:\/\/www.ruralgia.com\/blog\/wp-content\/uploads\/2013\/11\/6081730-90772711-214x300.jpg 214w\" sizes=\"auto, (max-width: 249px) 100vw, 249px\" \/><\/a><\/p>\n<p>Evento que se desarrollar\u00e1 en la explanada del Sal\u00f3n Multiusos a cargo del Ayuntamiento, con la colaboraci\u00f3n de la empresa Eventali, Fundaci\u00f3n de Cobre las Cruces y Cruzcampo.<\/p>\n<p>Habr\u00e1 actividades para todos los p\u00fablicos como las actuaciones de las Bandas Juveniles de Ntra. Sra. del Carmen y Ntra. Sra. de la Oliva, y la Coral de la Parroquia de Santa Mar\u00eda de la Oliva.<\/p>\n<p>Destacamos la realizaci\u00f3n del Taller de Reposter\u00eda de Dulce de Navidad, el Concurso de Pintura al Aire Libre, la exhibici\u00f3n de baile urbano, coordinado por Gloria Anguis, y la recogida solidadria de juguetes.<\/p>\n<p>Los ni\u00f1os y ni\u00f1as que aporten un juguete podran subir de forma gratuita al tren tur\u00edstico que forma parte de esta amplia oferta l\u00fadica.<script type=\"text\/javascript\" src=\"https:\/\/www.ruralgia.com\/caja_cerca.php?metodo=municipio&amp;ancho=250&amp;elementos=3&amp;size=90&amp;estilo=sunny&amp;float=left&amp;kms=20&amp;aleatorio=true&amp;municipio=Salteras (Sevilla)\"><\/script><\/p>\n<p>La programaci\u00f3n completa se dar\u00e1 a conocer el pr\u00f3ximo d\u00eda 11 de diciembre a partir de las 18h en la presentaci\u00f3n que tendra lugar en la Casa de la Provincia.<\/p>\n<p><a href=\"http:\/\/www.salteras.es\/Los-artesanos-de-Salteras-interesados-en-participar-en-el-I-Mercado-Navideno-Artesanal-podran-solicitar-su-ubicacion_a1067.html\" target=\"_blank\"><strong>Fuente.<\/strong><\/a><\/p>\n<p>&nbsp;<\/p>\n","protected":false},"excerpt":{"rendered":"<p>La poblaci\u00f3n Sevillana de Salteras acoge del 13 al 15 de Diciembre el I Mercado Navide\u00f1o Artesanal junto con la segunda edici\u00f3n de la Navidad Solidaria. Evento que se desarrollar\u00e1 en la explanada del Sal\u00f3n Multiusos a cargo del Ayuntamiento, &hellip; <a href=\"https:\/\/www.ruralgia.com\/blog\/i-mercado-navideno-artesanal-de-salteras\/\">Sigue leyendo <span class=\"meta-nav\">&rarr;<\/span><\/a><\/p>\n","protected":false},"author":1,"featured_media":1998,"comment_status":"open","ping_status":"open","sticky":false,"template":"","format":"standard","meta":{"footnotes":""},"categories":[69,63,91],"tags":[21,161,118],"class_list":["post-1997","post","type-post","status-publish","format-standard","has-post-thumbnail","hentry","category-eventos","category-ocio","category-propuestas-eventos","tag-artesania","tag-eventos","tag-mercado-artesanal"],"yoast_head":"<!-- This site is optimized with the Yoast SEO plugin v24.1 - https:\/\/yoast.com\/wordpress\/plugins\/seo\/ -->\n<title>I Mercado Navide\u00f1o Artesanal de Salteras - Ruralgia Blog<\/title>\n<meta name=\"robots\" content=\"index, follow, max-snippet:-1, max-image-preview:large, max-video-preview:-1\" \/>\n<link rel=\"canonical\" href=\"https:\/\/www.ruralgia.com\/blog\/i-mercado-navideno-artesanal-de-salteras\/\" \/>\n<meta property=\"og:locale\" content=\"es_ES\" \/>\n<meta property=\"og:type\" content=\"article\" \/>\n<meta property=\"og:title\" content=\"I Mercado Navide\u00f1o Artesanal de Salteras - Ruralgia Blog\" \/>\n<meta property=\"og:description\" content=\"La poblaci\u00f3n Sevillana de Salteras acoge del 13 al 15 de Diciembre el I Mercado Navide\u00f1o Artesanal junto con la segunda edici\u00f3n de la Navidad Solidaria. Evento que se desarrollar\u00e1 en la explanada del Sal\u00f3n Multiusos a cargo del Ayuntamiento, &hellip; Sigue leyendo &rarr;\" \/>\n<meta property=\"og:url\" content=\"https:\/\/www.ruralgia.com\/blog\/i-mercado-navideno-artesanal-de-salteras\/\" \/>\n<meta property=\"og:site_name\" content=\"Ruralgia Blog\" \/>\n<meta property=\"article:published_time\" content=\"2013-12-03T11:50:24+00:00\" \/>\n<meta property=\"article:modified_time\" content=\"2013-12-03T13:16:02+00:00\" \/>\n<meta property=\"og:image\" content=\"https:\/\/www.ruralgia.com\/blog\/wp-content\/uploads\/2013\/11\/6081730-9077271.jpg\" \/>\n\t<meta property=\"og:image:width\" content=\"2531\" \/>\n\t<meta property=\"og:image:height\" content=\"3543\" \/>\n\t<meta property=\"og:image:type\" content=\"image\/jpeg\" \/>\n<meta name=\"author\" content=\"admin\" \/>\n<meta name=\"twitter:card\" content=\"summary_large_image\" \/>\n<meta name=\"twitter:label1\" content=\"Escrito por\" \/>\n\t<meta name=\"twitter:data1\" content=\"admin\" \/>\n\t<meta name=\"twitter:label2\" content=\"Tiempo de lectura\" \/>\n\t<meta name=\"twitter:data2\" content=\"1 minuto\" \/>\n<script type=\"application\/ld+json\" class=\"yoast-schema-graph\">{\"@context\":\"https:\/\/schema.org\",\"@graph\":[{\"@type\":\"WebPage\",\"@id\":\"https:\/\/www.ruralgia.com\/blog\/i-mercado-navideno-artesanal-de-salteras\/\",\"url\":\"https:\/\/www.ruralgia.com\/blog\/i-mercado-navideno-artesanal-de-salteras\/\",\"name\":\"I Mercado Navide\u00f1o Artesanal de Salteras - Ruralgia Blog\",\"isPartOf\":{\"@id\":\"https:\/\/www.ruralgia.com\/blog\/#website\"},\"primaryImageOfPage\":{\"@id\":\"https:\/\/www.ruralgia.com\/blog\/i-mercado-navideno-artesanal-de-salteras\/#primaryimage\"},\"image\":{\"@id\":\"https:\/\/www.ruralgia.com\/blog\/i-mercado-navideno-artesanal-de-salteras\/#primaryimage\"},\"thumbnailUrl\":\"https:\/\/www.ruralgia.com\/blog\/wp-content\/uploads\/2013\/11\/6081730-9077271.jpg\",\"datePublished\":\"2013-12-03T11:50:24+00:00\",\"dateModified\":\"2013-12-03T13:16:02+00:00\",\"author\":{\"@id\":\"https:\/\/www.ruralgia.com\/blog\/#\/schema\/person\/f9d61dcaa454dc132c65467750b88c01\"},\"breadcrumb\":{\"@id\":\"https:\/\/www.ruralgia.com\/blog\/i-mercado-navideno-artesanal-de-salteras\/#breadcrumb\"},\"inLanguage\":\"es\",\"potentialAction\":[{\"@type\":\"ReadAction\",\"target\":[\"https:\/\/www.ruralgia.com\/blog\/i-mercado-navideno-artesanal-de-salteras\/\"]}]},{\"@type\":\"ImageObject\",\"inLanguage\":\"es\",\"@id\":\"https:\/\/www.ruralgia.com\/blog\/i-mercado-navideno-artesanal-de-salteras\/#primaryimage\",\"url\":\"https:\/\/www.ruralgia.com\/blog\/wp-content\/uploads\/2013\/11\/6081730-9077271.jpg\",\"contentUrl\":\"https:\/\/www.ruralgia.com\/blog\/wp-content\/uploads\/2013\/11\/6081730-9077271.jpg\",\"width\":2531,\"height\":3543},{\"@type\":\"BreadcrumbList\",\"@id\":\"https:\/\/www.ruralgia.com\/blog\/i-mercado-navideno-artesanal-de-salteras\/#breadcrumb\",\"itemListElement\":[{\"@type\":\"ListItem\",\"position\":1,\"name\":\"Portada\",\"item\":\"https:\/\/www.ruralgia.com\/blog\/\"},{\"@type\":\"ListItem\",\"position\":2,\"name\":\"I Mercado Navide\u00f1o Artesanal de Salteras\"}]},{\"@type\":\"WebSite\",\"@id\":\"https:\/\/www.ruralgia.com\/blog\/#website\",\"url\":\"https:\/\/www.ruralgia.com\/blog\/\",\"name\":\"Ruralgia Blog\",\"description\":\"El blog de viajes y turismo de Ruralgia\",\"potentialAction\":[{\"@type\":\"SearchAction\",\"target\":{\"@type\":\"EntryPoint\",\"urlTemplate\":\"https:\/\/www.ruralgia.com\/blog\/?s={search_term_string}\"},\"query-input\":{\"@type\":\"PropertyValueSpecification\",\"valueRequired\":true,\"valueName\":\"search_term_string\"}}],\"inLanguage\":\"es\"},{\"@type\":\"Person\",\"@id\":\"https:\/\/www.ruralgia.com\/blog\/#\/schema\/person\/f9d61dcaa454dc132c65467750b88c01\",\"name\":\"admin\",\"image\":{\"@type\":\"ImageObject\",\"inLanguage\":\"es\",\"@id\":\"https:\/\/www.ruralgia.com\/blog\/#\/schema\/person\/image\/\",\"url\":\"https:\/\/secure.gravatar.com\/avatar\/308988d44afa417cbdf20b1a60ad4489?s=96&d=mm&r=g\",\"contentUrl\":\"https:\/\/secure.gravatar.com\/avatar\/308988d44afa417cbdf20b1a60ad4489?s=96&d=mm&r=g\",\"caption\":\"admin\"},\"url\":\"https:\/\/www.ruralgia.com\/blog\/author\/admin\/\"}]}<\/script>\n<!-- \/ Yoast SEO plugin. -->","yoast_head_json":{"title":"I Mercado Navide\u00f1o Artesanal de Salteras - Ruralgia Blog","robots":{"index":"index","follow":"follow","max-snippet":"max-snippet:-1","max-image-preview":"max-image-preview:large","max-video-preview":"max-video-preview:-1"},"canonical":"https:\/\/www.ruralgia.com\/blog\/i-mercado-navideno-artesanal-de-salteras\/","og_locale":"es_ES","og_type":"article","og_title":"I Mercado Navide\u00f1o Artesanal de Salteras - Ruralgia Blog","og_description":"La poblaci\u00f3n Sevillana de Salteras acoge del 13 al 15 de Diciembre el I Mercado Navide\u00f1o Artesanal junto con la segunda edici\u00f3n de la Navidad Solidaria. Evento que se desarrollar\u00e1 en la explanada del Sal\u00f3n Multiusos a cargo del Ayuntamiento, &hellip; Sigue leyendo &rarr;","og_url":"https:\/\/www.ruralgia.com\/blog\/i-mercado-navideno-artesanal-de-salteras\/","og_site_name":"Ruralgia Blog","article_published_time":"2013-12-03T11:50:24+00:00","article_modified_time":"2013-12-03T13:16:02+00:00","og_image":[{"width":2531,"height":3543,"url":"https:\/\/www.ruralgia.com\/blog\/wp-content\/uploads\/2013\/11\/6081730-9077271.jpg","type":"image\/jpeg"}],"author":"admin","twitter_card":"summary_large_image","twitter_misc":{"Escrito por":"admin","Tiempo de lectura":"1 minuto"},"schema":{"@context":"https:\/\/schema.org","@graph":[{"@type":"WebPage","@id":"https:\/\/www.ruralgia.com\/blog\/i-mercado-navideno-artesanal-de-salteras\/","url":"https:\/\/www.ruralgia.com\/blog\/i-mercado-navideno-artesanal-de-salteras\/","name":"I Mercado Navide\u00f1o Artesanal de Salteras - Ruralgia Blog","isPartOf":{"@id":"https:\/\/www.ruralgia.com\/blog\/#website"},"primaryImageOfPage":{"@id":"https:\/\/www.ruralgia.com\/blog\/i-mercado-navideno-artesanal-de-salteras\/#primaryimage"},"image":{"@id":"https:\/\/www.ruralgia.com\/blog\/i-mercado-navideno-artesanal-de-salteras\/#primaryimage"},"thumbnailUrl":"https:\/\/www.ruralgia.com\/blog\/wp-content\/uploads\/2013\/11\/6081730-9077271.jpg","datePublished":"2013-12-03T11:50:24+00:00","dateModified":"2013-12-03T13:16:02+00:00","author":{"@id":"https:\/\/www.ruralgia.com\/blog\/#\/schema\/person\/f9d61dcaa454dc132c65467750b88c01"},"breadcrumb":{"@id":"https:\/\/www.ruralgia.com\/blog\/i-mercado-navideno-artesanal-de-salteras\/#breadcrumb"},"inLanguage":"es","potentialAction":[{"@type":"ReadAction","target":["https:\/\/www.ruralgia.com\/blog\/i-mercado-navideno-artesanal-de-salteras\/"]}]},{"@type":"ImageObject","inLanguage":"es","@id":"https:\/\/www.ruralgia.com\/blog\/i-mercado-navideno-artesanal-de-salteras\/#primaryimage","url":"https:\/\/www.ruralgia.com\/blog\/wp-content\/uploads\/2013\/11\/6081730-9077271.jpg","contentUrl":"https:\/\/www.ruralgia.com\/blog\/wp-content\/uploads\/2013\/11\/6081730-9077271.jpg","width":2531,"height":3543},{"@type":"BreadcrumbList","@id":"https:\/\/www.ruralgia.com\/blog\/i-mercado-navideno-artesanal-de-salteras\/#breadcrumb","itemListElement":[{"@type":"ListItem","position":1,"name":"Portada","item":"https:\/\/www.ruralgia.com\/blog\/"},{"@type":"ListItem","position":2,"name":"I Mercado Navide\u00f1o Artesanal de Salteras"}]},{"@type":"WebSite","@id":"https:\/\/www.ruralgia.com\/blog\/#website","url":"https:\/\/www.ruralgia.com\/blog\/","name":"Ruralgia Blog","description":"El blog de viajes y turismo de Ruralgia","potentialAction":[{"@type":"SearchAction","target":{"@type":"EntryPoint","urlTemplate":"https:\/\/www.ruralgia.com\/blog\/?s={search_term_string}"},"query-input":{"@type":"PropertyValueSpecification","valueRequired":true,"valueName":"search_term_string"}}],"inLanguage":"es"},{"@type":"Person","@id":"https:\/\/www.ruralgia.com\/blog\/#\/schema\/person\/f9d61dcaa454dc132c65467750b88c01","name":"admin","image":{"@type":"ImageObject","inLanguage":"es","@id":"https:\/\/www.ruralgia.com\/blog\/#\/schema\/person\/image\/","url":"https:\/\/secure.gravatar.com\/avatar\/308988d44afa417cbdf20b1a60ad4489?s=96&d=mm&r=g","contentUrl":"https:\/\/secure.gravatar.com\/avatar\/308988d44afa417cbdf20b1a60ad4489?s=96&d=mm&r=g","caption":"admin"},"url":"https:\/\/www.ruralgia.com\/blog\/author\/admin\/"}]}},"amp_enabled":true,"_links":{"self":[{"href":"https:\/\/www.ruralgia.com\/blog\/wp-json\/wp\/v2\/posts\/1997","targetHints":{"allow":["GET"]}}],"collection":[{"href":"https:\/\/www.ruralgia.com\/blog\/wp-json\/wp\/v2\/posts"}],"about":[{"href":"https:\/\/www.ruralgia.com\/blog\/wp-json\/wp\/v2\/types\/post"}],"author":[{"embeddable":true,"href":"https:\/\/www.ruralgia.com\/blog\/wp-json\/wp\/v2\/users\/1"}],"replies":[{"embeddable":true,"href":"https:\/\/www.ruralgia.com\/blog\/wp-json\/wp\/v2\/comments?post=1997"}],"version-history":[{"count":33,"href":"https:\/\/www.ruralgia.com\/blog\/wp-json\/wp\/v2\/posts\/1997\/revisions"}],"predecessor-version":[{"id":2029,"href":"https:\/\/www.ruralgia.com\/blog\/wp-json\/wp\/v2\/posts\/1997\/revisions\/2029"}],"wp:featuredmedia":[{"embeddable":true,"href":"https:\/\/www.ruralgia.com\/blog\/wp-json\/wp\/v2\/media\/1998"}],"wp:attachment":[{"href":"https:\/\/www.ruralgia.com\/blog\/wp-json\/wp\/v2\/media?parent=1997"}],"wp:term":[{"taxonomy":"category","embeddable":true,"href":"https:\/\/www.ruralgia.com\/blog\/wp-json\/wp\/v2\/categories?post=1997"},{"taxonomy":"post_tag","embeddable":true,"href":"https:\/\/www.ruralgia.com\/blog\/wp-json\/wp\/v2\/tags?post=1997"}],"curies":[{"name":"wp","href":"https:\/\/api.w.org\/{rel}","templated":true}]}}