{"id":2078,"date":"2013-12-11T22:09:13","date_gmt":"2013-12-11T22:09:13","guid":{"rendered":"https:\/\/www.ruralgia.com\/blog\/?p=2078"},"modified":"2013-12-11T22:09:13","modified_gmt":"2013-12-11T22:09:13","slug":"feira-do-capon-2013-vilalba","status":"publish","type":"post","link":"https:\/\/www.ruralgia.com\/blog\/feira-do-capon-2013-vilalba\/","title":{"rendered":"Feira do Cap\u00f3n 2013 Vilalba"},"content":{"rendered":"<p>La po<a href=\"https:\/\/www.ruralgia.com\/blog\/wp-content\/uploads\/2013\/12\/Captura.jpg\" rel=\"lightbox[2078]\"><img loading=\"lazy\" decoding=\"async\" class=\" wp-image-2079 alignleft\" style=\"margin: 5px; border: 2px solid black;\" alt=\"Captura\" src=\"https:\/\/www.ruralgia.com\/blog\/wp-content\/uploads\/2013\/12\/Captura.jpg\" width=\"308\" height=\"343\" \/><\/a>blaci\u00f3n de <strong>Vilalba<\/strong> en la provincia de <strong>Lugo<\/strong>, se prepara para celebrar el pr\u00f3ximo d\u00eda<strong> 21 de Diciembre<\/strong> la\u00a0<strong>Feira do Cap\u00f3<\/strong><strong>n<\/strong> en el recinto ferial de la <strong>Plaza de la Constituci\u00f3n<\/strong>.<\/p>\n<p>Feria a la que acuden cada a\u00f1o compradores que se desplazan desde los m\u00e1s diversos puntos de la geograf\u00eda gallega. Los <strong>capones<\/strong> se ceban de forma artesanal durante un largo per\u00edodo de tiempo y esto hace que el producto sea de excelente calidad, por este motivo algunos ejemplares se venden a un precio elevado.<\/p>\n<p>Alimento famoso ya por el siglo XIII y que hasta hace no muchos a\u00f1os se usaba para pagar alquieres, hoy en d\u00eda a\u00fan se usan como regalos.<\/p>\n<p><script type=\"text\/javascript\" src=\"https:\/\/www.ruralgia.com\/caja_cerca.php?metodo=municipio&amp;ancho=250&amp;elementos=4&amp;size=90&amp;estilo=start&amp;float=right&amp;kms=20&amp;aleatorio=true&amp;municipio=Vilalba (Lugo)\"><\/script><\/p>\n<p>La entrada de los capones al recinto ferial tendr\u00e1 lugar hasta las <strong>09.00 horas<\/strong>, y a partir de las <strong>10.00 horas <\/strong>se proceder\u00e1 a la apertura de la feria al p\u00fablico. A las<strong> 12.30 horas <\/strong>se entregar\u00e1n los premios a los mejores criadores de capones y a partir de esa misma hora tambi\u00e9n comenzar\u00e1 la <strong>degustaci\u00f3n <\/strong>que estar\u00e1 amenizada con las actuaciones de varios grupos folcl\u00f3ricos locales.<\/p>\n<p>Los asistentes podr\u00e1 disfrutar y adquirir tambi\u00e9n productos de la zona como queso de San Sim\u00f3n da Costa, Rosc\u00f3n, roscas y dem\u00e1s productos artesanales.<\/p>\n<p><strong><a href=\"http:\/\/www.paxinasgalegas.es\/fiestas\/feira-do-cap%C3%B3n-vilalba-0993.html\" target=\"_blank\">Fuente<\/a> y <a href=\"http:\/\/www.capondevilalba.com\/Novas.php?post=1228395800\" target=\"_blank\">m\u00e1s informaci\u00f3n<\/a>.<\/strong><\/p>\n<p>&nbsp;<\/p>\n","protected":false},"excerpt":{"rendered":"<p>La poblaci\u00f3n de Vilalba en la provincia de Lugo, se prepara para celebrar el pr\u00f3ximo d\u00eda 21 de Diciembre la\u00a0Feira do Cap\u00f3n en el recinto ferial de la Plaza de la Constituci\u00f3n. Feria a la que acuden cada a\u00f1o compradores &hellip; <a href=\"https:\/\/www.ruralgia.com\/blog\/feira-do-capon-2013-vilalba\/\">Sigue leyendo <span class=\"meta-nav\">&rarr;<\/span><\/a><\/p>\n","protected":false},"author":1,"featured_media":2079,"comment_status":"open","ping_status":"open","sticky":false,"template":"","format":"standard","meta":{"footnotes":""},"categories":[56,92,91],"tags":[161,165,31,39],"class_list":["post-2078","post","type-post","status-publish","format-standard","has-post-thumbnail","hentry","category-cultura","category-ferias","category-propuestas-eventos","tag-eventos","tag-ferias","tag-galicia","tag-gastronomia"],"yoast_head":"<!-- This site is optimized with the Yoast SEO plugin v24.1 - https:\/\/yoast.com\/wordpress\/plugins\/seo\/ -->\n<title>Feira do Cap\u00f3n 2013 Vilalba - Ruralgia Blog<\/title>\n<meta name=\"robots\" content=\"index, follow, max-snippet:-1, max-image-preview:large, max-video-preview:-1\" \/>\n<link rel=\"canonical\" href=\"https:\/\/www.ruralgia.com\/blog\/feira-do-capon-2013-vilalba\/\" \/>\n<meta property=\"og:locale\" content=\"es_ES\" \/>\n<meta property=\"og:type\" content=\"article\" \/>\n<meta property=\"og:title\" content=\"Feira do Cap\u00f3n 2013 Vilalba - Ruralgia Blog\" \/>\n<meta property=\"og:description\" content=\"La poblaci\u00f3n de Vilalba en la provincia de Lugo, se prepara para celebrar el pr\u00f3ximo d\u00eda 21 de Diciembre la\u00a0Feira do Cap\u00f3n en el recinto ferial de la Plaza de la Constituci\u00f3n. Feria a la que acuden cada a\u00f1o compradores &hellip; Sigue leyendo &rarr;\" \/>\n<meta property=\"og:url\" content=\"https:\/\/www.ruralgia.com\/blog\/feira-do-capon-2013-vilalba\/\" \/>\n<meta property=\"og:site_name\" content=\"Ruralgia Blog\" \/>\n<meta property=\"article:published_time\" content=\"2013-12-11T22:09:13+00:00\" \/>\n<meta property=\"og:image\" content=\"https:\/\/www.ruralgia.com\/blog\/wp-content\/uploads\/2013\/12\/Captura.jpg\" \/>\n\t<meta property=\"og:image:width\" content=\"408\" \/>\n\t<meta property=\"og:image:height\" content=\"543\" \/>\n\t<meta property=\"og:image:type\" content=\"image\/jpeg\" \/>\n<meta name=\"author\" content=\"admin\" \/>\n<meta name=\"twitter:card\" content=\"summary_large_image\" \/>\n<meta name=\"twitter:label1\" content=\"Escrito por\" \/>\n\t<meta name=\"twitter:data1\" content=\"admin\" \/>\n\t<meta name=\"twitter:label2\" content=\"Tiempo de lectura\" \/>\n\t<meta name=\"twitter:data2\" content=\"1 minuto\" \/>\n<script type=\"application\/ld+json\" class=\"yoast-schema-graph\">{\"@context\":\"https:\/\/schema.org\",\"@graph\":[{\"@type\":\"WebPage\",\"@id\":\"https:\/\/www.ruralgia.com\/blog\/feira-do-capon-2013-vilalba\/\",\"url\":\"https:\/\/www.ruralgia.com\/blog\/feira-do-capon-2013-vilalba\/\",\"name\":\"Feira do Cap\u00f3n 2013 Vilalba - Ruralgia Blog\",\"isPartOf\":{\"@id\":\"https:\/\/www.ruralgia.com\/blog\/#website\"},\"primaryImageOfPage\":{\"@id\":\"https:\/\/www.ruralgia.com\/blog\/feira-do-capon-2013-vilalba\/#primaryimage\"},\"image\":{\"@id\":\"https:\/\/www.ruralgia.com\/blog\/feira-do-capon-2013-vilalba\/#primaryimage\"},\"thumbnailUrl\":\"https:\/\/www.ruralgia.com\/blog\/wp-content\/uploads\/2013\/12\/Captura.jpg\",\"datePublished\":\"2013-12-11T22:09:13+00:00\",\"dateModified\":\"2013-12-11T22:09:13+00:00\",\"author\":{\"@id\":\"https:\/\/www.ruralgia.com\/blog\/#\/schema\/person\/f9d61dcaa454dc132c65467750b88c01\"},\"breadcrumb\":{\"@id\":\"https:\/\/www.ruralgia.com\/blog\/feira-do-capon-2013-vilalba\/#breadcrumb\"},\"inLanguage\":\"es\",\"potentialAction\":[{\"@type\":\"ReadAction\",\"target\":[\"https:\/\/www.ruralgia.com\/blog\/feira-do-capon-2013-vilalba\/\"]}]},{\"@type\":\"ImageObject\",\"inLanguage\":\"es\",\"@id\":\"https:\/\/www.ruralgia.com\/blog\/feira-do-capon-2013-vilalba\/#primaryimage\",\"url\":\"https:\/\/www.ruralgia.com\/blog\/wp-content\/uploads\/2013\/12\/Captura.jpg\",\"contentUrl\":\"https:\/\/www.ruralgia.com\/blog\/wp-content\/uploads\/2013\/12\/Captura.jpg\",\"width\":408,\"height\":543},{\"@type\":\"BreadcrumbList\",\"@id\":\"https:\/\/www.ruralgia.com\/blog\/feira-do-capon-2013-vilalba\/#breadcrumb\",\"itemListElement\":[{\"@type\":\"ListItem\",\"position\":1,\"name\":\"Portada\",\"item\":\"https:\/\/www.ruralgia.com\/blog\/\"},{\"@type\":\"ListItem\",\"position\":2,\"name\":\"Feira do Cap\u00f3n 2013 Vilalba\"}]},{\"@type\":\"WebSite\",\"@id\":\"https:\/\/www.ruralgia.com\/blog\/#website\",\"url\":\"https:\/\/www.ruralgia.com\/blog\/\",\"name\":\"Ruralgia Blog\",\"description\":\"El blog de viajes y turismo de Ruralgia\",\"potentialAction\":[{\"@type\":\"SearchAction\",\"target\":{\"@type\":\"EntryPoint\",\"urlTemplate\":\"https:\/\/www.ruralgia.com\/blog\/?s={search_term_string}\"},\"query-input\":{\"@type\":\"PropertyValueSpecification\",\"valueRequired\":true,\"valueName\":\"search_term_string\"}}],\"inLanguage\":\"es\"},{\"@type\":\"Person\",\"@id\":\"https:\/\/www.ruralgia.com\/blog\/#\/schema\/person\/f9d61dcaa454dc132c65467750b88c01\",\"name\":\"admin\",\"image\":{\"@type\":\"ImageObject\",\"inLanguage\":\"es\",\"@id\":\"https:\/\/www.ruralgia.com\/blog\/#\/schema\/person\/image\/\",\"url\":\"https:\/\/secure.gravatar.com\/avatar\/308988d44afa417cbdf20b1a60ad4489?s=96&d=mm&r=g\",\"contentUrl\":\"https:\/\/secure.gravatar.com\/avatar\/308988d44afa417cbdf20b1a60ad4489?s=96&d=mm&r=g\",\"caption\":\"admin\"},\"url\":\"https:\/\/www.ruralgia.com\/blog\/author\/admin\/\"}]}<\/script>\n<!-- \/ Yoast SEO plugin. -->","yoast_head_json":{"title":"Feira do Cap\u00f3n 2013 Vilalba - Ruralgia Blog","robots":{"index":"index","follow":"follow","max-snippet":"max-snippet:-1","max-image-preview":"max-image-preview:large","max-video-preview":"max-video-preview:-1"},"canonical":"https:\/\/www.ruralgia.com\/blog\/feira-do-capon-2013-vilalba\/","og_locale":"es_ES","og_type":"article","og_title":"Feira do Cap\u00f3n 2013 Vilalba - Ruralgia Blog","og_description":"La poblaci\u00f3n de Vilalba en la provincia de Lugo, se prepara para celebrar el pr\u00f3ximo d\u00eda 21 de Diciembre la\u00a0Feira do Cap\u00f3n en el recinto ferial de la Plaza de la Constituci\u00f3n. Feria a la que acuden cada a\u00f1o compradores &hellip; Sigue leyendo &rarr;","og_url":"https:\/\/www.ruralgia.com\/blog\/feira-do-capon-2013-vilalba\/","og_site_name":"Ruralgia Blog","article_published_time":"2013-12-11T22:09:13+00:00","og_image":[{"width":408,"height":543,"url":"https:\/\/www.ruralgia.com\/blog\/wp-content\/uploads\/2013\/12\/Captura.jpg","type":"image\/jpeg"}],"author":"admin","twitter_card":"summary_large_image","twitter_misc":{"Escrito por":"admin","Tiempo de lectura":"1 minuto"},"schema":{"@context":"https:\/\/schema.org","@graph":[{"@type":"WebPage","@id":"https:\/\/www.ruralgia.com\/blog\/feira-do-capon-2013-vilalba\/","url":"https:\/\/www.ruralgia.com\/blog\/feira-do-capon-2013-vilalba\/","name":"Feira do Cap\u00f3n 2013 Vilalba - Ruralgia Blog","isPartOf":{"@id":"https:\/\/www.ruralgia.com\/blog\/#website"},"primaryImageOfPage":{"@id":"https:\/\/www.ruralgia.com\/blog\/feira-do-capon-2013-vilalba\/#primaryimage"},"image":{"@id":"https:\/\/www.ruralgia.com\/blog\/feira-do-capon-2013-vilalba\/#primaryimage"},"thumbnailUrl":"https:\/\/www.ruralgia.com\/blog\/wp-content\/uploads\/2013\/12\/Captura.jpg","datePublished":"2013-12-11T22:09:13+00:00","dateModified":"2013-12-11T22:09:13+00:00","author":{"@id":"https:\/\/www.ruralgia.com\/blog\/#\/schema\/person\/f9d61dcaa454dc132c65467750b88c01"},"breadcrumb":{"@id":"https:\/\/www.ruralgia.com\/blog\/feira-do-capon-2013-vilalba\/#breadcrumb"},"inLanguage":"es","potentialAction":[{"@type":"ReadAction","target":["https:\/\/www.ruralgia.com\/blog\/feira-do-capon-2013-vilalba\/"]}]},{"@type":"ImageObject","inLanguage":"es","@id":"https:\/\/www.ruralgia.com\/blog\/feira-do-capon-2013-vilalba\/#primaryimage","url":"https:\/\/www.ruralgia.com\/blog\/wp-content\/uploads\/2013\/12\/Captura.jpg","contentUrl":"https:\/\/www.ruralgia.com\/blog\/wp-content\/uploads\/2013\/12\/Captura.jpg","width":408,"height":543},{"@type":"BreadcrumbList","@id":"https:\/\/www.ruralgia.com\/blog\/feira-do-capon-2013-vilalba\/#breadcrumb","itemListElement":[{"@type":"ListItem","position":1,"name":"Portada","item":"https:\/\/www.ruralgia.com\/blog\/"},{"@type":"ListItem","position":2,"name":"Feira do Cap\u00f3n 2013 Vilalba"}]},{"@type":"WebSite","@id":"https:\/\/www.ruralgia.com\/blog\/#website","url":"https:\/\/www.ruralgia.com\/blog\/","name":"Ruralgia Blog","description":"El blog de viajes y turismo de Ruralgia","potentialAction":[{"@type":"SearchAction","target":{"@type":"EntryPoint","urlTemplate":"https:\/\/www.ruralgia.com\/blog\/?s={search_term_string}"},"query-input":{"@type":"PropertyValueSpecification","valueRequired":true,"valueName":"search_term_string"}}],"inLanguage":"es"},{"@type":"Person","@id":"https:\/\/www.ruralgia.com\/blog\/#\/schema\/person\/f9d61dcaa454dc132c65467750b88c01","name":"admin","image":{"@type":"ImageObject","inLanguage":"es","@id":"https:\/\/www.ruralgia.com\/blog\/#\/schema\/person\/image\/","url":"https:\/\/secure.gravatar.com\/avatar\/308988d44afa417cbdf20b1a60ad4489?s=96&d=mm&r=g","contentUrl":"https:\/\/secure.gravatar.com\/avatar\/308988d44afa417cbdf20b1a60ad4489?s=96&d=mm&r=g","caption":"admin"},"url":"https:\/\/www.ruralgia.com\/blog\/author\/admin\/"}]}},"amp_enabled":true,"_links":{"self":[{"href":"https:\/\/www.ruralgia.com\/blog\/wp-json\/wp\/v2\/posts\/2078","targetHints":{"allow":["GET"]}}],"collection":[{"href":"https:\/\/www.ruralgia.com\/blog\/wp-json\/wp\/v2\/posts"}],"about":[{"href":"https:\/\/www.ruralgia.com\/blog\/wp-json\/wp\/v2\/types\/post"}],"author":[{"embeddable":true,"href":"https:\/\/www.ruralgia.com\/blog\/wp-json\/wp\/v2\/users\/1"}],"replies":[{"embeddable":true,"href":"https:\/\/www.ruralgia.com\/blog\/wp-json\/wp\/v2\/comments?post=2078"}],"version-history":[{"count":9,"href":"https:\/\/www.ruralgia.com\/blog\/wp-json\/wp\/v2\/posts\/2078\/revisions"}],"predecessor-version":[{"id":2109,"href":"https:\/\/www.ruralgia.com\/blog\/wp-json\/wp\/v2\/posts\/2078\/revisions\/2109"}],"wp:featuredmedia":[{"embeddable":true,"href":"https:\/\/www.ruralgia.com\/blog\/wp-json\/wp\/v2\/media\/2079"}],"wp:attachment":[{"href":"https:\/\/www.ruralgia.com\/blog\/wp-json\/wp\/v2\/media?parent=2078"}],"wp:term":[{"taxonomy":"category","embeddable":true,"href":"https:\/\/www.ruralgia.com\/blog\/wp-json\/wp\/v2\/categories?post=2078"},{"taxonomy":"post_tag","embeddable":true,"href":"https:\/\/www.ruralgia.com\/blog\/wp-json\/wp\/v2\/tags?post=2078"}],"curies":[{"name":"wp","href":"https:\/\/api.w.org\/{rel}","templated":true}]}}