{"id":2087,"date":"2013-12-13T17:56:59","date_gmt":"2013-12-13T17:56:59","guid":{"rendered":"https:\/\/www.ruralgia.com\/blog\/?p=2087"},"modified":"2013-12-13T17:56:59","modified_gmt":"2013-12-13T17:56:59","slug":"fiesta-de-las-migas-en-torrox-2013","status":"publish","type":"post","link":"https:\/\/www.ruralgia.com\/blog\/fiesta-de-las-migas-en-torrox-2013\/","title":{"rendered":"Fiesta de las Migas en Torrox 2013"},"content":{"rendered":"<p style=\"text-align: justify;\"><a href=\"https:\/\/www.ruralgia.com\/blog\/wp-content\/uploads\/2013\/12\/fiestamigastorrox.jpg\" rel=\"lightbox[2087]\"><img loading=\"lazy\" decoding=\"async\" class=\" wp-image-2088 alignleft\" style=\"margin: 5px; border: 2px solid black;\" alt=\"fiestamigastorrox\" src=\"https:\/\/www.ruralgia.com\/blog\/wp-content\/uploads\/2013\/12\/fiestamigastorrox.jpg\" width=\"318\" height=\"451\" srcset=\"https:\/\/www.ruralgia.com\/blog\/wp-content\/uploads\/2013\/12\/fiestamigastorrox.jpg 318w, https:\/\/www.ruralgia.com\/blog\/wp-content\/uploads\/2013\/12\/fiestamigastorrox-211x300.jpg 211w\" sizes=\"auto, (max-width: 318px) 100vw, 318px\" \/><\/a>El pr\u00f3ximo d\u00eda <strong>22 de Diciembre<\/strong> (domingo previo a la festividad de Navidad) <strong>Torrox<\/strong> celebra como cada a\u00f1o su tradicional <strong>Fiesta de las Migas<\/strong>, declarada de <strong>Inter\u00e9s Tur\u00edstico Nacional de Andaluc\u00eda<\/strong>.<\/p>\n<p style=\"text-align: justify;\">Junto al Mercadillo de la Almanzara, se preparan y reparten el plato m\u00e1s t\u00edpico de su gastronom\u00eda a todos los habitantes y visitantes que se acerquen a Torrox. Un vaso de vino y una ensalada arriera acompa\u00f1an este plato de migas, que puede pasar a recoger cuando el <strong>toque de la caracola<\/strong> lo indique. Un magn\u00edfico ambiente festivo en la <strong>Plaza de la Consitituci\u00f3n<\/strong> donde la m\u00fasica y el baile no pueden faltar.<\/p>\n<p style=\"text-align: justify;\">Las migas se convirtieron en el plato perfecto para los trabajadores del campo, cuando el patr\u00f3n tocaba \u00abla caracola\u00bb se les hac\u00eda saber que ya estaban preparadas y listas para comer.<\/p>\n<p>&nbsp;<\/p>\n<p style=\"text-align: justify;\">Durante las semanas previas, hay diversos actos culturales y actividades l\u00fadicas, como el Concurso de Vino del Terreno. Tampoco faltan las pandas de verdiales, la m\u00fasica de la banda municipal y otras bandas invitadas a participar en las fiestas.<\/p>\n<p style=\"text-align: justify;\">\u00a0<a href=\"http:\/\/www.nuestrasfiestas.com\/fiestas-en-m%C3%A1laga\/fiestas-en-torrox-2013\/\" target=\"_blank\"><strong>Fuente.<\/strong><\/a><\/p>\n<p>&nbsp;<\/p>\n<p>&nbsp;<\/p>\n","protected":false},"excerpt":{"rendered":"<p>El pr\u00f3ximo d\u00eda 22 de Diciembre (domingo previo a la festividad de Navidad) Torrox celebra como cada a\u00f1o su tradicional Fiesta de las Migas, declarada de Inter\u00e9s Tur\u00edstico Nacional de Andaluc\u00eda. Junto al Mercadillo de la Almanzara, se preparan y &hellip; <a href=\"https:\/\/www.ruralgia.com\/blog\/fiesta-de-las-migas-en-torrox-2013\/\">Sigue leyendo <span class=\"meta-nav\">&rarr;<\/span><\/a><\/p>\n","protected":false},"author":1,"featured_media":2088,"comment_status":"open","ping_status":"open","sticky":false,"template":"","format":"standard","meta":{"footnotes":""},"categories":[90,12],"tags":[161,22,39],"class_list":["post-2087","post","type-post","status-publish","format-standard","has-post-thumbnail","hentry","category-fiestas-2","category-propuestas","tag-eventos","tag-fiestas","tag-gastronomia"],"yoast_head":"<!-- This site is optimized with the Yoast SEO plugin v24.1 - https:\/\/yoast.com\/wordpress\/plugins\/seo\/ -->\n<title>Fiesta de las Migas en Torrox 2013 - Ruralgia Blog<\/title>\n<meta name=\"robots\" content=\"index, follow, max-snippet:-1, max-image-preview:large, max-video-preview:-1\" \/>\n<link rel=\"canonical\" href=\"https:\/\/www.ruralgia.com\/blog\/fiesta-de-las-migas-en-torrox-2013\/\" \/>\n<meta property=\"og:locale\" content=\"es_ES\" \/>\n<meta property=\"og:type\" content=\"article\" \/>\n<meta property=\"og:title\" content=\"Fiesta de las Migas en Torrox 2013 - Ruralgia Blog\" \/>\n<meta property=\"og:description\" content=\"El pr\u00f3ximo d\u00eda 22 de Diciembre (domingo previo a la festividad de Navidad) Torrox celebra como cada a\u00f1o su tradicional Fiesta de las Migas, declarada de Inter\u00e9s Tur\u00edstico Nacional de Andaluc\u00eda. Junto al Mercadillo de la Almanzara, se preparan y &hellip; Sigue leyendo &rarr;\" \/>\n<meta property=\"og:url\" content=\"https:\/\/www.ruralgia.com\/blog\/fiesta-de-las-migas-en-torrox-2013\/\" \/>\n<meta property=\"og:site_name\" content=\"Ruralgia Blog\" \/>\n<meta property=\"article:published_time\" content=\"2013-12-13T17:56:59+00:00\" \/>\n<meta property=\"og:image\" content=\"https:\/\/www.ruralgia.com\/blog\/wp-content\/uploads\/2013\/12\/fiestamigastorrox.jpg\" \/>\n\t<meta property=\"og:image:width\" content=\"318\" \/>\n\t<meta property=\"og:image:height\" content=\"451\" \/>\n\t<meta property=\"og:image:type\" content=\"image\/jpeg\" \/>\n<meta name=\"author\" content=\"admin\" \/>\n<meta name=\"twitter:card\" content=\"summary_large_image\" \/>\n<meta name=\"twitter:label1\" content=\"Escrito por\" \/>\n\t<meta name=\"twitter:data1\" content=\"admin\" \/>\n\t<meta name=\"twitter:label2\" content=\"Tiempo de lectura\" \/>\n\t<meta name=\"twitter:data2\" content=\"1 minuto\" \/>\n<script type=\"application\/ld+json\" class=\"yoast-schema-graph\">{\"@context\":\"https:\/\/schema.org\",\"@graph\":[{\"@type\":\"WebPage\",\"@id\":\"https:\/\/www.ruralgia.com\/blog\/fiesta-de-las-migas-en-torrox-2013\/\",\"url\":\"https:\/\/www.ruralgia.com\/blog\/fiesta-de-las-migas-en-torrox-2013\/\",\"name\":\"Fiesta de las Migas en Torrox 2013 - Ruralgia Blog\",\"isPartOf\":{\"@id\":\"https:\/\/www.ruralgia.com\/blog\/#website\"},\"primaryImageOfPage\":{\"@id\":\"https:\/\/www.ruralgia.com\/blog\/fiesta-de-las-migas-en-torrox-2013\/#primaryimage\"},\"image\":{\"@id\":\"https:\/\/www.ruralgia.com\/blog\/fiesta-de-las-migas-en-torrox-2013\/#primaryimage\"},\"thumbnailUrl\":\"https:\/\/www.ruralgia.com\/blog\/wp-content\/uploads\/2013\/12\/fiestamigastorrox.jpg\",\"datePublished\":\"2013-12-13T17:56:59+00:00\",\"dateModified\":\"2013-12-13T17:56:59+00:00\",\"author\":{\"@id\":\"https:\/\/www.ruralgia.com\/blog\/#\/schema\/person\/f9d61dcaa454dc132c65467750b88c01\"},\"breadcrumb\":{\"@id\":\"https:\/\/www.ruralgia.com\/blog\/fiesta-de-las-migas-en-torrox-2013\/#breadcrumb\"},\"inLanguage\":\"es\",\"potentialAction\":[{\"@type\":\"ReadAction\",\"target\":[\"https:\/\/www.ruralgia.com\/blog\/fiesta-de-las-migas-en-torrox-2013\/\"]}]},{\"@type\":\"ImageObject\",\"inLanguage\":\"es\",\"@id\":\"https:\/\/www.ruralgia.com\/blog\/fiesta-de-las-migas-en-torrox-2013\/#primaryimage\",\"url\":\"https:\/\/www.ruralgia.com\/blog\/wp-content\/uploads\/2013\/12\/fiestamigastorrox.jpg\",\"contentUrl\":\"https:\/\/www.ruralgia.com\/blog\/wp-content\/uploads\/2013\/12\/fiestamigastorrox.jpg\",\"width\":318,\"height\":451},{\"@type\":\"BreadcrumbList\",\"@id\":\"https:\/\/www.ruralgia.com\/blog\/fiesta-de-las-migas-en-torrox-2013\/#breadcrumb\",\"itemListElement\":[{\"@type\":\"ListItem\",\"position\":1,\"name\":\"Portada\",\"item\":\"https:\/\/www.ruralgia.com\/blog\/\"},{\"@type\":\"ListItem\",\"position\":2,\"name\":\"Fiesta de las Migas en Torrox 2013\"}]},{\"@type\":\"WebSite\",\"@id\":\"https:\/\/www.ruralgia.com\/blog\/#website\",\"url\":\"https:\/\/www.ruralgia.com\/blog\/\",\"name\":\"Ruralgia Blog\",\"description\":\"El blog de viajes y turismo de Ruralgia\",\"potentialAction\":[{\"@type\":\"SearchAction\",\"target\":{\"@type\":\"EntryPoint\",\"urlTemplate\":\"https:\/\/www.ruralgia.com\/blog\/?s={search_term_string}\"},\"query-input\":{\"@type\":\"PropertyValueSpecification\",\"valueRequired\":true,\"valueName\":\"search_term_string\"}}],\"inLanguage\":\"es\"},{\"@type\":\"Person\",\"@id\":\"https:\/\/www.ruralgia.com\/blog\/#\/schema\/person\/f9d61dcaa454dc132c65467750b88c01\",\"name\":\"admin\",\"image\":{\"@type\":\"ImageObject\",\"inLanguage\":\"es\",\"@id\":\"https:\/\/www.ruralgia.com\/blog\/#\/schema\/person\/image\/\",\"url\":\"https:\/\/secure.gravatar.com\/avatar\/308988d44afa417cbdf20b1a60ad4489?s=96&d=mm&r=g\",\"contentUrl\":\"https:\/\/secure.gravatar.com\/avatar\/308988d44afa417cbdf20b1a60ad4489?s=96&d=mm&r=g\",\"caption\":\"admin\"},\"url\":\"https:\/\/www.ruralgia.com\/blog\/author\/admin\/\"}]}<\/script>\n<!-- \/ Yoast SEO plugin. -->","yoast_head_json":{"title":"Fiesta de las Migas en Torrox 2013 - Ruralgia Blog","robots":{"index":"index","follow":"follow","max-snippet":"max-snippet:-1","max-image-preview":"max-image-preview:large","max-video-preview":"max-video-preview:-1"},"canonical":"https:\/\/www.ruralgia.com\/blog\/fiesta-de-las-migas-en-torrox-2013\/","og_locale":"es_ES","og_type":"article","og_title":"Fiesta de las Migas en Torrox 2013 - Ruralgia Blog","og_description":"El pr\u00f3ximo d\u00eda 22 de Diciembre (domingo previo a la festividad de Navidad) Torrox celebra como cada a\u00f1o su tradicional Fiesta de las Migas, declarada de Inter\u00e9s Tur\u00edstico Nacional de Andaluc\u00eda. Junto al Mercadillo de la Almanzara, se preparan y &hellip; Sigue leyendo &rarr;","og_url":"https:\/\/www.ruralgia.com\/blog\/fiesta-de-las-migas-en-torrox-2013\/","og_site_name":"Ruralgia Blog","article_published_time":"2013-12-13T17:56:59+00:00","og_image":[{"width":318,"height":451,"url":"https:\/\/www.ruralgia.com\/blog\/wp-content\/uploads\/2013\/12\/fiestamigastorrox.jpg","type":"image\/jpeg"}],"author":"admin","twitter_card":"summary_large_image","twitter_misc":{"Escrito por":"admin","Tiempo de lectura":"1 minuto"},"schema":{"@context":"https:\/\/schema.org","@graph":[{"@type":"WebPage","@id":"https:\/\/www.ruralgia.com\/blog\/fiesta-de-las-migas-en-torrox-2013\/","url":"https:\/\/www.ruralgia.com\/blog\/fiesta-de-las-migas-en-torrox-2013\/","name":"Fiesta de las Migas en Torrox 2013 - Ruralgia Blog","isPartOf":{"@id":"https:\/\/www.ruralgia.com\/blog\/#website"},"primaryImageOfPage":{"@id":"https:\/\/www.ruralgia.com\/blog\/fiesta-de-las-migas-en-torrox-2013\/#primaryimage"},"image":{"@id":"https:\/\/www.ruralgia.com\/blog\/fiesta-de-las-migas-en-torrox-2013\/#primaryimage"},"thumbnailUrl":"https:\/\/www.ruralgia.com\/blog\/wp-content\/uploads\/2013\/12\/fiestamigastorrox.jpg","datePublished":"2013-12-13T17:56:59+00:00","dateModified":"2013-12-13T17:56:59+00:00","author":{"@id":"https:\/\/www.ruralgia.com\/blog\/#\/schema\/person\/f9d61dcaa454dc132c65467750b88c01"},"breadcrumb":{"@id":"https:\/\/www.ruralgia.com\/blog\/fiesta-de-las-migas-en-torrox-2013\/#breadcrumb"},"inLanguage":"es","potentialAction":[{"@type":"ReadAction","target":["https:\/\/www.ruralgia.com\/blog\/fiesta-de-las-migas-en-torrox-2013\/"]}]},{"@type":"ImageObject","inLanguage":"es","@id":"https:\/\/www.ruralgia.com\/blog\/fiesta-de-las-migas-en-torrox-2013\/#primaryimage","url":"https:\/\/www.ruralgia.com\/blog\/wp-content\/uploads\/2013\/12\/fiestamigastorrox.jpg","contentUrl":"https:\/\/www.ruralgia.com\/blog\/wp-content\/uploads\/2013\/12\/fiestamigastorrox.jpg","width":318,"height":451},{"@type":"BreadcrumbList","@id":"https:\/\/www.ruralgia.com\/blog\/fiesta-de-las-migas-en-torrox-2013\/#breadcrumb","itemListElement":[{"@type":"ListItem","position":1,"name":"Portada","item":"https:\/\/www.ruralgia.com\/blog\/"},{"@type":"ListItem","position":2,"name":"Fiesta de las Migas en Torrox 2013"}]},{"@type":"WebSite","@id":"https:\/\/www.ruralgia.com\/blog\/#website","url":"https:\/\/www.ruralgia.com\/blog\/","name":"Ruralgia Blog","description":"El blog de viajes y turismo de Ruralgia","potentialAction":[{"@type":"SearchAction","target":{"@type":"EntryPoint","urlTemplate":"https:\/\/www.ruralgia.com\/blog\/?s={search_term_string}"},"query-input":{"@type":"PropertyValueSpecification","valueRequired":true,"valueName":"search_term_string"}}],"inLanguage":"es"},{"@type":"Person","@id":"https:\/\/www.ruralgia.com\/blog\/#\/schema\/person\/f9d61dcaa454dc132c65467750b88c01","name":"admin","image":{"@type":"ImageObject","inLanguage":"es","@id":"https:\/\/www.ruralgia.com\/blog\/#\/schema\/person\/image\/","url":"https:\/\/secure.gravatar.com\/avatar\/308988d44afa417cbdf20b1a60ad4489?s=96&d=mm&r=g","contentUrl":"https:\/\/secure.gravatar.com\/avatar\/308988d44afa417cbdf20b1a60ad4489?s=96&d=mm&r=g","caption":"admin"},"url":"https:\/\/www.ruralgia.com\/blog\/author\/admin\/"}]}},"amp_enabled":true,"_links":{"self":[{"href":"https:\/\/www.ruralgia.com\/blog\/wp-json\/wp\/v2\/posts\/2087","targetHints":{"allow":["GET"]}}],"collection":[{"href":"https:\/\/www.ruralgia.com\/blog\/wp-json\/wp\/v2\/posts"}],"about":[{"href":"https:\/\/www.ruralgia.com\/blog\/wp-json\/wp\/v2\/types\/post"}],"author":[{"embeddable":true,"href":"https:\/\/www.ruralgia.com\/blog\/wp-json\/wp\/v2\/users\/1"}],"replies":[{"embeddable":true,"href":"https:\/\/www.ruralgia.com\/blog\/wp-json\/wp\/v2\/comments?post=2087"}],"version-history":[{"count":20,"href":"https:\/\/www.ruralgia.com\/blog\/wp-json\/wp\/v2\/posts\/2087\/revisions"}],"predecessor-version":[{"id":2110,"href":"https:\/\/www.ruralgia.com\/blog\/wp-json\/wp\/v2\/posts\/2087\/revisions\/2110"}],"wp:featuredmedia":[{"embeddable":true,"href":"https:\/\/www.ruralgia.com\/blog\/wp-json\/wp\/v2\/media\/2088"}],"wp:attachment":[{"href":"https:\/\/www.ruralgia.com\/blog\/wp-json\/wp\/v2\/media?parent=2087"}],"wp:term":[{"taxonomy":"category","embeddable":true,"href":"https:\/\/www.ruralgia.com\/blog\/wp-json\/wp\/v2\/categories?post=2087"},{"taxonomy":"post_tag","embeddable":true,"href":"https:\/\/www.ruralgia.com\/blog\/wp-json\/wp\/v2\/tags?post=2087"}],"curies":[{"name":"wp","href":"https:\/\/api.w.org\/{rel}","templated":true}]}}