{"id":211,"date":"2012-02-23T01:20:16","date_gmt":"2012-02-23T01:20:16","guid":{"rendered":"https:\/\/www.ruralgia.com\/blog\/?p=211"},"modified":"2012-02-27T09:05:43","modified_gmt":"2012-02-27T09:05:43","slug":"fiesta-de-la-reconquista-de-vigo-2012","status":"publish","type":"post","link":"https:\/\/www.ruralgia.com\/blog\/fiesta-de-la-reconquista-de-vigo-2012\/","title":{"rendered":"Fiesta de la Reconquista de Vigo 2012"},"content":{"rendered":"<p><strong>El s\u00e1bado 31 de marzo y el domingo 1 de abril.<\/strong><\/p>\n<p><script src='https:\/\/www.ruralgia.com\/caja_cerca.php?metodo=municipio&#038;ancho=250&#038;elementos=4&#038;size=90&#038;estilo=sunny&#038;float=right&#038;kms=20&#038;aleatorio=false&#038;municipio=Vigo (Pontevedra)' type='text\/javascript'><\/script><\/p>\n<p>La Fiesta de la Reconquista rememora el alzamiento popular que permiti\u00f3  recuperar la ciudad de Vigo de la ocupaci\u00f3n de las tropas napole\u00f3nicas  el 28 de Marzo de 1809. Este hito hist\u00f3rico, que los vigueses conmemoran  con La Reconquista, le dio a Vigo el t\u00edtulo de  Ciudad, un paso m\u00e1s en  el desarrollo hist\u00f3rico y social de la villa.\u00a0Vigo se convirti\u00f3 en la  primera ciudad europea que venc\u00eda a Napole\u00f3n y obligaba la retirada de  sus ejercitos de forma definitiva.<\/p>\n<p>Durante la Fiesta de la  Reconquista  de Vigo se realizan varias actividades que se llevan a cabo durante todo  el fin  de semana. Lo m\u00e1s destacado es la  representaci\u00f3n teatral que se realiza  en la ciudad con el fin de retratar  episodios de la batalla y  conmemorar la nueva independencia.\u00a0El ataque de Carolo\u00a0y Cachamui\u00f1a por  la Puerta de Gamboa, es de lo m\u00e1s  destacado.<\/p>\n<p>Las calles del  casco viejo se llenan por unos d\u00edas de puestos de comida regional,  productos t\u00edpicos y artesan\u00eda y continuamente est\u00e1n amenizadas por  grupos de gaiteiros, malabaristas, juglares, etc&#8230;. montando un mercado  semejante al del siglo XIX.<\/p>\n<p>En \u00e9ste video conmemorativo de los 200 a\u00f1os de la Reconquista,\u00a0podr\u00e1s disfrutar de la historia de Vigo.<\/p>\n<p><center><\/p>\n<p><iframe loading=\"lazy\" width=\"560\" height=\"315\" src=\"http:\/\/www.youtube.com\/embed\/qQko5J_KdkI\" frameborder=\"0\" allowfullscreen><\/iframe><\/p>\n<p><\/center><\/p>\n","protected":false},"excerpt":{"rendered":"<p>El s\u00e1bado 31 de marzo y el domingo 1 de abril. La Fiesta de la Reconquista rememora el alzamiento popular que permiti\u00f3 recuperar la ciudad de Vigo de la ocupaci\u00f3n de las tropas napole\u00f3nicas el 28 de Marzo de 1809. &hellip; <a href=\"https:\/\/www.ruralgia.com\/blog\/fiesta-de-la-reconquista-de-vigo-2012\/\">Sigue leyendo <span class=\"meta-nav\">&rarr;<\/span><\/a><\/p>\n","protected":false},"author":1,"featured_media":0,"comment_status":"open","ping_status":"open","sticky":false,"template":"","format":"standard","meta":{"footnotes":""},"categories":[12],"tags":[22,31,30],"class_list":["post-211","post","type-post","status-publish","format-standard","hentry","category-propuestas","tag-fiestas","tag-galicia","tag-vigo"],"yoast_head":"<!-- This site is optimized with the Yoast SEO plugin v24.1 - https:\/\/yoast.com\/wordpress\/plugins\/seo\/ -->\n<title>Fiesta de la Reconquista de Vigo 2012 - Ruralgia Blog<\/title>\n<meta name=\"robots\" content=\"index, follow, max-snippet:-1, max-image-preview:large, max-video-preview:-1\" \/>\n<link rel=\"canonical\" href=\"https:\/\/www.ruralgia.com\/blog\/fiesta-de-la-reconquista-de-vigo-2012\/\" \/>\n<meta property=\"og:locale\" content=\"es_ES\" \/>\n<meta property=\"og:type\" content=\"article\" \/>\n<meta property=\"og:title\" content=\"Fiesta de la Reconquista de Vigo 2012 - Ruralgia Blog\" \/>\n<meta property=\"og:description\" content=\"El s\u00e1bado 31 de marzo y el domingo 1 de abril. La Fiesta de la Reconquista rememora el alzamiento popular que permiti\u00f3 recuperar la ciudad de Vigo de la ocupaci\u00f3n de las tropas napole\u00f3nicas el 28 de Marzo de 1809. &hellip; Sigue leyendo &rarr;\" \/>\n<meta property=\"og:url\" content=\"https:\/\/www.ruralgia.com\/blog\/fiesta-de-la-reconquista-de-vigo-2012\/\" \/>\n<meta property=\"og:site_name\" content=\"Ruralgia Blog\" \/>\n<meta property=\"article:published_time\" content=\"2012-02-23T01:20:16+00:00\" \/>\n<meta property=\"article:modified_time\" content=\"2012-02-27T09:05:43+00:00\" \/>\n<meta name=\"author\" content=\"admin\" \/>\n<meta name=\"twitter:card\" content=\"summary_large_image\" \/>\n<meta name=\"twitter:label1\" content=\"Escrito por\" \/>\n\t<meta name=\"twitter:data1\" content=\"admin\" \/>\n\t<meta name=\"twitter:label2\" content=\"Tiempo de lectura\" \/>\n\t<meta name=\"twitter:data2\" content=\"1 minuto\" \/>\n<script type=\"application\/ld+json\" class=\"yoast-schema-graph\">{\"@context\":\"https:\/\/schema.org\",\"@graph\":[{\"@type\":\"WebPage\",\"@id\":\"https:\/\/www.ruralgia.com\/blog\/fiesta-de-la-reconquista-de-vigo-2012\/\",\"url\":\"https:\/\/www.ruralgia.com\/blog\/fiesta-de-la-reconquista-de-vigo-2012\/\",\"name\":\"Fiesta de la Reconquista de Vigo 2012 - Ruralgia Blog\",\"isPartOf\":{\"@id\":\"https:\/\/www.ruralgia.com\/blog\/#website\"},\"datePublished\":\"2012-02-23T01:20:16+00:00\",\"dateModified\":\"2012-02-27T09:05:43+00:00\",\"author\":{\"@id\":\"https:\/\/www.ruralgia.com\/blog\/#\/schema\/person\/f9d61dcaa454dc132c65467750b88c01\"},\"breadcrumb\":{\"@id\":\"https:\/\/www.ruralgia.com\/blog\/fiesta-de-la-reconquista-de-vigo-2012\/#breadcrumb\"},\"inLanguage\":\"es\",\"potentialAction\":[{\"@type\":\"ReadAction\",\"target\":[\"https:\/\/www.ruralgia.com\/blog\/fiesta-de-la-reconquista-de-vigo-2012\/\"]}]},{\"@type\":\"BreadcrumbList\",\"@id\":\"https:\/\/www.ruralgia.com\/blog\/fiesta-de-la-reconquista-de-vigo-2012\/#breadcrumb\",\"itemListElement\":[{\"@type\":\"ListItem\",\"position\":1,\"name\":\"Portada\",\"item\":\"https:\/\/www.ruralgia.com\/blog\/\"},{\"@type\":\"ListItem\",\"position\":2,\"name\":\"Fiesta de la Reconquista de Vigo 2012\"}]},{\"@type\":\"WebSite\",\"@id\":\"https:\/\/www.ruralgia.com\/blog\/#website\",\"url\":\"https:\/\/www.ruralgia.com\/blog\/\",\"name\":\"Ruralgia Blog\",\"description\":\"El blog de viajes y turismo de Ruralgia\",\"potentialAction\":[{\"@type\":\"SearchAction\",\"target\":{\"@type\":\"EntryPoint\",\"urlTemplate\":\"https:\/\/www.ruralgia.com\/blog\/?s={search_term_string}\"},\"query-input\":{\"@type\":\"PropertyValueSpecification\",\"valueRequired\":true,\"valueName\":\"search_term_string\"}}],\"inLanguage\":\"es\"},{\"@type\":\"Person\",\"@id\":\"https:\/\/www.ruralgia.com\/blog\/#\/schema\/person\/f9d61dcaa454dc132c65467750b88c01\",\"name\":\"admin\",\"image\":{\"@type\":\"ImageObject\",\"inLanguage\":\"es\",\"@id\":\"https:\/\/www.ruralgia.com\/blog\/#\/schema\/person\/image\/\",\"url\":\"https:\/\/secure.gravatar.com\/avatar\/308988d44afa417cbdf20b1a60ad4489?s=96&d=mm&r=g\",\"contentUrl\":\"https:\/\/secure.gravatar.com\/avatar\/308988d44afa417cbdf20b1a60ad4489?s=96&d=mm&r=g\",\"caption\":\"admin\"},\"url\":\"https:\/\/www.ruralgia.com\/blog\/author\/admin\/\"}]}<\/script>\n<!-- \/ Yoast SEO plugin. -->","yoast_head_json":{"title":"Fiesta de la Reconquista de Vigo 2012 - Ruralgia Blog","robots":{"index":"index","follow":"follow","max-snippet":"max-snippet:-1","max-image-preview":"max-image-preview:large","max-video-preview":"max-video-preview:-1"},"canonical":"https:\/\/www.ruralgia.com\/blog\/fiesta-de-la-reconquista-de-vigo-2012\/","og_locale":"es_ES","og_type":"article","og_title":"Fiesta de la Reconquista de Vigo 2012 - Ruralgia Blog","og_description":"El s\u00e1bado 31 de marzo y el domingo 1 de abril. La Fiesta de la Reconquista rememora el alzamiento popular que permiti\u00f3 recuperar la ciudad de Vigo de la ocupaci\u00f3n de las tropas napole\u00f3nicas el 28 de Marzo de 1809. &hellip; Sigue leyendo &rarr;","og_url":"https:\/\/www.ruralgia.com\/blog\/fiesta-de-la-reconquista-de-vigo-2012\/","og_site_name":"Ruralgia Blog","article_published_time":"2012-02-23T01:20:16+00:00","article_modified_time":"2012-02-27T09:05:43+00:00","author":"admin","twitter_card":"summary_large_image","twitter_misc":{"Escrito por":"admin","Tiempo de lectura":"1 minuto"},"schema":{"@context":"https:\/\/schema.org","@graph":[{"@type":"WebPage","@id":"https:\/\/www.ruralgia.com\/blog\/fiesta-de-la-reconquista-de-vigo-2012\/","url":"https:\/\/www.ruralgia.com\/blog\/fiesta-de-la-reconquista-de-vigo-2012\/","name":"Fiesta de la Reconquista de Vigo 2012 - Ruralgia Blog","isPartOf":{"@id":"https:\/\/www.ruralgia.com\/blog\/#website"},"datePublished":"2012-02-23T01:20:16+00:00","dateModified":"2012-02-27T09:05:43+00:00","author":{"@id":"https:\/\/www.ruralgia.com\/blog\/#\/schema\/person\/f9d61dcaa454dc132c65467750b88c01"},"breadcrumb":{"@id":"https:\/\/www.ruralgia.com\/blog\/fiesta-de-la-reconquista-de-vigo-2012\/#breadcrumb"},"inLanguage":"es","potentialAction":[{"@type":"ReadAction","target":["https:\/\/www.ruralgia.com\/blog\/fiesta-de-la-reconquista-de-vigo-2012\/"]}]},{"@type":"BreadcrumbList","@id":"https:\/\/www.ruralgia.com\/blog\/fiesta-de-la-reconquista-de-vigo-2012\/#breadcrumb","itemListElement":[{"@type":"ListItem","position":1,"name":"Portada","item":"https:\/\/www.ruralgia.com\/blog\/"},{"@type":"ListItem","position":2,"name":"Fiesta de la Reconquista de Vigo 2012"}]},{"@type":"WebSite","@id":"https:\/\/www.ruralgia.com\/blog\/#website","url":"https:\/\/www.ruralgia.com\/blog\/","name":"Ruralgia Blog","description":"El blog de viajes y turismo de Ruralgia","potentialAction":[{"@type":"SearchAction","target":{"@type":"EntryPoint","urlTemplate":"https:\/\/www.ruralgia.com\/blog\/?s={search_term_string}"},"query-input":{"@type":"PropertyValueSpecification","valueRequired":true,"valueName":"search_term_string"}}],"inLanguage":"es"},{"@type":"Person","@id":"https:\/\/www.ruralgia.com\/blog\/#\/schema\/person\/f9d61dcaa454dc132c65467750b88c01","name":"admin","image":{"@type":"ImageObject","inLanguage":"es","@id":"https:\/\/www.ruralgia.com\/blog\/#\/schema\/person\/image\/","url":"https:\/\/secure.gravatar.com\/avatar\/308988d44afa417cbdf20b1a60ad4489?s=96&d=mm&r=g","contentUrl":"https:\/\/secure.gravatar.com\/avatar\/308988d44afa417cbdf20b1a60ad4489?s=96&d=mm&r=g","caption":"admin"},"url":"https:\/\/www.ruralgia.com\/blog\/author\/admin\/"}]}},"amp_enabled":true,"_links":{"self":[{"href":"https:\/\/www.ruralgia.com\/blog\/wp-json\/wp\/v2\/posts\/211","targetHints":{"allow":["GET"]}}],"collection":[{"href":"https:\/\/www.ruralgia.com\/blog\/wp-json\/wp\/v2\/posts"}],"about":[{"href":"https:\/\/www.ruralgia.com\/blog\/wp-json\/wp\/v2\/types\/post"}],"author":[{"embeddable":true,"href":"https:\/\/www.ruralgia.com\/blog\/wp-json\/wp\/v2\/users\/1"}],"replies":[{"embeddable":true,"href":"https:\/\/www.ruralgia.com\/blog\/wp-json\/wp\/v2\/comments?post=211"}],"version-history":[{"count":10,"href":"https:\/\/www.ruralgia.com\/blog\/wp-json\/wp\/v2\/posts\/211\/revisions"}],"predecessor-version":[{"id":223,"href":"https:\/\/www.ruralgia.com\/blog\/wp-json\/wp\/v2\/posts\/211\/revisions\/223"}],"wp:attachment":[{"href":"https:\/\/www.ruralgia.com\/blog\/wp-json\/wp\/v2\/media?parent=211"}],"wp:term":[{"taxonomy":"category","embeddable":true,"href":"https:\/\/www.ruralgia.com\/blog\/wp-json\/wp\/v2\/categories?post=211"},{"taxonomy":"post_tag","embeddable":true,"href":"https:\/\/www.ruralgia.com\/blog\/wp-json\/wp\/v2\/tags?post=211"}],"curies":[{"name":"wp","href":"https:\/\/api.w.org\/{rel}","templated":true}]}}