{"id":2129,"date":"2013-12-19T22:18:05","date_gmt":"2013-12-19T22:18:05","guid":{"rendered":"https:\/\/www.ruralgia.com\/blog\/?p=2129"},"modified":"2013-12-19T22:18:05","modified_gmt":"2013-12-19T22:18:05","slug":"iberocio-2013-feria-de-la-infancia-y-la-juventud-badajoz","status":"publish","type":"post","link":"https:\/\/www.ruralgia.com\/blog\/iberocio-2013-feria-de-la-infancia-y-la-juventud-badajoz\/","title":{"rendered":"\u00abIBEROCIO 2013\u00bb Feria de la infancia y la juventud. Badajoz"},"content":{"rendered":"<p><strong><a href=\"https:\/\/www.ruralgia.com\/blog\/wp-content\/uploads\/2013\/12\/iberocio.jpg\" rel=\"lightbox[2129]\"><img loading=\"lazy\" decoding=\"async\" class=\" wp-image-2130 alignleft\" style=\"border: 2px solid black; margin: 5px;\" alt=\"iberocio\" src=\"https:\/\/www.ruralgia.com\/blog\/wp-content\/uploads\/2013\/12\/iberocio.jpg\" width=\"234\" height=\"276\" \/><\/a><\/strong><\/p>\n<p><strong>Feria de Badajoz<\/strong> celebra del <strong>23 al 30 de diciembe<\/strong> la <strong>XXIII edici\u00f3n de <em>Iberocio<\/em><\/strong>, feria de la <strong>Infancia y la Juventud<\/strong>. Ni\u00f1os y j\u00f3venes disfrutar\u00e1n de esta feria llena de diversi\u00f3n y entretenimiento para todos.<\/p>\n<p>Feria con gran variedad de actividades tanto para los peques de la casa como para los j\u00f3venes donde se incluyen talleres, juegos, concursos, hinchables, actuaciones, etc.<\/p>\n<p><strong>Iberocio<\/strong> ofrece actividades espec\u00edficas para ni\u00f1os de 1 a 4 a\u00f1os que se desarrollar\u00e1n en una zona acotada y atendida por 14 monitores. Tambi\u00e9n se ofrecer\u00e1 un servicio de guarder\u00eda para peque\u00f1os de 2 a 5 a\u00f1os. Mientras los padres podran esperar a sus hijos en un espacio reservado donde podran navegar por internet o leer la prensa.<\/p>\n<p>&nbsp;<\/p>\n<p>&nbsp;<\/p>\n<p><script type=\"mce-text\/javascript\" src=\"https:\/\/www.ruralgia.com\/caja_cerca.php?metodo=municipio&amp;ancho=250&amp;elementos=3&amp;size=90&amp;estilo=sunny&amp;float=right&amp;kms=20&amp;aleatorio=false&amp;municipio=Badajoz (Badajoz)\"><\/script>Horarios:<\/p>\n<p>-Ma\u00f1anas, de 10.00 a 14.00 horas<\/p>\n<p>-Tardes, de 17.00 a 21.00 horas<\/p>\n<p>Entradas:<\/p>\n<p>-Pase sencillo, 2\u20ac (el pase es v\u00e1lido para una sesi\u00f3n, no pudiendo salir y entrar del recinto con el mismo pase)<\/p>\n<div>-Bono 10 pases, 12\u20ac<\/div>\n<p>&nbsp;<\/p>\n<div><\/div>\n<div><a href=\"http:\/\/www.feriabadajoz.net\/index.php\/taller-de-actividades\/calendario-actividades\/cat.listevents\/2013\/12\/16\/-\" target=\"_blank\">Actividades<\/a><\/div>\n<p>&nbsp;<\/p>\n<div><\/div>\n<div><a href=\"http:\/\/www.estacerca.com\/e13454-iberocio-2013\" target=\"_blank\"><strong>Fuente<\/strong><\/a> <strong>y <a href=\"http:\/\/www.feriabadajoz.net\/index.php\/agenda\" target=\"_blank\">m\u00e1s informaci\u00f3n<\/a><\/strong>.<\/div>\n","protected":false},"excerpt":{"rendered":"<p>Feria de Badajoz celebra del 23 al 30 de diciembe la XXIII edici\u00f3n de Iberocio, feria de la Infancia y la Juventud. Ni\u00f1os y j\u00f3venes disfrutar\u00e1n de esta feria llena de diversi\u00f3n y entretenimiento para todos. Feria con gran variedad &hellip; <a href=\"https:\/\/www.ruralgia.com\/blog\/iberocio-2013-feria-de-la-infancia-y-la-juventud-badajoz\/\">Sigue leyendo <span class=\"meta-nav\">&rarr;<\/span><\/a><\/p>\n","protected":false},"author":1,"featured_media":2130,"comment_status":"open","ping_status":"open","sticky":false,"template":"","format":"standard","meta":{"footnotes":""},"categories":[69,92,63,12],"tags":[158,161,165,120],"class_list":["post-2129","post","type-post","status-publish","format-standard","has-post-thumbnail","hentry","category-eventos","category-ferias","category-ocio","category-propuestas","tag-cultura","tag-eventos","tag-ferias","tag-ninos"],"yoast_head":"<!-- This site is optimized with the Yoast SEO plugin v24.1 - https:\/\/yoast.com\/wordpress\/plugins\/seo\/ -->\n<title>&quot;IBEROCIO 2013&quot; Feria de la infancia y la juventud. Badajoz - Ruralgia Blog<\/title>\n<meta name=\"robots\" content=\"index, follow, max-snippet:-1, max-image-preview:large, max-video-preview:-1\" \/>\n<link rel=\"canonical\" href=\"https:\/\/www.ruralgia.com\/blog\/iberocio-2013-feria-de-la-infancia-y-la-juventud-badajoz\/\" \/>\n<meta property=\"og:locale\" content=\"es_ES\" \/>\n<meta property=\"og:type\" content=\"article\" \/>\n<meta property=\"og:title\" content=\"&quot;IBEROCIO 2013&quot; Feria de la infancia y la juventud. Badajoz - Ruralgia Blog\" \/>\n<meta property=\"og:description\" content=\"Feria de Badajoz celebra del 23 al 30 de diciembe la XXIII edici\u00f3n de Iberocio, feria de la Infancia y la Juventud. Ni\u00f1os y j\u00f3venes disfrutar\u00e1n de esta feria llena de diversi\u00f3n y entretenimiento para todos. Feria con gran variedad &hellip; Sigue leyendo &rarr;\" \/>\n<meta property=\"og:url\" content=\"https:\/\/www.ruralgia.com\/blog\/iberocio-2013-feria-de-la-infancia-y-la-juventud-badajoz\/\" \/>\n<meta property=\"og:site_name\" content=\"Ruralgia Blog\" \/>\n<meta property=\"article:published_time\" content=\"2013-12-19T22:18:05+00:00\" \/>\n<meta property=\"og:image\" content=\"https:\/\/www.ruralgia.com\/blog\/wp-content\/uploads\/2013\/12\/iberocio.jpg\" \/>\n\t<meta property=\"og:image:width\" content=\"534\" \/>\n\t<meta property=\"og:image:height\" content=\"576\" \/>\n\t<meta property=\"og:image:type\" content=\"image\/jpeg\" \/>\n<meta name=\"author\" content=\"admin\" \/>\n<meta name=\"twitter:card\" content=\"summary_large_image\" \/>\n<meta name=\"twitter:label1\" content=\"Escrito por\" \/>\n\t<meta name=\"twitter:data1\" content=\"admin\" \/>\n\t<meta name=\"twitter:label2\" content=\"Tiempo de lectura\" \/>\n\t<meta name=\"twitter:data2\" content=\"1 minuto\" \/>\n<script type=\"application\/ld+json\" class=\"yoast-schema-graph\">{\"@context\":\"https:\/\/schema.org\",\"@graph\":[{\"@type\":\"WebPage\",\"@id\":\"https:\/\/www.ruralgia.com\/blog\/iberocio-2013-feria-de-la-infancia-y-la-juventud-badajoz\/\",\"url\":\"https:\/\/www.ruralgia.com\/blog\/iberocio-2013-feria-de-la-infancia-y-la-juventud-badajoz\/\",\"name\":\"\\\"IBEROCIO 2013\\\" Feria de la infancia y la juventud. Badajoz - Ruralgia Blog\",\"isPartOf\":{\"@id\":\"https:\/\/www.ruralgia.com\/blog\/#website\"},\"primaryImageOfPage\":{\"@id\":\"https:\/\/www.ruralgia.com\/blog\/iberocio-2013-feria-de-la-infancia-y-la-juventud-badajoz\/#primaryimage\"},\"image\":{\"@id\":\"https:\/\/www.ruralgia.com\/blog\/iberocio-2013-feria-de-la-infancia-y-la-juventud-badajoz\/#primaryimage\"},\"thumbnailUrl\":\"https:\/\/www.ruralgia.com\/blog\/wp-content\/uploads\/2013\/12\/iberocio.jpg\",\"datePublished\":\"2013-12-19T22:18:05+00:00\",\"dateModified\":\"2013-12-19T22:18:05+00:00\",\"author\":{\"@id\":\"https:\/\/www.ruralgia.com\/blog\/#\/schema\/person\/f9d61dcaa454dc132c65467750b88c01\"},\"breadcrumb\":{\"@id\":\"https:\/\/www.ruralgia.com\/blog\/iberocio-2013-feria-de-la-infancia-y-la-juventud-badajoz\/#breadcrumb\"},\"inLanguage\":\"es\",\"potentialAction\":[{\"@type\":\"ReadAction\",\"target\":[\"https:\/\/www.ruralgia.com\/blog\/iberocio-2013-feria-de-la-infancia-y-la-juventud-badajoz\/\"]}]},{\"@type\":\"ImageObject\",\"inLanguage\":\"es\",\"@id\":\"https:\/\/www.ruralgia.com\/blog\/iberocio-2013-feria-de-la-infancia-y-la-juventud-badajoz\/#primaryimage\",\"url\":\"https:\/\/www.ruralgia.com\/blog\/wp-content\/uploads\/2013\/12\/iberocio.jpg\",\"contentUrl\":\"https:\/\/www.ruralgia.com\/blog\/wp-content\/uploads\/2013\/12\/iberocio.jpg\",\"width\":534,\"height\":576},{\"@type\":\"BreadcrumbList\",\"@id\":\"https:\/\/www.ruralgia.com\/blog\/iberocio-2013-feria-de-la-infancia-y-la-juventud-badajoz\/#breadcrumb\",\"itemListElement\":[{\"@type\":\"ListItem\",\"position\":1,\"name\":\"Portada\",\"item\":\"https:\/\/www.ruralgia.com\/blog\/\"},{\"@type\":\"ListItem\",\"position\":2,\"name\":\"\u00abIBEROCIO 2013\u00bb Feria de la infancia y la juventud. Badajoz\"}]},{\"@type\":\"WebSite\",\"@id\":\"https:\/\/www.ruralgia.com\/blog\/#website\",\"url\":\"https:\/\/www.ruralgia.com\/blog\/\",\"name\":\"Ruralgia Blog\",\"description\":\"El blog de viajes y turismo de Ruralgia\",\"potentialAction\":[{\"@type\":\"SearchAction\",\"target\":{\"@type\":\"EntryPoint\",\"urlTemplate\":\"https:\/\/www.ruralgia.com\/blog\/?s={search_term_string}\"},\"query-input\":{\"@type\":\"PropertyValueSpecification\",\"valueRequired\":true,\"valueName\":\"search_term_string\"}}],\"inLanguage\":\"es\"},{\"@type\":\"Person\",\"@id\":\"https:\/\/www.ruralgia.com\/blog\/#\/schema\/person\/f9d61dcaa454dc132c65467750b88c01\",\"name\":\"admin\",\"image\":{\"@type\":\"ImageObject\",\"inLanguage\":\"es\",\"@id\":\"https:\/\/www.ruralgia.com\/blog\/#\/schema\/person\/image\/\",\"url\":\"https:\/\/secure.gravatar.com\/avatar\/308988d44afa417cbdf20b1a60ad4489?s=96&d=mm&r=g\",\"contentUrl\":\"https:\/\/secure.gravatar.com\/avatar\/308988d44afa417cbdf20b1a60ad4489?s=96&d=mm&r=g\",\"caption\":\"admin\"},\"url\":\"https:\/\/www.ruralgia.com\/blog\/author\/admin\/\"}]}<\/script>\n<!-- \/ Yoast SEO plugin. -->","yoast_head_json":{"title":"\"IBEROCIO 2013\" Feria de la infancia y la juventud. Badajoz - Ruralgia Blog","robots":{"index":"index","follow":"follow","max-snippet":"max-snippet:-1","max-image-preview":"max-image-preview:large","max-video-preview":"max-video-preview:-1"},"canonical":"https:\/\/www.ruralgia.com\/blog\/iberocio-2013-feria-de-la-infancia-y-la-juventud-badajoz\/","og_locale":"es_ES","og_type":"article","og_title":"\"IBEROCIO 2013\" Feria de la infancia y la juventud. Badajoz - Ruralgia Blog","og_description":"Feria de Badajoz celebra del 23 al 30 de diciembe la XXIII edici\u00f3n de Iberocio, feria de la Infancia y la Juventud. Ni\u00f1os y j\u00f3venes disfrutar\u00e1n de esta feria llena de diversi\u00f3n y entretenimiento para todos. Feria con gran variedad &hellip; Sigue leyendo &rarr;","og_url":"https:\/\/www.ruralgia.com\/blog\/iberocio-2013-feria-de-la-infancia-y-la-juventud-badajoz\/","og_site_name":"Ruralgia Blog","article_published_time":"2013-12-19T22:18:05+00:00","og_image":[{"width":534,"height":576,"url":"https:\/\/www.ruralgia.com\/blog\/wp-content\/uploads\/2013\/12\/iberocio.jpg","type":"image\/jpeg"}],"author":"admin","twitter_card":"summary_large_image","twitter_misc":{"Escrito por":"admin","Tiempo de lectura":"1 minuto"},"schema":{"@context":"https:\/\/schema.org","@graph":[{"@type":"WebPage","@id":"https:\/\/www.ruralgia.com\/blog\/iberocio-2013-feria-de-la-infancia-y-la-juventud-badajoz\/","url":"https:\/\/www.ruralgia.com\/blog\/iberocio-2013-feria-de-la-infancia-y-la-juventud-badajoz\/","name":"\"IBEROCIO 2013\" Feria de la infancia y la juventud. Badajoz - Ruralgia Blog","isPartOf":{"@id":"https:\/\/www.ruralgia.com\/blog\/#website"},"primaryImageOfPage":{"@id":"https:\/\/www.ruralgia.com\/blog\/iberocio-2013-feria-de-la-infancia-y-la-juventud-badajoz\/#primaryimage"},"image":{"@id":"https:\/\/www.ruralgia.com\/blog\/iberocio-2013-feria-de-la-infancia-y-la-juventud-badajoz\/#primaryimage"},"thumbnailUrl":"https:\/\/www.ruralgia.com\/blog\/wp-content\/uploads\/2013\/12\/iberocio.jpg","datePublished":"2013-12-19T22:18:05+00:00","dateModified":"2013-12-19T22:18:05+00:00","author":{"@id":"https:\/\/www.ruralgia.com\/blog\/#\/schema\/person\/f9d61dcaa454dc132c65467750b88c01"},"breadcrumb":{"@id":"https:\/\/www.ruralgia.com\/blog\/iberocio-2013-feria-de-la-infancia-y-la-juventud-badajoz\/#breadcrumb"},"inLanguage":"es","potentialAction":[{"@type":"ReadAction","target":["https:\/\/www.ruralgia.com\/blog\/iberocio-2013-feria-de-la-infancia-y-la-juventud-badajoz\/"]}]},{"@type":"ImageObject","inLanguage":"es","@id":"https:\/\/www.ruralgia.com\/blog\/iberocio-2013-feria-de-la-infancia-y-la-juventud-badajoz\/#primaryimage","url":"https:\/\/www.ruralgia.com\/blog\/wp-content\/uploads\/2013\/12\/iberocio.jpg","contentUrl":"https:\/\/www.ruralgia.com\/blog\/wp-content\/uploads\/2013\/12\/iberocio.jpg","width":534,"height":576},{"@type":"BreadcrumbList","@id":"https:\/\/www.ruralgia.com\/blog\/iberocio-2013-feria-de-la-infancia-y-la-juventud-badajoz\/#breadcrumb","itemListElement":[{"@type":"ListItem","position":1,"name":"Portada","item":"https:\/\/www.ruralgia.com\/blog\/"},{"@type":"ListItem","position":2,"name":"\u00abIBEROCIO 2013\u00bb Feria de la infancia y la juventud. Badajoz"}]},{"@type":"WebSite","@id":"https:\/\/www.ruralgia.com\/blog\/#website","url":"https:\/\/www.ruralgia.com\/blog\/","name":"Ruralgia Blog","description":"El blog de viajes y turismo de Ruralgia","potentialAction":[{"@type":"SearchAction","target":{"@type":"EntryPoint","urlTemplate":"https:\/\/www.ruralgia.com\/blog\/?s={search_term_string}"},"query-input":{"@type":"PropertyValueSpecification","valueRequired":true,"valueName":"search_term_string"}}],"inLanguage":"es"},{"@type":"Person","@id":"https:\/\/www.ruralgia.com\/blog\/#\/schema\/person\/f9d61dcaa454dc132c65467750b88c01","name":"admin","image":{"@type":"ImageObject","inLanguage":"es","@id":"https:\/\/www.ruralgia.com\/blog\/#\/schema\/person\/image\/","url":"https:\/\/secure.gravatar.com\/avatar\/308988d44afa417cbdf20b1a60ad4489?s=96&d=mm&r=g","contentUrl":"https:\/\/secure.gravatar.com\/avatar\/308988d44afa417cbdf20b1a60ad4489?s=96&d=mm&r=g","caption":"admin"},"url":"https:\/\/www.ruralgia.com\/blog\/author\/admin\/"}]}},"amp_enabled":true,"_links":{"self":[{"href":"https:\/\/www.ruralgia.com\/blog\/wp-json\/wp\/v2\/posts\/2129","targetHints":{"allow":["GET"]}}],"collection":[{"href":"https:\/\/www.ruralgia.com\/blog\/wp-json\/wp\/v2\/posts"}],"about":[{"href":"https:\/\/www.ruralgia.com\/blog\/wp-json\/wp\/v2\/types\/post"}],"author":[{"embeddable":true,"href":"https:\/\/www.ruralgia.com\/blog\/wp-json\/wp\/v2\/users\/1"}],"replies":[{"embeddable":true,"href":"https:\/\/www.ruralgia.com\/blog\/wp-json\/wp\/v2\/comments?post=2129"}],"version-history":[{"count":10,"href":"https:\/\/www.ruralgia.com\/blog\/wp-json\/wp\/v2\/posts\/2129\/revisions"}],"predecessor-version":[{"id":2150,"href":"https:\/\/www.ruralgia.com\/blog\/wp-json\/wp\/v2\/posts\/2129\/revisions\/2150"}],"wp:featuredmedia":[{"embeddable":true,"href":"https:\/\/www.ruralgia.com\/blog\/wp-json\/wp\/v2\/media\/2130"}],"wp:attachment":[{"href":"https:\/\/www.ruralgia.com\/blog\/wp-json\/wp\/v2\/media?parent=2129"}],"wp:term":[{"taxonomy":"category","embeddable":true,"href":"https:\/\/www.ruralgia.com\/blog\/wp-json\/wp\/v2\/categories?post=2129"},{"taxonomy":"post_tag","embeddable":true,"href":"https:\/\/www.ruralgia.com\/blog\/wp-json\/wp\/v2\/tags?post=2129"}],"curies":[{"name":"wp","href":"https:\/\/api.w.org\/{rel}","templated":true}]}}