{"id":2139,"date":"2013-12-28T21:16:28","date_gmt":"2013-12-28T21:16:28","guid":{"rendered":"https:\/\/www.ruralgia.com\/blog\/?p=2139"},"modified":"2013-12-28T21:16:28","modified_gmt":"2013-12-28T21:16:28","slug":"la-vijanera-de-silio-2014","status":"publish","type":"post","link":"https:\/\/www.ruralgia.com\/blog\/la-vijanera-de-silio-2014\/","title":{"rendered":"La Vijanera de Sili\u00f3 2014"},"content":{"rendered":"<p>En la poblaci\u00f3n C\u00e1ntabra de <strong>Sili\u00f3<\/strong>, perteneciente al municipio de <strong>Molledo<\/strong>, se celebra el <strong>primer domingo del a\u00f1o<\/strong> <strong>\u00abla Vijanera\u00bb<\/strong>.<a href=\"https:\/\/www.ruralgia.com\/blog\/wp-content\/uploads\/2013\/12\/vijanera.jpg\" rel=\"lightbox[2139]\"><img loading=\"lazy\" decoding=\"async\" class=\" wp-image-2140 alignright\" style=\"border: 2px solid black; margin: 5px;\" alt=\"vijanera\" src=\"https:\/\/www.ruralgia.com\/blog\/wp-content\/uploads\/2013\/12\/vijanera.jpg\" width=\"400\" height=\"232\" \/><\/a><\/p>\n<p><strong>Mascarada de invierno<\/strong>, considerada el primer<strong> Carnaval<\/strong> del a\u00f1o que se celebra en Europa desde la \u00e9poca romana y cuyo objetivo entonces era ahuyentar a los malos esp\u00edritus. Curioso ritual relacionado con la vida y la muerte, en el que se puede ver numerosas m\u00e1scaras con gran fuerza est\u00e9tica y colorido.<\/p>\n<p>La madama, el mancebo, los trapajones, el oso y su due\u00f1o, el pasiego, la Pepa o Pepona, el m\u00e9dico, el caballero, el viejo y la vieja, el domador son algunos de los personajes que participan en este carnaval, todos ellos vestidos de forma vistosa y con una funci\u00f3n y simbolismo propio.<script type=\"text\/javascript\" src=\"https:\/\/www.ruralgia.com\/caja_cerca.php?metodo=municipio&amp;ancho=250&amp;elementos=3&amp;size=90&amp;estilo=sunny&amp;float=left&amp;kms=20&amp;aleatorio=true&amp;municipio=Molledo (Cantabria)\"><\/script><\/p>\n<p>Pero los verdaderos protagonistas de la fiesta son los <strong>Zarramacos<\/strong>, vestidos con pieles de carnero y sombreros picudos, son los encargados de expulsar a dichos esp\u00edritus del pueblo.<\/p>\n<p>Sobre las 12 del mediod\u00eda la comitiva, colorida y ruidosa sale a recorrer las calles de Sili\u00f3 hasta el <em>l\u00edmite del pueblo donde antiguamente se ped\u00eda paz o guerra<\/em>. Posteriormente se re\u00fanen en la plaza del pueblo y se leen las coplas que analizan lo sucedido en el pasado a\u00f1o desde nivel local a internacional.<\/p>\n<p>La fiesta termina con <strong>\u00abLa Pre\u00f1\u00e1\u00bb,<\/strong> que simboliza el nacimiento del nuevo a\u00f1o y la <strong>\u00abMuerte del Oso\u00bb<\/strong> para indicar la victoria del bien sobre el mal y el deseo de buenos prop\u00f3sitos para el nuevo a\u00f1o.<\/p>\n<p><a href=\"http:\/\/www.plataformadigitaldefiestas.com\/fiestas-eventos-molledo\/638-vijanera-silio.html\" target=\"_blank\"><strong>Fuente.<\/strong><\/a><\/p>\n<p><a href=\"http:\/\/www.vijanera.com\/\" target=\"_blank\"><strong>M\u00e1s informaci\u00f3n.<\/strong><\/a><\/p>\n<p>&nbsp;<\/p>\n<p>&nbsp;<\/p>\n","protected":false},"excerpt":{"rendered":"<p>En la poblaci\u00f3n C\u00e1ntabra de Sili\u00f3, perteneciente al municipio de Molledo, se celebra el primer domingo del a\u00f1o \u00abla Vijanera\u00bb. Mascarada de invierno, considerada el primer Carnaval del a\u00f1o que se celebra en Europa desde la \u00e9poca romana y cuyo &hellip; <a href=\"https:\/\/www.ruralgia.com\/blog\/la-vijanera-de-silio-2014\/\">Sigue leyendo <span class=\"meta-nav\">&rarr;<\/span><\/a><\/p>\n","protected":false},"author":1,"featured_media":2140,"comment_status":"open","ping_status":"open","sticky":false,"template":"","format":"standard","meta":{"footnotes":""},"categories":[90,91],"tags":[89,158,44,22],"class_list":["post-2139","post","type-post","status-publish","format-standard","has-post-thumbnail","hentry","category-fiestas-2","category-propuestas-eventos","tag-carnaval","tag-cultura","tag-evento-historico","tag-fiestas"],"yoast_head":"<!-- This site is optimized with the Yoast SEO plugin v24.1 - https:\/\/yoast.com\/wordpress\/plugins\/seo\/ -->\n<title>La Vijanera de Sili\u00f3 2014 - Ruralgia Blog<\/title>\n<meta name=\"robots\" content=\"index, follow, max-snippet:-1, max-image-preview:large, max-video-preview:-1\" \/>\n<link rel=\"canonical\" href=\"https:\/\/www.ruralgia.com\/blog\/la-vijanera-de-silio-2014\/\" \/>\n<meta property=\"og:locale\" content=\"es_ES\" \/>\n<meta property=\"og:type\" content=\"article\" \/>\n<meta property=\"og:title\" content=\"La Vijanera de Sili\u00f3 2014 - Ruralgia Blog\" \/>\n<meta property=\"og:description\" content=\"En la poblaci\u00f3n C\u00e1ntabra de Sili\u00f3, perteneciente al municipio de Molledo, se celebra el primer domingo del a\u00f1o \u00abla Vijanera\u00bb. Mascarada de invierno, considerada el primer Carnaval del a\u00f1o que se celebra en Europa desde la \u00e9poca romana y cuyo &hellip; Sigue leyendo &rarr;\" \/>\n<meta property=\"og:url\" content=\"https:\/\/www.ruralgia.com\/blog\/la-vijanera-de-silio-2014\/\" \/>\n<meta property=\"og:site_name\" content=\"Ruralgia Blog\" \/>\n<meta property=\"article:published_time\" content=\"2013-12-28T21:16:28+00:00\" \/>\n<meta property=\"og:image\" content=\"https:\/\/www.ruralgia.com\/blog\/wp-content\/uploads\/2013\/12\/vijanera.jpg\" \/>\n\t<meta property=\"og:image:width\" content=\"500\" \/>\n\t<meta property=\"og:image:height\" content=\"332\" \/>\n\t<meta property=\"og:image:type\" content=\"image\/jpeg\" \/>\n<meta name=\"author\" content=\"admin\" \/>\n<meta name=\"twitter:card\" content=\"summary_large_image\" \/>\n<meta name=\"twitter:label1\" content=\"Escrito por\" \/>\n\t<meta name=\"twitter:data1\" content=\"admin\" \/>\n\t<meta name=\"twitter:label2\" content=\"Tiempo de lectura\" \/>\n\t<meta name=\"twitter:data2\" content=\"1 minuto\" \/>\n<script type=\"application\/ld+json\" class=\"yoast-schema-graph\">{\"@context\":\"https:\/\/schema.org\",\"@graph\":[{\"@type\":\"WebPage\",\"@id\":\"https:\/\/www.ruralgia.com\/blog\/la-vijanera-de-silio-2014\/\",\"url\":\"https:\/\/www.ruralgia.com\/blog\/la-vijanera-de-silio-2014\/\",\"name\":\"La Vijanera de Sili\u00f3 2014 - Ruralgia Blog\",\"isPartOf\":{\"@id\":\"https:\/\/www.ruralgia.com\/blog\/#website\"},\"primaryImageOfPage\":{\"@id\":\"https:\/\/www.ruralgia.com\/blog\/la-vijanera-de-silio-2014\/#primaryimage\"},\"image\":{\"@id\":\"https:\/\/www.ruralgia.com\/blog\/la-vijanera-de-silio-2014\/#primaryimage\"},\"thumbnailUrl\":\"https:\/\/www.ruralgia.com\/blog\/wp-content\/uploads\/2013\/12\/vijanera.jpg\",\"datePublished\":\"2013-12-28T21:16:28+00:00\",\"dateModified\":\"2013-12-28T21:16:28+00:00\",\"author\":{\"@id\":\"https:\/\/www.ruralgia.com\/blog\/#\/schema\/person\/f9d61dcaa454dc132c65467750b88c01\"},\"breadcrumb\":{\"@id\":\"https:\/\/www.ruralgia.com\/blog\/la-vijanera-de-silio-2014\/#breadcrumb\"},\"inLanguage\":\"es\",\"potentialAction\":[{\"@type\":\"ReadAction\",\"target\":[\"https:\/\/www.ruralgia.com\/blog\/la-vijanera-de-silio-2014\/\"]}]},{\"@type\":\"ImageObject\",\"inLanguage\":\"es\",\"@id\":\"https:\/\/www.ruralgia.com\/blog\/la-vijanera-de-silio-2014\/#primaryimage\",\"url\":\"https:\/\/www.ruralgia.com\/blog\/wp-content\/uploads\/2013\/12\/vijanera.jpg\",\"contentUrl\":\"https:\/\/www.ruralgia.com\/blog\/wp-content\/uploads\/2013\/12\/vijanera.jpg\",\"width\":500,\"height\":332},{\"@type\":\"BreadcrumbList\",\"@id\":\"https:\/\/www.ruralgia.com\/blog\/la-vijanera-de-silio-2014\/#breadcrumb\",\"itemListElement\":[{\"@type\":\"ListItem\",\"position\":1,\"name\":\"Portada\",\"item\":\"https:\/\/www.ruralgia.com\/blog\/\"},{\"@type\":\"ListItem\",\"position\":2,\"name\":\"La Vijanera de Sili\u00f3 2014\"}]},{\"@type\":\"WebSite\",\"@id\":\"https:\/\/www.ruralgia.com\/blog\/#website\",\"url\":\"https:\/\/www.ruralgia.com\/blog\/\",\"name\":\"Ruralgia Blog\",\"description\":\"El blog de viajes y turismo de Ruralgia\",\"potentialAction\":[{\"@type\":\"SearchAction\",\"target\":{\"@type\":\"EntryPoint\",\"urlTemplate\":\"https:\/\/www.ruralgia.com\/blog\/?s={search_term_string}\"},\"query-input\":{\"@type\":\"PropertyValueSpecification\",\"valueRequired\":true,\"valueName\":\"search_term_string\"}}],\"inLanguage\":\"es\"},{\"@type\":\"Person\",\"@id\":\"https:\/\/www.ruralgia.com\/blog\/#\/schema\/person\/f9d61dcaa454dc132c65467750b88c01\",\"name\":\"admin\",\"image\":{\"@type\":\"ImageObject\",\"inLanguage\":\"es\",\"@id\":\"https:\/\/www.ruralgia.com\/blog\/#\/schema\/person\/image\/\",\"url\":\"https:\/\/secure.gravatar.com\/avatar\/308988d44afa417cbdf20b1a60ad4489?s=96&d=mm&r=g\",\"contentUrl\":\"https:\/\/secure.gravatar.com\/avatar\/308988d44afa417cbdf20b1a60ad4489?s=96&d=mm&r=g\",\"caption\":\"admin\"},\"url\":\"https:\/\/www.ruralgia.com\/blog\/author\/admin\/\"}]}<\/script>\n<!-- \/ Yoast SEO plugin. -->","yoast_head_json":{"title":"La Vijanera de Sili\u00f3 2014 - Ruralgia Blog","robots":{"index":"index","follow":"follow","max-snippet":"max-snippet:-1","max-image-preview":"max-image-preview:large","max-video-preview":"max-video-preview:-1"},"canonical":"https:\/\/www.ruralgia.com\/blog\/la-vijanera-de-silio-2014\/","og_locale":"es_ES","og_type":"article","og_title":"La Vijanera de Sili\u00f3 2014 - Ruralgia Blog","og_description":"En la poblaci\u00f3n C\u00e1ntabra de Sili\u00f3, perteneciente al municipio de Molledo, se celebra el primer domingo del a\u00f1o \u00abla Vijanera\u00bb. Mascarada de invierno, considerada el primer Carnaval del a\u00f1o que se celebra en Europa desde la \u00e9poca romana y cuyo &hellip; Sigue leyendo &rarr;","og_url":"https:\/\/www.ruralgia.com\/blog\/la-vijanera-de-silio-2014\/","og_site_name":"Ruralgia Blog","article_published_time":"2013-12-28T21:16:28+00:00","og_image":[{"width":500,"height":332,"url":"https:\/\/www.ruralgia.com\/blog\/wp-content\/uploads\/2013\/12\/vijanera.jpg","type":"image\/jpeg"}],"author":"admin","twitter_card":"summary_large_image","twitter_misc":{"Escrito por":"admin","Tiempo de lectura":"1 minuto"},"schema":{"@context":"https:\/\/schema.org","@graph":[{"@type":"WebPage","@id":"https:\/\/www.ruralgia.com\/blog\/la-vijanera-de-silio-2014\/","url":"https:\/\/www.ruralgia.com\/blog\/la-vijanera-de-silio-2014\/","name":"La Vijanera de Sili\u00f3 2014 - Ruralgia Blog","isPartOf":{"@id":"https:\/\/www.ruralgia.com\/blog\/#website"},"primaryImageOfPage":{"@id":"https:\/\/www.ruralgia.com\/blog\/la-vijanera-de-silio-2014\/#primaryimage"},"image":{"@id":"https:\/\/www.ruralgia.com\/blog\/la-vijanera-de-silio-2014\/#primaryimage"},"thumbnailUrl":"https:\/\/www.ruralgia.com\/blog\/wp-content\/uploads\/2013\/12\/vijanera.jpg","datePublished":"2013-12-28T21:16:28+00:00","dateModified":"2013-12-28T21:16:28+00:00","author":{"@id":"https:\/\/www.ruralgia.com\/blog\/#\/schema\/person\/f9d61dcaa454dc132c65467750b88c01"},"breadcrumb":{"@id":"https:\/\/www.ruralgia.com\/blog\/la-vijanera-de-silio-2014\/#breadcrumb"},"inLanguage":"es","potentialAction":[{"@type":"ReadAction","target":["https:\/\/www.ruralgia.com\/blog\/la-vijanera-de-silio-2014\/"]}]},{"@type":"ImageObject","inLanguage":"es","@id":"https:\/\/www.ruralgia.com\/blog\/la-vijanera-de-silio-2014\/#primaryimage","url":"https:\/\/www.ruralgia.com\/blog\/wp-content\/uploads\/2013\/12\/vijanera.jpg","contentUrl":"https:\/\/www.ruralgia.com\/blog\/wp-content\/uploads\/2013\/12\/vijanera.jpg","width":500,"height":332},{"@type":"BreadcrumbList","@id":"https:\/\/www.ruralgia.com\/blog\/la-vijanera-de-silio-2014\/#breadcrumb","itemListElement":[{"@type":"ListItem","position":1,"name":"Portada","item":"https:\/\/www.ruralgia.com\/blog\/"},{"@type":"ListItem","position":2,"name":"La Vijanera de Sili\u00f3 2014"}]},{"@type":"WebSite","@id":"https:\/\/www.ruralgia.com\/blog\/#website","url":"https:\/\/www.ruralgia.com\/blog\/","name":"Ruralgia Blog","description":"El blog de viajes y turismo de Ruralgia","potentialAction":[{"@type":"SearchAction","target":{"@type":"EntryPoint","urlTemplate":"https:\/\/www.ruralgia.com\/blog\/?s={search_term_string}"},"query-input":{"@type":"PropertyValueSpecification","valueRequired":true,"valueName":"search_term_string"}}],"inLanguage":"es"},{"@type":"Person","@id":"https:\/\/www.ruralgia.com\/blog\/#\/schema\/person\/f9d61dcaa454dc132c65467750b88c01","name":"admin","image":{"@type":"ImageObject","inLanguage":"es","@id":"https:\/\/www.ruralgia.com\/blog\/#\/schema\/person\/image\/","url":"https:\/\/secure.gravatar.com\/avatar\/308988d44afa417cbdf20b1a60ad4489?s=96&d=mm&r=g","contentUrl":"https:\/\/secure.gravatar.com\/avatar\/308988d44afa417cbdf20b1a60ad4489?s=96&d=mm&r=g","caption":"admin"},"url":"https:\/\/www.ruralgia.com\/blog\/author\/admin\/"}]}},"amp_enabled":true,"_links":{"self":[{"href":"https:\/\/www.ruralgia.com\/blog\/wp-json\/wp\/v2\/posts\/2139","targetHints":{"allow":["GET"]}}],"collection":[{"href":"https:\/\/www.ruralgia.com\/blog\/wp-json\/wp\/v2\/posts"}],"about":[{"href":"https:\/\/www.ruralgia.com\/blog\/wp-json\/wp\/v2\/types\/post"}],"author":[{"embeddable":true,"href":"https:\/\/www.ruralgia.com\/blog\/wp-json\/wp\/v2\/users\/1"}],"replies":[{"embeddable":true,"href":"https:\/\/www.ruralgia.com\/blog\/wp-json\/wp\/v2\/comments?post=2139"}],"version-history":[{"count":9,"href":"https:\/\/www.ruralgia.com\/blog\/wp-json\/wp\/v2\/posts\/2139\/revisions"}],"predecessor-version":[{"id":2424,"href":"https:\/\/www.ruralgia.com\/blog\/wp-json\/wp\/v2\/posts\/2139\/revisions\/2424"}],"wp:featuredmedia":[{"embeddable":true,"href":"https:\/\/www.ruralgia.com\/blog\/wp-json\/wp\/v2\/media\/2140"}],"wp:attachment":[{"href":"https:\/\/www.ruralgia.com\/blog\/wp-json\/wp\/v2\/media?parent=2139"}],"wp:term":[{"taxonomy":"category","embeddable":true,"href":"https:\/\/www.ruralgia.com\/blog\/wp-json\/wp\/v2\/categories?post=2139"},{"taxonomy":"post_tag","embeddable":true,"href":"https:\/\/www.ruralgia.com\/blog\/wp-json\/wp\/v2\/tags?post=2139"}],"curies":[{"name":"wp","href":"https:\/\/api.w.org\/{rel}","templated":true}]}}