{"id":2159,"date":"2013-12-31T13:03:33","date_gmt":"2013-12-31T13:03:33","guid":{"rendered":"https:\/\/www.ruralgia.com\/blog\/?p=2159"},"modified":"2013-12-31T13:30:49","modified_gmt":"2013-12-31T13:30:49","slug":"xxix-jornadas-de-la-matanza-tipica-guijuelo-2014","status":"publish","type":"post","link":"https:\/\/www.ruralgia.com\/blog\/xxix-jornadas-de-la-matanza-tipica-guijuelo-2014\/","title":{"rendered":"XXIX Jornadas de la Matanza T\u00edpica. Guijuelo 2014"},"content":{"rendered":"<p><a href=\"https:\/\/www.ruralgia.com\/blog\/wp-content\/uploads\/2013\/12\/miercoles-logo-2-matanza-2014-237x356.jpg\" rel=\"lightbox[2159]\"><img loading=\"lazy\" decoding=\"async\" class=\"alignright size-full wp-image-2160\" alt=\"XXIX Jornadas de la matanza t\u00edpica. Guijuelo 2014\" src=\"https:\/\/www.ruralgia.com\/blog\/wp-content\/uploads\/2013\/12\/miercoles-logo-2-matanza-2014-237x356.jpg\" width=\"237\" height=\"356\" srcset=\"https:\/\/www.ruralgia.com\/blog\/wp-content\/uploads\/2013\/12\/miercoles-logo-2-matanza-2014-237x356.jpg 237w, https:\/\/www.ruralgia.com\/blog\/wp-content\/uploads\/2013\/12\/miercoles-logo-2-matanza-2014-237x356-199x300.jpg 199w\" sizes=\"auto, (max-width: 237px) 100vw, 237px\" \/><\/a>Los preparativos de las jornadas de la Matanza t\u00edpica ya han iniciado y la organizaci\u00f3n ya cuenta con logotipo, con cartel, con las fechas y con programaci\u00f3n de los d\u00edas especiales para la pr\u00f3xima cita.<\/p>\n<p>Cinco fines de semana de actividaes relacionadas con la matanza, que esto en Guijuelo toma una importancia mucho mayor. Se desarrollar\u00e1n entre el 25 de enero y el 23 de febrero de 2014.<\/p>\n<p>La primera de ellas acoger\u00e1 el preg\u00f3n el s\u00e1bado 25 de enero y al d\u00eda siguiente se celebrar\u00e1 el D\u00eda Institucional.<\/p>\n<p>El segundo fin de semana la matanza estar\u00e1 dedicada a los visitantes. La tercera a los arrieros y la quinta a las cofrad\u00edas. En este a\u00f1o la novedad se centra en la cuarta jornada, la del 16 de febrero que estar\u00e1 dedicada al jam\u00f3n ib\u00e9rico y que contar\u00e1 con un homenaje a los cortadores de jam\u00f3n m\u00e1s importantes del pa\u00eds.<\/p>\n<p><a href=\"http:\/\/radio.guijuelo.es\/2013\/12\/11\/la-matanza-de-guijuelo-estrena-el-dia-del-jamon\/\">Fuente<\/a><\/p>\n<p><script src='https:\/\/www.ruralgia.com\/caja_cerca.php?metodo=municipio&#038;ancho=250&#038;elementos=4&#038;size=90&#038;estilo=sunny&#038;float=none&#038;kms=20&#038;aleatorio=false&#038;municipio=Guijuelo (Salamanca)' type='text\/javascript'><\/script><\/p>\n","protected":false},"excerpt":{"rendered":"<p>Los preparativos de las jornadas de la Matanza t\u00edpica ya han iniciado y la organizaci\u00f3n ya cuenta con logotipo, con cartel, con las fechas y con programaci\u00f3n de los d\u00edas especiales para la pr\u00f3xima cita. Cinco fines de semana de &hellip; <a href=\"https:\/\/www.ruralgia.com\/blog\/xxix-jornadas-de-la-matanza-tipica-guijuelo-2014\/\">Sigue leyendo <span class=\"meta-nav\">&rarr;<\/span><\/a><\/p>\n","protected":false},"author":4,"featured_media":2160,"comment_status":"open","ping_status":"open","sticky":false,"template":"","format":"standard","meta":{"footnotes":""},"categories":[92,12],"tags":[23,39,121],"class_list":["post-2159","post","type-post","status-publish","format-standard","has-post-thumbnail","hentry","category-ferias","category-propuestas","tag-feria-medieval","tag-gastronomia","tag-salamanca"],"yoast_head":"<!-- This site is optimized with the Yoast SEO plugin v24.1 - https:\/\/yoast.com\/wordpress\/plugins\/seo\/ -->\n<title>XXIX Jornadas de la Matanza T\u00edpica. Guijuelo 2014 - Ruralgia Blog<\/title>\n<meta name=\"robots\" content=\"index, follow, max-snippet:-1, max-image-preview:large, max-video-preview:-1\" \/>\n<link rel=\"canonical\" href=\"https:\/\/www.ruralgia.com\/blog\/xxix-jornadas-de-la-matanza-tipica-guijuelo-2014\/\" \/>\n<meta property=\"og:locale\" content=\"es_ES\" \/>\n<meta property=\"og:type\" content=\"article\" \/>\n<meta property=\"og:title\" content=\"XXIX Jornadas de la Matanza T\u00edpica. Guijuelo 2014 - Ruralgia Blog\" \/>\n<meta property=\"og:description\" content=\"Los preparativos de las jornadas de la Matanza t\u00edpica ya han iniciado y la organizaci\u00f3n ya cuenta con logotipo, con cartel, con las fechas y con programaci\u00f3n de los d\u00edas especiales para la pr\u00f3xima cita. Cinco fines de semana de &hellip; Sigue leyendo &rarr;\" \/>\n<meta property=\"og:url\" content=\"https:\/\/www.ruralgia.com\/blog\/xxix-jornadas-de-la-matanza-tipica-guijuelo-2014\/\" \/>\n<meta property=\"og:site_name\" content=\"Ruralgia Blog\" \/>\n<meta property=\"article:published_time\" content=\"2013-12-31T13:03:33+00:00\" \/>\n<meta property=\"article:modified_time\" content=\"2013-12-31T13:30:49+00:00\" \/>\n<meta property=\"og:image\" content=\"https:\/\/www.ruralgia.com\/blog\/wp-content\/uploads\/2013\/12\/miercoles-logo-2-matanza-2014-237x356.jpg\" \/>\n\t<meta property=\"og:image:width\" content=\"237\" \/>\n\t<meta property=\"og:image:height\" content=\"356\" \/>\n\t<meta property=\"og:image:type\" content=\"image\/jpeg\" \/>\n<meta name=\"author\" content=\"C\u00e9sar Pati\u00f1o Varela\" \/>\n<meta name=\"twitter:card\" content=\"summary_large_image\" \/>\n<meta name=\"twitter:label1\" content=\"Escrito por\" \/>\n\t<meta name=\"twitter:data1\" content=\"C\u00e9sar Pati\u00f1o Varela\" \/>\n\t<meta name=\"twitter:label2\" content=\"Tiempo de lectura\" \/>\n\t<meta name=\"twitter:data2\" content=\"1 minuto\" \/>\n<script type=\"application\/ld+json\" class=\"yoast-schema-graph\">{\"@context\":\"https:\/\/schema.org\",\"@graph\":[{\"@type\":\"WebPage\",\"@id\":\"https:\/\/www.ruralgia.com\/blog\/xxix-jornadas-de-la-matanza-tipica-guijuelo-2014\/\",\"url\":\"https:\/\/www.ruralgia.com\/blog\/xxix-jornadas-de-la-matanza-tipica-guijuelo-2014\/\",\"name\":\"XXIX Jornadas de la Matanza T\u00edpica. Guijuelo 2014 - Ruralgia Blog\",\"isPartOf\":{\"@id\":\"https:\/\/www.ruralgia.com\/blog\/#website\"},\"primaryImageOfPage\":{\"@id\":\"https:\/\/www.ruralgia.com\/blog\/xxix-jornadas-de-la-matanza-tipica-guijuelo-2014\/#primaryimage\"},\"image\":{\"@id\":\"https:\/\/www.ruralgia.com\/blog\/xxix-jornadas-de-la-matanza-tipica-guijuelo-2014\/#primaryimage\"},\"thumbnailUrl\":\"https:\/\/www.ruralgia.com\/blog\/wp-content\/uploads\/2013\/12\/miercoles-logo-2-matanza-2014-237x356.jpg\",\"datePublished\":\"2013-12-31T13:03:33+00:00\",\"dateModified\":\"2013-12-31T13:30:49+00:00\",\"author\":{\"@id\":\"https:\/\/www.ruralgia.com\/blog\/#\/schema\/person\/9f6cc0647f6cdd05692f0f851b1615d5\"},\"breadcrumb\":{\"@id\":\"https:\/\/www.ruralgia.com\/blog\/xxix-jornadas-de-la-matanza-tipica-guijuelo-2014\/#breadcrumb\"},\"inLanguage\":\"es\",\"potentialAction\":[{\"@type\":\"ReadAction\",\"target\":[\"https:\/\/www.ruralgia.com\/blog\/xxix-jornadas-de-la-matanza-tipica-guijuelo-2014\/\"]}]},{\"@type\":\"ImageObject\",\"inLanguage\":\"es\",\"@id\":\"https:\/\/www.ruralgia.com\/blog\/xxix-jornadas-de-la-matanza-tipica-guijuelo-2014\/#primaryimage\",\"url\":\"https:\/\/www.ruralgia.com\/blog\/wp-content\/uploads\/2013\/12\/miercoles-logo-2-matanza-2014-237x356.jpg\",\"contentUrl\":\"https:\/\/www.ruralgia.com\/blog\/wp-content\/uploads\/2013\/12\/miercoles-logo-2-matanza-2014-237x356.jpg\",\"width\":237,\"height\":356},{\"@type\":\"BreadcrumbList\",\"@id\":\"https:\/\/www.ruralgia.com\/blog\/xxix-jornadas-de-la-matanza-tipica-guijuelo-2014\/#breadcrumb\",\"itemListElement\":[{\"@type\":\"ListItem\",\"position\":1,\"name\":\"Portada\",\"item\":\"https:\/\/www.ruralgia.com\/blog\/\"},{\"@type\":\"ListItem\",\"position\":2,\"name\":\"XXIX Jornadas de la Matanza T\u00edpica. Guijuelo 2014\"}]},{\"@type\":\"WebSite\",\"@id\":\"https:\/\/www.ruralgia.com\/blog\/#website\",\"url\":\"https:\/\/www.ruralgia.com\/blog\/\",\"name\":\"Ruralgia Blog\",\"description\":\"El blog de viajes y turismo de Ruralgia\",\"potentialAction\":[{\"@type\":\"SearchAction\",\"target\":{\"@type\":\"EntryPoint\",\"urlTemplate\":\"https:\/\/www.ruralgia.com\/blog\/?s={search_term_string}\"},\"query-input\":{\"@type\":\"PropertyValueSpecification\",\"valueRequired\":true,\"valueName\":\"search_term_string\"}}],\"inLanguage\":\"es\"},{\"@type\":\"Person\",\"@id\":\"https:\/\/www.ruralgia.com\/blog\/#\/schema\/person\/9f6cc0647f6cdd05692f0f851b1615d5\",\"name\":\"C\u00e9sar Pati\u00f1o Varela\",\"image\":{\"@type\":\"ImageObject\",\"inLanguage\":\"es\",\"@id\":\"https:\/\/www.ruralgia.com\/blog\/#\/schema\/person\/image\/\",\"url\":\"https:\/\/secure.gravatar.com\/avatar\/584231250159bd84a90a31c49e212ef3?s=96&d=mm&r=g\",\"contentUrl\":\"https:\/\/secure.gravatar.com\/avatar\/584231250159bd84a90a31c49e212ef3?s=96&d=mm&r=g\",\"caption\":\"C\u00e9sar Pati\u00f1o Varela\"},\"sameAs\":[\"http:\/\/www.cpatinov.com\"],\"url\":\"https:\/\/www.ruralgia.com\/blog\/author\/cesar\/\"}]}<\/script>\n<!-- \/ Yoast SEO plugin. -->","yoast_head_json":{"title":"XXIX Jornadas de la Matanza T\u00edpica. Guijuelo 2014 - Ruralgia Blog","robots":{"index":"index","follow":"follow","max-snippet":"max-snippet:-1","max-image-preview":"max-image-preview:large","max-video-preview":"max-video-preview:-1"},"canonical":"https:\/\/www.ruralgia.com\/blog\/xxix-jornadas-de-la-matanza-tipica-guijuelo-2014\/","og_locale":"es_ES","og_type":"article","og_title":"XXIX Jornadas de la Matanza T\u00edpica. Guijuelo 2014 - Ruralgia Blog","og_description":"Los preparativos de las jornadas de la Matanza t\u00edpica ya han iniciado y la organizaci\u00f3n ya cuenta con logotipo, con cartel, con las fechas y con programaci\u00f3n de los d\u00edas especiales para la pr\u00f3xima cita. Cinco fines de semana de &hellip; Sigue leyendo &rarr;","og_url":"https:\/\/www.ruralgia.com\/blog\/xxix-jornadas-de-la-matanza-tipica-guijuelo-2014\/","og_site_name":"Ruralgia Blog","article_published_time":"2013-12-31T13:03:33+00:00","article_modified_time":"2013-12-31T13:30:49+00:00","og_image":[{"width":237,"height":356,"url":"https:\/\/www.ruralgia.com\/blog\/wp-content\/uploads\/2013\/12\/miercoles-logo-2-matanza-2014-237x356.jpg","type":"image\/jpeg"}],"author":"C\u00e9sar Pati\u00f1o Varela","twitter_card":"summary_large_image","twitter_misc":{"Escrito por":"C\u00e9sar Pati\u00f1o Varela","Tiempo de lectura":"1 minuto"},"schema":{"@context":"https:\/\/schema.org","@graph":[{"@type":"WebPage","@id":"https:\/\/www.ruralgia.com\/blog\/xxix-jornadas-de-la-matanza-tipica-guijuelo-2014\/","url":"https:\/\/www.ruralgia.com\/blog\/xxix-jornadas-de-la-matanza-tipica-guijuelo-2014\/","name":"XXIX Jornadas de la Matanza T\u00edpica. Guijuelo 2014 - Ruralgia Blog","isPartOf":{"@id":"https:\/\/www.ruralgia.com\/blog\/#website"},"primaryImageOfPage":{"@id":"https:\/\/www.ruralgia.com\/blog\/xxix-jornadas-de-la-matanza-tipica-guijuelo-2014\/#primaryimage"},"image":{"@id":"https:\/\/www.ruralgia.com\/blog\/xxix-jornadas-de-la-matanza-tipica-guijuelo-2014\/#primaryimage"},"thumbnailUrl":"https:\/\/www.ruralgia.com\/blog\/wp-content\/uploads\/2013\/12\/miercoles-logo-2-matanza-2014-237x356.jpg","datePublished":"2013-12-31T13:03:33+00:00","dateModified":"2013-12-31T13:30:49+00:00","author":{"@id":"https:\/\/www.ruralgia.com\/blog\/#\/schema\/person\/9f6cc0647f6cdd05692f0f851b1615d5"},"breadcrumb":{"@id":"https:\/\/www.ruralgia.com\/blog\/xxix-jornadas-de-la-matanza-tipica-guijuelo-2014\/#breadcrumb"},"inLanguage":"es","potentialAction":[{"@type":"ReadAction","target":["https:\/\/www.ruralgia.com\/blog\/xxix-jornadas-de-la-matanza-tipica-guijuelo-2014\/"]}]},{"@type":"ImageObject","inLanguage":"es","@id":"https:\/\/www.ruralgia.com\/blog\/xxix-jornadas-de-la-matanza-tipica-guijuelo-2014\/#primaryimage","url":"https:\/\/www.ruralgia.com\/blog\/wp-content\/uploads\/2013\/12\/miercoles-logo-2-matanza-2014-237x356.jpg","contentUrl":"https:\/\/www.ruralgia.com\/blog\/wp-content\/uploads\/2013\/12\/miercoles-logo-2-matanza-2014-237x356.jpg","width":237,"height":356},{"@type":"BreadcrumbList","@id":"https:\/\/www.ruralgia.com\/blog\/xxix-jornadas-de-la-matanza-tipica-guijuelo-2014\/#breadcrumb","itemListElement":[{"@type":"ListItem","position":1,"name":"Portada","item":"https:\/\/www.ruralgia.com\/blog\/"},{"@type":"ListItem","position":2,"name":"XXIX Jornadas de la Matanza T\u00edpica. Guijuelo 2014"}]},{"@type":"WebSite","@id":"https:\/\/www.ruralgia.com\/blog\/#website","url":"https:\/\/www.ruralgia.com\/blog\/","name":"Ruralgia Blog","description":"El blog de viajes y turismo de Ruralgia","potentialAction":[{"@type":"SearchAction","target":{"@type":"EntryPoint","urlTemplate":"https:\/\/www.ruralgia.com\/blog\/?s={search_term_string}"},"query-input":{"@type":"PropertyValueSpecification","valueRequired":true,"valueName":"search_term_string"}}],"inLanguage":"es"},{"@type":"Person","@id":"https:\/\/www.ruralgia.com\/blog\/#\/schema\/person\/9f6cc0647f6cdd05692f0f851b1615d5","name":"C\u00e9sar Pati\u00f1o Varela","image":{"@type":"ImageObject","inLanguage":"es","@id":"https:\/\/www.ruralgia.com\/blog\/#\/schema\/person\/image\/","url":"https:\/\/secure.gravatar.com\/avatar\/584231250159bd84a90a31c49e212ef3?s=96&d=mm&r=g","contentUrl":"https:\/\/secure.gravatar.com\/avatar\/584231250159bd84a90a31c49e212ef3?s=96&d=mm&r=g","caption":"C\u00e9sar Pati\u00f1o Varela"},"sameAs":["http:\/\/www.cpatinov.com"],"url":"https:\/\/www.ruralgia.com\/blog\/author\/cesar\/"}]}},"amp_enabled":true,"_links":{"self":[{"href":"https:\/\/www.ruralgia.com\/blog\/wp-json\/wp\/v2\/posts\/2159","targetHints":{"allow":["GET"]}}],"collection":[{"href":"https:\/\/www.ruralgia.com\/blog\/wp-json\/wp\/v2\/posts"}],"about":[{"href":"https:\/\/www.ruralgia.com\/blog\/wp-json\/wp\/v2\/types\/post"}],"author":[{"embeddable":true,"href":"https:\/\/www.ruralgia.com\/blog\/wp-json\/wp\/v2\/users\/4"}],"replies":[{"embeddable":true,"href":"https:\/\/www.ruralgia.com\/blog\/wp-json\/wp\/v2\/comments?post=2159"}],"version-history":[{"count":3,"href":"https:\/\/www.ruralgia.com\/blog\/wp-json\/wp\/v2\/posts\/2159\/revisions"}],"predecessor-version":[{"id":2168,"href":"https:\/\/www.ruralgia.com\/blog\/wp-json\/wp\/v2\/posts\/2159\/revisions\/2168"}],"wp:featuredmedia":[{"embeddable":true,"href":"https:\/\/www.ruralgia.com\/blog\/wp-json\/wp\/v2\/media\/2160"}],"wp:attachment":[{"href":"https:\/\/www.ruralgia.com\/blog\/wp-json\/wp\/v2\/media?parent=2159"}],"wp:term":[{"taxonomy":"category","embeddable":true,"href":"https:\/\/www.ruralgia.com\/blog\/wp-json\/wp\/v2\/categories?post=2159"},{"taxonomy":"post_tag","embeddable":true,"href":"https:\/\/www.ruralgia.com\/blog\/wp-json\/wp\/v2\/tags?post=2159"}],"curies":[{"name":"wp","href":"https:\/\/api.w.org\/{rel}","templated":true}]}}