{"id":2201,"date":"2014-01-05T13:41:13","date_gmt":"2014-01-05T13:41:13","guid":{"rendered":"https:\/\/www.ruralgia.com\/blog\/?p=2201"},"modified":"2014-01-05T13:43:17","modified_gmt":"2014-01-05T13:43:17","slug":"38o-feria-internacional-de-la-maquinaria-agricola-zaragoza","status":"publish","type":"post","link":"https:\/\/www.ruralgia.com\/blog\/38o-feria-internacional-de-la-maquinaria-agricola-zaragoza\/","title":{"rendered":"38\u00ba Feria Internacional de la Maquinaria Agr\u00edcola. Zaragoza"},"content":{"rendered":"<p><a href=\"https:\/\/www.ruralgia.com\/blog\/wp-content\/uploads\/2014\/01\/cartel_fima_2014.jpg\" rel=\"lightbox[2201]\"><img loading=\"lazy\" decoding=\"async\" class=\"alignright size-medium wp-image-2202\" alt=\"C:Documents and SettingshsanchezEscritoriocartel fima 2014 (\" src=\"https:\/\/www.ruralgia.com\/blog\/wp-content\/uploads\/2014\/01\/cartel_fima_2014-209x300.jpg\" width=\"209\" height=\"300\" srcset=\"https:\/\/www.ruralgia.com\/blog\/wp-content\/uploads\/2014\/01\/cartel_fima_2014-209x300.jpg 209w, https:\/\/www.ruralgia.com\/blog\/wp-content\/uploads\/2014\/01\/cartel_fima_2014-714x1024.jpg 714w, https:\/\/www.ruralgia.com\/blog\/wp-content\/uploads\/2014\/01\/cartel_fima_2014.jpg 787w\" sizes=\"auto, (max-width: 209px) 100vw, 209px\" \/><\/a>Se celebrar\u00e1 en la Feria de Zaragoza del 11 al 15 de febrero de 2014.<\/p>\n<p>FIMA 2014, Feria Internacional de Maquinaria Agr\u00edcola, ha iniciado ya sus preparativos, con la reuni\u00f3n constitutiva del Comit\u00e9 Organizador, para volver a ser, en el a\u00f1o 2014, el punto de referencia internacional del sector agrario.<\/p>\n<p>&#8211; Grupo 1: Jornadas t\u00e9cnicas y actividades paralelas.<\/p>\n<p>&#8211; Grupo 2: Promoci\u00f3n nacional e internacional<\/p>\n<p>&#8211; Grupo 3: Servicios<\/p>\n<p>&#8211; Grupo 4: Plan de comunicaci\u00f3n<\/p>\n<p>&#8211; Grupo 5: Log\u00edstica ajena a Feria de Zaragoza<\/p>\n<p>El Comit\u00e9 fue el punto de arranque de una edici\u00f3n, que se celebrar\u00e1 del 11 al 15 de febrero de 2014 y que volver\u00e1 a ser el lugar de encuentro de todo el sector primario internacional.<\/p>\n<p>Fuente: <a href=\"http:\/\/www.fima-agricola.es\/\">FIMA<\/a><\/p>\n<p><script src='https:\/\/www.ruralgia.com\/caja_cerca.php?metodo=municipio&#038;ancho=250&#038;elementos=4&#038;size=90&#038;estilo=sunny&#038;float=none&#038;kms=20&#038;aleatorio=false&#038;municipio=Zaragoza (Zaragoza)' type='text\/javascript'><\/script><\/p>\n","protected":false},"excerpt":{"rendered":"<p>Se celebrar\u00e1 en la Feria de Zaragoza del 11 al 15 de febrero de 2014. FIMA 2014, Feria Internacional de Maquinaria Agr\u00edcola, ha iniciado ya sus preparativos, con la reuni\u00f3n constitutiva del Comit\u00e9 Organizador, para volver a ser, en el &hellip; <a href=\"https:\/\/www.ruralgia.com\/blog\/38o-feria-internacional-de-la-maquinaria-agricola-zaragoza\/\">Sigue leyendo <span class=\"meta-nav\">&rarr;<\/span><\/a><\/p>\n","protected":false},"author":1,"featured_media":2202,"comment_status":"open","ping_status":"open","sticky":false,"template":"","format":"standard","meta":{"footnotes":""},"categories":[92,91],"tags":[131,129,130],"class_list":["post-2201","post","type-post","status-publish","format-standard","has-post-thumbnail","hentry","category-ferias","category-propuestas-eventos","tag-aragon","tag-feria","tag-maquinaria"],"yoast_head":"<!-- This site is optimized with the Yoast SEO plugin v24.1 - https:\/\/yoast.com\/wordpress\/plugins\/seo\/ -->\n<title>38\u00ba Feria Internacional de la Maquinaria Agr\u00edcola. Zaragoza - Ruralgia Blog<\/title>\n<meta name=\"robots\" content=\"index, follow, max-snippet:-1, max-image-preview:large, max-video-preview:-1\" \/>\n<link rel=\"canonical\" href=\"https:\/\/www.ruralgia.com\/blog\/38o-feria-internacional-de-la-maquinaria-agricola-zaragoza\/\" \/>\n<meta property=\"og:locale\" content=\"es_ES\" \/>\n<meta property=\"og:type\" content=\"article\" \/>\n<meta property=\"og:title\" content=\"38\u00ba Feria Internacional de la Maquinaria Agr\u00edcola. Zaragoza - Ruralgia Blog\" \/>\n<meta property=\"og:description\" content=\"Se celebrar\u00e1 en la Feria de Zaragoza del 11 al 15 de febrero de 2014. FIMA 2014, Feria Internacional de Maquinaria Agr\u00edcola, ha iniciado ya sus preparativos, con la reuni\u00f3n constitutiva del Comit\u00e9 Organizador, para volver a ser, en el &hellip; Sigue leyendo &rarr;\" \/>\n<meta property=\"og:url\" content=\"https:\/\/www.ruralgia.com\/blog\/38o-feria-internacional-de-la-maquinaria-agricola-zaragoza\/\" \/>\n<meta property=\"og:site_name\" content=\"Ruralgia Blog\" \/>\n<meta property=\"article:published_time\" content=\"2014-01-05T13:41:13+00:00\" \/>\n<meta property=\"article:modified_time\" content=\"2014-01-05T13:43:17+00:00\" \/>\n<meta property=\"og:image\" content=\"https:\/\/www.ruralgia.com\/blog\/wp-content\/uploads\/2014\/01\/cartel_fima_2014.jpg\" \/>\n\t<meta property=\"og:image:width\" content=\"787\" \/>\n\t<meta property=\"og:image:height\" content=\"1128\" \/>\n\t<meta property=\"og:image:type\" content=\"image\/jpeg\" \/>\n<meta name=\"author\" content=\"admin\" \/>\n<meta name=\"twitter:card\" content=\"summary_large_image\" \/>\n<meta name=\"twitter:label1\" content=\"Escrito por\" \/>\n\t<meta name=\"twitter:data1\" content=\"admin\" \/>\n\t<meta name=\"twitter:label2\" content=\"Tiempo de lectura\" \/>\n\t<meta name=\"twitter:data2\" content=\"1 minuto\" \/>\n<script type=\"application\/ld+json\" class=\"yoast-schema-graph\">{\"@context\":\"https:\/\/schema.org\",\"@graph\":[{\"@type\":\"WebPage\",\"@id\":\"https:\/\/www.ruralgia.com\/blog\/38o-feria-internacional-de-la-maquinaria-agricola-zaragoza\/\",\"url\":\"https:\/\/www.ruralgia.com\/blog\/38o-feria-internacional-de-la-maquinaria-agricola-zaragoza\/\",\"name\":\"38\u00ba Feria Internacional de la Maquinaria Agr\u00edcola. Zaragoza - Ruralgia Blog\",\"isPartOf\":{\"@id\":\"https:\/\/www.ruralgia.com\/blog\/#website\"},\"primaryImageOfPage\":{\"@id\":\"https:\/\/www.ruralgia.com\/blog\/38o-feria-internacional-de-la-maquinaria-agricola-zaragoza\/#primaryimage\"},\"image\":{\"@id\":\"https:\/\/www.ruralgia.com\/blog\/38o-feria-internacional-de-la-maquinaria-agricola-zaragoza\/#primaryimage\"},\"thumbnailUrl\":\"https:\/\/www.ruralgia.com\/blog\/wp-content\/uploads\/2014\/01\/cartel_fima_2014.jpg\",\"datePublished\":\"2014-01-05T13:41:13+00:00\",\"dateModified\":\"2014-01-05T13:43:17+00:00\",\"author\":{\"@id\":\"https:\/\/www.ruralgia.com\/blog\/#\/schema\/person\/f9d61dcaa454dc132c65467750b88c01\"},\"breadcrumb\":{\"@id\":\"https:\/\/www.ruralgia.com\/blog\/38o-feria-internacional-de-la-maquinaria-agricola-zaragoza\/#breadcrumb\"},\"inLanguage\":\"es\",\"potentialAction\":[{\"@type\":\"ReadAction\",\"target\":[\"https:\/\/www.ruralgia.com\/blog\/38o-feria-internacional-de-la-maquinaria-agricola-zaragoza\/\"]}]},{\"@type\":\"ImageObject\",\"inLanguage\":\"es\",\"@id\":\"https:\/\/www.ruralgia.com\/blog\/38o-feria-internacional-de-la-maquinaria-agricola-zaragoza\/#primaryimage\",\"url\":\"https:\/\/www.ruralgia.com\/blog\/wp-content\/uploads\/2014\/01\/cartel_fima_2014.jpg\",\"contentUrl\":\"https:\/\/www.ruralgia.com\/blog\/wp-content\/uploads\/2014\/01\/cartel_fima_2014.jpg\",\"width\":787,\"height\":1128},{\"@type\":\"BreadcrumbList\",\"@id\":\"https:\/\/www.ruralgia.com\/blog\/38o-feria-internacional-de-la-maquinaria-agricola-zaragoza\/#breadcrumb\",\"itemListElement\":[{\"@type\":\"ListItem\",\"position\":1,\"name\":\"Portada\",\"item\":\"https:\/\/www.ruralgia.com\/blog\/\"},{\"@type\":\"ListItem\",\"position\":2,\"name\":\"38\u00ba Feria Internacional de la Maquinaria Agr\u00edcola. Zaragoza\"}]},{\"@type\":\"WebSite\",\"@id\":\"https:\/\/www.ruralgia.com\/blog\/#website\",\"url\":\"https:\/\/www.ruralgia.com\/blog\/\",\"name\":\"Ruralgia Blog\",\"description\":\"El blog de viajes y turismo de Ruralgia\",\"potentialAction\":[{\"@type\":\"SearchAction\",\"target\":{\"@type\":\"EntryPoint\",\"urlTemplate\":\"https:\/\/www.ruralgia.com\/blog\/?s={search_term_string}\"},\"query-input\":{\"@type\":\"PropertyValueSpecification\",\"valueRequired\":true,\"valueName\":\"search_term_string\"}}],\"inLanguage\":\"es\"},{\"@type\":\"Person\",\"@id\":\"https:\/\/www.ruralgia.com\/blog\/#\/schema\/person\/f9d61dcaa454dc132c65467750b88c01\",\"name\":\"admin\",\"image\":{\"@type\":\"ImageObject\",\"inLanguage\":\"es\",\"@id\":\"https:\/\/www.ruralgia.com\/blog\/#\/schema\/person\/image\/\",\"url\":\"https:\/\/secure.gravatar.com\/avatar\/308988d44afa417cbdf20b1a60ad4489?s=96&d=mm&r=g\",\"contentUrl\":\"https:\/\/secure.gravatar.com\/avatar\/308988d44afa417cbdf20b1a60ad4489?s=96&d=mm&r=g\",\"caption\":\"admin\"},\"url\":\"https:\/\/www.ruralgia.com\/blog\/author\/admin\/\"}]}<\/script>\n<!-- \/ Yoast SEO plugin. -->","yoast_head_json":{"title":"38\u00ba Feria Internacional de la Maquinaria Agr\u00edcola. Zaragoza - Ruralgia Blog","robots":{"index":"index","follow":"follow","max-snippet":"max-snippet:-1","max-image-preview":"max-image-preview:large","max-video-preview":"max-video-preview:-1"},"canonical":"https:\/\/www.ruralgia.com\/blog\/38o-feria-internacional-de-la-maquinaria-agricola-zaragoza\/","og_locale":"es_ES","og_type":"article","og_title":"38\u00ba Feria Internacional de la Maquinaria Agr\u00edcola. Zaragoza - Ruralgia Blog","og_description":"Se celebrar\u00e1 en la Feria de Zaragoza del 11 al 15 de febrero de 2014. FIMA 2014, Feria Internacional de Maquinaria Agr\u00edcola, ha iniciado ya sus preparativos, con la reuni\u00f3n constitutiva del Comit\u00e9 Organizador, para volver a ser, en el &hellip; Sigue leyendo &rarr;","og_url":"https:\/\/www.ruralgia.com\/blog\/38o-feria-internacional-de-la-maquinaria-agricola-zaragoza\/","og_site_name":"Ruralgia Blog","article_published_time":"2014-01-05T13:41:13+00:00","article_modified_time":"2014-01-05T13:43:17+00:00","og_image":[{"width":787,"height":1128,"url":"https:\/\/www.ruralgia.com\/blog\/wp-content\/uploads\/2014\/01\/cartel_fima_2014.jpg","type":"image\/jpeg"}],"author":"admin","twitter_card":"summary_large_image","twitter_misc":{"Escrito por":"admin","Tiempo de lectura":"1 minuto"},"schema":{"@context":"https:\/\/schema.org","@graph":[{"@type":"WebPage","@id":"https:\/\/www.ruralgia.com\/blog\/38o-feria-internacional-de-la-maquinaria-agricola-zaragoza\/","url":"https:\/\/www.ruralgia.com\/blog\/38o-feria-internacional-de-la-maquinaria-agricola-zaragoza\/","name":"38\u00ba Feria Internacional de la Maquinaria Agr\u00edcola. Zaragoza - Ruralgia Blog","isPartOf":{"@id":"https:\/\/www.ruralgia.com\/blog\/#website"},"primaryImageOfPage":{"@id":"https:\/\/www.ruralgia.com\/blog\/38o-feria-internacional-de-la-maquinaria-agricola-zaragoza\/#primaryimage"},"image":{"@id":"https:\/\/www.ruralgia.com\/blog\/38o-feria-internacional-de-la-maquinaria-agricola-zaragoza\/#primaryimage"},"thumbnailUrl":"https:\/\/www.ruralgia.com\/blog\/wp-content\/uploads\/2014\/01\/cartel_fima_2014.jpg","datePublished":"2014-01-05T13:41:13+00:00","dateModified":"2014-01-05T13:43:17+00:00","author":{"@id":"https:\/\/www.ruralgia.com\/blog\/#\/schema\/person\/f9d61dcaa454dc132c65467750b88c01"},"breadcrumb":{"@id":"https:\/\/www.ruralgia.com\/blog\/38o-feria-internacional-de-la-maquinaria-agricola-zaragoza\/#breadcrumb"},"inLanguage":"es","potentialAction":[{"@type":"ReadAction","target":["https:\/\/www.ruralgia.com\/blog\/38o-feria-internacional-de-la-maquinaria-agricola-zaragoza\/"]}]},{"@type":"ImageObject","inLanguage":"es","@id":"https:\/\/www.ruralgia.com\/blog\/38o-feria-internacional-de-la-maquinaria-agricola-zaragoza\/#primaryimage","url":"https:\/\/www.ruralgia.com\/blog\/wp-content\/uploads\/2014\/01\/cartel_fima_2014.jpg","contentUrl":"https:\/\/www.ruralgia.com\/blog\/wp-content\/uploads\/2014\/01\/cartel_fima_2014.jpg","width":787,"height":1128},{"@type":"BreadcrumbList","@id":"https:\/\/www.ruralgia.com\/blog\/38o-feria-internacional-de-la-maquinaria-agricola-zaragoza\/#breadcrumb","itemListElement":[{"@type":"ListItem","position":1,"name":"Portada","item":"https:\/\/www.ruralgia.com\/blog\/"},{"@type":"ListItem","position":2,"name":"38\u00ba Feria Internacional de la Maquinaria Agr\u00edcola. Zaragoza"}]},{"@type":"WebSite","@id":"https:\/\/www.ruralgia.com\/blog\/#website","url":"https:\/\/www.ruralgia.com\/blog\/","name":"Ruralgia Blog","description":"El blog de viajes y turismo de Ruralgia","potentialAction":[{"@type":"SearchAction","target":{"@type":"EntryPoint","urlTemplate":"https:\/\/www.ruralgia.com\/blog\/?s={search_term_string}"},"query-input":{"@type":"PropertyValueSpecification","valueRequired":true,"valueName":"search_term_string"}}],"inLanguage":"es"},{"@type":"Person","@id":"https:\/\/www.ruralgia.com\/blog\/#\/schema\/person\/f9d61dcaa454dc132c65467750b88c01","name":"admin","image":{"@type":"ImageObject","inLanguage":"es","@id":"https:\/\/www.ruralgia.com\/blog\/#\/schema\/person\/image\/","url":"https:\/\/secure.gravatar.com\/avatar\/308988d44afa417cbdf20b1a60ad4489?s=96&d=mm&r=g","contentUrl":"https:\/\/secure.gravatar.com\/avatar\/308988d44afa417cbdf20b1a60ad4489?s=96&d=mm&r=g","caption":"admin"},"url":"https:\/\/www.ruralgia.com\/blog\/author\/admin\/"}]}},"amp_enabled":true,"_links":{"self":[{"href":"https:\/\/www.ruralgia.com\/blog\/wp-json\/wp\/v2\/posts\/2201","targetHints":{"allow":["GET"]}}],"collection":[{"href":"https:\/\/www.ruralgia.com\/blog\/wp-json\/wp\/v2\/posts"}],"about":[{"href":"https:\/\/www.ruralgia.com\/blog\/wp-json\/wp\/v2\/types\/post"}],"author":[{"embeddable":true,"href":"https:\/\/www.ruralgia.com\/blog\/wp-json\/wp\/v2\/users\/1"}],"replies":[{"embeddable":true,"href":"https:\/\/www.ruralgia.com\/blog\/wp-json\/wp\/v2\/comments?post=2201"}],"version-history":[{"count":4,"href":"https:\/\/www.ruralgia.com\/blog\/wp-json\/wp\/v2\/posts\/2201\/revisions"}],"predecessor-version":[{"id":2207,"href":"https:\/\/www.ruralgia.com\/blog\/wp-json\/wp\/v2\/posts\/2201\/revisions\/2207"}],"wp:featuredmedia":[{"embeddable":true,"href":"https:\/\/www.ruralgia.com\/blog\/wp-json\/wp\/v2\/media\/2202"}],"wp:attachment":[{"href":"https:\/\/www.ruralgia.com\/blog\/wp-json\/wp\/v2\/media?parent=2201"}],"wp:term":[{"taxonomy":"category","embeddable":true,"href":"https:\/\/www.ruralgia.com\/blog\/wp-json\/wp\/v2\/categories?post=2201"},{"taxonomy":"post_tag","embeddable":true,"href":"https:\/\/www.ruralgia.com\/blog\/wp-json\/wp\/v2\/tags?post=2201"}],"curies":[{"name":"wp","href":"https:\/\/api.w.org\/{rel}","templated":true}]}}