{"id":2228,"date":"2014-01-09T20:50:57","date_gmt":"2014-01-09T20:50:57","guid":{"rendered":"https:\/\/www.ruralgia.com\/blog\/?p=2228"},"modified":"2014-01-09T20:50:57","modified_gmt":"2014-01-09T20:50:57","slug":"xxx-concentracion-invernal-villa-de-rota-febrero-2014","status":"publish","type":"post","link":"https:\/\/www.ruralgia.com\/blog\/xxx-concentracion-invernal-villa-de-rota-febrero-2014\/","title":{"rendered":"XXX Concentraci\u00f3n Invernal \u00abVilla de Rota\u00bb. Febrero 2014"},"content":{"rendered":"<p><a href=\"https:\/\/www.ruralgia.com\/blog\/wp-content\/uploads\/2014\/01\/Cartel-2014-web-portada.jpg\" rel=\"lightbox[2228]\"><img loading=\"lazy\" decoding=\"async\" class=\"alignright  wp-image-2229\" alt=\"Cartel 2014 web portada\" src=\"https:\/\/www.ruralgia.com\/blog\/wp-content\/uploads\/2014\/01\/Cartel-2014-web-portada-728x1024.jpg\" width=\"437\" height=\"614\" srcset=\"https:\/\/www.ruralgia.com\/blog\/wp-content\/uploads\/2014\/01\/Cartel-2014-web-portada-728x1024.jpg 728w, https:\/\/www.ruralgia.com\/blog\/wp-content\/uploads\/2014\/01\/Cartel-2014-web-portada-213x300.jpg 213w, https:\/\/www.ruralgia.com\/blog\/wp-content\/uploads\/2014\/01\/Cartel-2014-web-portada-900x1264.jpg 900w, https:\/\/www.ruralgia.com\/blog\/wp-content\/uploads\/2014\/01\/Cartel-2014-web-portada.jpg 1890w\" sizes=\"auto, (max-width: 437px) 100vw, 437px\" \/><\/a>Durante el fin de semana 1 y 2 de febrero, se celebrar\u00e1 en la Villa de Rota (C\u00e1diz) la concentraci\u00f3n motera que organiza anualmente el Motoclub Rote\u00f1o.<\/p>\n<p>Este a\u00f1o se celebra la 30\u00ba edici\u00f3n, por lo que seguro que ser\u00e1 una edici\u00f3n especial.<\/p>\n<p>Para contactar con la organizaci\u00f3n aqu\u00ed tienes el tel\u00e9fono: 682 607 474<\/p>\n<p>La web del club:\u00a0<a href=\"http:\/\/www.motoclubrota.com\/\">http:\/\/www.motoclubrota.com<\/a><\/p>\n<p>El s\u00e1bado a las 11 comienza la fiesta con la apertura de inscripciones, entrega de bolsa regalo y cerveza o refresco de bienvenida<\/p>\n<p>A disposici\u00f3n de los participantes habr\u00e1 guardarropa, parking y acampada cubierta vigilada, zona wi-fi gratis, bar con tapas y raciones.<\/p>\n<p>Adem\u00e1s habr\u00e1 exhibici\u00f3n acrob\u00e1tica, m\u00fasica ambiental, Dj, go-go&#8217;s mixtos, vuelta tur\u00edstica Villa de Rota, cena para inscritos con servicio de camareros, gran fiesta, orquesta Casabyanca, striptease integral mixto.<\/p>\n<p>El domingo desayuno para inscritos, exhibici\u00f3n acrob\u00e1tica, entrega de trofeos, sorteo de regalos, comida para inscritos con servicio de camareros y despedida.<\/p>\n<p><script src='https:\/\/www.ruralgia.com\/caja_cerca.php?metodo=municipio&#038;ancho=250&#038;elementos=4&#038;size=90&#038;estilo=sunny&#038;float=none&#038;kms=20&#038;aleatorio=false&#038;municipio=Rota (C\u00e1diz)' type='text\/javascript'><\/script><\/p>\n","protected":false},"excerpt":{"rendered":"<p>Durante el fin de semana 1 y 2 de febrero, se celebrar\u00e1 en la Villa de Rota (C\u00e1diz) la concentraci\u00f3n motera que organiza anualmente el Motoclub Rote\u00f1o. Este a\u00f1o se celebra la 30\u00ba edici\u00f3n, por lo que seguro que ser\u00e1 &hellip; <a href=\"https:\/\/www.ruralgia.com\/blog\/xxx-concentracion-invernal-villa-de-rota-febrero-2014\/\">Sigue leyendo <span class=\"meta-nav\">&rarr;<\/span><\/a><\/p>\n","protected":false},"author":1,"featured_media":2229,"comment_status":"open","ping_status":"open","sticky":false,"template":"","format":"standard","meta":{"footnotes":""},"categories":[12,9],"tags":[26,32],"class_list":["post-2228","post","type-post","status-publish","format-standard","has-post-thumbnail","hentry","category-propuestas","category-viajeros","tag-cadiz","tag-concentracion-motera"],"yoast_head":"<!-- This site is optimized with the Yoast SEO plugin v24.1 - https:\/\/yoast.com\/wordpress\/plugins\/seo\/ -->\n<title>XXX Concentraci\u00f3n Invernal &quot;Villa de Rota&quot;. Febrero 2014 - Ruralgia Blog<\/title>\n<meta name=\"robots\" content=\"index, follow, max-snippet:-1, max-image-preview:large, max-video-preview:-1\" \/>\n<link rel=\"canonical\" href=\"https:\/\/www.ruralgia.com\/blog\/xxx-concentracion-invernal-villa-de-rota-febrero-2014\/\" \/>\n<meta property=\"og:locale\" content=\"es_ES\" \/>\n<meta property=\"og:type\" content=\"article\" \/>\n<meta property=\"og:title\" content=\"XXX Concentraci\u00f3n Invernal &quot;Villa de Rota&quot;. Febrero 2014 - Ruralgia Blog\" \/>\n<meta property=\"og:description\" content=\"Durante el fin de semana 1 y 2 de febrero, se celebrar\u00e1 en la Villa de Rota (C\u00e1diz) la concentraci\u00f3n motera que organiza anualmente el Motoclub Rote\u00f1o. Este a\u00f1o se celebra la 30\u00ba edici\u00f3n, por lo que seguro que ser\u00e1 &hellip; Sigue leyendo &rarr;\" \/>\n<meta property=\"og:url\" content=\"https:\/\/www.ruralgia.com\/blog\/xxx-concentracion-invernal-villa-de-rota-febrero-2014\/\" \/>\n<meta property=\"og:site_name\" content=\"Ruralgia Blog\" \/>\n<meta property=\"article:published_time\" content=\"2014-01-09T20:50:57+00:00\" \/>\n<meta property=\"og:image\" content=\"https:\/\/www.ruralgia.com\/blog\/wp-content\/uploads\/2014\/01\/Cartel-2014-web-portada.jpg\" \/>\n\t<meta property=\"og:image:width\" content=\"1890\" \/>\n\t<meta property=\"og:image:height\" content=\"2656\" \/>\n\t<meta property=\"og:image:type\" content=\"image\/jpeg\" \/>\n<meta name=\"author\" content=\"admin\" \/>\n<meta name=\"twitter:card\" content=\"summary_large_image\" \/>\n<meta name=\"twitter:label1\" content=\"Escrito por\" \/>\n\t<meta name=\"twitter:data1\" content=\"admin\" \/>\n\t<meta name=\"twitter:label2\" content=\"Tiempo de lectura\" \/>\n\t<meta name=\"twitter:data2\" content=\"1 minuto\" \/>\n<script type=\"application\/ld+json\" class=\"yoast-schema-graph\">{\"@context\":\"https:\/\/schema.org\",\"@graph\":[{\"@type\":\"WebPage\",\"@id\":\"https:\/\/www.ruralgia.com\/blog\/xxx-concentracion-invernal-villa-de-rota-febrero-2014\/\",\"url\":\"https:\/\/www.ruralgia.com\/blog\/xxx-concentracion-invernal-villa-de-rota-febrero-2014\/\",\"name\":\"XXX Concentraci\u00f3n Invernal \\\"Villa de Rota\\\". Febrero 2014 - Ruralgia Blog\",\"isPartOf\":{\"@id\":\"https:\/\/www.ruralgia.com\/blog\/#website\"},\"primaryImageOfPage\":{\"@id\":\"https:\/\/www.ruralgia.com\/blog\/xxx-concentracion-invernal-villa-de-rota-febrero-2014\/#primaryimage\"},\"image\":{\"@id\":\"https:\/\/www.ruralgia.com\/blog\/xxx-concentracion-invernal-villa-de-rota-febrero-2014\/#primaryimage\"},\"thumbnailUrl\":\"https:\/\/www.ruralgia.com\/blog\/wp-content\/uploads\/2014\/01\/Cartel-2014-web-portada.jpg\",\"datePublished\":\"2014-01-09T20:50:57+00:00\",\"dateModified\":\"2014-01-09T20:50:57+00:00\",\"author\":{\"@id\":\"https:\/\/www.ruralgia.com\/blog\/#\/schema\/person\/f9d61dcaa454dc132c65467750b88c01\"},\"breadcrumb\":{\"@id\":\"https:\/\/www.ruralgia.com\/blog\/xxx-concentracion-invernal-villa-de-rota-febrero-2014\/#breadcrumb\"},\"inLanguage\":\"es\",\"potentialAction\":[{\"@type\":\"ReadAction\",\"target\":[\"https:\/\/www.ruralgia.com\/blog\/xxx-concentracion-invernal-villa-de-rota-febrero-2014\/\"]}]},{\"@type\":\"ImageObject\",\"inLanguage\":\"es\",\"@id\":\"https:\/\/www.ruralgia.com\/blog\/xxx-concentracion-invernal-villa-de-rota-febrero-2014\/#primaryimage\",\"url\":\"https:\/\/www.ruralgia.com\/blog\/wp-content\/uploads\/2014\/01\/Cartel-2014-web-portada.jpg\",\"contentUrl\":\"https:\/\/www.ruralgia.com\/blog\/wp-content\/uploads\/2014\/01\/Cartel-2014-web-portada.jpg\",\"width\":1890,\"height\":2656},{\"@type\":\"BreadcrumbList\",\"@id\":\"https:\/\/www.ruralgia.com\/blog\/xxx-concentracion-invernal-villa-de-rota-febrero-2014\/#breadcrumb\",\"itemListElement\":[{\"@type\":\"ListItem\",\"position\":1,\"name\":\"Portada\",\"item\":\"https:\/\/www.ruralgia.com\/blog\/\"},{\"@type\":\"ListItem\",\"position\":2,\"name\":\"XXX Concentraci\u00f3n Invernal \u00abVilla de Rota\u00bb. Febrero 2014\"}]},{\"@type\":\"WebSite\",\"@id\":\"https:\/\/www.ruralgia.com\/blog\/#website\",\"url\":\"https:\/\/www.ruralgia.com\/blog\/\",\"name\":\"Ruralgia Blog\",\"description\":\"El blog de viajes y turismo de Ruralgia\",\"potentialAction\":[{\"@type\":\"SearchAction\",\"target\":{\"@type\":\"EntryPoint\",\"urlTemplate\":\"https:\/\/www.ruralgia.com\/blog\/?s={search_term_string}\"},\"query-input\":{\"@type\":\"PropertyValueSpecification\",\"valueRequired\":true,\"valueName\":\"search_term_string\"}}],\"inLanguage\":\"es\"},{\"@type\":\"Person\",\"@id\":\"https:\/\/www.ruralgia.com\/blog\/#\/schema\/person\/f9d61dcaa454dc132c65467750b88c01\",\"name\":\"admin\",\"image\":{\"@type\":\"ImageObject\",\"inLanguage\":\"es\",\"@id\":\"https:\/\/www.ruralgia.com\/blog\/#\/schema\/person\/image\/\",\"url\":\"https:\/\/secure.gravatar.com\/avatar\/308988d44afa417cbdf20b1a60ad4489?s=96&d=mm&r=g\",\"contentUrl\":\"https:\/\/secure.gravatar.com\/avatar\/308988d44afa417cbdf20b1a60ad4489?s=96&d=mm&r=g\",\"caption\":\"admin\"},\"url\":\"https:\/\/www.ruralgia.com\/blog\/author\/admin\/\"}]}<\/script>\n<!-- \/ Yoast SEO plugin. -->","yoast_head_json":{"title":"XXX Concentraci\u00f3n Invernal \"Villa de Rota\". Febrero 2014 - Ruralgia Blog","robots":{"index":"index","follow":"follow","max-snippet":"max-snippet:-1","max-image-preview":"max-image-preview:large","max-video-preview":"max-video-preview:-1"},"canonical":"https:\/\/www.ruralgia.com\/blog\/xxx-concentracion-invernal-villa-de-rota-febrero-2014\/","og_locale":"es_ES","og_type":"article","og_title":"XXX Concentraci\u00f3n Invernal \"Villa de Rota\". Febrero 2014 - Ruralgia Blog","og_description":"Durante el fin de semana 1 y 2 de febrero, se celebrar\u00e1 en la Villa de Rota (C\u00e1diz) la concentraci\u00f3n motera que organiza anualmente el Motoclub Rote\u00f1o. Este a\u00f1o se celebra la 30\u00ba edici\u00f3n, por lo que seguro que ser\u00e1 &hellip; Sigue leyendo &rarr;","og_url":"https:\/\/www.ruralgia.com\/blog\/xxx-concentracion-invernal-villa-de-rota-febrero-2014\/","og_site_name":"Ruralgia Blog","article_published_time":"2014-01-09T20:50:57+00:00","og_image":[{"width":1890,"height":2656,"url":"https:\/\/www.ruralgia.com\/blog\/wp-content\/uploads\/2014\/01\/Cartel-2014-web-portada.jpg","type":"image\/jpeg"}],"author":"admin","twitter_card":"summary_large_image","twitter_misc":{"Escrito por":"admin","Tiempo de lectura":"1 minuto"},"schema":{"@context":"https:\/\/schema.org","@graph":[{"@type":"WebPage","@id":"https:\/\/www.ruralgia.com\/blog\/xxx-concentracion-invernal-villa-de-rota-febrero-2014\/","url":"https:\/\/www.ruralgia.com\/blog\/xxx-concentracion-invernal-villa-de-rota-febrero-2014\/","name":"XXX Concentraci\u00f3n Invernal \"Villa de Rota\". Febrero 2014 - Ruralgia Blog","isPartOf":{"@id":"https:\/\/www.ruralgia.com\/blog\/#website"},"primaryImageOfPage":{"@id":"https:\/\/www.ruralgia.com\/blog\/xxx-concentracion-invernal-villa-de-rota-febrero-2014\/#primaryimage"},"image":{"@id":"https:\/\/www.ruralgia.com\/blog\/xxx-concentracion-invernal-villa-de-rota-febrero-2014\/#primaryimage"},"thumbnailUrl":"https:\/\/www.ruralgia.com\/blog\/wp-content\/uploads\/2014\/01\/Cartel-2014-web-portada.jpg","datePublished":"2014-01-09T20:50:57+00:00","dateModified":"2014-01-09T20:50:57+00:00","author":{"@id":"https:\/\/www.ruralgia.com\/blog\/#\/schema\/person\/f9d61dcaa454dc132c65467750b88c01"},"breadcrumb":{"@id":"https:\/\/www.ruralgia.com\/blog\/xxx-concentracion-invernal-villa-de-rota-febrero-2014\/#breadcrumb"},"inLanguage":"es","potentialAction":[{"@type":"ReadAction","target":["https:\/\/www.ruralgia.com\/blog\/xxx-concentracion-invernal-villa-de-rota-febrero-2014\/"]}]},{"@type":"ImageObject","inLanguage":"es","@id":"https:\/\/www.ruralgia.com\/blog\/xxx-concentracion-invernal-villa-de-rota-febrero-2014\/#primaryimage","url":"https:\/\/www.ruralgia.com\/blog\/wp-content\/uploads\/2014\/01\/Cartel-2014-web-portada.jpg","contentUrl":"https:\/\/www.ruralgia.com\/blog\/wp-content\/uploads\/2014\/01\/Cartel-2014-web-portada.jpg","width":1890,"height":2656},{"@type":"BreadcrumbList","@id":"https:\/\/www.ruralgia.com\/blog\/xxx-concentracion-invernal-villa-de-rota-febrero-2014\/#breadcrumb","itemListElement":[{"@type":"ListItem","position":1,"name":"Portada","item":"https:\/\/www.ruralgia.com\/blog\/"},{"@type":"ListItem","position":2,"name":"XXX Concentraci\u00f3n Invernal \u00abVilla de Rota\u00bb. Febrero 2014"}]},{"@type":"WebSite","@id":"https:\/\/www.ruralgia.com\/blog\/#website","url":"https:\/\/www.ruralgia.com\/blog\/","name":"Ruralgia Blog","description":"El blog de viajes y turismo de Ruralgia","potentialAction":[{"@type":"SearchAction","target":{"@type":"EntryPoint","urlTemplate":"https:\/\/www.ruralgia.com\/blog\/?s={search_term_string}"},"query-input":{"@type":"PropertyValueSpecification","valueRequired":true,"valueName":"search_term_string"}}],"inLanguage":"es"},{"@type":"Person","@id":"https:\/\/www.ruralgia.com\/blog\/#\/schema\/person\/f9d61dcaa454dc132c65467750b88c01","name":"admin","image":{"@type":"ImageObject","inLanguage":"es","@id":"https:\/\/www.ruralgia.com\/blog\/#\/schema\/person\/image\/","url":"https:\/\/secure.gravatar.com\/avatar\/308988d44afa417cbdf20b1a60ad4489?s=96&d=mm&r=g","contentUrl":"https:\/\/secure.gravatar.com\/avatar\/308988d44afa417cbdf20b1a60ad4489?s=96&d=mm&r=g","caption":"admin"},"url":"https:\/\/www.ruralgia.com\/blog\/author\/admin\/"}]}},"amp_enabled":true,"_links":{"self":[{"href":"https:\/\/www.ruralgia.com\/blog\/wp-json\/wp\/v2\/posts\/2228","targetHints":{"allow":["GET"]}}],"collection":[{"href":"https:\/\/www.ruralgia.com\/blog\/wp-json\/wp\/v2\/posts"}],"about":[{"href":"https:\/\/www.ruralgia.com\/blog\/wp-json\/wp\/v2\/types\/post"}],"author":[{"embeddable":true,"href":"https:\/\/www.ruralgia.com\/blog\/wp-json\/wp\/v2\/users\/1"}],"replies":[{"embeddable":true,"href":"https:\/\/www.ruralgia.com\/blog\/wp-json\/wp\/v2\/comments?post=2228"}],"version-history":[{"count":1,"href":"https:\/\/www.ruralgia.com\/blog\/wp-json\/wp\/v2\/posts\/2228\/revisions"}],"predecessor-version":[{"id":2230,"href":"https:\/\/www.ruralgia.com\/blog\/wp-json\/wp\/v2\/posts\/2228\/revisions\/2230"}],"wp:featuredmedia":[{"embeddable":true,"href":"https:\/\/www.ruralgia.com\/blog\/wp-json\/wp\/v2\/media\/2229"}],"wp:attachment":[{"href":"https:\/\/www.ruralgia.com\/blog\/wp-json\/wp\/v2\/media?parent=2228"}],"wp:term":[{"taxonomy":"category","embeddable":true,"href":"https:\/\/www.ruralgia.com\/blog\/wp-json\/wp\/v2\/categories?post=2228"},{"taxonomy":"post_tag","embeddable":true,"href":"https:\/\/www.ruralgia.com\/blog\/wp-json\/wp\/v2\/tags?post=2228"}],"curies":[{"name":"wp","href":"https:\/\/api.w.org\/{rel}","templated":true}]}}