{"id":2231,"date":"2014-01-14T13:51:02","date_gmt":"2014-01-14T13:51:02","guid":{"rendered":"https:\/\/www.ruralgia.com\/blog\/?p=2231"},"modified":"2014-01-30T21:25:05","modified_gmt":"2014-01-30T21:25:05","slug":"sierra-y-canones-de-guara","status":"publish","type":"post","link":"https:\/\/www.ruralgia.com\/blog\/sierra-y-canones-de-guara\/","title":{"rendered":"Sierra y Ca\u00f1ones de Guara"},"content":{"rendered":"<div id=\"attachment_2233\" style=\"width: 310px\" class=\"wp-caption alignright\"><a href=\"https:\/\/www.ruralgia.com\/blog\/wp-content\/uploads\/2014\/01\/guara1.jpg\" rel=\"lightbox[2231]\"><img loading=\"lazy\" decoding=\"async\" aria-describedby=\"caption-attachment-2233\" class=\"size-medium wp-image-2233\" style=\"margin: 5px;\" alt=\"sierra de guara\" src=\"https:\/\/www.ruralgia.com\/blog\/wp-content\/uploads\/2014\/01\/guara1-300x200.jpg\" width=\"300\" height=\"200\" srcset=\"https:\/\/www.ruralgia.com\/blog\/wp-content\/uploads\/2014\/01\/guara1-300x200.jpg 300w, https:\/\/www.ruralgia.com\/blog\/wp-content\/uploads\/2014\/01\/guara1.jpg 640w\" sizes=\"auto, (max-width: 300px) 100vw, 300px\" \/><\/a><p id=\"caption-attachment-2233\" class=\"wp-caption-text\">Sierra de Guara<\/p><\/div>\n<p>La Sierra de Guara forma parte de las sierras exteriores del Pirineo. Es el conjunto de alineaciones monta\u00f1osas del Prepirineo de Huesca que se desarrolla entre los r\u00edos Flumen (oeste) y el Vero (este).<\/p>\n<div id=\"attachment_2340\" style=\"width: 378px\" class=\"wp-caption alignleft\"><a href=\"https:\/\/www.ruralgia.com\/blog\/wp-content\/uploads\/2014\/01\/Huesca-Sierra-de-Guara-Rio-Flumen-nacimiento-fuente-lasierradeguaramiperroyyo.wordpress.com_.jpg\" rel=\"lightbox[2231]\"><img loading=\"lazy\" decoding=\"async\" aria-describedby=\"caption-attachment-2340\" class=\" wp-image-2340  \" alt=\"Nacimiento del rio Flumen\" src=\"https:\/\/www.ruralgia.com\/blog\/wp-content\/uploads\/2014\/01\/Huesca-Sierra-de-Guara-Rio-Flumen-nacimiento-fuente-lasierradeguaramiperroyyo.wordpress.com_.jpg\" width=\"368\" height=\"491\" srcset=\"https:\/\/www.ruralgia.com\/blog\/wp-content\/uploads\/2014\/01\/Huesca-Sierra-de-Guara-Rio-Flumen-nacimiento-fuente-lasierradeguaramiperroyyo.wordpress.com_.jpg 768w, https:\/\/www.ruralgia.com\/blog\/wp-content\/uploads\/2014\/01\/Huesca-Sierra-de-Guara-Rio-Flumen-nacimiento-fuente-lasierradeguaramiperroyyo.wordpress.com_-225x300.jpg 225w\" sizes=\"auto, (max-width: 368px) 100vw, 368px\" \/><\/a><p id=\"caption-attachment-2340\" class=\"wp-caption-text\">Nacimiento del rio Flumen<br \/>(fuente <a href=\"http:\/\/www.lasierradeguaramiperroyyo.wordpress.com\" target=\"_blank\">www.lasierradeguaramiperroyyo.wordpress.com<\/a>)<\/p><\/div>\n<div id=\"attachment_2341\" style=\"width: 410px\" class=\"wp-caption alignright\"><a href=\"https:\/\/www.ruralgia.com\/blog\/wp-content\/uploads\/2014\/01\/Huesca-Sierra-de-Guara-Rio-Flumen-fuente-www.aragondigital.es_.jpg\" rel=\"lightbox[2231]\"><img loading=\"lazy\" decoding=\"async\" aria-describedby=\"caption-attachment-2341\" class=\" wp-image-2341  \" alt=\"Desfiladero del rio Flumen\" src=\"https:\/\/www.ruralgia.com\/blog\/wp-content\/uploads\/2014\/01\/Huesca-Sierra-de-Guara-Rio-Flumen-fuente-www.aragondigital.es_.jpg\" width=\"400\" height=\"266\" srcset=\"https:\/\/www.ruralgia.com\/blog\/wp-content\/uploads\/2014\/01\/Huesca-Sierra-de-Guara-Rio-Flumen-fuente-www.aragondigital.es_.jpg 500w, https:\/\/www.ruralgia.com\/blog\/wp-content\/uploads\/2014\/01\/Huesca-Sierra-de-Guara-Rio-Flumen-fuente-www.aragondigital.es_-300x199.jpg 300w\" sizes=\"auto, (max-width: 400px) 100vw, 400px\" \/><\/a><p id=\"caption-attachment-2341\" class=\"wp-caption-text\">Desfiladero del rio Flumen<br \/>(fuente: <a href=\"http:\/\/www.aragondigital.es\" target=\"_blank\">www.aragondigital.es<\/a>)<\/p><\/div>\n<div id=\"attachment_2342\" style=\"width: 405px\" class=\"wp-caption alignleft\"><a href=\"https:\/\/www.ruralgia.com\/blog\/wp-content\/uploads\/2014\/01\/Huesca-Sierra-de-Guara-Ruta-de-las-Pasarelas-fuente-www.pirineos3000.com_.jpg\" rel=\"lightbox[2231]\"><img loading=\"lazy\" decoding=\"async\" aria-describedby=\"caption-attachment-2342\" class=\" wp-image-2342    \" alt=\"Ruta de las pasarelas sobre el rio Vero\" src=\"https:\/\/www.ruralgia.com\/blog\/wp-content\/uploads\/2014\/01\/Huesca-Sierra-de-Guara-Ruta-de-las-Pasarelas-fuente-www.pirineos3000.com_.jpg\" width=\"395\" height=\"272\" \/><\/a><p id=\"caption-attachment-2342\" class=\"wp-caption-text\">Ruta de las pasarelas sobre el r\u00edo Vero<br \/>(fuente <a href=\"http:\/\/www.pirineos3000.com\" target=\"_blank\">www.pirineos3000.com<\/a>)<\/p><\/div>\n<div id=\"attachment_2344\" style=\"width: 368px\" class=\"wp-caption alignleft\"><a href=\"https:\/\/www.ruralgia.com\/blog\/wp-content\/uploads\/2014\/01\/Huesca-Sierra-de-Guara-Rio-Vero-fuente-www.xcitingclub.es_.jpg\" target=\"_blank\" rel=\"lightbox[2231]\"><img loading=\"lazy\" decoding=\"async\" aria-describedby=\"caption-attachment-2344\" class=\" wp-image-2344       \" alt=\"Cavidades formadas por el r\u00edo Vero\" src=\"https:\/\/www.ruralgia.com\/blog\/wp-content\/uploads\/2014\/01\/Huesca-Sierra-de-Guara-Rio-Vero-fuente-www.xcitingclub.es_.jpg\" width=\"358\" height=\"363\" \/><\/a><p id=\"caption-attachment-2344\" class=\"wp-caption-text\">Cavidades formadas por el r\u00edo Vero<br \/>(fuente <a href=\"http:\/\/www.xcitingclub.es\" target=\"_blank\">www.xcitingclub.es<\/a>)<\/p><\/div>\n<p>Esta sierra es \u00fanica en Espa\u00f1a debido a la riqueza y gran variedad de su arquitectura rocosa y por su abundante fauna. El agua es la que confiere la singular belleza de estos parajes creando a su paso los fen\u00f3menos naturales m\u00e1s singulares de esta zona: los ca\u00f1ones y las cavidades subterr\u00e1neas.<\/p>\n<p>Los ca\u00f1ones de Guara son muy numerosos y est\u00e1n dotados de una estrechez muy peculiar debido a que fueron formados por r\u00edos secundarios y muy impetuosos.<\/p>\n<p>&nbsp;<\/p>\n<p>El fen\u00f3meno de los mallos, clusas o torreones que flanquean el curso de los r\u00edos en determinados puntos da una espectacularidad indudable a la Sierra de Guara.<\/p>\n<p>El salto de Roldan, el estrecho del Palomar, el monolito del barranco de la Peonera o el barranco del Castillo son ejemplos de estos fen\u00f3menos.<\/p>\n<div id=\"attachment_2349\" style=\"width: 410px\" class=\"wp-caption alignright\"><a href=\"https:\/\/www.ruralgia.com\/blog\/wp-content\/uploads\/2014\/01\/Huesca-Sierra-de-Guara-Estrecho-del-Palomar-fuente-lacabrademonte.blogspot.com_.jpg\" rel=\"lightbox[2231]\"><img loading=\"lazy\" decoding=\"async\" aria-describedby=\"caption-attachment-2349\" class=\"size-full wp-image-2349 \" alt=\"Huesca - Sierra de Guara - Estrecho del Palomar (fuente lacabrademonte.blogspot.com)\" src=\"https:\/\/www.ruralgia.com\/blog\/wp-content\/uploads\/2014\/01\/Huesca-Sierra-de-Guara-Estrecho-del-Palomar-fuente-lacabrademonte.blogspot.com_.jpg\" width=\"400\" height=\"300\" srcset=\"https:\/\/www.ruralgia.com\/blog\/wp-content\/uploads\/2014\/01\/Huesca-Sierra-de-Guara-Estrecho-del-Palomar-fuente-lacabrademonte.blogspot.com_.jpg 400w, https:\/\/www.ruralgia.com\/blog\/wp-content\/uploads\/2014\/01\/Huesca-Sierra-de-Guara-Estrecho-del-Palomar-fuente-lacabrademonte.blogspot.com_-300x225.jpg 300w\" sizes=\"auto, (max-width: 400px) 100vw, 400px\" \/><\/a><p id=\"caption-attachment-2349\" class=\"wp-caption-text\">Estrecho del Palomar<br \/>(fuente <a href=\"http:\/\/www.lacabrademonte.blogspot.com\" target=\"_blank\">www.lacabrademonte.blogspot.com<\/a>)<\/p><\/div>\n<div id=\"attachment_2350\" style=\"width: 460px\" class=\"wp-caption alignright\"><a href=\"https:\/\/www.ruralgia.com\/blog\/wp-content\/uploads\/2014\/01\/Huesca-Sierra-de-Guara-Salto-de-Rold\u00e1n-fuente-guaravertical.blogspot.com_.jpg\" rel=\"lightbox[2231]\"><img loading=\"lazy\" decoding=\"async\" aria-describedby=\"caption-attachment-2350\" class=\"wp-image-2350          \" alt=\"SONY DSC\" src=\"https:\/\/www.ruralgia.com\/blog\/wp-content\/uploads\/2014\/01\/Huesca-Sierra-de-Guara-Salto-de-Rold\u00e1n-fuente-guaravertical.blogspot.com_.jpg\" width=\"450\" height=\"300\" \/><\/a><p id=\"caption-attachment-2350\" class=\"wp-caption-text\">Salto de Rold\u00e1n<br \/>(fuente <a href=\"http:\/\/www.guaravertical.blogspot.com\" target=\"_blank\">www.guaravertical.blogspot.com<\/a>)<\/p><\/div>\n<p>Los r\u00edos est\u00e1n enca\u00f1onados, como el Flumen, el Val de Onsera, formado por las gargantas de Lenases y San Mart\u00edn, angostas y espectaculares.<\/p>\n<p>El r\u00edo Guatizalema atraviesa Guara por el oeste.<\/p>\n<p>&nbsp;<\/p>\n<p>Otra caracter\u00edstica de la sierra de Guara, por la que es monumento geol\u00f3gico natural, es la intrincada red de galer\u00edas, simas y cavernas creadas por las aguas subterr\u00e1neas filtradas en las entra\u00f1as de las calizas.<\/p>\n<p>La Sierra de Guara es una excelente opci\u00f3n para el turismo activo, pudi\u00e9ndose practicar deportes de distintos y variados tipos, desde el senderismo o el mountain bike, hasta el barranquismo, escalada o la espeleolog\u00eda.<\/p>\n<p>La vegetaci\u00f3n dominante es escler\u00f3fila mediterr\u00e1nea\u00a0de matorrales de bajo porte. El matorral m\u00e1s caracter\u00edstico es la hiniesta espinosa, el boj, la coscoja, el romero, tomillo, espliego, brezo, enegro, lentisco y sabina.<\/p>\n<p>&nbsp;<\/p>\n<div id=\"attachment_2354\" style=\"width: 310px\" class=\"wp-caption alignleft\"><a href=\"https:\/\/www.ruralgia.com\/blog\/wp-content\/uploads\/2014\/01\/plantas-boj-Ladera-de-boj-en-el-ascenso-al-Tozal-de-Guara-fuente-aragonbysaida.com_.jpg\" rel=\"lightbox[2231]\"><img loading=\"lazy\" decoding=\"async\" aria-describedby=\"caption-attachment-2354\" class=\"wp-image-2354  \" alt=\"Ladera de boj en el ascenso al Tozal de Guara (fuente www.aragonbysaida.com)\" src=\"https:\/\/www.ruralgia.com\/blog\/wp-content\/uploads\/2014\/01\/plantas-boj-Ladera-de-boj-en-el-ascenso-al-Tozal-de-Guara-fuente-aragonbysaida.com_.jpg\" width=\"300\" height=\"300\" srcset=\"https:\/\/www.ruralgia.com\/blog\/wp-content\/uploads\/2014\/01\/plantas-boj-Ladera-de-boj-en-el-ascenso-al-Tozal-de-Guara-fuente-aragonbysaida.com_-150x150.jpg 150w, https:\/\/www.ruralgia.com\/blog\/wp-content\/uploads\/2014\/01\/plantas-boj-Ladera-de-boj-en-el-ascenso-al-Tozal-de-Guara-fuente-aragonbysaida.com_-144x144.jpg 144w\" sizes=\"auto, (max-width: 300px) 100vw, 300px\" \/><\/a><p id=\"caption-attachment-2354\" class=\"wp-caption-text\">Ladera de boj en el ascenso al Tozal de Guara<br \/>(fuente <a href=\"http:\/\/www.aragonbysaida.com\" target=\"_blank\">www.aragonbysaida.com<\/a>)<\/p><\/div>\n<div id=\"attachment_2355\" style=\"width: 310px\" class=\"wp-caption alignleft\"><a href=\"https:\/\/www.ruralgia.com\/blog\/wp-content\/uploads\/2014\/01\/plantas-escler\u00f3fila-mediterranea-fuente-holartica.blogspot.com_.jpg\" rel=\"lightbox[2231]\"><img loading=\"lazy\" decoding=\"async\" aria-describedby=\"caption-attachment-2355\" class=\" wp-image-2355            \" alt=\"Escler\u00f3fila mediterranea (fuente www.holartica.blogspot.com)\" src=\"https:\/\/www.ruralgia.com\/blog\/wp-content\/uploads\/2014\/01\/plantas-escler\u00f3fila-mediterranea-fuente-holartica.blogspot.com_.jpg\" width=\"300\" height=\"300\" srcset=\"https:\/\/www.ruralgia.com\/blog\/wp-content\/uploads\/2014\/01\/plantas-escler\u00f3fila-mediterranea-fuente-holartica.blogspot.com_-150x150.jpg 150w, https:\/\/www.ruralgia.com\/blog\/wp-content\/uploads\/2014\/01\/plantas-escler\u00f3fila-mediterranea-fuente-holartica.blogspot.com_-144x144.jpg 144w\" sizes=\"auto, (max-width: 300px) 100vw, 300px\" \/><\/a><p id=\"caption-attachment-2355\" class=\"wp-caption-text\">Escler\u00f3fila mediterranea<br \/>(fuente <a href=\"http:\/\/www.holartica.blogspot.com\" target=\"_blank\">www.holartica.blogspot.com<\/a>)<\/p><\/div>\n<div id=\"attachment_2232\" style=\"width: 510px\" class=\"wp-caption alignleft\"><a href=\"https:\/\/www.ruralgia.com\/blog\/wp-content\/uploads\/2014\/01\/IMG_3732.jpg\" rel=\"lightbox[2231]\"><img loading=\"lazy\" decoding=\"async\" aria-describedby=\"caption-attachment-2232\" class=\" wp-image-2232  \" alt=\"IMG_3732\" src=\"https:\/\/www.ruralgia.com\/blog\/wp-content\/uploads\/2014\/01\/IMG_3732.jpg\" width=\"500\" height=\"300\" \/><\/a><p id=\"caption-attachment-2232\" class=\"wp-caption-text\">Buitres Leonados<br \/>(fuente <a href=\"http:\/\/www.ruizarafoto.es\" target=\"_blank\">www.ruizarafoto.es<\/a>)<\/p><\/div>\n<p>&nbsp;<\/p>\n<p>En cuanto a la fauna, encontramos aves carro\u00f1eras que habitan en las rocas, sobre todo el buitre leonado.<\/p>\n<p><strong>ACCESOS<\/strong><\/p>\n<p>EN COCHE:<\/p>\n<p><strong>Desde San Sebasti\u00e1n, Logro\u00f1o y Pamplona:<\/strong>\u00a0N-240 hasta Jaca, N-330 de Jaca a Huesca por Sabi\u00f1\u00e1nigo y N-240 de Huesca hacia Barbastro.<\/p>\n<p><strong>Desde Barcelona:<\/strong>\u00a0N-II hasta L\u00e9rida y N-240 hacia Barbastro por Monz\u00f3n.<\/p>\n<p><strong>Desde Zaragoza:<\/strong>\u00a0Autov\u00eda E-07 hasta Huesca y N-240 de Huesca hacia Barbastro.<\/p>\n<p><strong>De Barbastro hacia el Parque Nacional de Ordesa y Monte Perdido:\u00a0<\/strong>N-123 y A-139 por A\u00ednsa<\/p>\n<p><strong>Tel. Tr\u00e1fico Huesca: 974 21 02 52 \/ 062<\/strong><\/p>\n<p><b>PASO FRONTERIZO M\u00c1S CERCANO: Tunel de Bielsa-Aragnouet (a 95 kms de Barbastro)<\/b><\/p>\n<p>EN AUTOB\u00daS:<\/p>\n<p>Estaci\u00f3n de autobuses de Barbastro: Tel. 974 31 12 93<\/p>\n<p><b>De Madrid a Zaragoza:\u00a0<\/b>Compa\u00f1\u00eda Aratesa &#8211; Agreda.\u00a0Tel. 976 22 93 43 www.alsa.es<\/p>\n<p><b>De Zaragoza a Huesca, Barbastro, Benasque, L\u00e9rida, Graus, Barcelona:\u00a0<\/b>Grupo ALOSA (La Oscense, Altoaragon\u00e9s y Ansotana). Tel. 974 21 07 00 www.alosa.es. C\/ Parque, 3. 22.002 Huesca<\/p>\n<p>EN TREN:<\/p>\n<p>Estaci\u00f3n Monz\u00f3n R\u00edo Cinca (Poblaci\u00f3n a 15 kms. de Barbastro, con conexiones frecuentes en autob\u00fas hasta Barbastro)<\/p>\n<p>RENFE Monz\u00f3n: Tel. 902 24 02 02 www.renfe.es<\/p>\n<div id=\"attachment_2358\" style=\"width: 402px\" class=\"wp-caption alignleft\"><a href=\"https:\/\/www.ruralgia.com\/blog\/wp-content\/uploads\/2014\/01\/Huesca-Sierra-de-Guara-Mapa-fuente-www.aragon.es_.jpg\" rel=\"lightbox[2231]\"><img loading=\"lazy\" decoding=\"async\" aria-describedby=\"caption-attachment-2358\" class=\" wp-image-2358  \" alt=\"Mapa de la Sierra de Guara(fuente www.aragon.es)\" src=\"https:\/\/www.ruralgia.com\/blog\/wp-content\/uploads\/2014\/01\/Huesca-Sierra-de-Guara-Mapa-fuente-www.aragon.es_.jpg\" width=\"392\" height=\"273\" srcset=\"https:\/\/www.ruralgia.com\/blog\/wp-content\/uploads\/2014\/01\/Huesca-Sierra-de-Guara-Mapa-fuente-www.aragon.es_.jpg 700w, https:\/\/www.ruralgia.com\/blog\/wp-content\/uploads\/2014\/01\/Huesca-Sierra-de-Guara-Mapa-fuente-www.aragon.es_-300x209.jpg 300w\" sizes=\"auto, (max-width: 392px) 100vw, 392px\" \/><\/a><p id=\"caption-attachment-2358\" class=\"wp-caption-text\">Mapa de la Sierra de Guara<br \/>(fuente <a href=\"http:\/\/www.aragon.es\" target=\"_blank\">www.aragon.es<\/a>)<\/p><\/div>\n<div id=\"attachment_2357\" style=\"width: 402px\" class=\"wp-caption alignleft\"><a href=\"https:\/\/www.ruralgia.com\/blog\/wp-content\/uploads\/2014\/01\/Huesca-Sierra-de-Guara-Ruta-para-ciclistas-fuente-www.bikezona.com_.jpg\" rel=\"lightbox[2231]\"><img loading=\"lazy\" decoding=\"async\" aria-describedby=\"caption-attachment-2357\" class=\" wp-image-2357     \" alt=\"Ruta para ciclistas (fuente www.bikezona.com)\" src=\"https:\/\/www.ruralgia.com\/blog\/wp-content\/uploads\/2014\/01\/Huesca-Sierra-de-Guara-Ruta-para-ciclistas-fuente-www.bikezona.com_.jpg\" width=\"392\" height=\"273\" \/><\/a><p id=\"caption-attachment-2357\" class=\"wp-caption-text\">Ruta para ciclistas<br \/>(fuente <a href=\"http:\/\/www.bikezona.com\" target=\"_blank\">www.bikezona.com<\/a>)<\/p><\/div>\n<p>&nbsp;<\/p>\n<p>&nbsp;<\/p>\n<p><b>ALOJAMIENTOS CERCANOS A LA SIERRA DE GUARA<\/b><\/p>\n<p><a title=\"Alojamientos cercanos a la Sierra de Guara\" href=\"https:\/\/www.ruralgia.com\/alojamientos-cerca-de-sierra-de-guara\" target=\"_blank\">https:\/\/www.ruralgia.com\/alojamientos-cerca-de-sierra-de-guara<\/a><script type=\"text\/javascript\" src=\"https:\/\/www.ruralgia.com\/caja_cerca.php?metodo=municipio&amp;ancho=250&amp;elementos=6&amp;size=90&amp;estilo=sunny&amp;float=left&amp;kms=20&amp;aleatorio=false&amp;municipio=Barbastro (Huesca)\"><\/script><script type=\"text\/javascript\" src=\"https:\/\/www.ruralgia.com\/caja_cerca.php?metodo=municipio&amp;ancho=250&amp;elementos=6&amp;size=90&amp;estilo=sunny&amp;float=left&amp;kms=20&amp;aleatorio=false&amp;municipio=Alqu\u00e9zar (Huesca)\"><\/script><script type=\"text\/javascript\" src=\"https:\/\/www.ruralgia.com\/caja_cerca.php?metodo=municipio&amp;ancho=250&amp;elementos=6&amp;size=90&amp;estilo=sunny&amp;float=left&amp;kms=20&amp;aleatorio=false&amp;municipio=A\u00ednsa-Sobrarbe (Huesca)\"><\/script><script type=\"text\/javascript\" src=\"https:\/\/www.ruralgia.com\/caja_cerca.php?metodo=municipio&amp;ancho=250&amp;elementos=6&amp;size=90&amp;estilo=sunny&amp;float=left&amp;kms=20&amp;aleatorio=false&amp;municipio=Abiego (Huesca)\"><\/script><\/p>\n","protected":false},"excerpt":{"rendered":"<p>La Sierra de Guara forma parte de las sierras exteriores del Pirineo. Es el conjunto de alineaciones monta\u00f1osas del Prepirineo de Huesca que se desarrolla entre los r\u00edos Flumen (oeste) y el Vero (este). Esta sierra es \u00fanica en Espa\u00f1a &hellip; <a href=\"https:\/\/www.ruralgia.com\/blog\/sierra-y-canones-de-guara\/\">Sigue leyendo <span class=\"meta-nav\">&rarr;<\/span><\/a><\/p>\n","protected":false},"author":1,"featured_media":2233,"comment_status":"open","ping_status":"open","sticky":false,"template":"","format":"standard","meta":{"footnotes":""},"categories":[34,81,79,138,12,101,9],"tags":[139,53,155,132,162,7],"class_list":["post-2231","post","type-post","status-publish","format-standard","has-post-thumbnail","hentry","category-deporte","category-gaia","category-naturaleza","category-parajes-naturales","category-propuestas","category-turismo","category-viajeros","tag-canones","tag-ciclismo","tag-deporte","tag-huesca","tag-naturaleza","tag-senderismo"],"yoast_head":"<!-- This site is optimized with the Yoast SEO plugin v24.1 - https:\/\/yoast.com\/wordpress\/plugins\/seo\/ -->\n<title>Sierra y Ca\u00f1ones de Guara - Ruralgia Blog<\/title>\n<meta name=\"robots\" content=\"index, follow, max-snippet:-1, max-image-preview:large, max-video-preview:-1\" \/>\n<link rel=\"canonical\" href=\"https:\/\/www.ruralgia.com\/blog\/sierra-y-canones-de-guara\/\" \/>\n<meta property=\"og:locale\" content=\"es_ES\" \/>\n<meta property=\"og:type\" content=\"article\" \/>\n<meta property=\"og:title\" content=\"Sierra y Ca\u00f1ones de Guara - Ruralgia Blog\" \/>\n<meta property=\"og:description\" content=\"La Sierra de Guara forma parte de las sierras exteriores del Pirineo. Es el conjunto de alineaciones monta\u00f1osas del Prepirineo de Huesca que se desarrolla entre los r\u00edos Flumen (oeste) y el Vero (este). Esta sierra es \u00fanica en Espa\u00f1a &hellip; Sigue leyendo &rarr;\" \/>\n<meta property=\"og:url\" content=\"https:\/\/www.ruralgia.com\/blog\/sierra-y-canones-de-guara\/\" \/>\n<meta property=\"og:site_name\" content=\"Ruralgia Blog\" \/>\n<meta property=\"article:published_time\" content=\"2014-01-14T13:51:02+00:00\" \/>\n<meta property=\"article:modified_time\" content=\"2014-01-30T21:25:05+00:00\" \/>\n<meta property=\"og:image\" content=\"https:\/\/www.ruralgia.com\/blog\/wp-content\/uploads\/2014\/01\/guara1.jpg\" \/>\n\t<meta property=\"og:image:width\" content=\"640\" \/>\n\t<meta property=\"og:image:height\" content=\"427\" \/>\n\t<meta property=\"og:image:type\" content=\"image\/jpeg\" \/>\n<meta name=\"author\" content=\"admin\" \/>\n<meta name=\"twitter:card\" content=\"summary_large_image\" \/>\n<meta name=\"twitter:label1\" content=\"Escrito por\" \/>\n\t<meta name=\"twitter:data1\" content=\"admin\" \/>\n\t<meta name=\"twitter:label2\" content=\"Tiempo de lectura\" \/>\n\t<meta name=\"twitter:data2\" content=\"4 minutos\" \/>\n<script type=\"application\/ld+json\" class=\"yoast-schema-graph\">{\"@context\":\"https:\/\/schema.org\",\"@graph\":[{\"@type\":\"WebPage\",\"@id\":\"https:\/\/www.ruralgia.com\/blog\/sierra-y-canones-de-guara\/\",\"url\":\"https:\/\/www.ruralgia.com\/blog\/sierra-y-canones-de-guara\/\",\"name\":\"Sierra y Ca\u00f1ones de Guara - Ruralgia Blog\",\"isPartOf\":{\"@id\":\"https:\/\/www.ruralgia.com\/blog\/#website\"},\"primaryImageOfPage\":{\"@id\":\"https:\/\/www.ruralgia.com\/blog\/sierra-y-canones-de-guara\/#primaryimage\"},\"image\":{\"@id\":\"https:\/\/www.ruralgia.com\/blog\/sierra-y-canones-de-guara\/#primaryimage\"},\"thumbnailUrl\":\"https:\/\/www.ruralgia.com\/blog\/wp-content\/uploads\/2014\/01\/guara1.jpg\",\"datePublished\":\"2014-01-14T13:51:02+00:00\",\"dateModified\":\"2014-01-30T21:25:05+00:00\",\"author\":{\"@id\":\"https:\/\/www.ruralgia.com\/blog\/#\/schema\/person\/f9d61dcaa454dc132c65467750b88c01\"},\"breadcrumb\":{\"@id\":\"https:\/\/www.ruralgia.com\/blog\/sierra-y-canones-de-guara\/#breadcrumb\"},\"inLanguage\":\"es\",\"potentialAction\":[{\"@type\":\"ReadAction\",\"target\":[\"https:\/\/www.ruralgia.com\/blog\/sierra-y-canones-de-guara\/\"]}]},{\"@type\":\"ImageObject\",\"inLanguage\":\"es\",\"@id\":\"https:\/\/www.ruralgia.com\/blog\/sierra-y-canones-de-guara\/#primaryimage\",\"url\":\"https:\/\/www.ruralgia.com\/blog\/wp-content\/uploads\/2014\/01\/guara1.jpg\",\"contentUrl\":\"https:\/\/www.ruralgia.com\/blog\/wp-content\/uploads\/2014\/01\/guara1.jpg\",\"width\":640,\"height\":427},{\"@type\":\"BreadcrumbList\",\"@id\":\"https:\/\/www.ruralgia.com\/blog\/sierra-y-canones-de-guara\/#breadcrumb\",\"itemListElement\":[{\"@type\":\"ListItem\",\"position\":1,\"name\":\"Portada\",\"item\":\"https:\/\/www.ruralgia.com\/blog\/\"},{\"@type\":\"ListItem\",\"position\":2,\"name\":\"Sierra y Ca\u00f1ones de Guara\"}]},{\"@type\":\"WebSite\",\"@id\":\"https:\/\/www.ruralgia.com\/blog\/#website\",\"url\":\"https:\/\/www.ruralgia.com\/blog\/\",\"name\":\"Ruralgia Blog\",\"description\":\"El blog de viajes y turismo de Ruralgia\",\"potentialAction\":[{\"@type\":\"SearchAction\",\"target\":{\"@type\":\"EntryPoint\",\"urlTemplate\":\"https:\/\/www.ruralgia.com\/blog\/?s={search_term_string}\"},\"query-input\":{\"@type\":\"PropertyValueSpecification\",\"valueRequired\":true,\"valueName\":\"search_term_string\"}}],\"inLanguage\":\"es\"},{\"@type\":\"Person\",\"@id\":\"https:\/\/www.ruralgia.com\/blog\/#\/schema\/person\/f9d61dcaa454dc132c65467750b88c01\",\"name\":\"admin\",\"image\":{\"@type\":\"ImageObject\",\"inLanguage\":\"es\",\"@id\":\"https:\/\/www.ruralgia.com\/blog\/#\/schema\/person\/image\/\",\"url\":\"https:\/\/secure.gravatar.com\/avatar\/308988d44afa417cbdf20b1a60ad4489?s=96&d=mm&r=g\",\"contentUrl\":\"https:\/\/secure.gravatar.com\/avatar\/308988d44afa417cbdf20b1a60ad4489?s=96&d=mm&r=g\",\"caption\":\"admin\"},\"url\":\"https:\/\/www.ruralgia.com\/blog\/author\/admin\/\"}]}<\/script>\n<!-- \/ Yoast SEO plugin. -->","yoast_head_json":{"title":"Sierra y Ca\u00f1ones de Guara - Ruralgia Blog","robots":{"index":"index","follow":"follow","max-snippet":"max-snippet:-1","max-image-preview":"max-image-preview:large","max-video-preview":"max-video-preview:-1"},"canonical":"https:\/\/www.ruralgia.com\/blog\/sierra-y-canones-de-guara\/","og_locale":"es_ES","og_type":"article","og_title":"Sierra y Ca\u00f1ones de Guara - Ruralgia Blog","og_description":"La Sierra de Guara forma parte de las sierras exteriores del Pirineo. Es el conjunto de alineaciones monta\u00f1osas del Prepirineo de Huesca que se desarrolla entre los r\u00edos Flumen (oeste) y el Vero (este). Esta sierra es \u00fanica en Espa\u00f1a &hellip; Sigue leyendo &rarr;","og_url":"https:\/\/www.ruralgia.com\/blog\/sierra-y-canones-de-guara\/","og_site_name":"Ruralgia Blog","article_published_time":"2014-01-14T13:51:02+00:00","article_modified_time":"2014-01-30T21:25:05+00:00","og_image":[{"width":640,"height":427,"url":"https:\/\/www.ruralgia.com\/blog\/wp-content\/uploads\/2014\/01\/guara1.jpg","type":"image\/jpeg"}],"author":"admin","twitter_card":"summary_large_image","twitter_misc":{"Escrito por":"admin","Tiempo de lectura":"4 minutos"},"schema":{"@context":"https:\/\/schema.org","@graph":[{"@type":"WebPage","@id":"https:\/\/www.ruralgia.com\/blog\/sierra-y-canones-de-guara\/","url":"https:\/\/www.ruralgia.com\/blog\/sierra-y-canones-de-guara\/","name":"Sierra y Ca\u00f1ones de Guara - Ruralgia Blog","isPartOf":{"@id":"https:\/\/www.ruralgia.com\/blog\/#website"},"primaryImageOfPage":{"@id":"https:\/\/www.ruralgia.com\/blog\/sierra-y-canones-de-guara\/#primaryimage"},"image":{"@id":"https:\/\/www.ruralgia.com\/blog\/sierra-y-canones-de-guara\/#primaryimage"},"thumbnailUrl":"https:\/\/www.ruralgia.com\/blog\/wp-content\/uploads\/2014\/01\/guara1.jpg","datePublished":"2014-01-14T13:51:02+00:00","dateModified":"2014-01-30T21:25:05+00:00","author":{"@id":"https:\/\/www.ruralgia.com\/blog\/#\/schema\/person\/f9d61dcaa454dc132c65467750b88c01"},"breadcrumb":{"@id":"https:\/\/www.ruralgia.com\/blog\/sierra-y-canones-de-guara\/#breadcrumb"},"inLanguage":"es","potentialAction":[{"@type":"ReadAction","target":["https:\/\/www.ruralgia.com\/blog\/sierra-y-canones-de-guara\/"]}]},{"@type":"ImageObject","inLanguage":"es","@id":"https:\/\/www.ruralgia.com\/blog\/sierra-y-canones-de-guara\/#primaryimage","url":"https:\/\/www.ruralgia.com\/blog\/wp-content\/uploads\/2014\/01\/guara1.jpg","contentUrl":"https:\/\/www.ruralgia.com\/blog\/wp-content\/uploads\/2014\/01\/guara1.jpg","width":640,"height":427},{"@type":"BreadcrumbList","@id":"https:\/\/www.ruralgia.com\/blog\/sierra-y-canones-de-guara\/#breadcrumb","itemListElement":[{"@type":"ListItem","position":1,"name":"Portada","item":"https:\/\/www.ruralgia.com\/blog\/"},{"@type":"ListItem","position":2,"name":"Sierra y Ca\u00f1ones de Guara"}]},{"@type":"WebSite","@id":"https:\/\/www.ruralgia.com\/blog\/#website","url":"https:\/\/www.ruralgia.com\/blog\/","name":"Ruralgia Blog","description":"El blog de viajes y turismo de Ruralgia","potentialAction":[{"@type":"SearchAction","target":{"@type":"EntryPoint","urlTemplate":"https:\/\/www.ruralgia.com\/blog\/?s={search_term_string}"},"query-input":{"@type":"PropertyValueSpecification","valueRequired":true,"valueName":"search_term_string"}}],"inLanguage":"es"},{"@type":"Person","@id":"https:\/\/www.ruralgia.com\/blog\/#\/schema\/person\/f9d61dcaa454dc132c65467750b88c01","name":"admin","image":{"@type":"ImageObject","inLanguage":"es","@id":"https:\/\/www.ruralgia.com\/blog\/#\/schema\/person\/image\/","url":"https:\/\/secure.gravatar.com\/avatar\/308988d44afa417cbdf20b1a60ad4489?s=96&d=mm&r=g","contentUrl":"https:\/\/secure.gravatar.com\/avatar\/308988d44afa417cbdf20b1a60ad4489?s=96&d=mm&r=g","caption":"admin"},"url":"https:\/\/www.ruralgia.com\/blog\/author\/admin\/"}]}},"amp_enabled":true,"_links":{"self":[{"href":"https:\/\/www.ruralgia.com\/blog\/wp-json\/wp\/v2\/posts\/2231","targetHints":{"allow":["GET"]}}],"collection":[{"href":"https:\/\/www.ruralgia.com\/blog\/wp-json\/wp\/v2\/posts"}],"about":[{"href":"https:\/\/www.ruralgia.com\/blog\/wp-json\/wp\/v2\/types\/post"}],"author":[{"embeddable":true,"href":"https:\/\/www.ruralgia.com\/blog\/wp-json\/wp\/v2\/users\/1"}],"replies":[{"embeddable":true,"href":"https:\/\/www.ruralgia.com\/blog\/wp-json\/wp\/v2\/comments?post=2231"}],"version-history":[{"count":34,"href":"https:\/\/www.ruralgia.com\/blog\/wp-json\/wp\/v2\/posts\/2231\/revisions"}],"predecessor-version":[{"id":2383,"href":"https:\/\/www.ruralgia.com\/blog\/wp-json\/wp\/v2\/posts\/2231\/revisions\/2383"}],"wp:featuredmedia":[{"embeddable":true,"href":"https:\/\/www.ruralgia.com\/blog\/wp-json\/wp\/v2\/media\/2233"}],"wp:attachment":[{"href":"https:\/\/www.ruralgia.com\/blog\/wp-json\/wp\/v2\/media?parent=2231"}],"wp:term":[{"taxonomy":"category","embeddable":true,"href":"https:\/\/www.ruralgia.com\/blog\/wp-json\/wp\/v2\/categories?post=2231"},{"taxonomy":"post_tag","embeddable":true,"href":"https:\/\/www.ruralgia.com\/blog\/wp-json\/wp\/v2\/tags?post=2231"}],"curies":[{"name":"wp","href":"https:\/\/api.w.org\/{rel}","templated":true}]}}