{"id":2236,"date":"2014-01-10T12:04:38","date_gmt":"2014-01-10T12:04:38","guid":{"rendered":"https:\/\/www.ruralgia.com\/blog\/?p=2236"},"modified":"2014-01-11T15:28:02","modified_gmt":"2014-01-11T15:28:02","slug":"moros-y-cristianos-de-bocairent-2014","status":"publish","type":"post","link":"https:\/\/www.ruralgia.com\/blog\/moros-y-cristianos-de-bocairent-2014\/","title":{"rendered":"Moros y Cristianos de Bocairent 2014"},"content":{"rendered":"<p><strong>Dentro de 21 d\u00edas La localidad valenciana de Bocairent (Valencia)<\/strong>\u00a0celebra sus Fiestas Mayores, son las Fiestas de Moros y Cristianos, cuyo origen data de 1860 y se celebran en honor de San Blas.<\/p>\n<p><strong>Del 01 de Febrero de 2014 \u00a0(S\u00e1bado) &#8211; Al\u00a0<\/strong><strong>06 de Febrero de 2014 \u00a0(Jueves)<\/strong><\/p>\n<p><a title=\"Vista del Bocairent (Valencia)\" href=\"https:\/\/www.ruralgia.com\/blog\/wp-content\/uploads\/2014\/01\/Espana-Valencia-Bocairent-vista-del-pueblo-1.jpg\" rel=\"lightbox[2236]\"><img loading=\"lazy\" decoding=\"async\" class=\"alignleft size-medium wp-image-2237\" style=\"margin: 5px; border: 0px;\" alt=\"Espa\u00f1a - Valencia - Bocairent - vista del pueblo 1\" src=\"https:\/\/www.ruralgia.com\/blog\/wp-content\/uploads\/2014\/01\/Espana-Valencia-Bocairent-vista-del-pueblo-1-300x225.jpg\" width=\"300\" height=\"225\" \/><\/a><\/p>\n<p>&nbsp;<\/p>\n<p>Bocairent conserva en la actualidad un importante barrio medieval, privilegiado escenario en el cual discurren los actos m\u00e1s significativos de la celebraci\u00f3n.\u00a0<a href=\"https:\/\/www.ruralgia.com\/blog\/wp-content\/uploads\/2014\/01\/Espana-Valencia-Bocairent-barrio-medieval-5.jpg\" rel=\"lightbox[2236]\"><img loading=\"lazy\" decoding=\"async\" class=\"alignright size-medium wp-image-2238\" alt=\"Espa\u00f1a - Valencia - Bocairent - barrio medieval 5\" src=\"https:\/\/www.ruralgia.com\/blog\/wp-content\/uploads\/2014\/01\/Espana-Valencia-Bocairent-barrio-medieval-5-300x225.jpg\" width=\"300\" height=\"225\" \/><\/a><\/p>\n<p>\u2022 El d\u00eda 1 de Febrero comienzan las fiestas con un peculiar desfile nocturno denominado \u201cnit de les caixes\u201d, debido a los numerosos tambores y faroles con los que los festeros recorren las calles de la villa en honor a su patr\u00f3n.<\/p>\n<p>\u2022 El 2 de Febrero tiene lugar \u201cla Entrada\u201d, consistente en un fastuoso desfile de todas las filaes al ritmo de pasodobles y marchas musicales. Todas las bandas de m\u00fasica se reunen en la plaza del Ayuntamiento para interpretar el himno de Bocairent y dar comienzo oficial a las fiestas. A las 16.30 horas, desde la calle Batalla de Lepanto arranca la Entrada de Moros y Cristianos que finalizar\u00e1 en el punto de partida.<\/p>\n<p>&nbsp;<\/p>\n<p>\u2022 3 Febrero, festividad de San Blas. La jornada empieza con una madrugadora diana, m\u00e1s tarde solemne Misa. Por la tarde la procesi\u00f3n gira en torno a la reliquia, la imagen y el Gui\u00f3n del Santo Patr\u00f3n.\u00a0<a href=\"https:\/\/www.ruralgia.com\/blog\/wp-content\/uploads\/2014\/01\/Espana-Valencia-Bocairent-fiesta-de-moros-y-cristianos-1.jpg\" rel=\"lightbox[2236]\"><img loading=\"lazy\" decoding=\"async\" class=\"alignright size-medium wp-image-2239\" alt=\"Espa\u00f1a - Valencia - Bocairent - fiesta de moros y cristianos 1\" src=\"https:\/\/www.ruralgia.com\/blog\/wp-content\/uploads\/2014\/01\/Espana-Valencia-Bocairent-fiesta-de-moros-y-cristianos-1-300x225.jpg\" width=\"300\" height=\"225\" \/><\/a><\/p>\n<p><a href=\"https:\/\/www.ruralgia.com\/blog\/wp-content\/uploads\/2014\/01\/Espana-Valencia-Bocairent-fiesta-de-moros-y-cristianos-3.jpg\" rel=\"lightbox[2236]\"><img loading=\"lazy\" decoding=\"async\" class=\"alignleft size-medium wp-image-2240\" style=\"margin: 5px;\" alt=\"Espa\u00f1a - Valencia - Bocairent - fiesta de moros y cristianos 3\" src=\"https:\/\/www.ruralgia.com\/blog\/wp-content\/uploads\/2014\/01\/Espana-Valencia-Bocairent-fiesta-de-moros-y-cristianos-3-227x300.jpg\" width=\"227\" height=\"300\" \/><\/a><\/p>\n<p><script src='https:\/\/www.ruralgia.com\/caja_cerca.php?metodo=municipio&#038;ancho=250&#038;elementos=4&#038;size=90&#038;estilo=sunny&#038;float=left&#038;kms=20&#038;aleatorio=true&#038;municipio=Bocairent (Valencia)' type='text\/javascript'><\/script> <\/p>\n<p>\u2022 4 de Febrero, d\u00eda de Moros y Cristianos. Comienza con batallas de arcabucer\u00eda entre ambos bandos, culminando en las esperadas y vistosas Embajadas. De ma\u00f1ana los moros se apoderan del castillo, siendo al rev\u00e9s por la tarde.<\/p>\n<p>\u2022 5 de Febrero, d\u00eda del Santo Cristo, jornada en la que las Filaes visitan la ermita del Santo Cristo acompa\u00f1ados de sus capitanes con el fin de celebrar la tradicional Misa de Acci\u00f3n de Gracias. Cuando finalice se escenificar\u00e1 el emotivo Despojo del Moro.<\/p>\n<p>\u2022 6 de Febrero. Finalmente el D\u00eda de l\u2019Eixabeg\u00f3 cierra las celebraciones con una jornada dedicada los festeros difuntos.<\/p>\n<p>M\u00e1s informaci\u00f3n: <a href=\"http:\/\/www.bocairent.es\" target=\"_blank\">www.bocairent.es<\/a><\/p>\n<p>&nbsp;<\/p>\n<p>En el blog de Manuel Cervera pueden verse interesantes fotograf\u00edas de Bocairent: <a title=\"Blog de Manuel Cervera\" href=\"http:\/\/fotoguiaespanaelblogdemanuelcervera.blogspot.com.es\/2013\/05\/bocairent.html\" target=\"_blank\">http:\/\/fotoguiaespanaelblogdemanuelcervera.blogspot.com.es\/2013\/05\/bocairent.html<\/a><\/p>\n<p>&nbsp;<\/p>\n","protected":false},"excerpt":{"rendered":"<p>Dentro de 21 d\u00edas La localidad valenciana de Bocairent (Valencia)\u00a0celebra sus Fiestas Mayores, son las Fiestas de Moros y Cristianos, cuyo origen data de 1860 y se celebran en honor de San Blas. Del 01 de Febrero de 2014 \u00a0(S\u00e1bado) &hellip; <a href=\"https:\/\/www.ruralgia.com\/blog\/moros-y-cristianos-de-bocairent-2014\/\">Sigue leyendo <span class=\"meta-nav\">&rarr;<\/span><\/a><\/p>\n","protected":false},"author":1,"featured_media":2239,"comment_status":"open","ping_status":"open","sticky":false,"template":"","format":"standard","meta":{"footnotes":""},"categories":[56,90,122,101,9],"tags":[133,103],"class_list":["post-2236","post","type-post","status-publish","format-standard","has-post-thumbnail","hentry","category-cultura","category-fiestas-2","category-monumentos","category-turismo","category-viajeros","tag-fiestas-populares","tag-valencia"],"yoast_head":"<!-- This site is optimized with the Yoast SEO plugin v24.1 - https:\/\/yoast.com\/wordpress\/plugins\/seo\/ -->\n<title>Moros y Cristianos de Bocairent 2014 - Ruralgia Blog<\/title>\n<meta name=\"robots\" content=\"index, follow, max-snippet:-1, max-image-preview:large, max-video-preview:-1\" \/>\n<link rel=\"canonical\" href=\"https:\/\/www.ruralgia.com\/blog\/moros-y-cristianos-de-bocairent-2014\/\" \/>\n<meta property=\"og:locale\" content=\"es_ES\" \/>\n<meta property=\"og:type\" content=\"article\" \/>\n<meta property=\"og:title\" content=\"Moros y Cristianos de Bocairent 2014 - Ruralgia Blog\" \/>\n<meta property=\"og:description\" content=\"Dentro de 21 d\u00edas La localidad valenciana de Bocairent (Valencia)\u00a0celebra sus Fiestas Mayores, son las Fiestas de Moros y Cristianos, cuyo origen data de 1860 y se celebran en honor de San Blas. Del 01 de Febrero de 2014 \u00a0(S\u00e1bado) &hellip; Sigue leyendo &rarr;\" \/>\n<meta property=\"og:url\" content=\"https:\/\/www.ruralgia.com\/blog\/moros-y-cristianos-de-bocairent-2014\/\" \/>\n<meta property=\"og:site_name\" content=\"Ruralgia Blog\" \/>\n<meta property=\"article:published_time\" content=\"2014-01-10T12:04:38+00:00\" \/>\n<meta property=\"article:modified_time\" content=\"2014-01-11T15:28:02+00:00\" \/>\n<meta property=\"og:image\" content=\"https:\/\/www.ruralgia.com\/blog\/wp-content\/uploads\/2014\/01\/Espana-Valencia-Bocairent-fiesta-de-moros-y-cristianos-1.jpg\" \/>\n\t<meta property=\"og:image:width\" content=\"1\" \/>\n\t<meta property=\"og:image:height\" content=\"1\" \/>\n\t<meta property=\"og:image:type\" content=\"image\/jpeg\" \/>\n<meta name=\"author\" content=\"admin\" \/>\n<meta name=\"twitter:card\" content=\"summary_large_image\" \/>\n<meta name=\"twitter:label1\" content=\"Escrito por\" \/>\n\t<meta name=\"twitter:data1\" content=\"admin\" \/>\n\t<meta name=\"twitter:label2\" content=\"Tiempo de lectura\" \/>\n\t<meta name=\"twitter:data2\" content=\"2 minutos\" \/>\n<script type=\"application\/ld+json\" class=\"yoast-schema-graph\">{\"@context\":\"https:\/\/schema.org\",\"@graph\":[{\"@type\":\"WebPage\",\"@id\":\"https:\/\/www.ruralgia.com\/blog\/moros-y-cristianos-de-bocairent-2014\/\",\"url\":\"https:\/\/www.ruralgia.com\/blog\/moros-y-cristianos-de-bocairent-2014\/\",\"name\":\"Moros y Cristianos de Bocairent 2014 - Ruralgia Blog\",\"isPartOf\":{\"@id\":\"https:\/\/www.ruralgia.com\/blog\/#website\"},\"primaryImageOfPage\":{\"@id\":\"https:\/\/www.ruralgia.com\/blog\/moros-y-cristianos-de-bocairent-2014\/#primaryimage\"},\"image\":{\"@id\":\"https:\/\/www.ruralgia.com\/blog\/moros-y-cristianos-de-bocairent-2014\/#primaryimage\"},\"thumbnailUrl\":\"https:\/\/www.ruralgia.com\/blog\/wp-content\/uploads\/2014\/01\/Espana-Valencia-Bocairent-fiesta-de-moros-y-cristianos-1.jpg\",\"datePublished\":\"2014-01-10T12:04:38+00:00\",\"dateModified\":\"2014-01-11T15:28:02+00:00\",\"author\":{\"@id\":\"https:\/\/www.ruralgia.com\/blog\/#\/schema\/person\/f9d61dcaa454dc132c65467750b88c01\"},\"breadcrumb\":{\"@id\":\"https:\/\/www.ruralgia.com\/blog\/moros-y-cristianos-de-bocairent-2014\/#breadcrumb\"},\"inLanguage\":\"es\",\"potentialAction\":[{\"@type\":\"ReadAction\",\"target\":[\"https:\/\/www.ruralgia.com\/blog\/moros-y-cristianos-de-bocairent-2014\/\"]}]},{\"@type\":\"ImageObject\",\"inLanguage\":\"es\",\"@id\":\"https:\/\/www.ruralgia.com\/blog\/moros-y-cristianos-de-bocairent-2014\/#primaryimage\",\"url\":\"https:\/\/www.ruralgia.com\/blog\/wp-content\/uploads\/2014\/01\/Espana-Valencia-Bocairent-fiesta-de-moros-y-cristianos-1.jpg\",\"contentUrl\":\"https:\/\/www.ruralgia.com\/blog\/wp-content\/uploads\/2014\/01\/Espana-Valencia-Bocairent-fiesta-de-moros-y-cristianos-1.jpg\"},{\"@type\":\"BreadcrumbList\",\"@id\":\"https:\/\/www.ruralgia.com\/blog\/moros-y-cristianos-de-bocairent-2014\/#breadcrumb\",\"itemListElement\":[{\"@type\":\"ListItem\",\"position\":1,\"name\":\"Portada\",\"item\":\"https:\/\/www.ruralgia.com\/blog\/\"},{\"@type\":\"ListItem\",\"position\":2,\"name\":\"Moros y Cristianos de Bocairent 2014\"}]},{\"@type\":\"WebSite\",\"@id\":\"https:\/\/www.ruralgia.com\/blog\/#website\",\"url\":\"https:\/\/www.ruralgia.com\/blog\/\",\"name\":\"Ruralgia Blog\",\"description\":\"El blog de viajes y turismo de Ruralgia\",\"potentialAction\":[{\"@type\":\"SearchAction\",\"target\":{\"@type\":\"EntryPoint\",\"urlTemplate\":\"https:\/\/www.ruralgia.com\/blog\/?s={search_term_string}\"},\"query-input\":{\"@type\":\"PropertyValueSpecification\",\"valueRequired\":true,\"valueName\":\"search_term_string\"}}],\"inLanguage\":\"es\"},{\"@type\":\"Person\",\"@id\":\"https:\/\/www.ruralgia.com\/blog\/#\/schema\/person\/f9d61dcaa454dc132c65467750b88c01\",\"name\":\"admin\",\"image\":{\"@type\":\"ImageObject\",\"inLanguage\":\"es\",\"@id\":\"https:\/\/www.ruralgia.com\/blog\/#\/schema\/person\/image\/\",\"url\":\"https:\/\/secure.gravatar.com\/avatar\/308988d44afa417cbdf20b1a60ad4489?s=96&d=mm&r=g\",\"contentUrl\":\"https:\/\/secure.gravatar.com\/avatar\/308988d44afa417cbdf20b1a60ad4489?s=96&d=mm&r=g\",\"caption\":\"admin\"},\"url\":\"https:\/\/www.ruralgia.com\/blog\/author\/admin\/\"}]}<\/script>\n<!-- \/ Yoast SEO plugin. -->","yoast_head_json":{"title":"Moros y Cristianos de Bocairent 2014 - Ruralgia Blog","robots":{"index":"index","follow":"follow","max-snippet":"max-snippet:-1","max-image-preview":"max-image-preview:large","max-video-preview":"max-video-preview:-1"},"canonical":"https:\/\/www.ruralgia.com\/blog\/moros-y-cristianos-de-bocairent-2014\/","og_locale":"es_ES","og_type":"article","og_title":"Moros y Cristianos de Bocairent 2014 - Ruralgia Blog","og_description":"Dentro de 21 d\u00edas La localidad valenciana de Bocairent (Valencia)\u00a0celebra sus Fiestas Mayores, son las Fiestas de Moros y Cristianos, cuyo origen data de 1860 y se celebran en honor de San Blas. Del 01 de Febrero de 2014 \u00a0(S\u00e1bado) &hellip; Sigue leyendo &rarr;","og_url":"https:\/\/www.ruralgia.com\/blog\/moros-y-cristianos-de-bocairent-2014\/","og_site_name":"Ruralgia Blog","article_published_time":"2014-01-10T12:04:38+00:00","article_modified_time":"2014-01-11T15:28:02+00:00","og_image":[{"url":"https:\/\/www.ruralgia.com\/blog\/wp-content\/uploads\/2014\/01\/Espana-Valencia-Bocairent-fiesta-de-moros-y-cristianos-1.jpg","width":1,"height":1,"type":"image\/jpeg"}],"author":"admin","twitter_card":"summary_large_image","twitter_misc":{"Escrito por":"admin","Tiempo de lectura":"2 minutos"},"schema":{"@context":"https:\/\/schema.org","@graph":[{"@type":"WebPage","@id":"https:\/\/www.ruralgia.com\/blog\/moros-y-cristianos-de-bocairent-2014\/","url":"https:\/\/www.ruralgia.com\/blog\/moros-y-cristianos-de-bocairent-2014\/","name":"Moros y Cristianos de Bocairent 2014 - Ruralgia Blog","isPartOf":{"@id":"https:\/\/www.ruralgia.com\/blog\/#website"},"primaryImageOfPage":{"@id":"https:\/\/www.ruralgia.com\/blog\/moros-y-cristianos-de-bocairent-2014\/#primaryimage"},"image":{"@id":"https:\/\/www.ruralgia.com\/blog\/moros-y-cristianos-de-bocairent-2014\/#primaryimage"},"thumbnailUrl":"https:\/\/www.ruralgia.com\/blog\/wp-content\/uploads\/2014\/01\/Espana-Valencia-Bocairent-fiesta-de-moros-y-cristianos-1.jpg","datePublished":"2014-01-10T12:04:38+00:00","dateModified":"2014-01-11T15:28:02+00:00","author":{"@id":"https:\/\/www.ruralgia.com\/blog\/#\/schema\/person\/f9d61dcaa454dc132c65467750b88c01"},"breadcrumb":{"@id":"https:\/\/www.ruralgia.com\/blog\/moros-y-cristianos-de-bocairent-2014\/#breadcrumb"},"inLanguage":"es","potentialAction":[{"@type":"ReadAction","target":["https:\/\/www.ruralgia.com\/blog\/moros-y-cristianos-de-bocairent-2014\/"]}]},{"@type":"ImageObject","inLanguage":"es","@id":"https:\/\/www.ruralgia.com\/blog\/moros-y-cristianos-de-bocairent-2014\/#primaryimage","url":"https:\/\/www.ruralgia.com\/blog\/wp-content\/uploads\/2014\/01\/Espana-Valencia-Bocairent-fiesta-de-moros-y-cristianos-1.jpg","contentUrl":"https:\/\/www.ruralgia.com\/blog\/wp-content\/uploads\/2014\/01\/Espana-Valencia-Bocairent-fiesta-de-moros-y-cristianos-1.jpg"},{"@type":"BreadcrumbList","@id":"https:\/\/www.ruralgia.com\/blog\/moros-y-cristianos-de-bocairent-2014\/#breadcrumb","itemListElement":[{"@type":"ListItem","position":1,"name":"Portada","item":"https:\/\/www.ruralgia.com\/blog\/"},{"@type":"ListItem","position":2,"name":"Moros y Cristianos de Bocairent 2014"}]},{"@type":"WebSite","@id":"https:\/\/www.ruralgia.com\/blog\/#website","url":"https:\/\/www.ruralgia.com\/blog\/","name":"Ruralgia Blog","description":"El blog de viajes y turismo de Ruralgia","potentialAction":[{"@type":"SearchAction","target":{"@type":"EntryPoint","urlTemplate":"https:\/\/www.ruralgia.com\/blog\/?s={search_term_string}"},"query-input":{"@type":"PropertyValueSpecification","valueRequired":true,"valueName":"search_term_string"}}],"inLanguage":"es"},{"@type":"Person","@id":"https:\/\/www.ruralgia.com\/blog\/#\/schema\/person\/f9d61dcaa454dc132c65467750b88c01","name":"admin","image":{"@type":"ImageObject","inLanguage":"es","@id":"https:\/\/www.ruralgia.com\/blog\/#\/schema\/person\/image\/","url":"https:\/\/secure.gravatar.com\/avatar\/308988d44afa417cbdf20b1a60ad4489?s=96&d=mm&r=g","contentUrl":"https:\/\/secure.gravatar.com\/avatar\/308988d44afa417cbdf20b1a60ad4489?s=96&d=mm&r=g","caption":"admin"},"url":"https:\/\/www.ruralgia.com\/blog\/author\/admin\/"}]}},"amp_enabled":true,"_links":{"self":[{"href":"https:\/\/www.ruralgia.com\/blog\/wp-json\/wp\/v2\/posts\/2236","targetHints":{"allow":["GET"]}}],"collection":[{"href":"https:\/\/www.ruralgia.com\/blog\/wp-json\/wp\/v2\/posts"}],"about":[{"href":"https:\/\/www.ruralgia.com\/blog\/wp-json\/wp\/v2\/types\/post"}],"author":[{"embeddable":true,"href":"https:\/\/www.ruralgia.com\/blog\/wp-json\/wp\/v2\/users\/1"}],"replies":[{"embeddable":true,"href":"https:\/\/www.ruralgia.com\/blog\/wp-json\/wp\/v2\/comments?post=2236"}],"version-history":[{"count":16,"href":"https:\/\/www.ruralgia.com\/blog\/wp-json\/wp\/v2\/posts\/2236\/revisions"}],"predecessor-version":[{"id":2255,"href":"https:\/\/www.ruralgia.com\/blog\/wp-json\/wp\/v2\/posts\/2236\/revisions\/2255"}],"wp:featuredmedia":[{"embeddable":true,"href":"https:\/\/www.ruralgia.com\/blog\/wp-json\/wp\/v2\/media\/2239"}],"wp:attachment":[{"href":"https:\/\/www.ruralgia.com\/blog\/wp-json\/wp\/v2\/media?parent=2236"}],"wp:term":[{"taxonomy":"category","embeddable":true,"href":"https:\/\/www.ruralgia.com\/blog\/wp-json\/wp\/v2\/categories?post=2236"},{"taxonomy":"post_tag","embeddable":true,"href":"https:\/\/www.ruralgia.com\/blog\/wp-json\/wp\/v2\/tags?post=2236"}],"curies":[{"name":"wp","href":"https:\/\/api.w.org\/{rel}","templated":true}]}}