{"id":2257,"date":"2014-01-12T12:13:42","date_gmt":"2014-01-12T12:13:42","guid":{"rendered":"https:\/\/www.ruralgia.com\/blog\/?p=2257"},"modified":"2015-01-16T12:27:27","modified_gmt":"2015-01-16T12:27:27","slug":"hayedo-de-tejera-negra-sierra-de-ayllon-guadalajara","status":"publish","type":"post","link":"https:\/\/www.ruralgia.com\/blog\/hayedo-de-tejera-negra-sierra-de-ayllon-guadalajara\/","title":{"rendered":"Hayedo de Tejera Negra (Sierra de Ayll\u00f3n &#8211; Guadalajara)"},"content":{"rendered":"<div id=\"attachment_2258\" style=\"width: 235px\" class=\"wp-caption alignleft\"><a href=\"https:\/\/www.ruralgia.com\/blog\/wp-content\/uploads\/2014\/01\/Guadalajara-Hayedo-de-la-Tejera-Negra-3.jpg\" rel=\"lightbox[2257]\"><img loading=\"lazy\" decoding=\"async\" aria-describedby=\"caption-attachment-2258\" class=\" wp-image-2258  \" style=\"margin: 5px;\" src=\"https:\/\/www.ruralgia.com\/blog\/wp-content\/uploads\/2014\/01\/Guadalajara-Hayedo-de-la-Tejera-Negra-3-225x300.jpg\" alt=\"OLYMPUS DIGITAL CAMERA\" width=\"225\" height=\"400\" \/><\/a><p id=\"caption-attachment-2258\" class=\"wp-caption-text\">Hayedo Tejera Negra<\/p><\/div>\n<p>&nbsp;<\/p>\n<div id=\"attachment_2275\" style=\"width: 424px\" class=\"wp-caption alignright\"><a href=\"https:\/\/www.ruralgia.com\/blog\/wp-content\/uploads\/2014\/01\/Spain-pueblos-Cantalojas.jpg\" rel=\"lightbox[2257]\"><img loading=\"lazy\" decoding=\"async\" aria-describedby=\"caption-attachment-2275\" class=\"wp-image-2275     \" src=\"https:\/\/www.ruralgia.com\/blog\/wp-content\/uploads\/2014\/01\/Spain-pueblos-Cantalojas.jpg\" alt=\"Spain - pueblos - Cantalojas\" width=\"414\" height=\"375\" \/><\/a><p id=\"caption-attachment-2275\" class=\"wp-caption-text\">Cantalojas<\/p><\/div>\n<p>Parque Natural (RD 3158\/78). Se encuentra en el noroeste de la <strong>provincia de\u00a0<\/strong><strong>Guadalajara<\/strong>, en el <strong>t\u00e9rmino municipal de Cantalojas<\/strong> y tiene una superficie de 1.391 ha. Es un parque forestal situado en la Cordillera Central dentro del macizo de Ayll\u00f3n.<\/p>\n<p>De terreno abrupto, la cumbre m\u00e1s alta alcanza los 2.000 m. Los cursos de agua m\u00e1s importantes son el r\u00edo Lillas y el r\u00edo Zarza.\u00a0En algunos puntos aparecen pinos silvestres. El matorral est\u00e1 compuesto por brezos, calluna y jaras.<\/p>\n<div id=\"attachment_2270\" style=\"width: 210px\" class=\"wp-caption alignright\"><a style=\"background-color: #f3f3f3; text-align: center;\" href=\"https:\/\/www.ruralgia.com\/blog\/wp-content\/uploads\/2014\/01\/rios-Lillas-Sierra-de-Ayllon-Guadalajara.jpg\" rel=\"lightbox[2257]\"><img loading=\"lazy\" decoding=\"async\" aria-describedby=\"caption-attachment-2270\" class=\"wp-image-2270 \" style=\"margin: 5px;\" src=\"https:\/\/www.ruralgia.com\/blog\/wp-content\/uploads\/2014\/01\/rios-Lillas-Sierra-de-Ayllon-Guadalajara.jpg\" alt=\"rios - Lillas - Sierra de Ayllon - Guadalajara\" width=\"200\" height=\"200\" \/><\/a><p id=\"caption-attachment-2270\" class=\"wp-caption-text\">R\u00edo Lillas<\/p><\/div>\n<div id=\"attachment_2269\" style=\"width: 210px\" class=\"wp-caption alignleft\"><a href=\"https:\/\/www.ruralgia.com\/blog\/wp-content\/uploads\/2014\/01\/rios-Zarza-Sierra-de-Ayllon-Guadalajara.jpg\" rel=\"lightbox[2257]\"><img loading=\"lazy\" decoding=\"async\" aria-describedby=\"caption-attachment-2269\" class=\"wp-image-2269 \" style=\"margin: 5px;\" src=\"https:\/\/www.ruralgia.com\/blog\/wp-content\/uploads\/2014\/01\/rios-Zarza-Sierra-de-Ayllon-Guadalajara.jpg\" alt=\"rios - Zarza - Sierra de Ayllon - Guadalajara\" width=\"200\" height=\"200\" \/><\/a><p id=\"caption-attachment-2269\" class=\"wp-caption-text\">R\u00edo Zarza<\/p><\/div>\n<p>&nbsp;<\/p>\n<p>&nbsp;<\/p>\n<p>&nbsp;<\/p>\n<p>&nbsp;<\/p>\n<p>&nbsp;<\/p>\n<p>&nbsp;<\/p>\n<p>&nbsp;<\/p>\n<p>&nbsp;<\/p>\n<p>&nbsp;<\/p>\n<p><strong>Se trata de unos de los hayedos m\u00e1s meridionales de Europa<\/strong>, que comparte el estrato arb\u00f3reo con otras especies como:<\/p>\n<div id=\"attachment_2264\" style=\"width: 220px\" class=\"wp-caption alignleft\"><a href=\"https:\/\/www.ruralgia.com\/blog\/wp-content\/uploads\/2014\/01\/arboles-rebollo.jpg\" rel=\"lightbox[2257]\"><img loading=\"lazy\" decoding=\"async\" aria-describedby=\"caption-attachment-2264\" class=\"wp-image-2264  \" src=\"https:\/\/www.ruralgia.com\/blog\/wp-content\/uploads\/2014\/01\/arboles-rebollo-300x225.jpg\" alt=\"arboles - rebollo\" width=\"210\" height=\"210\" srcset=\"https:\/\/www.ruralgia.com\/blog\/wp-content\/uploads\/2014\/01\/arboles-rebollo-150x150.jpg 150w, https:\/\/www.ruralgia.com\/blog\/wp-content\/uploads\/2014\/01\/arboles-rebollo-144x144.jpg 144w\" sizes=\"auto, (max-width: 210px) 100vw, 210px\" \/><\/a><p id=\"caption-attachment-2264\" class=\"wp-caption-text\">Rebollo<\/p><\/div>\n<div id=\"attachment_2265\" style=\"width: 220px\" class=\"wp-caption alignleft\"><a href=\"https:\/\/www.ruralgia.com\/blog\/wp-content\/uploads\/2014\/01\/arboles-serbal.jpg\" rel=\"lightbox[2257]\"><img loading=\"lazy\" decoding=\"async\" aria-describedby=\"caption-attachment-2265\" class=\"wp-image-2265  \" src=\"https:\/\/www.ruralgia.com\/blog\/wp-content\/uploads\/2014\/01\/arboles-serbal-243x300.jpg\" alt=\"arboles - serbal\" width=\"210\" height=\"210\" srcset=\"https:\/\/www.ruralgia.com\/blog\/wp-content\/uploads\/2014\/01\/arboles-serbal-150x150.jpg 150w, https:\/\/www.ruralgia.com\/blog\/wp-content\/uploads\/2014\/01\/arboles-serbal-144x144.jpg 144w\" sizes=\"auto, (max-width: 210px) 100vw, 210px\" \/><\/a><p id=\"caption-attachment-2265\" class=\"wp-caption-text\">Serbal<\/p><\/div>\n<div id=\"attachment_2266\" style=\"width: 220px\" class=\"wp-caption alignleft\"><a href=\"https:\/\/www.ruralgia.com\/blog\/wp-content\/uploads\/2014\/01\/arboles-tejo.jpg\" rel=\"lightbox[2257]\"><img loading=\"lazy\" decoding=\"async\" aria-describedby=\"caption-attachment-2266\" class=\"wp-image-2266   \" style=\"margin-left: 5px; margin-right: 5px;\" src=\"https:\/\/www.ruralgia.com\/blog\/wp-content\/uploads\/2014\/01\/arboles-tejo-300x225.jpg\" alt=\"arboles - tejo\" width=\"210\" height=\"210\" srcset=\"https:\/\/www.ruralgia.com\/blog\/wp-content\/uploads\/2014\/01\/arboles-tejo-150x150.jpg 150w, https:\/\/www.ruralgia.com\/blog\/wp-content\/uploads\/2014\/01\/arboles-tejo-144x144.jpg 144w\" sizes=\"auto, (max-width: 210px) 100vw, 210px\" \/><\/a><p id=\"caption-attachment-2266\" class=\"wp-caption-text\">Tejo<\/p><\/div>\n<div id=\"attachment_2267\" style=\"width: 220px\" class=\"wp-caption alignleft\"><a href=\"https:\/\/www.ruralgia.com\/blog\/wp-content\/uploads\/2014\/01\/arboles-abedul.jpg\" rel=\"lightbox[2257]\"><img loading=\"lazy\" decoding=\"async\" aria-describedby=\"caption-attachment-2267\" class=\"wp-image-2267  \" src=\"https:\/\/www.ruralgia.com\/blog\/wp-content\/uploads\/2014\/01\/arboles-abedul-210x300.jpg\" alt=\"arboles - abedul\" width=\"210\" height=\"210\" srcset=\"https:\/\/www.ruralgia.com\/blog\/wp-content\/uploads\/2014\/01\/arboles-abedul-150x150.jpg 150w, https:\/\/www.ruralgia.com\/blog\/wp-content\/uploads\/2014\/01\/arboles-abedul-144x144.jpg 144w\" sizes=\"auto, (max-width: 210px) 100vw, 210px\" \/><\/a><p id=\"caption-attachment-2267\" class=\"wp-caption-text\">Abedul<\/p><\/div>\n<div id=\"attachment_2268\" style=\"width: 220px\" class=\"wp-caption alignleft\"><a href=\"https:\/\/www.ruralgia.com\/blog\/wp-content\/uploads\/2014\/01\/arboles-quejigo.jpg\" rel=\"lightbox[2257]\"><img loading=\"lazy\" decoding=\"async\" aria-describedby=\"caption-attachment-2268\" class=\"wp-image-2268  \" src=\"https:\/\/www.ruralgia.com\/blog\/wp-content\/uploads\/2014\/01\/arboles-quejigo.jpg\" alt=\"arboles - quejigo\" width=\"210\" height=\"210\" srcset=\"https:\/\/www.ruralgia.com\/blog\/wp-content\/uploads\/2014\/01\/arboles-quejigo-150x150.jpg 150w, https:\/\/www.ruralgia.com\/blog\/wp-content\/uploads\/2014\/01\/arboles-quejigo-144x144.jpg 144w\" sizes=\"auto, (max-width: 210px) 100vw, 210px\" \/><\/a><p id=\"caption-attachment-2268\" class=\"wp-caption-text\">Quejigo<\/p><\/div>\n<p>&nbsp;<\/p>\n<p>&nbsp;<\/p>\n<p>&nbsp;<\/p>\n<p>&nbsp;<\/p>\n<p>&nbsp;<\/p>\n<p>&nbsp;<\/p>\n<p>&nbsp;<\/p>\n<p>&nbsp;<\/p>\n<div id=\"attachment_2278\" style=\"width: 220px\" class=\"wp-caption alignleft\"><a href=\"https:\/\/www.ruralgia.com\/blog\/wp-content\/uploads\/2014\/01\/arboles-pino.jpg\" rel=\"lightbox[2257]\"><img loading=\"lazy\" decoding=\"async\" aria-describedby=\"caption-attachment-2278\" class=\" wp-image-2278 \" src=\"https:\/\/www.ruralgia.com\/blog\/wp-content\/uploads\/2014\/01\/arboles-pino.jpg\" alt=\"arboles - pino\" width=\"210\" height=\"210\" srcset=\"https:\/\/www.ruralgia.com\/blog\/wp-content\/uploads\/2014\/01\/arboles-pino-150x150.jpg 150w, https:\/\/www.ruralgia.com\/blog\/wp-content\/uploads\/2014\/01\/arboles-pino-144x144.jpg 144w\" sizes=\"auto, (max-width: 210px) 100vw, 210px\" \/><\/a><p id=\"caption-attachment-2278\" class=\"wp-caption-text\">Pino<\/p><\/div>\n<div id=\"attachment_2279\" style=\"width: 220px\" class=\"wp-caption alignleft\"><a href=\"https:\/\/www.ruralgia.com\/blog\/wp-content\/uploads\/2014\/01\/Plantas-jara.jpg\" rel=\"lightbox[2257]\"><img loading=\"lazy\" decoding=\"async\" aria-describedby=\"caption-attachment-2279\" class=\" wp-image-2279 \" src=\"https:\/\/www.ruralgia.com\/blog\/wp-content\/uploads\/2014\/01\/Plantas-jara.jpg\" alt=\"Plantas - jara\" width=\"210\" height=\"210\" srcset=\"https:\/\/www.ruralgia.com\/blog\/wp-content\/uploads\/2014\/01\/Plantas-jara-150x150.jpg 150w, https:\/\/www.ruralgia.com\/blog\/wp-content\/uploads\/2014\/01\/Plantas-jara-144x144.jpg 144w\" sizes=\"auto, (max-width: 210px) 100vw, 210px\" \/><\/a><p id=\"caption-attachment-2279\" class=\"wp-caption-text\">Jara<\/p><\/div>\n<div id=\"attachment_2280\" style=\"width: 220px\" class=\"wp-caption alignleft\"><a href=\"https:\/\/www.ruralgia.com\/blog\/wp-content\/uploads\/2014\/01\/Plantas-calluma.jpg\" rel=\"lightbox[2257]\"><img loading=\"lazy\" decoding=\"async\" aria-describedby=\"caption-attachment-2280\" class=\" wp-image-2280  \" src=\"https:\/\/www.ruralgia.com\/blog\/wp-content\/uploads\/2014\/01\/Plantas-calluma.jpg\" alt=\"Plantas - calluma\" width=\"210\" height=\"210\" srcset=\"https:\/\/www.ruralgia.com\/blog\/wp-content\/uploads\/2014\/01\/Plantas-calluma-150x150.jpg 150w, https:\/\/www.ruralgia.com\/blog\/wp-content\/uploads\/2014\/01\/Plantas-calluma-144x144.jpg 144w\" sizes=\"auto, (max-width: 210px) 100vw, 210px\" \/><\/a><p id=\"caption-attachment-2280\" class=\"wp-caption-text\">Calluna<\/p><\/div>\n<div id=\"attachment_2281\" style=\"width: 220px\" class=\"wp-caption alignleft\"><a href=\"https:\/\/www.ruralgia.com\/blog\/wp-content\/uploads\/2014\/01\/Plantas-brezo.jpg\" rel=\"lightbox[2257]\"><img loading=\"lazy\" decoding=\"async\" aria-describedby=\"caption-attachment-2281\" class=\" wp-image-2281 \" src=\"https:\/\/www.ruralgia.com\/blog\/wp-content\/uploads\/2014\/01\/Plantas-brezo.jpg\" alt=\"Plantas - brezo\" width=\"210\" height=\"210\" srcset=\"https:\/\/www.ruralgia.com\/blog\/wp-content\/uploads\/2014\/01\/Plantas-brezo-150x150.jpg 150w, https:\/\/www.ruralgia.com\/blog\/wp-content\/uploads\/2014\/01\/Plantas-brezo-144x144.jpg 144w\" sizes=\"auto, (max-width: 210px) 100vw, 210px\" \/><\/a><p id=\"caption-attachment-2281\" class=\"wp-caption-text\">Brezo<\/p><\/div>\n<div id=\"attachment_2291\" style=\"width: 220px\" class=\"wp-caption alignleft\"><a href=\"https:\/\/www.ruralgia.com\/blog\/wp-content\/uploads\/2014\/01\/Guadalajara-Hayedo-de-la-Tejera-Negra-11.jpg\" rel=\"lightbox[2257]\"><img loading=\"lazy\" decoding=\"async\" aria-describedby=\"caption-attachment-2291\" class=\" wp-image-2291 \" src=\"https:\/\/www.ruralgia.com\/blog\/wp-content\/uploads\/2014\/01\/Guadalajara-Hayedo-de-la-Tejera-Negra-11.jpg\" alt=\"Guadalajara - Hayedo de la Tejera Negra 1\" width=\"210\" height=\"210\" srcset=\"https:\/\/www.ruralgia.com\/blog\/wp-content\/uploads\/2014\/01\/Guadalajara-Hayedo-de-la-Tejera-Negra-11-150x150.jpg 150w, https:\/\/www.ruralgia.com\/blog\/wp-content\/uploads\/2014\/01\/Guadalajara-Hayedo-de-la-Tejera-Negra-11-144x144.jpg 144w\" sizes=\"auto, (max-width: 210px) 100vw, 210px\" \/><\/a><p id=\"caption-attachment-2291\" class=\"wp-caption-text\">Hayedo Tejera Negra en Oto\u00f1o<\/p><\/div>\n<p>&nbsp;<\/p>\n<p>&nbsp;<\/p>\n<p>&nbsp;<\/p>\n<p>&nbsp;<\/p>\n<p>&nbsp;<\/p>\n<p>&nbsp;<\/p>\n<p>&nbsp;<\/p>\n<p>&nbsp;<\/p>\n<p>&nbsp;<\/p>\n<p>&nbsp;<\/p>\n<p>El oto\u00f1o pinta el hayedo de cientos de tonalidades que van del ocre al naranja y al rojo, adem\u00e1s debido a la humedad se llenan sus suelos de setas. Durante el \u00a0invierno, es dur\u00edsimo ya que la \u00a0nieve es casi permanente durante dos o tres meses. La c\u00e1mara de fotos es imprescindible.<\/p>\n<p>Entre la fauna destaca, entre otros, la presencia del corzo, el desm\u00e1n del Pirineo, la nutria y el gato mont\u00e9s.<\/p>\n<div id=\"attachment_2286\" style=\"width: 220px\" class=\"wp-caption alignleft\"><a href=\"https:\/\/www.ruralgia.com\/blog\/wp-content\/uploads\/2014\/01\/animales-desman-del-pirineo.jpg\" rel=\"lightbox[2257]\"><img loading=\"lazy\" decoding=\"async\" aria-describedby=\"caption-attachment-2286\" class=\" wp-image-2286  \" src=\"https:\/\/www.ruralgia.com\/blog\/wp-content\/uploads\/2014\/01\/animales-desman-del-pirineo.jpg\" alt=\"Desm\u00e1n del Pirineo\" width=\"210\" height=\"210\" srcset=\"https:\/\/www.ruralgia.com\/blog\/wp-content\/uploads\/2014\/01\/animales-desman-del-pirineo-150x150.jpg 150w, https:\/\/www.ruralgia.com\/blog\/wp-content\/uploads\/2014\/01\/animales-desman-del-pirineo-144x144.jpg 144w\" sizes=\"auto, (max-width: 210px) 100vw, 210px\" \/><\/a><p id=\"caption-attachment-2286\" class=\"wp-caption-text\">Desm\u00e1n del Pirineo<\/p><\/div>\n<div id=\"attachment_2285\" style=\"width: 220px\" class=\"wp-caption alignleft\"><a href=\"https:\/\/www.ruralgia.com\/blog\/wp-content\/uploads\/2014\/01\/animales-nutria.jpg\" rel=\"lightbox[2257]\"><img loading=\"lazy\" decoding=\"async\" aria-describedby=\"caption-attachment-2285\" class=\" wp-image-2285  \" src=\"https:\/\/www.ruralgia.com\/blog\/wp-content\/uploads\/2014\/01\/animales-nutria.jpg\" alt=\"Nutria\" width=\"210\" height=\"210\" srcset=\"https:\/\/www.ruralgia.com\/blog\/wp-content\/uploads\/2014\/01\/animales-nutria-150x150.jpg 150w, https:\/\/www.ruralgia.com\/blog\/wp-content\/uploads\/2014\/01\/animales-nutria-144x144.jpg 144w\" sizes=\"auto, (max-width: 210px) 100vw, 210px\" \/><\/a><p id=\"caption-attachment-2285\" class=\"wp-caption-text\">Nutria<\/p><\/div>\n<div id=\"attachment_2282\" style=\"width: 220px\" class=\"wp-caption alignleft\"><a href=\"https:\/\/www.ruralgia.com\/blog\/wp-content\/uploads\/2014\/01\/animales-corzo.jpg\" rel=\"lightbox[2257]\"><img loading=\"lazy\" decoding=\"async\" aria-describedby=\"caption-attachment-2282\" class=\" wp-image-2282  \" src=\"https:\/\/www.ruralgia.com\/blog\/wp-content\/uploads\/2014\/01\/animales-corzo.jpg\" alt=\"Corzo\" width=\"210\" height=\"210\" srcset=\"https:\/\/www.ruralgia.com\/blog\/wp-content\/uploads\/2014\/01\/animales-corzo-150x150.jpg 150w, https:\/\/www.ruralgia.com\/blog\/wp-content\/uploads\/2014\/01\/animales-corzo-144x144.jpg 144w\" sizes=\"auto, (max-width: 210px) 100vw, 210px\" \/><\/a><p id=\"caption-attachment-2282\" class=\"wp-caption-text\">Corzo<\/p><\/div>\n<div id=\"attachment_2322\" style=\"width: 220px\" class=\"wp-caption alignleft\"><a href=\"https:\/\/www.ruralgia.com\/blog\/wp-content\/uploads\/2014\/01\/animales-gato-montes1.jpg\" rel=\"lightbox[2257]\"><img loading=\"lazy\" decoding=\"async\" aria-describedby=\"caption-attachment-2322\" class=\" wp-image-2322\" src=\"https:\/\/www.ruralgia.com\/blog\/wp-content\/uploads\/2014\/01\/animales-gato-montes1.jpg\" alt=\"animales - gato montes\" width=\"210\" height=\"210\" srcset=\"https:\/\/www.ruralgia.com\/blog\/wp-content\/uploads\/2014\/01\/animales-gato-montes1-150x150.jpg 150w, https:\/\/www.ruralgia.com\/blog\/wp-content\/uploads\/2014\/01\/animales-gato-montes1-144x144.jpg 144w\" sizes=\"auto, (max-width: 210px) 100vw, 210px\" \/><\/a><p id=\"caption-attachment-2322\" class=\"wp-caption-text\">Gato mont\u00e9s<\/p><\/div>\n<div id=\"attachment_2292\" style=\"width: 220px\" class=\"wp-caption alignleft\"><a href=\"https:\/\/www.ruralgia.com\/blog\/wp-content\/uploads\/2014\/01\/Guadalajara-Hayedo-de-la-Tejera-Negra-7.jpg\" rel=\"lightbox[2257]\"><img loading=\"lazy\" decoding=\"async\" aria-describedby=\"caption-attachment-2292\" class=\" wp-image-2292\" src=\"https:\/\/www.ruralgia.com\/blog\/wp-content\/uploads\/2014\/01\/Guadalajara-Hayedo-de-la-Tejera-Negra-7.jpg\" alt=\"Guadalajara - Hayedo de la Tejera Negra 7\" width=\"210\" height=\"210\" srcset=\"https:\/\/www.ruralgia.com\/blog\/wp-content\/uploads\/2014\/01\/Guadalajara-Hayedo-de-la-Tejera-Negra-7-150x150.jpg 150w, https:\/\/www.ruralgia.com\/blog\/wp-content\/uploads\/2014\/01\/Guadalajara-Hayedo-de-la-Tejera-Negra-7-144x144.jpg 144w\" sizes=\"auto, (max-width: 210px) 100vw, 210px\" \/><\/a><p id=\"caption-attachment-2292\" class=\"wp-caption-text\">Hayedo Tejera Negra<\/p><\/div>\n<p>&nbsp;<\/p>\n<p>&nbsp;<\/p>\n<p>&nbsp;<\/p>\n<p>&nbsp;<\/p>\n<p>&nbsp;<\/p>\n<p>&nbsp;<\/p>\n<p>&nbsp;<\/p>\n<p>&nbsp;<\/p>\n<p>&nbsp;<\/p>\n<p>Tambi\u00e9n es posible observar un buen n\u00famero de aves de presa: \u00e1guila real, \u00e1guila calzada, \u00e1guila culebrera y \u00e1guila perdicera.<\/p>\n<div id=\"attachment_2294\" style=\"width: 220px\" class=\"wp-caption alignleft\"><a href=\"https:\/\/www.ruralgia.com\/blog\/wp-content\/uploads\/2014\/01\/animales-aguila-perdicera.jpg\" rel=\"lightbox[2257]\"><img loading=\"lazy\" decoding=\"async\" aria-describedby=\"caption-attachment-2294\" class=\" wp-image-2294 \" src=\"https:\/\/www.ruralgia.com\/blog\/wp-content\/uploads\/2014\/01\/animales-aguila-perdicera.jpg\" alt=\"animales - aguila perdicera\" width=\"210\" height=\"210\" srcset=\"https:\/\/www.ruralgia.com\/blog\/wp-content\/uploads\/2014\/01\/animales-aguila-perdicera-150x150.jpg 150w, https:\/\/www.ruralgia.com\/blog\/wp-content\/uploads\/2014\/01\/animales-aguila-perdicera-144x144.jpg 144w\" sizes=\"auto, (max-width: 210px) 100vw, 210px\" \/><\/a><p id=\"caption-attachment-2294\" class=\"wp-caption-text\">\u00c1guila perdicera<\/p><\/div>\n<div id=\"attachment_2295\" style=\"width: 220px\" class=\"wp-caption alignleft\"><a href=\"https:\/\/www.ruralgia.com\/blog\/wp-content\/uploads\/2014\/01\/animales-aguila-culebrera.jpg\" rel=\"lightbox[2257]\"><img loading=\"lazy\" decoding=\"async\" aria-describedby=\"caption-attachment-2295\" class=\" wp-image-2295 \" src=\"https:\/\/www.ruralgia.com\/blog\/wp-content\/uploads\/2014\/01\/animales-aguila-culebrera.jpg\" alt=\"animales - aguila culebrera\" width=\"210\" height=\"210\" srcset=\"https:\/\/www.ruralgia.com\/blog\/wp-content\/uploads\/2014\/01\/animales-aguila-culebrera-150x150.jpg 150w, https:\/\/www.ruralgia.com\/blog\/wp-content\/uploads\/2014\/01\/animales-aguila-culebrera-144x144.jpg 144w\" sizes=\"auto, (max-width: 210px) 100vw, 210px\" \/><\/a><p id=\"caption-attachment-2295\" class=\"wp-caption-text\">\u00c1guila culebrera<\/p><\/div>\n<div id=\"attachment_2296\" style=\"width: 220px\" class=\"wp-caption alignleft\"><a href=\"https:\/\/www.ruralgia.com\/blog\/wp-content\/uploads\/2014\/01\/animales-aguila-calzada.jpg\" rel=\"lightbox[2257]\"><img loading=\"lazy\" decoding=\"async\" aria-describedby=\"caption-attachment-2296\" class=\" wp-image-2296 \" src=\"https:\/\/www.ruralgia.com\/blog\/wp-content\/uploads\/2014\/01\/animales-aguila-calzada.jpg\" alt=\"animales - aguila calzada\" width=\"210\" height=\"210\" srcset=\"https:\/\/www.ruralgia.com\/blog\/wp-content\/uploads\/2014\/01\/animales-aguila-calzada.jpg 225w, https:\/\/www.ruralgia.com\/blog\/wp-content\/uploads\/2014\/01\/animales-aguila-calzada-150x150.jpg 150w, https:\/\/www.ruralgia.com\/blog\/wp-content\/uploads\/2014\/01\/animales-aguila-calzada-144x144.jpg 144w\" sizes=\"auto, (max-width: 210px) 100vw, 210px\" \/><\/a><p id=\"caption-attachment-2296\" class=\"wp-caption-text\">\u00c1guila calzada<\/p><\/div>\n<div id=\"attachment_2297\" style=\"width: 220px\" class=\"wp-caption alignleft\"><a href=\"https:\/\/www.ruralgia.com\/blog\/wp-content\/uploads\/2014\/01\/descarga1.jpg\" rel=\"lightbox[2257]\"><img loading=\"lazy\" decoding=\"async\" aria-describedby=\"caption-attachment-2297\" class=\" wp-image-2297 \" src=\"https:\/\/www.ruralgia.com\/blog\/wp-content\/uploads\/2014\/01\/descarga1.jpg\" alt=\"animales - aguila real\" width=\"210\" height=\"210\" \/><\/a><p id=\"caption-attachment-2297\" class=\"wp-caption-text\">\u00c1guila real<\/p><\/div>\n<div id=\"attachment_2298\" style=\"width: 220px\" class=\"wp-caption alignleft\"><a href=\"https:\/\/www.ruralgia.com\/blog\/wp-content\/uploads\/2014\/01\/Guadalajara-Hayedo-de-la-Tejera-Negra-51.jpg\" rel=\"lightbox[2257]\"><img loading=\"lazy\" decoding=\"async\" aria-describedby=\"caption-attachment-2298\" class=\" wp-image-2298 \" src=\"https:\/\/www.ruralgia.com\/blog\/wp-content\/uploads\/2014\/01\/Guadalajara-Hayedo-de-la-Tejera-Negra-51.jpg\" alt=\"Guadalajara - Hayedo de la Tejera Negra 5\" width=\"210\" height=\"210\" srcset=\"https:\/\/www.ruralgia.com\/blog\/wp-content\/uploads\/2014\/01\/Guadalajara-Hayedo-de-la-Tejera-Negra-51-150x150.jpg 150w, https:\/\/www.ruralgia.com\/blog\/wp-content\/uploads\/2014\/01\/Guadalajara-Hayedo-de-la-Tejera-Negra-51-144x144.jpg 144w\" sizes=\"auto, (max-width: 210px) 100vw, 210px\" \/><\/a><p id=\"caption-attachment-2298\" class=\"wp-caption-text\">Hayedo Tejera Negra<\/p><\/div>\n<p>&nbsp;<\/p>\n<p>&nbsp;<\/p>\n<p>&nbsp;<\/p>\n<p>&nbsp;<\/p>\n<p>&nbsp;<\/p>\n<p>&nbsp;<\/p>\n<p>&nbsp;<\/p>\n<p>&nbsp;<\/p>\n<p>&nbsp;<\/p>\n<p>Y otras de gran inter\u00e9s como el piquituerto y el treparriscos en invierno.<\/p>\n<div id=\"attachment_2305\" style=\"width: 220px\" class=\"wp-caption alignleft\"><a href=\"https:\/\/www.ruralgia.com\/blog\/wp-content\/uploads\/2014\/01\/animales-aves-piquituerto.jpg\" rel=\"lightbox[2257]\"><img loading=\"lazy\" decoding=\"async\" aria-describedby=\"caption-attachment-2305\" class=\" wp-image-2305\" src=\"https:\/\/www.ruralgia.com\/blog\/wp-content\/uploads\/2014\/01\/animales-aves-piquituerto.jpg\" alt=\"animales - aves - piquituerto\" width=\"210\" height=\"210\" srcset=\"https:\/\/www.ruralgia.com\/blog\/wp-content\/uploads\/2014\/01\/animales-aves-piquituerto-150x150.jpg 150w, https:\/\/www.ruralgia.com\/blog\/wp-content\/uploads\/2014\/01\/animales-aves-piquituerto-144x144.jpg 144w\" sizes=\"auto, (max-width: 210px) 100vw, 210px\" \/><\/a><p id=\"caption-attachment-2305\" class=\"wp-caption-text\">Piquituerto<\/p><\/div>\n<div id=\"attachment_2304\" style=\"width: 220px\" class=\"wp-caption alignleft\"><a href=\"https:\/\/www.ruralgia.com\/blog\/wp-content\/uploads\/2014\/01\/animales-aves-treparriscos.jpg\" rel=\"lightbox[2257]\"><img loading=\"lazy\" decoding=\"async\" aria-describedby=\"caption-attachment-2304\" class=\" wp-image-2304\" src=\"https:\/\/www.ruralgia.com\/blog\/wp-content\/uploads\/2014\/01\/animales-aves-treparriscos.jpg\" alt=\"animales - aves - treparriscos\" width=\"210\" height=\"210\" srcset=\"https:\/\/www.ruralgia.com\/blog\/wp-content\/uploads\/2014\/01\/animales-aves-treparriscos-150x150.jpg 150w, https:\/\/www.ruralgia.com\/blog\/wp-content\/uploads\/2014\/01\/animales-aves-treparriscos-144x144.jpg 144w\" sizes=\"auto, (max-width: 210px) 100vw, 210px\" \/><\/a><p id=\"caption-attachment-2304\" class=\"wp-caption-text\">Treparriscos<\/p><\/div>\n<p>&nbsp;<\/p>\n<p><strong>La principal v\u00eda de acceso al Parque es el pueblo de Cantalojas<\/strong>, desde donde parte una pista forestal que tras 3 km cruza el r\u00edo Lillas y sube hacia el collado del Hornillo, para llegar frente al barranco de Tejera Negra.<\/p>\n<p>Antes de alcanzar el collado del Hornillo sale una desviaci\u00f3n a la derecha que baja hasta la misma ribera del r\u00edo Lillas, donde est\u00e1 instalada un \u00e1rea de acampada.<\/p>\n<p><strong>La entrada al espacio protegido<\/strong> est\u00e1 cerrada a veh\u00edculos, no permiti\u00e9ndose transitar por su interior m\u00e1s que a pie.<\/p>\n<p>En esta entrada existen unos paneles donde se indican unos itinerarios que permiten contemplar toda la riqueza del Parque.<\/p>\n<p>&nbsp;<\/p>\n<div id=\"attachment_2306\" style=\"width: 220px\" class=\"wp-caption alignleft\"><a href=\"https:\/\/www.ruralgia.com\/blog\/wp-content\/uploads\/2014\/01\/Guadalajara-Hayedo-de-la-Tejera-Negra-Cantalojas-Collado-del-Hornillo-2.jpg\" rel=\"lightbox[2257]\"><img loading=\"lazy\" decoding=\"async\" aria-describedby=\"caption-attachment-2306\" class=\" wp-image-2306\" src=\"https:\/\/www.ruralgia.com\/blog\/wp-content\/uploads\/2014\/01\/Guadalajara-Hayedo-de-la-Tejera-Negra-Cantalojas-Collado-del-Hornillo-2.jpg\" alt=\"Guadalajara - Hayedo de la Tejera Negra - Cantalojas - Collado del Hornillo 2\" width=\"210\" height=\"210\" srcset=\"https:\/\/www.ruralgia.com\/blog\/wp-content\/uploads\/2014\/01\/Guadalajara-Hayedo-de-la-Tejera-Negra-Cantalojas-Collado-del-Hornillo-2-150x150.jpg 150w, https:\/\/www.ruralgia.com\/blog\/wp-content\/uploads\/2014\/01\/Guadalajara-Hayedo-de-la-Tejera-Negra-Cantalojas-Collado-del-Hornillo-2-144x144.jpg 144w\" sizes=\"auto, (max-width: 210px) 100vw, 210px\" \/><\/a><p id=\"caption-attachment-2306\" class=\"wp-caption-text\">Collado del Hornillo &#8211; Panel<\/p><\/div>\n<div id=\"attachment_2307\" style=\"width: 220px\" class=\"wp-caption alignleft\"><a href=\"https:\/\/www.ruralgia.com\/blog\/wp-content\/uploads\/2014\/01\/Guadalajara-Hayedo-de-la-Tejera-Negra-Cantalojas-Collado-del-Hornillo.jpg\" rel=\"lightbox[2257]\"><img loading=\"lazy\" decoding=\"async\" aria-describedby=\"caption-attachment-2307\" class=\" wp-image-2307\" src=\"https:\/\/www.ruralgia.com\/blog\/wp-content\/uploads\/2014\/01\/Guadalajara-Hayedo-de-la-Tejera-Negra-Cantalojas-Collado-del-Hornillo.jpg\" alt=\"Guadalajara - Hayedo de la Tejera Negra - Cantalojas - Collado del Hornillo\" width=\"210\" height=\"210\" srcset=\"https:\/\/www.ruralgia.com\/blog\/wp-content\/uploads\/2014\/01\/Guadalajara-Hayedo-de-la-Tejera-Negra-Cantalojas-Collado-del-Hornillo-150x150.jpg 150w, https:\/\/www.ruralgia.com\/blog\/wp-content\/uploads\/2014\/01\/Guadalajara-Hayedo-de-la-Tejera-Negra-Cantalojas-Collado-del-Hornillo-144x144.jpg 144w\" sizes=\"auto, (max-width: 210px) 100vw, 210px\" \/><\/a><p id=\"caption-attachment-2307\" class=\"wp-caption-text\">Collado del Hornillo<\/p><\/div>\n<p>&nbsp;<\/p>\n<p><strong>Existen 2 rutas circulares para realizar a pie<\/strong>: la Senda de Carretas y la Senda del Robledal.<\/p>\n<p><strong>Y una ruta circular se\u00f1alizada para bicicletas<\/strong> que llega al Rio Zarzas. <a href=\"http:\/\/www.wikirutas.es\/rutas\/versionimprimible.asp?id=782\" target=\"_blank\">M\u00e1s informaci\u00f3n ruta en bici<\/a>.<\/p>\n<p>&nbsp;<\/p>\n<p>Hay visitas guiadas y tambi\u00e9n con un Centro de Interpretaci\u00f3n. Tel\u00e9fono de informaci\u00f3n: 630 36 79 90.<\/p>\n<p><strong>ACCESOS<\/strong><\/p>\n<p>Accesos a Cantalojas desde Madrid por la A-1 hasta Km 103, tomar desv\u00edo N-110-Riaza y desv\u00edo CL-114-Ayll\u00f3n. Desde Guadalajara por la CM-101 direcci\u00f3n Fontanar-Fuencemill\u00e1n, CM-1001 Humanes-Cogolludo, CM-1006 Veguillas-Galve de Sorbe, GU-213 Cantalojas. Entrada libre. Necesario reservar plaza de aparcamiento en oto\u00f1o.<\/p>\n<p>&nbsp;<\/p>\n<p><a href=\"http:\/\/www.turismocastillalamancha.es\/naturaleza\/hayedo-de-tejera-negra-53172\/visita\/?acc=guiaPDF\" target=\"_blank\">Descargar la gu\u00eda<\/a> facilitada por www.turismocastillalamancha.es<\/p>\n<div id=\"attachment_2329\" style=\"width: 766px\" class=\"wp-caption alignleft\"><a href=\"https:\/\/www.ruralgia.com\/blog\/wp-content\/uploads\/2014\/01\/Guadalajara-Hayedo-de-la-Tejera-Negra-9.png\" rel=\"lightbox[2257]\"><img loading=\"lazy\" decoding=\"async\" aria-describedby=\"caption-attachment-2329\" class=\"size-full wp-image-2329  \" src=\"https:\/\/www.ruralgia.com\/blog\/wp-content\/uploads\/2014\/01\/Guadalajara-Hayedo-de-la-Tejera-Negra-9.png\" alt=\"Guadalajara - Hayedo de la Tejera Negra 9\" width=\"756\" height=\"427\" srcset=\"https:\/\/www.ruralgia.com\/blog\/wp-content\/uploads\/2014\/01\/Guadalajara-Hayedo-de-la-Tejera-Negra-9.png 756w, https:\/\/www.ruralgia.com\/blog\/wp-content\/uploads\/2014\/01\/Guadalajara-Hayedo-de-la-Tejera-Negra-9-300x169.png 300w\" sizes=\"auto, (max-width: 756px) 100vw, 756px\" \/><\/a><p id=\"caption-attachment-2329\" class=\"wp-caption-text\">Perfil Tejera Negra<\/p><\/div>\n<div id=\"attachment_2330\" style=\"width: 766px\" class=\"wp-caption alignleft\"><a href=\"https:\/\/www.ruralgia.com\/blog\/wp-content\/uploads\/2014\/01\/Guadalajara-Hayedo-de-la-Tejera-Negra-8.jpg\" rel=\"lightbox[2257]\"><img loading=\"lazy\" decoding=\"async\" aria-describedby=\"caption-attachment-2330\" class=\" wp-image-2330\" src=\"https:\/\/www.ruralgia.com\/blog\/wp-content\/uploads\/2014\/01\/Guadalajara-Hayedo-de-la-Tejera-Negra-8.jpg\" alt=\"Guadalajara - Hayedo de la Tejera Negra 8\" width=\"756\" height=\"427\" \/><\/a><p id=\"caption-attachment-2330\" class=\"wp-caption-text\">Mapa Tejera Negra<\/p><\/div>\n<p><script src=\"https:\/\/www.ruralgia.com\/caja_cerca.php?metodo=municipio&amp;ancho=250&amp;elementos=6&amp;size=90&amp;estilo=sunny&amp;float=left&amp;kms=20&amp;aleatorio=false&amp;municipio=Cantalojas (Guadalajara)\" type=\"text\/javascript\"><\/script><\/p>\n","protected":false},"excerpt":{"rendered":"<p>&nbsp; Parque Natural (RD 3158\/78). Se encuentra en el noroeste de la provincia de\u00a0Guadalajara, en el t\u00e9rmino municipal de Cantalojas y tiene una superficie de 1.391 ha. Es un parque forestal situado en la Cordillera Central dentro del macizo de &hellip; <a href=\"https:\/\/www.ruralgia.com\/blog\/hayedo-de-tejera-negra-sierra-de-ayllon-guadalajara\/\">Sigue leyendo <span class=\"meta-nav\">&rarr;<\/span><\/a><\/p>\n","protected":false},"author":1,"featured_media":2291,"comment_status":"open","ping_status":"open","sticky":false,"template":"","format":"standard","meta":{"footnotes":""},"categories":[34,81,108,63,101,9],"tags":[135,53,137,134,7,136],"class_list":["post-2257","post","type-post","status-publish","format-standard","has-post-thumbnail","hentry","category-deporte","category-gaia","category-medioambiente","category-ocio","category-turismo","category-viajeros","tag-cantalojas","tag-ciclismo","tag-guadalajara","tag-hayedo","tag-senderismo","tag-tejera-negra"],"yoast_head":"<!-- This site is optimized with the Yoast SEO plugin v24.1 - https:\/\/yoast.com\/wordpress\/plugins\/seo\/ -->\n<title>Hayedo de Tejera Negra (Sierra de Ayll\u00f3n - Guadalajara) - Ruralgia Blog<\/title>\n<meta name=\"robots\" content=\"index, follow, max-snippet:-1, max-image-preview:large, max-video-preview:-1\" \/>\n<link rel=\"canonical\" href=\"https:\/\/www.ruralgia.com\/blog\/hayedo-de-tejera-negra-sierra-de-ayllon-guadalajara\/\" \/>\n<meta property=\"og:locale\" content=\"es_ES\" \/>\n<meta property=\"og:type\" content=\"article\" \/>\n<meta property=\"og:title\" content=\"Hayedo de Tejera Negra (Sierra de Ayll\u00f3n - Guadalajara) - Ruralgia Blog\" \/>\n<meta property=\"og:description\" content=\"&nbsp; Parque Natural (RD 3158\/78). Se encuentra en el noroeste de la provincia de\u00a0Guadalajara, en el t\u00e9rmino municipal de Cantalojas y tiene una superficie de 1.391 ha. Es un parque forestal situado en la Cordillera Central dentro del macizo de &hellip; Sigue leyendo &rarr;\" \/>\n<meta property=\"og:url\" content=\"https:\/\/www.ruralgia.com\/blog\/hayedo-de-tejera-negra-sierra-de-ayllon-guadalajara\/\" \/>\n<meta property=\"og:site_name\" content=\"Ruralgia Blog\" \/>\n<meta property=\"article:published_time\" content=\"2014-01-12T12:13:42+00:00\" \/>\n<meta property=\"article:modified_time\" content=\"2015-01-16T12:27:27+00:00\" \/>\n<meta property=\"og:image\" content=\"https:\/\/www.ruralgia.com\/blog\/wp-content\/uploads\/2014\/01\/Guadalajara-Hayedo-de-la-Tejera-Negra-11.jpg\" \/>\n\t<meta property=\"og:image:width\" content=\"265\" \/>\n\t<meta property=\"og:image:height\" content=\"190\" \/>\n\t<meta property=\"og:image:type\" content=\"image\/jpeg\" \/>\n<meta name=\"author\" content=\"admin\" \/>\n<meta name=\"twitter:card\" content=\"summary_large_image\" \/>\n<meta name=\"twitter:label1\" content=\"Escrito por\" \/>\n\t<meta name=\"twitter:data1\" content=\"admin\" \/>\n\t<meta name=\"twitter:label2\" content=\"Tiempo de lectura\" \/>\n\t<meta name=\"twitter:data2\" content=\"4 minutos\" \/>\n<script type=\"application\/ld+json\" class=\"yoast-schema-graph\">{\"@context\":\"https:\/\/schema.org\",\"@graph\":[{\"@type\":\"WebPage\",\"@id\":\"https:\/\/www.ruralgia.com\/blog\/hayedo-de-tejera-negra-sierra-de-ayllon-guadalajara\/\",\"url\":\"https:\/\/www.ruralgia.com\/blog\/hayedo-de-tejera-negra-sierra-de-ayllon-guadalajara\/\",\"name\":\"Hayedo de Tejera Negra (Sierra de Ayll\u00f3n - Guadalajara) - Ruralgia Blog\",\"isPartOf\":{\"@id\":\"https:\/\/www.ruralgia.com\/blog\/#website\"},\"primaryImageOfPage\":{\"@id\":\"https:\/\/www.ruralgia.com\/blog\/hayedo-de-tejera-negra-sierra-de-ayllon-guadalajara\/#primaryimage\"},\"image\":{\"@id\":\"https:\/\/www.ruralgia.com\/blog\/hayedo-de-tejera-negra-sierra-de-ayllon-guadalajara\/#primaryimage\"},\"thumbnailUrl\":\"https:\/\/www.ruralgia.com\/blog\/wp-content\/uploads\/2014\/01\/Guadalajara-Hayedo-de-la-Tejera-Negra-11.jpg\",\"datePublished\":\"2014-01-12T12:13:42+00:00\",\"dateModified\":\"2015-01-16T12:27:27+00:00\",\"author\":{\"@id\":\"https:\/\/www.ruralgia.com\/blog\/#\/schema\/person\/f9d61dcaa454dc132c65467750b88c01\"},\"breadcrumb\":{\"@id\":\"https:\/\/www.ruralgia.com\/blog\/hayedo-de-tejera-negra-sierra-de-ayllon-guadalajara\/#breadcrumb\"},\"inLanguage\":\"es\",\"potentialAction\":[{\"@type\":\"ReadAction\",\"target\":[\"https:\/\/www.ruralgia.com\/blog\/hayedo-de-tejera-negra-sierra-de-ayllon-guadalajara\/\"]}]},{\"@type\":\"ImageObject\",\"inLanguage\":\"es\",\"@id\":\"https:\/\/www.ruralgia.com\/blog\/hayedo-de-tejera-negra-sierra-de-ayllon-guadalajara\/#primaryimage\",\"url\":\"https:\/\/www.ruralgia.com\/blog\/wp-content\/uploads\/2014\/01\/Guadalajara-Hayedo-de-la-Tejera-Negra-11.jpg\",\"contentUrl\":\"https:\/\/www.ruralgia.com\/blog\/wp-content\/uploads\/2014\/01\/Guadalajara-Hayedo-de-la-Tejera-Negra-11.jpg\",\"width\":265,\"height\":190},{\"@type\":\"BreadcrumbList\",\"@id\":\"https:\/\/www.ruralgia.com\/blog\/hayedo-de-tejera-negra-sierra-de-ayllon-guadalajara\/#breadcrumb\",\"itemListElement\":[{\"@type\":\"ListItem\",\"position\":1,\"name\":\"Portada\",\"item\":\"https:\/\/www.ruralgia.com\/blog\/\"},{\"@type\":\"ListItem\",\"position\":2,\"name\":\"Hayedo de Tejera Negra (Sierra de Ayll\u00f3n &#8211; Guadalajara)\"}]},{\"@type\":\"WebSite\",\"@id\":\"https:\/\/www.ruralgia.com\/blog\/#website\",\"url\":\"https:\/\/www.ruralgia.com\/blog\/\",\"name\":\"Ruralgia Blog\",\"description\":\"El blog de viajes y turismo de Ruralgia\",\"potentialAction\":[{\"@type\":\"SearchAction\",\"target\":{\"@type\":\"EntryPoint\",\"urlTemplate\":\"https:\/\/www.ruralgia.com\/blog\/?s={search_term_string}\"},\"query-input\":{\"@type\":\"PropertyValueSpecification\",\"valueRequired\":true,\"valueName\":\"search_term_string\"}}],\"inLanguage\":\"es\"},{\"@type\":\"Person\",\"@id\":\"https:\/\/www.ruralgia.com\/blog\/#\/schema\/person\/f9d61dcaa454dc132c65467750b88c01\",\"name\":\"admin\",\"image\":{\"@type\":\"ImageObject\",\"inLanguage\":\"es\",\"@id\":\"https:\/\/www.ruralgia.com\/blog\/#\/schema\/person\/image\/\",\"url\":\"https:\/\/secure.gravatar.com\/avatar\/308988d44afa417cbdf20b1a60ad4489?s=96&d=mm&r=g\",\"contentUrl\":\"https:\/\/secure.gravatar.com\/avatar\/308988d44afa417cbdf20b1a60ad4489?s=96&d=mm&r=g\",\"caption\":\"admin\"},\"url\":\"https:\/\/www.ruralgia.com\/blog\/author\/admin\/\"}]}<\/script>\n<!-- \/ Yoast SEO plugin. -->","yoast_head_json":{"title":"Hayedo de Tejera Negra (Sierra de Ayll\u00f3n - Guadalajara) - Ruralgia Blog","robots":{"index":"index","follow":"follow","max-snippet":"max-snippet:-1","max-image-preview":"max-image-preview:large","max-video-preview":"max-video-preview:-1"},"canonical":"https:\/\/www.ruralgia.com\/blog\/hayedo-de-tejera-negra-sierra-de-ayllon-guadalajara\/","og_locale":"es_ES","og_type":"article","og_title":"Hayedo de Tejera Negra (Sierra de Ayll\u00f3n - Guadalajara) - Ruralgia Blog","og_description":"&nbsp; Parque Natural (RD 3158\/78). Se encuentra en el noroeste de la provincia de\u00a0Guadalajara, en el t\u00e9rmino municipal de Cantalojas y tiene una superficie de 1.391 ha. Es un parque forestal situado en la Cordillera Central dentro del macizo de &hellip; Sigue leyendo &rarr;","og_url":"https:\/\/www.ruralgia.com\/blog\/hayedo-de-tejera-negra-sierra-de-ayllon-guadalajara\/","og_site_name":"Ruralgia Blog","article_published_time":"2014-01-12T12:13:42+00:00","article_modified_time":"2015-01-16T12:27:27+00:00","og_image":[{"width":265,"height":190,"url":"https:\/\/www.ruralgia.com\/blog\/wp-content\/uploads\/2014\/01\/Guadalajara-Hayedo-de-la-Tejera-Negra-11.jpg","type":"image\/jpeg"}],"author":"admin","twitter_card":"summary_large_image","twitter_misc":{"Escrito por":"admin","Tiempo de lectura":"4 minutos"},"schema":{"@context":"https:\/\/schema.org","@graph":[{"@type":"WebPage","@id":"https:\/\/www.ruralgia.com\/blog\/hayedo-de-tejera-negra-sierra-de-ayllon-guadalajara\/","url":"https:\/\/www.ruralgia.com\/blog\/hayedo-de-tejera-negra-sierra-de-ayllon-guadalajara\/","name":"Hayedo de Tejera Negra (Sierra de Ayll\u00f3n - Guadalajara) - Ruralgia Blog","isPartOf":{"@id":"https:\/\/www.ruralgia.com\/blog\/#website"},"primaryImageOfPage":{"@id":"https:\/\/www.ruralgia.com\/blog\/hayedo-de-tejera-negra-sierra-de-ayllon-guadalajara\/#primaryimage"},"image":{"@id":"https:\/\/www.ruralgia.com\/blog\/hayedo-de-tejera-negra-sierra-de-ayllon-guadalajara\/#primaryimage"},"thumbnailUrl":"https:\/\/www.ruralgia.com\/blog\/wp-content\/uploads\/2014\/01\/Guadalajara-Hayedo-de-la-Tejera-Negra-11.jpg","datePublished":"2014-01-12T12:13:42+00:00","dateModified":"2015-01-16T12:27:27+00:00","author":{"@id":"https:\/\/www.ruralgia.com\/blog\/#\/schema\/person\/f9d61dcaa454dc132c65467750b88c01"},"breadcrumb":{"@id":"https:\/\/www.ruralgia.com\/blog\/hayedo-de-tejera-negra-sierra-de-ayllon-guadalajara\/#breadcrumb"},"inLanguage":"es","potentialAction":[{"@type":"ReadAction","target":["https:\/\/www.ruralgia.com\/blog\/hayedo-de-tejera-negra-sierra-de-ayllon-guadalajara\/"]}]},{"@type":"ImageObject","inLanguage":"es","@id":"https:\/\/www.ruralgia.com\/blog\/hayedo-de-tejera-negra-sierra-de-ayllon-guadalajara\/#primaryimage","url":"https:\/\/www.ruralgia.com\/blog\/wp-content\/uploads\/2014\/01\/Guadalajara-Hayedo-de-la-Tejera-Negra-11.jpg","contentUrl":"https:\/\/www.ruralgia.com\/blog\/wp-content\/uploads\/2014\/01\/Guadalajara-Hayedo-de-la-Tejera-Negra-11.jpg","width":265,"height":190},{"@type":"BreadcrumbList","@id":"https:\/\/www.ruralgia.com\/blog\/hayedo-de-tejera-negra-sierra-de-ayllon-guadalajara\/#breadcrumb","itemListElement":[{"@type":"ListItem","position":1,"name":"Portada","item":"https:\/\/www.ruralgia.com\/blog\/"},{"@type":"ListItem","position":2,"name":"Hayedo de Tejera Negra (Sierra de Ayll\u00f3n &#8211; Guadalajara)"}]},{"@type":"WebSite","@id":"https:\/\/www.ruralgia.com\/blog\/#website","url":"https:\/\/www.ruralgia.com\/blog\/","name":"Ruralgia Blog","description":"El blog de viajes y turismo de Ruralgia","potentialAction":[{"@type":"SearchAction","target":{"@type":"EntryPoint","urlTemplate":"https:\/\/www.ruralgia.com\/blog\/?s={search_term_string}"},"query-input":{"@type":"PropertyValueSpecification","valueRequired":true,"valueName":"search_term_string"}}],"inLanguage":"es"},{"@type":"Person","@id":"https:\/\/www.ruralgia.com\/blog\/#\/schema\/person\/f9d61dcaa454dc132c65467750b88c01","name":"admin","image":{"@type":"ImageObject","inLanguage":"es","@id":"https:\/\/www.ruralgia.com\/blog\/#\/schema\/person\/image\/","url":"https:\/\/secure.gravatar.com\/avatar\/308988d44afa417cbdf20b1a60ad4489?s=96&d=mm&r=g","contentUrl":"https:\/\/secure.gravatar.com\/avatar\/308988d44afa417cbdf20b1a60ad4489?s=96&d=mm&r=g","caption":"admin"},"url":"https:\/\/www.ruralgia.com\/blog\/author\/admin\/"}]}},"amp_enabled":true,"_links":{"self":[{"href":"https:\/\/www.ruralgia.com\/blog\/wp-json\/wp\/v2\/posts\/2257","targetHints":{"allow":["GET"]}}],"collection":[{"href":"https:\/\/www.ruralgia.com\/blog\/wp-json\/wp\/v2\/posts"}],"about":[{"href":"https:\/\/www.ruralgia.com\/blog\/wp-json\/wp\/v2\/types\/post"}],"author":[{"embeddable":true,"href":"https:\/\/www.ruralgia.com\/blog\/wp-json\/wp\/v2\/users\/1"}],"replies":[{"embeddable":true,"href":"https:\/\/www.ruralgia.com\/blog\/wp-json\/wp\/v2\/comments?post=2257"}],"version-history":[{"count":44,"href":"https:\/\/www.ruralgia.com\/blog\/wp-json\/wp\/v2\/posts\/2257\/revisions"}],"predecessor-version":[{"id":2337,"href":"https:\/\/www.ruralgia.com\/blog\/wp-json\/wp\/v2\/posts\/2257\/revisions\/2337"}],"wp:featuredmedia":[{"embeddable":true,"href":"https:\/\/www.ruralgia.com\/blog\/wp-json\/wp\/v2\/media\/2291"}],"wp:attachment":[{"href":"https:\/\/www.ruralgia.com\/blog\/wp-json\/wp\/v2\/media?parent=2257"}],"wp:term":[{"taxonomy":"category","embeddable":true,"href":"https:\/\/www.ruralgia.com\/blog\/wp-json\/wp\/v2\/categories?post=2257"},{"taxonomy":"post_tag","embeddable":true,"href":"https:\/\/www.ruralgia.com\/blog\/wp-json\/wp\/v2\/tags?post=2257"}],"curies":[{"name":"wp","href":"https:\/\/api.w.org\/{rel}","templated":true}]}}