{"id":2390,"date":"2014-01-17T21:01:15","date_gmt":"2014-01-17T21:01:15","guid":{"rendered":"https:\/\/www.ruralgia.com\/blog\/?p=2390"},"modified":"2014-01-17T21:28:28","modified_gmt":"2014-01-17T21:28:28","slug":"carnaval-de-cadiz-2014","status":"publish","type":"post","link":"https:\/\/www.ruralgia.com\/blog\/carnaval-de-cadiz-2014\/","title":{"rendered":"Carnaval de C\u00e1diz 2014"},"content":{"rendered":"<p><a href=\"https:\/\/www.ruralgia.com\/blog\/wp-content\/uploads\/2014\/01\/erizos-de-mar.jpg\" rel=\"lightbox[2390]\"><img loading=\"lazy\" decoding=\"async\" class=\"alignright size-medium wp-image-2396\" alt=\"erizos-de-mar\" src=\"https:\/\/www.ruralgia.com\/blog\/wp-content\/uploads\/2014\/01\/erizos-de-mar-300x225.jpg\" width=\"300\" height=\"225\" srcset=\"https:\/\/www.ruralgia.com\/blog\/wp-content\/uploads\/2014\/01\/erizos-de-mar-300x225.jpg 300w, https:\/\/www.ruralgia.com\/blog\/wp-content\/uploads\/2014\/01\/erizos-de-mar.jpg 600w\" sizes=\"auto, (max-width: 300px) 100vw, 300px\" \/><\/a>Ya est\u00e1 todo preparado para empezar el Carnaval de C\u00e1diz 2014.<\/p>\n<p>Aunque las fechas oficiales este a\u00f1o son del 27 de febrero al 9 de marzo, ya esta misma semana empieza el Carnaval en las calles de C\u00e1diz con la Erizada Popular.<\/p>\n<p><img loading=\"lazy\" decoding=\"async\" class=\"alignleft size-medium wp-image-2397\" alt=\"DSC_0043\" src=\"https:\/\/www.ruralgia.com\/blog\/wp-content\/uploads\/2014\/01\/DSC_0043-300x199.jpg\" width=\"300\" height=\"199\" srcset=\"https:\/\/www.ruralgia.com\/blog\/wp-content\/uploads\/2014\/01\/DSC_0043-300x199.jpg 300w, https:\/\/www.ruralgia.com\/blog\/wp-content\/uploads\/2014\/01\/DSC_0043-1024x680.jpg 1024w, https:\/\/www.ruralgia.com\/blog\/wp-content\/uploads\/2014\/01\/DSC_0043-900x598.jpg 900w, https:\/\/www.ruralgia.com\/blog\/wp-content\/uploads\/2014\/01\/DSC_0043.jpg 1600w\" sizes=\"auto, (max-width: 300px) 100vw, 300px\" \/><\/p>\n<p>Este a\u00f1o el emplazamiento ser\u00e1 en el solar de la Plaza de la Reina.\u00a0De la edici\u00f3n de este a\u00f1o, la XXXIV no se har\u00e1 cargo la Pe\u00f1a el Erizo, como hasta ahora, sino que ser\u00e1 la Federaci\u00f3n de Pe\u00f1as y Entidades Caleteras.<\/p>\n<p>El d\u00eda 26 de enero, a partir de las 13:00 se repartir\u00e1n erizos por un tubo y se empezar\u00e1n a o\u00edr los primeros acordes de las nuevas agrupaciones de este a\u00f1o. Aunque quien vive en C\u00e1diz sabe que de cada rinc\u00f3n, cada esquina, cada bache o cada garage salen las notas de las agrupaciones desde hace muchos meses.<\/p>\n<p>El mismo d\u00eda, se celebrar\u00e1n la pesti\u00f1ada popular y la ostionada, por lo que ese d\u00eda no faltar\u00e1n motivos para ir a C\u00e1diz a darse una vueltecita.<\/p>\n<p><img loading=\"lazy\" decoding=\"async\" class=\"alignright size-medium wp-image-2398\" alt=\"pestinos\" src=\"https:\/\/www.ruralgia.com\/blog\/wp-content\/uploads\/2014\/01\/pestinos-300x207.jpg\" width=\"300\" height=\"207\" srcset=\"https:\/\/www.ruralgia.com\/blog\/wp-content\/uploads\/2014\/01\/pestinos-300x207.jpg 300w, https:\/\/www.ruralgia.com\/blog\/wp-content\/uploads\/2014\/01\/pestinos.jpg 524w\" sizes=\"auto, (max-width: 300px) 100vw, 300px\" \/><\/p>\n<p>Unos d\u00edas despu\u00e9s, el d\u00eda 31 de enero las agrupaciones cambiar\u00e1n la calle por el escenario del Gran Teatro Falla, donde durante casi un mes se oir\u00e1n las coplas de coros, comparsas, chirigotas y cuartetos en las cuatro fases que forman el <a href=\"https:\/\/www.ruralgia.com\/blog\/orden-de-actuacion-de-preliminares-del-concurso-de-agrupaciones-del-carnaval-de-cadiz-2014\/\">Concurso Oficial de Agrupaciones Carnavaleras<\/a>.<\/p>\n<p><a href=\"https:\/\/www.ruralgia.com\/blog\/wp-content\/uploads\/2014\/01\/febae82c0c1909bccd69c40f06cee436.jpeg\" rel=\"lightbox[2390]\"><img loading=\"lazy\" decoding=\"async\" class=\"alignleft size-full wp-image-2406\" alt=\"febae82c0c1909bccd69c40f06cee436\" src=\"https:\/\/www.ruralgia.com\/blog\/wp-content\/uploads\/2014\/01\/febae82c0c1909bccd69c40f06cee436.jpeg\" width=\"256\" height=\"256\" srcset=\"https:\/\/www.ruralgia.com\/blog\/wp-content\/uploads\/2014\/01\/febae82c0c1909bccd69c40f06cee436.jpeg 256w, https:\/\/www.ruralgia.com\/blog\/wp-content\/uploads\/2014\/01\/febae82c0c1909bccd69c40f06cee436-150x150.jpeg 150w, https:\/\/www.ruralgia.com\/blog\/wp-content\/uploads\/2014\/01\/febae82c0c1909bccd69c40f06cee436-144x144.jpeg 144w\" sizes=\"auto, (max-width: 256px) 100vw, 256px\" \/><\/a>El d\u00eda 27 de febrero se llevar\u00e1 a cabo el preg\u00f3n que este a\u00f1o correr\u00e1 a cargo del &#8216;Love&#8217; el conocido chirigotero que algunas veces atiende al nombre de Jos\u00e9 Luis Ballesteros \u00a0y que dar\u00e1 paso al Carnaval 2014, y las calles se llenar\u00e1n de gente venidas de todas partes para disfrutar de la fiesta grande de C\u00e1diz.<\/p>\n<div>El jurado del Concurso de Ninfas del Carnaval de C\u00e1diz 2014, ha elegido ya a las siguientes <a href=\"http:\/\/carnaval.lavozdigital.es\/participa\/ninfas\/2014\/\">candidatas para ser Ninfas Adultas 2014<\/a>:<\/div>\n<div><\/div>\n<div>&#8211; Marina Galv\u00e1n Reinoso<\/div>\n<div>\n<div>&#8211;\u00a0Maria Jesus Garc\u00eda Soto<\/div>\n<div>&#8211;\u00a0Mar\u00eda del Carmen Garc\u00eda Tello<\/div>\n<div>&#8211;\u00a0Luc\u00eda Romero Gerald\u00eda<\/div>\n<div>&#8211;\u00a0Ana Esperanza Abascal Bable<\/div>\n<div>&#8211;\u00a0Jessica L\u00f3pez Guerrero<\/div>\n<div>&#8211;\u00a0Sonia Zarzuela de la Jara<\/div>\n<div>&#8211;\u00a0Sara L\u00f3pez Otero<\/div>\n<div>&#8211;\u00a0Laura S\u00e1nchez Beltr\u00e1n<\/div>\n<div><\/div>\n<div><\/div>\n<div><a href=\"https:\/\/www.ruralgia.com\/blog\/wp-content\/uploads\/2014\/01\/201202161240carrusel-coros2.jpg\" rel=\"lightbox[2390]\"><img loading=\"lazy\" decoding=\"async\" class=\"alignright size-medium wp-image-2399\" alt=\"201202161240carrusel-coros2\" src=\"https:\/\/www.ruralgia.com\/blog\/wp-content\/uploads\/2014\/01\/201202161240carrusel-coros2-300x200.jpg\" width=\"300\" height=\"200\" srcset=\"https:\/\/www.ruralgia.com\/blog\/wp-content\/uploads\/2014\/01\/201202161240carrusel-coros2-300x200.jpg 300w, https:\/\/www.ruralgia.com\/blog\/wp-content\/uploads\/2014\/01\/201202161240carrusel-coros2.jpg 420w\" sizes=\"auto, (max-width: 300px) 100vw, 300px\" \/><\/a>Tras dos semanas de intenso carnaval, siendo el d\u00eda 8 de marzo (s\u00e1bado) el d\u00eda grande de la fiesta, se celebrar\u00e1 la Gran Cabalgata que recorrer\u00e1 parte de la ciudad y donde se reunir\u00e1n muchas de las agrupaciones del concurso, as\u00ed como agrupaciones callejeras.<\/div>\n<div><\/div>\n<div>El mismo domingo, por la ma\u00f1ana, en la Plaza de Abastos, se celebrar\u00e1 el carrusel de coros, cita obligada para todos los amantes de la fiesta.<\/div>\n<div><\/div>\n<div>En resumen, como todos los a\u00f1os fiesta asegurada durante dos semanas de Carnaval en C\u00e1diz. Un lugar donde ir para disfrutar comiendo, bebiendo, escuchando coplas y riendo, que bien hace falta.<\/div>\n<div><\/div>\n<div>Desde Ruralgia os deseamos \u00a1FELIZ CARNAVAL!<\/div>\n<div><\/div>\n<div><\/div>\n<\/div>\n<p><script src='https:\/\/www.ruralgia.com\/caja_cerca.php?metodo=municipio&#038;ancho=250&#038;elementos=4&#038;size=90&#038;estilo=sunny&#038;float=left&#038;kms=20&#038;aleatorio=false&#038;municipio=C\u00e1diz' type='text\/javascript'><\/script><\/p>\n","protected":false},"excerpt":{"rendered":"<p>Ya est\u00e1 todo preparado para empezar el Carnaval de C\u00e1diz 2014. Aunque las fechas oficiales este a\u00f1o son del 27 de febrero al 9 de marzo, ya esta misma semana empieza el Carnaval en las calles de C\u00e1diz con la &hellip; <a href=\"https:\/\/www.ruralgia.com\/blog\/carnaval-de-cadiz-2014\/\">Sigue leyendo <span class=\"meta-nav\">&rarr;<\/span><\/a><\/p>\n","protected":false},"author":1,"featured_media":2396,"comment_status":"open","ping_status":"open","sticky":false,"template":"","format":"standard","meta":{"footnotes":""},"categories":[69,90,1],"tags":[26,89,22],"class_list":["post-2390","post","type-post","status-publish","format-standard","has-post-thumbnail","hentry","category-eventos","category-fiestas-2","category-sin-categoria","tag-cadiz","tag-carnaval","tag-fiestas"],"yoast_head":"<!-- This site is optimized with the Yoast SEO plugin v24.1 - https:\/\/yoast.com\/wordpress\/plugins\/seo\/ -->\n<title>Carnaval de C\u00e1diz 2014 - Ruralgia Blog<\/title>\n<meta name=\"robots\" content=\"index, follow, max-snippet:-1, max-image-preview:large, max-video-preview:-1\" \/>\n<link rel=\"canonical\" href=\"https:\/\/www.ruralgia.com\/blog\/carnaval-de-cadiz-2014\/\" \/>\n<meta property=\"og:locale\" content=\"es_ES\" \/>\n<meta property=\"og:type\" content=\"article\" \/>\n<meta property=\"og:title\" content=\"Carnaval de C\u00e1diz 2014 - Ruralgia Blog\" \/>\n<meta property=\"og:description\" content=\"Ya est\u00e1 todo preparado para empezar el Carnaval de C\u00e1diz 2014. Aunque las fechas oficiales este a\u00f1o son del 27 de febrero al 9 de marzo, ya esta misma semana empieza el Carnaval en las calles de C\u00e1diz con la &hellip; Sigue leyendo &rarr;\" \/>\n<meta property=\"og:url\" content=\"https:\/\/www.ruralgia.com\/blog\/carnaval-de-cadiz-2014\/\" \/>\n<meta property=\"og:site_name\" content=\"Ruralgia Blog\" \/>\n<meta property=\"article:published_time\" content=\"2014-01-17T21:01:15+00:00\" \/>\n<meta property=\"article:modified_time\" content=\"2014-01-17T21:28:28+00:00\" \/>\n<meta property=\"og:image\" content=\"https:\/\/www.ruralgia.com\/blog\/wp-content\/uploads\/2014\/01\/erizos-de-mar.jpg\" \/>\n\t<meta property=\"og:image:width\" content=\"600\" \/>\n\t<meta property=\"og:image:height\" content=\"450\" \/>\n\t<meta property=\"og:image:type\" content=\"image\/jpeg\" \/>\n<meta name=\"author\" content=\"admin\" \/>\n<meta name=\"twitter:card\" content=\"summary_large_image\" \/>\n<meta name=\"twitter:label1\" content=\"Escrito por\" \/>\n\t<meta name=\"twitter:data1\" content=\"admin\" \/>\n\t<meta name=\"twitter:label2\" content=\"Tiempo de lectura\" \/>\n\t<meta name=\"twitter:data2\" content=\"2 minutos\" \/>\n<script type=\"application\/ld+json\" class=\"yoast-schema-graph\">{\"@context\":\"https:\/\/schema.org\",\"@graph\":[{\"@type\":\"WebPage\",\"@id\":\"https:\/\/www.ruralgia.com\/blog\/carnaval-de-cadiz-2014\/\",\"url\":\"https:\/\/www.ruralgia.com\/blog\/carnaval-de-cadiz-2014\/\",\"name\":\"Carnaval de C\u00e1diz 2014 - Ruralgia Blog\",\"isPartOf\":{\"@id\":\"https:\/\/www.ruralgia.com\/blog\/#website\"},\"primaryImageOfPage\":{\"@id\":\"https:\/\/www.ruralgia.com\/blog\/carnaval-de-cadiz-2014\/#primaryimage\"},\"image\":{\"@id\":\"https:\/\/www.ruralgia.com\/blog\/carnaval-de-cadiz-2014\/#primaryimage\"},\"thumbnailUrl\":\"https:\/\/www.ruralgia.com\/blog\/wp-content\/uploads\/2014\/01\/erizos-de-mar.jpg\",\"datePublished\":\"2014-01-17T21:01:15+00:00\",\"dateModified\":\"2014-01-17T21:28:28+00:00\",\"author\":{\"@id\":\"https:\/\/www.ruralgia.com\/blog\/#\/schema\/person\/f9d61dcaa454dc132c65467750b88c01\"},\"breadcrumb\":{\"@id\":\"https:\/\/www.ruralgia.com\/blog\/carnaval-de-cadiz-2014\/#breadcrumb\"},\"inLanguage\":\"es\",\"potentialAction\":[{\"@type\":\"ReadAction\",\"target\":[\"https:\/\/www.ruralgia.com\/blog\/carnaval-de-cadiz-2014\/\"]}]},{\"@type\":\"ImageObject\",\"inLanguage\":\"es\",\"@id\":\"https:\/\/www.ruralgia.com\/blog\/carnaval-de-cadiz-2014\/#primaryimage\",\"url\":\"https:\/\/www.ruralgia.com\/blog\/wp-content\/uploads\/2014\/01\/erizos-de-mar.jpg\",\"contentUrl\":\"https:\/\/www.ruralgia.com\/blog\/wp-content\/uploads\/2014\/01\/erizos-de-mar.jpg\",\"width\":600,\"height\":450},{\"@type\":\"BreadcrumbList\",\"@id\":\"https:\/\/www.ruralgia.com\/blog\/carnaval-de-cadiz-2014\/#breadcrumb\",\"itemListElement\":[{\"@type\":\"ListItem\",\"position\":1,\"name\":\"Portada\",\"item\":\"https:\/\/www.ruralgia.com\/blog\/\"},{\"@type\":\"ListItem\",\"position\":2,\"name\":\"Carnaval de C\u00e1diz 2014\"}]},{\"@type\":\"WebSite\",\"@id\":\"https:\/\/www.ruralgia.com\/blog\/#website\",\"url\":\"https:\/\/www.ruralgia.com\/blog\/\",\"name\":\"Ruralgia Blog\",\"description\":\"El blog de viajes y turismo de Ruralgia\",\"potentialAction\":[{\"@type\":\"SearchAction\",\"target\":{\"@type\":\"EntryPoint\",\"urlTemplate\":\"https:\/\/www.ruralgia.com\/blog\/?s={search_term_string}\"},\"query-input\":{\"@type\":\"PropertyValueSpecification\",\"valueRequired\":true,\"valueName\":\"search_term_string\"}}],\"inLanguage\":\"es\"},{\"@type\":\"Person\",\"@id\":\"https:\/\/www.ruralgia.com\/blog\/#\/schema\/person\/f9d61dcaa454dc132c65467750b88c01\",\"name\":\"admin\",\"image\":{\"@type\":\"ImageObject\",\"inLanguage\":\"es\",\"@id\":\"https:\/\/www.ruralgia.com\/blog\/#\/schema\/person\/image\/\",\"url\":\"https:\/\/secure.gravatar.com\/avatar\/308988d44afa417cbdf20b1a60ad4489?s=96&d=mm&r=g\",\"contentUrl\":\"https:\/\/secure.gravatar.com\/avatar\/308988d44afa417cbdf20b1a60ad4489?s=96&d=mm&r=g\",\"caption\":\"admin\"},\"url\":\"https:\/\/www.ruralgia.com\/blog\/author\/admin\/\"}]}<\/script>\n<!-- \/ Yoast SEO plugin. -->","yoast_head_json":{"title":"Carnaval de C\u00e1diz 2014 - Ruralgia Blog","robots":{"index":"index","follow":"follow","max-snippet":"max-snippet:-1","max-image-preview":"max-image-preview:large","max-video-preview":"max-video-preview:-1"},"canonical":"https:\/\/www.ruralgia.com\/blog\/carnaval-de-cadiz-2014\/","og_locale":"es_ES","og_type":"article","og_title":"Carnaval de C\u00e1diz 2014 - Ruralgia Blog","og_description":"Ya est\u00e1 todo preparado para empezar el Carnaval de C\u00e1diz 2014. Aunque las fechas oficiales este a\u00f1o son del 27 de febrero al 9 de marzo, ya esta misma semana empieza el Carnaval en las calles de C\u00e1diz con la &hellip; Sigue leyendo &rarr;","og_url":"https:\/\/www.ruralgia.com\/blog\/carnaval-de-cadiz-2014\/","og_site_name":"Ruralgia Blog","article_published_time":"2014-01-17T21:01:15+00:00","article_modified_time":"2014-01-17T21:28:28+00:00","og_image":[{"width":600,"height":450,"url":"https:\/\/www.ruralgia.com\/blog\/wp-content\/uploads\/2014\/01\/erizos-de-mar.jpg","type":"image\/jpeg"}],"author":"admin","twitter_card":"summary_large_image","twitter_misc":{"Escrito por":"admin","Tiempo de lectura":"2 minutos"},"schema":{"@context":"https:\/\/schema.org","@graph":[{"@type":"WebPage","@id":"https:\/\/www.ruralgia.com\/blog\/carnaval-de-cadiz-2014\/","url":"https:\/\/www.ruralgia.com\/blog\/carnaval-de-cadiz-2014\/","name":"Carnaval de C\u00e1diz 2014 - Ruralgia Blog","isPartOf":{"@id":"https:\/\/www.ruralgia.com\/blog\/#website"},"primaryImageOfPage":{"@id":"https:\/\/www.ruralgia.com\/blog\/carnaval-de-cadiz-2014\/#primaryimage"},"image":{"@id":"https:\/\/www.ruralgia.com\/blog\/carnaval-de-cadiz-2014\/#primaryimage"},"thumbnailUrl":"https:\/\/www.ruralgia.com\/blog\/wp-content\/uploads\/2014\/01\/erizos-de-mar.jpg","datePublished":"2014-01-17T21:01:15+00:00","dateModified":"2014-01-17T21:28:28+00:00","author":{"@id":"https:\/\/www.ruralgia.com\/blog\/#\/schema\/person\/f9d61dcaa454dc132c65467750b88c01"},"breadcrumb":{"@id":"https:\/\/www.ruralgia.com\/blog\/carnaval-de-cadiz-2014\/#breadcrumb"},"inLanguage":"es","potentialAction":[{"@type":"ReadAction","target":["https:\/\/www.ruralgia.com\/blog\/carnaval-de-cadiz-2014\/"]}]},{"@type":"ImageObject","inLanguage":"es","@id":"https:\/\/www.ruralgia.com\/blog\/carnaval-de-cadiz-2014\/#primaryimage","url":"https:\/\/www.ruralgia.com\/blog\/wp-content\/uploads\/2014\/01\/erizos-de-mar.jpg","contentUrl":"https:\/\/www.ruralgia.com\/blog\/wp-content\/uploads\/2014\/01\/erizos-de-mar.jpg","width":600,"height":450},{"@type":"BreadcrumbList","@id":"https:\/\/www.ruralgia.com\/blog\/carnaval-de-cadiz-2014\/#breadcrumb","itemListElement":[{"@type":"ListItem","position":1,"name":"Portada","item":"https:\/\/www.ruralgia.com\/blog\/"},{"@type":"ListItem","position":2,"name":"Carnaval de C\u00e1diz 2014"}]},{"@type":"WebSite","@id":"https:\/\/www.ruralgia.com\/blog\/#website","url":"https:\/\/www.ruralgia.com\/blog\/","name":"Ruralgia Blog","description":"El blog de viajes y turismo de Ruralgia","potentialAction":[{"@type":"SearchAction","target":{"@type":"EntryPoint","urlTemplate":"https:\/\/www.ruralgia.com\/blog\/?s={search_term_string}"},"query-input":{"@type":"PropertyValueSpecification","valueRequired":true,"valueName":"search_term_string"}}],"inLanguage":"es"},{"@type":"Person","@id":"https:\/\/www.ruralgia.com\/blog\/#\/schema\/person\/f9d61dcaa454dc132c65467750b88c01","name":"admin","image":{"@type":"ImageObject","inLanguage":"es","@id":"https:\/\/www.ruralgia.com\/blog\/#\/schema\/person\/image\/","url":"https:\/\/secure.gravatar.com\/avatar\/308988d44afa417cbdf20b1a60ad4489?s=96&d=mm&r=g","contentUrl":"https:\/\/secure.gravatar.com\/avatar\/308988d44afa417cbdf20b1a60ad4489?s=96&d=mm&r=g","caption":"admin"},"url":"https:\/\/www.ruralgia.com\/blog\/author\/admin\/"}]}},"amp_enabled":true,"_links":{"self":[{"href":"https:\/\/www.ruralgia.com\/blog\/wp-json\/wp\/v2\/posts\/2390","targetHints":{"allow":["GET"]}}],"collection":[{"href":"https:\/\/www.ruralgia.com\/blog\/wp-json\/wp\/v2\/posts"}],"about":[{"href":"https:\/\/www.ruralgia.com\/blog\/wp-json\/wp\/v2\/types\/post"}],"author":[{"embeddable":true,"href":"https:\/\/www.ruralgia.com\/blog\/wp-json\/wp\/v2\/users\/1"}],"replies":[{"embeddable":true,"href":"https:\/\/www.ruralgia.com\/blog\/wp-json\/wp\/v2\/comments?post=2390"}],"version-history":[{"count":12,"href":"https:\/\/www.ruralgia.com\/blog\/wp-json\/wp\/v2\/posts\/2390\/revisions"}],"predecessor-version":[{"id":2413,"href":"https:\/\/www.ruralgia.com\/blog\/wp-json\/wp\/v2\/posts\/2390\/revisions\/2413"}],"wp:featuredmedia":[{"embeddable":true,"href":"https:\/\/www.ruralgia.com\/blog\/wp-json\/wp\/v2\/media\/2396"}],"wp:attachment":[{"href":"https:\/\/www.ruralgia.com\/blog\/wp-json\/wp\/v2\/media?parent=2390"}],"wp:term":[{"taxonomy":"category","embeddable":true,"href":"https:\/\/www.ruralgia.com\/blog\/wp-json\/wp\/v2\/categories?post=2390"},{"taxonomy":"post_tag","embeddable":true,"href":"https:\/\/www.ruralgia.com\/blog\/wp-json\/wp\/v2\/tags?post=2390"}],"curies":[{"name":"wp","href":"https:\/\/api.w.org\/{rel}","templated":true}]}}