{"id":2420,"date":"2014-01-30T21:02:03","date_gmt":"2014-01-30T21:02:03","guid":{"rendered":"https:\/\/www.ruralgia.com\/blog\/?p=2420"},"modified":"2014-01-30T21:02:03","modified_gmt":"2014-01-30T21:02:03","slug":"carnaval-romano-de-merida-2014","status":"publish","type":"post","link":"https:\/\/www.ruralgia.com\/blog\/carnaval-romano-de-merida-2014\/","title":{"rendered":"Carnaval Romano de M\u00e9rida 2014"},"content":{"rendered":"<p><a href=\"https:\/\/www.ruralgia.com\/blog\/wp-content\/uploads\/2014\/01\/carnavales-2014-cartel-grande.jpg\" rel=\"lightbox[2420]\"><img loading=\"lazy\" decoding=\"async\" class=\"alignright  wp-image-2421\" alt=\"carnavales-2014\" src=\"https:\/\/www.ruralgia.com\/blog\/wp-content\/uploads\/2014\/01\/carnavales-2014-cartel-grande-740x1024.jpg\" width=\"444\" height=\"614\" srcset=\"https:\/\/www.ruralgia.com\/blog\/wp-content\/uploads\/2014\/01\/carnavales-2014-cartel-grande-740x1024.jpg 740w, https:\/\/www.ruralgia.com\/blog\/wp-content\/uploads\/2014\/01\/carnavales-2014-cartel-grande-217x300.jpg 217w, https:\/\/www.ruralgia.com\/blog\/wp-content\/uploads\/2014\/01\/carnavales-2014-cartel-grande-900x1244.jpg 900w, https:\/\/www.ruralgia.com\/blog\/wp-content\/uploads\/2014\/01\/carnavales-2014-cartel-grande.jpg 1438w\" sizes=\"auto, (max-width: 444px) 100vw, 444px\" \/><\/a>Desde el d\u00eda 28 de febrero hasta el 4 de marzo se celebrar\u00e1 en la ciudad extreme\u00f1a de M\u00e9rida El\u00a0<strong>Carnaval Romano 2014.<\/strong><\/p>\n<p>Miguel Kocina, concursante de \u201cLa Voz\u201d\u00a0de los carnavales el d\u00eda 28, dando paso a los festejos.<\/p>\n<p>El d\u00eda 27 se celebrar\u00e1 la\u00a0<strong>final del concurso de comparsas y chitigotas<\/strong>\u00a0en el Palacio de Congresos. Durante unos d\u00edas antes de celebrar\u00e1n la fase de semifinales.<\/p>\n<p>Durante los d\u00edas que duran los festejos, se organizan distintos concursos en la calle, de pasodobles y cupl\u00e9s (de carnaval, no confundir), concursos de popurr\u00eds, as\u00ed como cantacalles, tamborradas y bailes regionales.<\/p>\n<p>El\u00a0<strong>DOMINGO DE \u201cADAS\u201d <\/strong>har\u00e1 las delicias de los m\u00e1s glotones, y enti\u00e9ndase por ADAS, todo aquello que termine en ADA, menos chorizo, que termina en cuerda. As\u00ed habr\u00e1\u00a0garbanzADA, granizADA, pancetADA, paellADA, mariscADA, pestorejADA entre otras muchas otras apetitosas \u00abADAS\u00bb.<\/p>\n<p>Al caer la tarde empieza la hora de los m\u00e1s j\u00f3venes, y la m\u00fasica disco se apropiar\u00e1 de las calles, aqu\u00ed hay fiesta para todos los gustos.<\/p>\n<p>Desfiles, pasacalles, pasacalles, el\u00a0<strong>VII concurso de Drag Queen, <\/strong>una sardinada popular, en fin, que ser\u00e1n cinco d\u00edas a todo tren, una alternativa muy a tener en cuenta para empezar bien Marzo.<\/p>\n<p>Emeritenses y visitantes&#8230;. \u00a1FELIZ CARNAVAL!<\/p>\n<p><a href=\"http:\/\/www.merida.es\/descargas\/festejos\/programacion-carnavales-2014.pdf\">Descarga el programa completo<\/p>\n<p><\/a><\/p>\n","protected":false},"excerpt":{"rendered":"<p>Desde el d\u00eda 28 de febrero hasta el 4 de marzo se celebrar\u00e1 en la ciudad extreme\u00f1a de M\u00e9rida El\u00a0Carnaval Romano 2014. Miguel Kocina, concursante de \u201cLa Voz\u201d\u00a0de los carnavales el d\u00eda 28, dando paso a los festejos. El d\u00eda &hellip; <a href=\"https:\/\/www.ruralgia.com\/blog\/carnaval-romano-de-merida-2014\/\">Sigue leyendo <span class=\"meta-nav\">&rarr;<\/span><\/a><\/p>\n","protected":false},"author":1,"featured_media":2421,"comment_status":"open","ping_status":"open","sticky":false,"template":"","format":"standard","meta":{"footnotes":""},"categories":[48,12,9],"tags":[89,22,140],"class_list":["post-2420","post","type-post","status-publish","format-standard","has-post-thumbnail","hentry","category-festival","category-propuestas","category-viajeros","tag-carnaval","tag-fiestas","tag-merida"],"yoast_head":"<!-- This site is optimized with the Yoast SEO plugin v24.1 - https:\/\/yoast.com\/wordpress\/plugins\/seo\/ -->\n<title>Carnaval Romano de M\u00e9rida 2014 - Ruralgia Blog<\/title>\n<meta name=\"robots\" content=\"index, follow, max-snippet:-1, max-image-preview:large, max-video-preview:-1\" \/>\n<link rel=\"canonical\" href=\"https:\/\/www.ruralgia.com\/blog\/carnaval-romano-de-merida-2014\/\" \/>\n<meta property=\"og:locale\" content=\"es_ES\" \/>\n<meta property=\"og:type\" content=\"article\" \/>\n<meta property=\"og:title\" content=\"Carnaval Romano de M\u00e9rida 2014 - Ruralgia Blog\" \/>\n<meta property=\"og:description\" content=\"Desde el d\u00eda 28 de febrero hasta el 4 de marzo se celebrar\u00e1 en la ciudad extreme\u00f1a de M\u00e9rida El\u00a0Carnaval Romano 2014. Miguel Kocina, concursante de \u201cLa Voz\u201d\u00a0de los carnavales el d\u00eda 28, dando paso a los festejos. El d\u00eda &hellip; Sigue leyendo &rarr;\" \/>\n<meta property=\"og:url\" content=\"https:\/\/www.ruralgia.com\/blog\/carnaval-romano-de-merida-2014\/\" \/>\n<meta property=\"og:site_name\" content=\"Ruralgia Blog\" \/>\n<meta property=\"article:published_time\" content=\"2014-01-30T21:02:03+00:00\" \/>\n<meta property=\"og:image\" content=\"https:\/\/www.ruralgia.com\/blog\/wp-content\/uploads\/2014\/01\/carnavales-2014-cartel-grande.jpg\" \/>\n\t<meta property=\"og:image:width\" content=\"1438\" \/>\n\t<meta property=\"og:image:height\" content=\"1988\" \/>\n\t<meta property=\"og:image:type\" content=\"image\/jpeg\" \/>\n<meta name=\"author\" content=\"admin\" \/>\n<meta name=\"twitter:card\" content=\"summary_large_image\" \/>\n<meta name=\"twitter:label1\" content=\"Escrito por\" \/>\n\t<meta name=\"twitter:data1\" content=\"admin\" \/>\n\t<meta name=\"twitter:label2\" content=\"Tiempo de lectura\" \/>\n\t<meta name=\"twitter:data2\" content=\"1 minuto\" \/>\n<script type=\"application\/ld+json\" class=\"yoast-schema-graph\">{\"@context\":\"https:\/\/schema.org\",\"@graph\":[{\"@type\":\"WebPage\",\"@id\":\"https:\/\/www.ruralgia.com\/blog\/carnaval-romano-de-merida-2014\/\",\"url\":\"https:\/\/www.ruralgia.com\/blog\/carnaval-romano-de-merida-2014\/\",\"name\":\"Carnaval Romano de M\u00e9rida 2014 - Ruralgia Blog\",\"isPartOf\":{\"@id\":\"https:\/\/www.ruralgia.com\/blog\/#website\"},\"primaryImageOfPage\":{\"@id\":\"https:\/\/www.ruralgia.com\/blog\/carnaval-romano-de-merida-2014\/#primaryimage\"},\"image\":{\"@id\":\"https:\/\/www.ruralgia.com\/blog\/carnaval-romano-de-merida-2014\/#primaryimage\"},\"thumbnailUrl\":\"https:\/\/www.ruralgia.com\/blog\/wp-content\/uploads\/2014\/01\/carnavales-2014-cartel-grande.jpg\",\"datePublished\":\"2014-01-30T21:02:03+00:00\",\"dateModified\":\"2014-01-30T21:02:03+00:00\",\"author\":{\"@id\":\"https:\/\/www.ruralgia.com\/blog\/#\/schema\/person\/f9d61dcaa454dc132c65467750b88c01\"},\"breadcrumb\":{\"@id\":\"https:\/\/www.ruralgia.com\/blog\/carnaval-romano-de-merida-2014\/#breadcrumb\"},\"inLanguage\":\"es\",\"potentialAction\":[{\"@type\":\"ReadAction\",\"target\":[\"https:\/\/www.ruralgia.com\/blog\/carnaval-romano-de-merida-2014\/\"]}]},{\"@type\":\"ImageObject\",\"inLanguage\":\"es\",\"@id\":\"https:\/\/www.ruralgia.com\/blog\/carnaval-romano-de-merida-2014\/#primaryimage\",\"url\":\"https:\/\/www.ruralgia.com\/blog\/wp-content\/uploads\/2014\/01\/carnavales-2014-cartel-grande.jpg\",\"contentUrl\":\"https:\/\/www.ruralgia.com\/blog\/wp-content\/uploads\/2014\/01\/carnavales-2014-cartel-grande.jpg\",\"width\":1438,\"height\":1988},{\"@type\":\"BreadcrumbList\",\"@id\":\"https:\/\/www.ruralgia.com\/blog\/carnaval-romano-de-merida-2014\/#breadcrumb\",\"itemListElement\":[{\"@type\":\"ListItem\",\"position\":1,\"name\":\"Portada\",\"item\":\"https:\/\/www.ruralgia.com\/blog\/\"},{\"@type\":\"ListItem\",\"position\":2,\"name\":\"Carnaval Romano de M\u00e9rida 2014\"}]},{\"@type\":\"WebSite\",\"@id\":\"https:\/\/www.ruralgia.com\/blog\/#website\",\"url\":\"https:\/\/www.ruralgia.com\/blog\/\",\"name\":\"Ruralgia Blog\",\"description\":\"El blog de viajes y turismo de Ruralgia\",\"potentialAction\":[{\"@type\":\"SearchAction\",\"target\":{\"@type\":\"EntryPoint\",\"urlTemplate\":\"https:\/\/www.ruralgia.com\/blog\/?s={search_term_string}\"},\"query-input\":{\"@type\":\"PropertyValueSpecification\",\"valueRequired\":true,\"valueName\":\"search_term_string\"}}],\"inLanguage\":\"es\"},{\"@type\":\"Person\",\"@id\":\"https:\/\/www.ruralgia.com\/blog\/#\/schema\/person\/f9d61dcaa454dc132c65467750b88c01\",\"name\":\"admin\",\"image\":{\"@type\":\"ImageObject\",\"inLanguage\":\"es\",\"@id\":\"https:\/\/www.ruralgia.com\/blog\/#\/schema\/person\/image\/\",\"url\":\"https:\/\/secure.gravatar.com\/avatar\/308988d44afa417cbdf20b1a60ad4489?s=96&d=mm&r=g\",\"contentUrl\":\"https:\/\/secure.gravatar.com\/avatar\/308988d44afa417cbdf20b1a60ad4489?s=96&d=mm&r=g\",\"caption\":\"admin\"},\"url\":\"https:\/\/www.ruralgia.com\/blog\/author\/admin\/\"}]}<\/script>\n<!-- \/ Yoast SEO plugin. -->","yoast_head_json":{"title":"Carnaval Romano de M\u00e9rida 2014 - Ruralgia Blog","robots":{"index":"index","follow":"follow","max-snippet":"max-snippet:-1","max-image-preview":"max-image-preview:large","max-video-preview":"max-video-preview:-1"},"canonical":"https:\/\/www.ruralgia.com\/blog\/carnaval-romano-de-merida-2014\/","og_locale":"es_ES","og_type":"article","og_title":"Carnaval Romano de M\u00e9rida 2014 - Ruralgia Blog","og_description":"Desde el d\u00eda 28 de febrero hasta el 4 de marzo se celebrar\u00e1 en la ciudad extreme\u00f1a de M\u00e9rida El\u00a0Carnaval Romano 2014. Miguel Kocina, concursante de \u201cLa Voz\u201d\u00a0de los carnavales el d\u00eda 28, dando paso a los festejos. El d\u00eda &hellip; Sigue leyendo &rarr;","og_url":"https:\/\/www.ruralgia.com\/blog\/carnaval-romano-de-merida-2014\/","og_site_name":"Ruralgia Blog","article_published_time":"2014-01-30T21:02:03+00:00","og_image":[{"width":1438,"height":1988,"url":"https:\/\/www.ruralgia.com\/blog\/wp-content\/uploads\/2014\/01\/carnavales-2014-cartel-grande.jpg","type":"image\/jpeg"}],"author":"admin","twitter_card":"summary_large_image","twitter_misc":{"Escrito por":"admin","Tiempo de lectura":"1 minuto"},"schema":{"@context":"https:\/\/schema.org","@graph":[{"@type":"WebPage","@id":"https:\/\/www.ruralgia.com\/blog\/carnaval-romano-de-merida-2014\/","url":"https:\/\/www.ruralgia.com\/blog\/carnaval-romano-de-merida-2014\/","name":"Carnaval Romano de M\u00e9rida 2014 - Ruralgia Blog","isPartOf":{"@id":"https:\/\/www.ruralgia.com\/blog\/#website"},"primaryImageOfPage":{"@id":"https:\/\/www.ruralgia.com\/blog\/carnaval-romano-de-merida-2014\/#primaryimage"},"image":{"@id":"https:\/\/www.ruralgia.com\/blog\/carnaval-romano-de-merida-2014\/#primaryimage"},"thumbnailUrl":"https:\/\/www.ruralgia.com\/blog\/wp-content\/uploads\/2014\/01\/carnavales-2014-cartel-grande.jpg","datePublished":"2014-01-30T21:02:03+00:00","dateModified":"2014-01-30T21:02:03+00:00","author":{"@id":"https:\/\/www.ruralgia.com\/blog\/#\/schema\/person\/f9d61dcaa454dc132c65467750b88c01"},"breadcrumb":{"@id":"https:\/\/www.ruralgia.com\/blog\/carnaval-romano-de-merida-2014\/#breadcrumb"},"inLanguage":"es","potentialAction":[{"@type":"ReadAction","target":["https:\/\/www.ruralgia.com\/blog\/carnaval-romano-de-merida-2014\/"]}]},{"@type":"ImageObject","inLanguage":"es","@id":"https:\/\/www.ruralgia.com\/blog\/carnaval-romano-de-merida-2014\/#primaryimage","url":"https:\/\/www.ruralgia.com\/blog\/wp-content\/uploads\/2014\/01\/carnavales-2014-cartel-grande.jpg","contentUrl":"https:\/\/www.ruralgia.com\/blog\/wp-content\/uploads\/2014\/01\/carnavales-2014-cartel-grande.jpg","width":1438,"height":1988},{"@type":"BreadcrumbList","@id":"https:\/\/www.ruralgia.com\/blog\/carnaval-romano-de-merida-2014\/#breadcrumb","itemListElement":[{"@type":"ListItem","position":1,"name":"Portada","item":"https:\/\/www.ruralgia.com\/blog\/"},{"@type":"ListItem","position":2,"name":"Carnaval Romano de M\u00e9rida 2014"}]},{"@type":"WebSite","@id":"https:\/\/www.ruralgia.com\/blog\/#website","url":"https:\/\/www.ruralgia.com\/blog\/","name":"Ruralgia Blog","description":"El blog de viajes y turismo de Ruralgia","potentialAction":[{"@type":"SearchAction","target":{"@type":"EntryPoint","urlTemplate":"https:\/\/www.ruralgia.com\/blog\/?s={search_term_string}"},"query-input":{"@type":"PropertyValueSpecification","valueRequired":true,"valueName":"search_term_string"}}],"inLanguage":"es"},{"@type":"Person","@id":"https:\/\/www.ruralgia.com\/blog\/#\/schema\/person\/f9d61dcaa454dc132c65467750b88c01","name":"admin","image":{"@type":"ImageObject","inLanguage":"es","@id":"https:\/\/www.ruralgia.com\/blog\/#\/schema\/person\/image\/","url":"https:\/\/secure.gravatar.com\/avatar\/308988d44afa417cbdf20b1a60ad4489?s=96&d=mm&r=g","contentUrl":"https:\/\/secure.gravatar.com\/avatar\/308988d44afa417cbdf20b1a60ad4489?s=96&d=mm&r=g","caption":"admin"},"url":"https:\/\/www.ruralgia.com\/blog\/author\/admin\/"}]}},"amp_enabled":true,"_links":{"self":[{"href":"https:\/\/www.ruralgia.com\/blog\/wp-json\/wp\/v2\/posts\/2420","targetHints":{"allow":["GET"]}}],"collection":[{"href":"https:\/\/www.ruralgia.com\/blog\/wp-json\/wp\/v2\/posts"}],"about":[{"href":"https:\/\/www.ruralgia.com\/blog\/wp-json\/wp\/v2\/types\/post"}],"author":[{"embeddable":true,"href":"https:\/\/www.ruralgia.com\/blog\/wp-json\/wp\/v2\/users\/1"}],"replies":[{"embeddable":true,"href":"https:\/\/www.ruralgia.com\/blog\/wp-json\/wp\/v2\/comments?post=2420"}],"version-history":[{"count":2,"href":"https:\/\/www.ruralgia.com\/blog\/wp-json\/wp\/v2\/posts\/2420\/revisions"}],"predecessor-version":[{"id":2423,"href":"https:\/\/www.ruralgia.com\/blog\/wp-json\/wp\/v2\/posts\/2420\/revisions\/2423"}],"wp:featuredmedia":[{"embeddable":true,"href":"https:\/\/www.ruralgia.com\/blog\/wp-json\/wp\/v2\/media\/2421"}],"wp:attachment":[{"href":"https:\/\/www.ruralgia.com\/blog\/wp-json\/wp\/v2\/media?parent=2420"}],"wp:term":[{"taxonomy":"category","embeddable":true,"href":"https:\/\/www.ruralgia.com\/blog\/wp-json\/wp\/v2\/categories?post=2420"},{"taxonomy":"post_tag","embeddable":true,"href":"https:\/\/www.ruralgia.com\/blog\/wp-json\/wp\/v2\/tags?post=2420"}],"curies":[{"name":"wp","href":"https:\/\/api.w.org\/{rel}","templated":true}]}}