{"id":2426,"date":"2014-01-31T22:14:44","date_gmt":"2014-01-31T22:14:44","guid":{"rendered":"https:\/\/www.ruralgia.com\/blog\/?p=2426"},"modified":"2014-01-31T22:18:30","modified_gmt":"2014-01-31T22:18:30","slug":"xvii-jornadas-gastronomicas-alto-palancia-2014","status":"publish","type":"post","link":"https:\/\/www.ruralgia.com\/blog\/xvii-jornadas-gastronomicas-alto-palancia-2014\/","title":{"rendered":"XVII Jornadas Gastron\u00f3micas Alto Palancia 2014"},"content":{"rendered":"<p><a href=\"https:\/\/www.ruralgia.com\/blog\/wp-content\/uploads\/2014\/01\/cartel_jornadas_gastronomicas_alto_palancia_2014.jpg\" rel=\"lightbox[2426]\"><img loading=\"lazy\" decoding=\"async\" class=\"alignright size-full wp-image-2427\" alt=\"cartel_jornadas_gastronomicas_alto_palancia_2014\" src=\"https:\/\/www.ruralgia.com\/blog\/wp-content\/uploads\/2014\/01\/cartel_jornadas_gastronomicas_alto_palancia_2014.jpg\" width=\"382\" height=\"600\" srcset=\"https:\/\/www.ruralgia.com\/blog\/wp-content\/uploads\/2014\/01\/cartel_jornadas_gastronomicas_alto_palancia_2014.jpg 382w, https:\/\/www.ruralgia.com\/blog\/wp-content\/uploads\/2014\/01\/cartel_jornadas_gastronomicas_alto_palancia_2014-191x300.jpg 191w\" sizes=\"auto, (max-width: 382px) 100vw, 382px\" \/><\/a>Como ya es tradicional en los municipios del sur de Castell\u00f3n, durante el mes de febrero se celebra la decimos\u00e9ptima edici\u00f3n de las \u201cJornadas Gastron\u00f3micas del Alto Palancia\u201d.<\/p>\n<p>La Agrupaci\u00f3n Empresarial de Turismo del Alto Palancia y el Patronato Provincial de Turismo de Castell\u00f3n, presentan las jornadas de este a\u00f1o en las que veintitres restauradores, expondr\u00e1n sus recetas que muestra, tanto la tradici\u00f3n culinaria de la zona, y los platos m\u00e1s modernos de la cocina del Alto Palancia.<\/p>\n<p>Las \u201cXVII Jornadas Gastron\u00f3micas del Alto Palancia\u201d, se celebran durante los ?nes de semana de febrero y el primer ?n de semana de marzo y los visitantes podr\u00e1n degustar los men\u00fas preparados por los restaurantes participantes y podr\u00e1n disfrutar todas las opciones gastron\u00f3micas que esta comarca posee.<\/p>\n<p><a href=\"http:\/\/comunitatvalenciana.com\/sites\/default\/files\/doc\/agenda\/2014\/jornadas_gastronomia_alto_palancia_2014.pdf\">Puedes descargar el folleto completo aqu\u00ed<\/a><\/p>\n<p><script src='https:\/\/www.ruralgia.com\/caja_cerca.php?metodo=municipio&#038;ancho=250&#038;elementos=4&#038;size=90&#038;estilo=sunny&#038;float=none&#038;kms=20&#038;aleatorio=false&#038;municipio=Segorbe (Castell\u00f3n)' type='text\/javascript'><\/script><\/p>\n","protected":false},"excerpt":{"rendered":"<p>Como ya es tradicional en los municipios del sur de Castell\u00f3n, durante el mes de febrero se celebra la decimos\u00e9ptima edici\u00f3n de las \u201cJornadas Gastron\u00f3micas del Alto Palancia\u201d. La Agrupaci\u00f3n Empresarial de Turismo del Alto Palancia y el Patronato Provincial &hellip; <a href=\"https:\/\/www.ruralgia.com\/blog\/xvii-jornadas-gastronomicas-alto-palancia-2014\/\">Sigue leyendo <span class=\"meta-nav\">&rarr;<\/span><\/a><\/p>\n","protected":false},"author":1,"featured_media":2427,"comment_status":"open","ping_status":"open","sticky":false,"template":"","format":"standard","meta":{"footnotes":""},"categories":[119,12,9],"tags":[141,165,39],"class_list":["post-2426","post","type-post","status-publish","format-standard","has-post-thumbnail","hentry","category-cocina","category-propuestas","category-viajeros","tag-castellon","tag-ferias","tag-gastronomia"],"yoast_head":"<!-- This site is optimized with the Yoast SEO plugin v24.1 - https:\/\/yoast.com\/wordpress\/plugins\/seo\/ -->\n<title>XVII Jornadas Gastron\u00f3micas Alto Palancia 2014 - Ruralgia Blog<\/title>\n<meta name=\"robots\" content=\"index, follow, max-snippet:-1, max-image-preview:large, max-video-preview:-1\" \/>\n<link rel=\"canonical\" href=\"https:\/\/www.ruralgia.com\/blog\/xvii-jornadas-gastronomicas-alto-palancia-2014\/\" \/>\n<meta property=\"og:locale\" content=\"es_ES\" \/>\n<meta property=\"og:type\" content=\"article\" \/>\n<meta property=\"og:title\" content=\"XVII Jornadas Gastron\u00f3micas Alto Palancia 2014 - Ruralgia Blog\" \/>\n<meta property=\"og:description\" content=\"Como ya es tradicional en los municipios del sur de Castell\u00f3n, durante el mes de febrero se celebra la decimos\u00e9ptima edici\u00f3n de las \u201cJornadas Gastron\u00f3micas del Alto Palancia\u201d. La Agrupaci\u00f3n Empresarial de Turismo del Alto Palancia y el Patronato Provincial &hellip; Sigue leyendo &rarr;\" \/>\n<meta property=\"og:url\" content=\"https:\/\/www.ruralgia.com\/blog\/xvii-jornadas-gastronomicas-alto-palancia-2014\/\" \/>\n<meta property=\"og:site_name\" content=\"Ruralgia Blog\" \/>\n<meta property=\"article:published_time\" content=\"2014-01-31T22:14:44+00:00\" \/>\n<meta property=\"article:modified_time\" content=\"2014-01-31T22:18:30+00:00\" \/>\n<meta property=\"og:image\" content=\"https:\/\/www.ruralgia.com\/blog\/wp-content\/uploads\/2014\/01\/cartel_jornadas_gastronomicas_alto_palancia_2014.jpg\" \/>\n\t<meta property=\"og:image:width\" content=\"382\" \/>\n\t<meta property=\"og:image:height\" content=\"600\" \/>\n\t<meta property=\"og:image:type\" content=\"image\/jpeg\" \/>\n<meta name=\"author\" content=\"admin\" \/>\n<meta name=\"twitter:card\" content=\"summary_large_image\" \/>\n<meta name=\"twitter:label1\" content=\"Escrito por\" \/>\n\t<meta name=\"twitter:data1\" content=\"admin\" \/>\n\t<meta name=\"twitter:label2\" content=\"Tiempo de lectura\" \/>\n\t<meta name=\"twitter:data2\" content=\"1 minuto\" \/>\n<script type=\"application\/ld+json\" class=\"yoast-schema-graph\">{\"@context\":\"https:\/\/schema.org\",\"@graph\":[{\"@type\":\"WebPage\",\"@id\":\"https:\/\/www.ruralgia.com\/blog\/xvii-jornadas-gastronomicas-alto-palancia-2014\/\",\"url\":\"https:\/\/www.ruralgia.com\/blog\/xvii-jornadas-gastronomicas-alto-palancia-2014\/\",\"name\":\"XVII Jornadas Gastron\u00f3micas Alto Palancia 2014 - Ruralgia Blog\",\"isPartOf\":{\"@id\":\"https:\/\/www.ruralgia.com\/blog\/#website\"},\"primaryImageOfPage\":{\"@id\":\"https:\/\/www.ruralgia.com\/blog\/xvii-jornadas-gastronomicas-alto-palancia-2014\/#primaryimage\"},\"image\":{\"@id\":\"https:\/\/www.ruralgia.com\/blog\/xvii-jornadas-gastronomicas-alto-palancia-2014\/#primaryimage\"},\"thumbnailUrl\":\"https:\/\/www.ruralgia.com\/blog\/wp-content\/uploads\/2014\/01\/cartel_jornadas_gastronomicas_alto_palancia_2014.jpg\",\"datePublished\":\"2014-01-31T22:14:44+00:00\",\"dateModified\":\"2014-01-31T22:18:30+00:00\",\"author\":{\"@id\":\"https:\/\/www.ruralgia.com\/blog\/#\/schema\/person\/f9d61dcaa454dc132c65467750b88c01\"},\"breadcrumb\":{\"@id\":\"https:\/\/www.ruralgia.com\/blog\/xvii-jornadas-gastronomicas-alto-palancia-2014\/#breadcrumb\"},\"inLanguage\":\"es\",\"potentialAction\":[{\"@type\":\"ReadAction\",\"target\":[\"https:\/\/www.ruralgia.com\/blog\/xvii-jornadas-gastronomicas-alto-palancia-2014\/\"]}]},{\"@type\":\"ImageObject\",\"inLanguage\":\"es\",\"@id\":\"https:\/\/www.ruralgia.com\/blog\/xvii-jornadas-gastronomicas-alto-palancia-2014\/#primaryimage\",\"url\":\"https:\/\/www.ruralgia.com\/blog\/wp-content\/uploads\/2014\/01\/cartel_jornadas_gastronomicas_alto_palancia_2014.jpg\",\"contentUrl\":\"https:\/\/www.ruralgia.com\/blog\/wp-content\/uploads\/2014\/01\/cartel_jornadas_gastronomicas_alto_palancia_2014.jpg\",\"width\":382,\"height\":600},{\"@type\":\"BreadcrumbList\",\"@id\":\"https:\/\/www.ruralgia.com\/blog\/xvii-jornadas-gastronomicas-alto-palancia-2014\/#breadcrumb\",\"itemListElement\":[{\"@type\":\"ListItem\",\"position\":1,\"name\":\"Portada\",\"item\":\"https:\/\/www.ruralgia.com\/blog\/\"},{\"@type\":\"ListItem\",\"position\":2,\"name\":\"XVII Jornadas Gastron\u00f3micas Alto Palancia 2014\"}]},{\"@type\":\"WebSite\",\"@id\":\"https:\/\/www.ruralgia.com\/blog\/#website\",\"url\":\"https:\/\/www.ruralgia.com\/blog\/\",\"name\":\"Ruralgia Blog\",\"description\":\"El blog de viajes y turismo de Ruralgia\",\"potentialAction\":[{\"@type\":\"SearchAction\",\"target\":{\"@type\":\"EntryPoint\",\"urlTemplate\":\"https:\/\/www.ruralgia.com\/blog\/?s={search_term_string}\"},\"query-input\":{\"@type\":\"PropertyValueSpecification\",\"valueRequired\":true,\"valueName\":\"search_term_string\"}}],\"inLanguage\":\"es\"},{\"@type\":\"Person\",\"@id\":\"https:\/\/www.ruralgia.com\/blog\/#\/schema\/person\/f9d61dcaa454dc132c65467750b88c01\",\"name\":\"admin\",\"image\":{\"@type\":\"ImageObject\",\"inLanguage\":\"es\",\"@id\":\"https:\/\/www.ruralgia.com\/blog\/#\/schema\/person\/image\/\",\"url\":\"https:\/\/secure.gravatar.com\/avatar\/308988d44afa417cbdf20b1a60ad4489?s=96&d=mm&r=g\",\"contentUrl\":\"https:\/\/secure.gravatar.com\/avatar\/308988d44afa417cbdf20b1a60ad4489?s=96&d=mm&r=g\",\"caption\":\"admin\"},\"url\":\"https:\/\/www.ruralgia.com\/blog\/author\/admin\/\"}]}<\/script>\n<!-- \/ Yoast SEO plugin. -->","yoast_head_json":{"title":"XVII Jornadas Gastron\u00f3micas Alto Palancia 2014 - Ruralgia Blog","robots":{"index":"index","follow":"follow","max-snippet":"max-snippet:-1","max-image-preview":"max-image-preview:large","max-video-preview":"max-video-preview:-1"},"canonical":"https:\/\/www.ruralgia.com\/blog\/xvii-jornadas-gastronomicas-alto-palancia-2014\/","og_locale":"es_ES","og_type":"article","og_title":"XVII Jornadas Gastron\u00f3micas Alto Palancia 2014 - Ruralgia Blog","og_description":"Como ya es tradicional en los municipios del sur de Castell\u00f3n, durante el mes de febrero se celebra la decimos\u00e9ptima edici\u00f3n de las \u201cJornadas Gastron\u00f3micas del Alto Palancia\u201d. La Agrupaci\u00f3n Empresarial de Turismo del Alto Palancia y el Patronato Provincial &hellip; Sigue leyendo &rarr;","og_url":"https:\/\/www.ruralgia.com\/blog\/xvii-jornadas-gastronomicas-alto-palancia-2014\/","og_site_name":"Ruralgia Blog","article_published_time":"2014-01-31T22:14:44+00:00","article_modified_time":"2014-01-31T22:18:30+00:00","og_image":[{"width":382,"height":600,"url":"https:\/\/www.ruralgia.com\/blog\/wp-content\/uploads\/2014\/01\/cartel_jornadas_gastronomicas_alto_palancia_2014.jpg","type":"image\/jpeg"}],"author":"admin","twitter_card":"summary_large_image","twitter_misc":{"Escrito por":"admin","Tiempo de lectura":"1 minuto"},"schema":{"@context":"https:\/\/schema.org","@graph":[{"@type":"WebPage","@id":"https:\/\/www.ruralgia.com\/blog\/xvii-jornadas-gastronomicas-alto-palancia-2014\/","url":"https:\/\/www.ruralgia.com\/blog\/xvii-jornadas-gastronomicas-alto-palancia-2014\/","name":"XVII Jornadas Gastron\u00f3micas Alto Palancia 2014 - Ruralgia Blog","isPartOf":{"@id":"https:\/\/www.ruralgia.com\/blog\/#website"},"primaryImageOfPage":{"@id":"https:\/\/www.ruralgia.com\/blog\/xvii-jornadas-gastronomicas-alto-palancia-2014\/#primaryimage"},"image":{"@id":"https:\/\/www.ruralgia.com\/blog\/xvii-jornadas-gastronomicas-alto-palancia-2014\/#primaryimage"},"thumbnailUrl":"https:\/\/www.ruralgia.com\/blog\/wp-content\/uploads\/2014\/01\/cartel_jornadas_gastronomicas_alto_palancia_2014.jpg","datePublished":"2014-01-31T22:14:44+00:00","dateModified":"2014-01-31T22:18:30+00:00","author":{"@id":"https:\/\/www.ruralgia.com\/blog\/#\/schema\/person\/f9d61dcaa454dc132c65467750b88c01"},"breadcrumb":{"@id":"https:\/\/www.ruralgia.com\/blog\/xvii-jornadas-gastronomicas-alto-palancia-2014\/#breadcrumb"},"inLanguage":"es","potentialAction":[{"@type":"ReadAction","target":["https:\/\/www.ruralgia.com\/blog\/xvii-jornadas-gastronomicas-alto-palancia-2014\/"]}]},{"@type":"ImageObject","inLanguage":"es","@id":"https:\/\/www.ruralgia.com\/blog\/xvii-jornadas-gastronomicas-alto-palancia-2014\/#primaryimage","url":"https:\/\/www.ruralgia.com\/blog\/wp-content\/uploads\/2014\/01\/cartel_jornadas_gastronomicas_alto_palancia_2014.jpg","contentUrl":"https:\/\/www.ruralgia.com\/blog\/wp-content\/uploads\/2014\/01\/cartel_jornadas_gastronomicas_alto_palancia_2014.jpg","width":382,"height":600},{"@type":"BreadcrumbList","@id":"https:\/\/www.ruralgia.com\/blog\/xvii-jornadas-gastronomicas-alto-palancia-2014\/#breadcrumb","itemListElement":[{"@type":"ListItem","position":1,"name":"Portada","item":"https:\/\/www.ruralgia.com\/blog\/"},{"@type":"ListItem","position":2,"name":"XVII Jornadas Gastron\u00f3micas Alto Palancia 2014"}]},{"@type":"WebSite","@id":"https:\/\/www.ruralgia.com\/blog\/#website","url":"https:\/\/www.ruralgia.com\/blog\/","name":"Ruralgia Blog","description":"El blog de viajes y turismo de Ruralgia","potentialAction":[{"@type":"SearchAction","target":{"@type":"EntryPoint","urlTemplate":"https:\/\/www.ruralgia.com\/blog\/?s={search_term_string}"},"query-input":{"@type":"PropertyValueSpecification","valueRequired":true,"valueName":"search_term_string"}}],"inLanguage":"es"},{"@type":"Person","@id":"https:\/\/www.ruralgia.com\/blog\/#\/schema\/person\/f9d61dcaa454dc132c65467750b88c01","name":"admin","image":{"@type":"ImageObject","inLanguage":"es","@id":"https:\/\/www.ruralgia.com\/blog\/#\/schema\/person\/image\/","url":"https:\/\/secure.gravatar.com\/avatar\/308988d44afa417cbdf20b1a60ad4489?s=96&d=mm&r=g","contentUrl":"https:\/\/secure.gravatar.com\/avatar\/308988d44afa417cbdf20b1a60ad4489?s=96&d=mm&r=g","caption":"admin"},"url":"https:\/\/www.ruralgia.com\/blog\/author\/admin\/"}]}},"amp_enabled":true,"_links":{"self":[{"href":"https:\/\/www.ruralgia.com\/blog\/wp-json\/wp\/v2\/posts\/2426","targetHints":{"allow":["GET"]}}],"collection":[{"href":"https:\/\/www.ruralgia.com\/blog\/wp-json\/wp\/v2\/posts"}],"about":[{"href":"https:\/\/www.ruralgia.com\/blog\/wp-json\/wp\/v2\/types\/post"}],"author":[{"embeddable":true,"href":"https:\/\/www.ruralgia.com\/blog\/wp-json\/wp\/v2\/users\/1"}],"replies":[{"embeddable":true,"href":"https:\/\/www.ruralgia.com\/blog\/wp-json\/wp\/v2\/comments?post=2426"}],"version-history":[{"count":2,"href":"https:\/\/www.ruralgia.com\/blog\/wp-json\/wp\/v2\/posts\/2426\/revisions"}],"predecessor-version":[{"id":2429,"href":"https:\/\/www.ruralgia.com\/blog\/wp-json\/wp\/v2\/posts\/2426\/revisions\/2429"}],"wp:featuredmedia":[{"embeddable":true,"href":"https:\/\/www.ruralgia.com\/blog\/wp-json\/wp\/v2\/media\/2427"}],"wp:attachment":[{"href":"https:\/\/www.ruralgia.com\/blog\/wp-json\/wp\/v2\/media?parent=2426"}],"wp:term":[{"taxonomy":"category","embeddable":true,"href":"https:\/\/www.ruralgia.com\/blog\/wp-json\/wp\/v2\/categories?post=2426"},{"taxonomy":"post_tag","embeddable":true,"href":"https:\/\/www.ruralgia.com\/blog\/wp-json\/wp\/v2\/tags?post=2426"}],"curies":[{"name":"wp","href":"https:\/\/api.w.org\/{rel}","templated":true}]}}