{"id":2489,"date":"2014-04-09T10:50:05","date_gmt":"2014-04-09T10:50:05","guid":{"rendered":"https:\/\/www.ruralgia.com\/blog\/?p=2489"},"modified":"2014-04-09T11:05:35","modified_gmt":"2014-04-09T11:05:35","slug":"trebu-festival-2014-festival-de-musica-callejera","status":"publish","type":"post","link":"https:\/\/www.ruralgia.com\/blog\/trebu-festival-2014-festival-de-musica-callejera\/","title":{"rendered":"Trebu Festival 2014 &#8211; Festival de M\u00fasica Callejera"},"content":{"rendered":"<p><a href=\"https:\/\/www.ruralgia.com\/blog\/wp-content\/uploads\/2014\/04\/trebufest2014-web.jpg\" rel=\"lightbox[2489]\"><img loading=\"lazy\" decoding=\"async\" class=\"alignright  wp-image-2490\" alt=\"trebufest2014-web\" src=\"https:\/\/www.ruralgia.com\/blog\/wp-content\/uploads\/2014\/04\/trebufest2014-web.jpg\" width=\"490\" height=\"690\" srcset=\"https:\/\/www.ruralgia.com\/blog\/wp-content\/uploads\/2014\/04\/trebufest2014-web.jpg 700w, https:\/\/www.ruralgia.com\/blog\/wp-content\/uploads\/2014\/04\/trebufest2014-web-212x300.jpg 212w\" sizes=\"auto, (max-width: 490px) 100vw, 490px\" \/><\/a><\/p>\n<p>Durante los d\u00edas 2, 3 y 4 de mayo se celebrar\u00e1 en Trebujena el VII Trebufestival de M\u00fasica Callejera.<\/p>\n<p>Los grupos inscritos en el festival son los siguientes:<\/p>\n<p>&nbsp;<\/p>\n<h3>S\u00c1BADO 3 DE MAYO<\/h3>\n<p><b>ESCENARIO PLAZA JOSELILLO EL VAZQUEZ\u00a0<\/b><\/p>\n<p>16.00h M\u00c1XIMO \u00d3PTIMO \u2013 Malabares, teatro &#8211; Madrid<\/p>\n<p>17.30h GRAN GABINI \u2013 Malabares \u2013 Show teatro \u2013 Tarragona<\/p>\n<p>19.00h JOACO SWOMAN \u2013 Acrobacia \u2013 magia \u2013 Madrid<\/p>\n<p>22.30h ELZURDO&#8212;&#8211; Fusi\u00f3n latina \u2013 Madrid<\/p>\n<p><b>ESCENARIO BAR ESCALERITA<\/p>\n<p><\/b>16.00h EL ARTRISTE \u2013 Rumba, humor transg\u00e9nico &#8211; Tarragona<\/p>\n<p>20.00h BANDA MAJARETA \u2013 Funk, experimental jazz &#8211; Sevilla<\/p>\n<p><b>ESCENARIO BAR LITRI<\/p>\n<p><\/b>18.00h TU OTRA BONITA &#8212;-Pop rumba &#8212;- Madrid<\/p>\n<p>20.30h EL PUNTILLO CANALLA BRASS BAND \u2013 New Orleans \u2013 Funky \u2013 Segovia<\/p>\n<p><b>ESCENARIO BAR EL SITIO<\/p>\n<p><\/b>17.00h A TU VERA \u2013 Fusi\u00f3n &#8211; Madrid<\/p>\n<p>21.30h ALFRE CAMAROTE \u2013 Pop Rock &#8211; Asturias<\/p>\n<p><b>ESCENARIO PLAZA DE ABASTOS<\/p>\n<p><\/b>19.00h FERDY Y LOS SIN NOMBRES \u2013 Autor \u2013 Chiclana de la Frontera<\/p>\n<p>21.15H SDM \u2013 Rock \u2013 Ja\u00e9n.<\/p>\n<p><b>ESCENARIO BAR CURA<\/p>\n<p><\/b>16.00h JAZZ MARIA \u2013 Jazz \u2013 El Puerto de Santa Mar\u00eda<\/p>\n<p>20.00h JINGLE DJANGO Swing manouche. Klezmer &#8211; Madrid<\/p>\n<p><b>ESCENARIO PLAZA ESPA\u00d1A<\/p>\n<p><\/b>14.00h KANAGADAMA \u2013 Malabarista, acrobata &#8211; Huelva<\/p>\n<p>17.00h JOACO SWOMAN \u2013 Acrobacia, magia &#8211; Madrid<\/p>\n<p>18.30h SINKELLI \u2013 Malabarista, acrobacia &#8211; Granada<\/p>\n<p>20.10h GRAN GABINI \u2013 Malabares, show &#8211; Tarragona<\/p>\n<p><b>ESCENARIO PASEO ANDALUCIA<\/p>\n<p><\/b>14.00h WET DOG BAND \u2013 Bossa, Swing &#8211; C\u00e1diz<\/p>\n<p><b>ESCENARIO PLAZA ALTOZANO<\/p>\n<p><\/b>13.00h &#8211; JOACO SWOMAN &#8211; Acrobacia, magia &#8211; Madrid<\/p>\n<p>16.00h &#8211; SINKELLI &#8211; Malabarista, acrobacia &#8211; Granada<\/p>\n<p>19.00h &#8211; M\u00c1XIMO OPTIMO &#8211; Malabarista, teatro show &#8211; Madrid<\/p>\n<h3>DOMINGO 4 DE MAYO<\/h3>\n<p>&nbsp;<\/p>\n<p><b>ESCENARIO PLAZA JOSELILLO EL VAZQUEZ<\/p>\n<p><\/b>17.00h THE SKA<\/p>\n<p>RTES \u2013 Fusi\u00f3n latinas \u2013 Madrid<\/p>\n<p><b>ESCENARIO BAR ESCALERITA\u00a0<\/b><\/p>\n<p>13.00h TRANSEUNTES&#8212;&#8212;Cantautor \u2013 Folk &#8212;-Bilbao<\/p>\n<p>16.30h LOS VIVOS \u2013 Alcantarillera &#8211; C\u00e1diz<\/p>\n<p>17.45H MADRID MANOUCHE FAMILY<\/p>\n<p><b>ESCENARIO BAR LITRI<\/p>\n<p><\/b>13.00h JOAQU\u00cdN DE SOLA \u2013 Flamenco \u2013 San Fernando \u2013 C\u00e1diz<\/p>\n<p>14.30h MALAMA\u00d1ANA \u2013 Flamenco pop \u2013 C\u00e1diz<\/p>\n<p>17.00h ETNO -FUSI\u00d3N- Flamenco fusi\u00f3n \u2013 Granada<\/p>\n<p><b>ESCENARIO BAR EL SITIO<\/p>\n<p><\/b>14.30h MALAKA YOUTH \u2013 Reggae &#8211; M\u00e1laga<\/p>\n<p>16.00h MICROJACHIS \u2013 Cumbia, latina &#8211; Granada<\/p>\n<p>18.00h ART CLUB BAND \u2013 Blues, Rock &#8211; M\u00e1laga<\/p>\n<p><b>ESCENARIO PLAZA DE ABASTOS<\/p>\n<p><\/b>13.30h EL IMAGINARIO \u2013 Fusi\u00f3n brasil aflamencao \u2013 Jerez de la Frontera<\/p>\n<p>15.30h .HERE&amp;NOW \u2013 Balc\u00e1nica, Ska \u2013 Jerez de la Frontera<\/p>\n<p>17.00h MOTHER GUN \u2013 Rock alternativo &#8211; Granada<\/p>\n<p><script src='https:\/\/www.ruralgia.com\/caja_cerca.php?metodo=municipio&#038;ancho=250&#038;elementos=4&#038;size=90&#038;estilo=sunny&#038;float=right&#038;kms=20&#038;aleatorio=false&#038;municipio=Trebujena' type='text\/javascript'><\/script><\/p>\n<p><b>ESCENARIO BAR CURA<\/p>\n<p><\/b>13.30h RADIO FANJUL \u2013 M\u00fasica folkl\u00f3rica del mundo &#8211; Barcelona<\/p>\n<p>15.30h COGOLLITO SOUL \u2013 Rumba fusi\u00f3n &#8211; C\u00e1ceres<\/p>\n<p>17.30h CUCARACHA DANDI \u2013 Pop Rock &#8211; M\u00e1laga<\/p>\n<p><b>ESCENARIO PLAZA ESPA\u00d1A<\/p>\n<p><\/b>12.30h M\u00c1XIMO \u00d3PTIMO \u2013 Malabarista, teatro show &#8211; Madrid<\/p>\n<p>14.00h BONAFLAIRA \u2013 Folk fusi\u00f3n \u2013 Girona.<\/p>\n<p>16.00h MILCHACAS \u2013 Reggae, ska &#8211; Granada<\/p>\n<p>18.00h SKARALLAOS \u2013 Ska, rumba \u2013 A Coru\u00f1a<\/p>\n<p><b>ESCENARIO PASEO ANDALUCIA<\/p>\n<p><\/b>13.30h SOYLANT GREEN&#8212;&#8212;M\u00fasica tradicional celta \u2013 Jerez de la Frontera<\/p>\n<p>16.00h CROMATICA PISTONA \u2013 Swing &#8211; Madrid<\/p>\n<p>17.30h LOS FARELLI \u2013 Rock \u2013 Sanlucar de Barrameda<\/p>\n<p><b>ESCENARIO PLAZA ALTOZANO<\/p>\n<p><\/b>14.30h KANAGADAMA &#8211; Malabarista, acrobata &#8211; Huelva<\/p>\n<p>17.00h HEREDIANS \u2013 Rock &#8211; Sevilla<\/p>\n<p><b>ESCENARIO PLAZA JOSELILLO EL VAZQUEZ<\/b><\/p>\n","protected":false},"excerpt":{"rendered":"<p>Durante los d\u00edas 2, 3 y 4 de mayo se celebrar\u00e1 en Trebujena el VII Trebufestival de M\u00fasica Callejera. Los grupos inscritos en el festival son los siguientes: &nbsp; S\u00c1BADO 3 DE MAYO ESCENARIO PLAZA JOSELILLO EL VAZQUEZ\u00a0 16.00h M\u00c1XIMO &hellip; <a href=\"https:\/\/www.ruralgia.com\/blog\/trebu-festival-2014-festival-de-musica-callejera\/\">Sigue leyendo <span class=\"meta-nav\">&rarr;<\/span><\/a><\/p>\n","protected":false},"author":1,"featured_media":2490,"comment_status":"open","ping_status":"open","sticky":false,"template":"","format":"standard","meta":{"footnotes":""},"categories":[48,12],"tags":[156,157],"class_list":["post-2489","post","type-post","status-publish","format-standard","has-post-thumbnail","hentry","category-festival","category-propuestas","tag-festival","tag-musica"],"yoast_head":"<!-- This site is optimized with the Yoast SEO plugin v24.1 - https:\/\/yoast.com\/wordpress\/plugins\/seo\/ -->\n<title>Trebu Festival 2014 - Festival de M\u00fasica Callejera - Ruralgia Blog<\/title>\n<meta name=\"robots\" content=\"index, follow, max-snippet:-1, max-image-preview:large, max-video-preview:-1\" \/>\n<link rel=\"canonical\" href=\"https:\/\/www.ruralgia.com\/blog\/trebu-festival-2014-festival-de-musica-callejera\/\" \/>\n<meta property=\"og:locale\" content=\"es_ES\" \/>\n<meta property=\"og:type\" content=\"article\" \/>\n<meta property=\"og:title\" content=\"Trebu Festival 2014 - Festival de M\u00fasica Callejera - Ruralgia Blog\" \/>\n<meta property=\"og:description\" content=\"Durante los d\u00edas 2, 3 y 4 de mayo se celebrar\u00e1 en Trebujena el VII Trebufestival de M\u00fasica Callejera. Los grupos inscritos en el festival son los siguientes: &nbsp; S\u00c1BADO 3 DE MAYO ESCENARIO PLAZA JOSELILLO EL VAZQUEZ\u00a0 16.00h M\u00c1XIMO &hellip; Sigue leyendo &rarr;\" \/>\n<meta property=\"og:url\" content=\"https:\/\/www.ruralgia.com\/blog\/trebu-festival-2014-festival-de-musica-callejera\/\" \/>\n<meta property=\"og:site_name\" content=\"Ruralgia Blog\" \/>\n<meta property=\"article:published_time\" content=\"2014-04-09T10:50:05+00:00\" \/>\n<meta property=\"article:modified_time\" content=\"2014-04-09T11:05:35+00:00\" \/>\n<meta property=\"og:image\" content=\"https:\/\/www.ruralgia.com\/blog\/wp-content\/uploads\/2014\/04\/trebufest2014-web.jpg\" \/>\n\t<meta property=\"og:image:width\" content=\"700\" \/>\n\t<meta property=\"og:image:height\" content=\"986\" \/>\n\t<meta property=\"og:image:type\" content=\"image\/jpeg\" \/>\n<meta name=\"author\" content=\"admin\" \/>\n<meta name=\"twitter:card\" content=\"summary_large_image\" \/>\n<meta name=\"twitter:label1\" content=\"Escrito por\" \/>\n\t<meta name=\"twitter:data1\" content=\"admin\" \/>\n\t<meta name=\"twitter:label2\" content=\"Tiempo de lectura\" \/>\n\t<meta name=\"twitter:data2\" content=\"2 minutos\" \/>\n<script type=\"application\/ld+json\" class=\"yoast-schema-graph\">{\"@context\":\"https:\/\/schema.org\",\"@graph\":[{\"@type\":\"WebPage\",\"@id\":\"https:\/\/www.ruralgia.com\/blog\/trebu-festival-2014-festival-de-musica-callejera\/\",\"url\":\"https:\/\/www.ruralgia.com\/blog\/trebu-festival-2014-festival-de-musica-callejera\/\",\"name\":\"Trebu Festival 2014 - Festival de M\u00fasica Callejera - Ruralgia Blog\",\"isPartOf\":{\"@id\":\"https:\/\/www.ruralgia.com\/blog\/#website\"},\"primaryImageOfPage\":{\"@id\":\"https:\/\/www.ruralgia.com\/blog\/trebu-festival-2014-festival-de-musica-callejera\/#primaryimage\"},\"image\":{\"@id\":\"https:\/\/www.ruralgia.com\/blog\/trebu-festival-2014-festival-de-musica-callejera\/#primaryimage\"},\"thumbnailUrl\":\"https:\/\/www.ruralgia.com\/blog\/wp-content\/uploads\/2014\/04\/trebufest2014-web.jpg\",\"datePublished\":\"2014-04-09T10:50:05+00:00\",\"dateModified\":\"2014-04-09T11:05:35+00:00\",\"author\":{\"@id\":\"https:\/\/www.ruralgia.com\/blog\/#\/schema\/person\/f9d61dcaa454dc132c65467750b88c01\"},\"breadcrumb\":{\"@id\":\"https:\/\/www.ruralgia.com\/blog\/trebu-festival-2014-festival-de-musica-callejera\/#breadcrumb\"},\"inLanguage\":\"es\",\"potentialAction\":[{\"@type\":\"ReadAction\",\"target\":[\"https:\/\/www.ruralgia.com\/blog\/trebu-festival-2014-festival-de-musica-callejera\/\"]}]},{\"@type\":\"ImageObject\",\"inLanguage\":\"es\",\"@id\":\"https:\/\/www.ruralgia.com\/blog\/trebu-festival-2014-festival-de-musica-callejera\/#primaryimage\",\"url\":\"https:\/\/www.ruralgia.com\/blog\/wp-content\/uploads\/2014\/04\/trebufest2014-web.jpg\",\"contentUrl\":\"https:\/\/www.ruralgia.com\/blog\/wp-content\/uploads\/2014\/04\/trebufest2014-web.jpg\",\"width\":700,\"height\":986},{\"@type\":\"BreadcrumbList\",\"@id\":\"https:\/\/www.ruralgia.com\/blog\/trebu-festival-2014-festival-de-musica-callejera\/#breadcrumb\",\"itemListElement\":[{\"@type\":\"ListItem\",\"position\":1,\"name\":\"Portada\",\"item\":\"https:\/\/www.ruralgia.com\/blog\/\"},{\"@type\":\"ListItem\",\"position\":2,\"name\":\"Trebu Festival 2014 &#8211; Festival de M\u00fasica Callejera\"}]},{\"@type\":\"WebSite\",\"@id\":\"https:\/\/www.ruralgia.com\/blog\/#website\",\"url\":\"https:\/\/www.ruralgia.com\/blog\/\",\"name\":\"Ruralgia Blog\",\"description\":\"El blog de viajes y turismo de Ruralgia\",\"potentialAction\":[{\"@type\":\"SearchAction\",\"target\":{\"@type\":\"EntryPoint\",\"urlTemplate\":\"https:\/\/www.ruralgia.com\/blog\/?s={search_term_string}\"},\"query-input\":{\"@type\":\"PropertyValueSpecification\",\"valueRequired\":true,\"valueName\":\"search_term_string\"}}],\"inLanguage\":\"es\"},{\"@type\":\"Person\",\"@id\":\"https:\/\/www.ruralgia.com\/blog\/#\/schema\/person\/f9d61dcaa454dc132c65467750b88c01\",\"name\":\"admin\",\"image\":{\"@type\":\"ImageObject\",\"inLanguage\":\"es\",\"@id\":\"https:\/\/www.ruralgia.com\/blog\/#\/schema\/person\/image\/\",\"url\":\"https:\/\/secure.gravatar.com\/avatar\/308988d44afa417cbdf20b1a60ad4489?s=96&d=mm&r=g\",\"contentUrl\":\"https:\/\/secure.gravatar.com\/avatar\/308988d44afa417cbdf20b1a60ad4489?s=96&d=mm&r=g\",\"caption\":\"admin\"},\"url\":\"https:\/\/www.ruralgia.com\/blog\/author\/admin\/\"}]}<\/script>\n<!-- \/ Yoast SEO plugin. -->","yoast_head_json":{"title":"Trebu Festival 2014 - Festival de M\u00fasica Callejera - Ruralgia Blog","robots":{"index":"index","follow":"follow","max-snippet":"max-snippet:-1","max-image-preview":"max-image-preview:large","max-video-preview":"max-video-preview:-1"},"canonical":"https:\/\/www.ruralgia.com\/blog\/trebu-festival-2014-festival-de-musica-callejera\/","og_locale":"es_ES","og_type":"article","og_title":"Trebu Festival 2014 - Festival de M\u00fasica Callejera - Ruralgia Blog","og_description":"Durante los d\u00edas 2, 3 y 4 de mayo se celebrar\u00e1 en Trebujena el VII Trebufestival de M\u00fasica Callejera. Los grupos inscritos en el festival son los siguientes: &nbsp; S\u00c1BADO 3 DE MAYO ESCENARIO PLAZA JOSELILLO EL VAZQUEZ\u00a0 16.00h M\u00c1XIMO &hellip; Sigue leyendo &rarr;","og_url":"https:\/\/www.ruralgia.com\/blog\/trebu-festival-2014-festival-de-musica-callejera\/","og_site_name":"Ruralgia Blog","article_published_time":"2014-04-09T10:50:05+00:00","article_modified_time":"2014-04-09T11:05:35+00:00","og_image":[{"width":700,"height":986,"url":"https:\/\/www.ruralgia.com\/blog\/wp-content\/uploads\/2014\/04\/trebufest2014-web.jpg","type":"image\/jpeg"}],"author":"admin","twitter_card":"summary_large_image","twitter_misc":{"Escrito por":"admin","Tiempo de lectura":"2 minutos"},"schema":{"@context":"https:\/\/schema.org","@graph":[{"@type":"WebPage","@id":"https:\/\/www.ruralgia.com\/blog\/trebu-festival-2014-festival-de-musica-callejera\/","url":"https:\/\/www.ruralgia.com\/blog\/trebu-festival-2014-festival-de-musica-callejera\/","name":"Trebu Festival 2014 - Festival de M\u00fasica Callejera - Ruralgia Blog","isPartOf":{"@id":"https:\/\/www.ruralgia.com\/blog\/#website"},"primaryImageOfPage":{"@id":"https:\/\/www.ruralgia.com\/blog\/trebu-festival-2014-festival-de-musica-callejera\/#primaryimage"},"image":{"@id":"https:\/\/www.ruralgia.com\/blog\/trebu-festival-2014-festival-de-musica-callejera\/#primaryimage"},"thumbnailUrl":"https:\/\/www.ruralgia.com\/blog\/wp-content\/uploads\/2014\/04\/trebufest2014-web.jpg","datePublished":"2014-04-09T10:50:05+00:00","dateModified":"2014-04-09T11:05:35+00:00","author":{"@id":"https:\/\/www.ruralgia.com\/blog\/#\/schema\/person\/f9d61dcaa454dc132c65467750b88c01"},"breadcrumb":{"@id":"https:\/\/www.ruralgia.com\/blog\/trebu-festival-2014-festival-de-musica-callejera\/#breadcrumb"},"inLanguage":"es","potentialAction":[{"@type":"ReadAction","target":["https:\/\/www.ruralgia.com\/blog\/trebu-festival-2014-festival-de-musica-callejera\/"]}]},{"@type":"ImageObject","inLanguage":"es","@id":"https:\/\/www.ruralgia.com\/blog\/trebu-festival-2014-festival-de-musica-callejera\/#primaryimage","url":"https:\/\/www.ruralgia.com\/blog\/wp-content\/uploads\/2014\/04\/trebufest2014-web.jpg","contentUrl":"https:\/\/www.ruralgia.com\/blog\/wp-content\/uploads\/2014\/04\/trebufest2014-web.jpg","width":700,"height":986},{"@type":"BreadcrumbList","@id":"https:\/\/www.ruralgia.com\/blog\/trebu-festival-2014-festival-de-musica-callejera\/#breadcrumb","itemListElement":[{"@type":"ListItem","position":1,"name":"Portada","item":"https:\/\/www.ruralgia.com\/blog\/"},{"@type":"ListItem","position":2,"name":"Trebu Festival 2014 &#8211; Festival de M\u00fasica Callejera"}]},{"@type":"WebSite","@id":"https:\/\/www.ruralgia.com\/blog\/#website","url":"https:\/\/www.ruralgia.com\/blog\/","name":"Ruralgia Blog","description":"El blog de viajes y turismo de Ruralgia","potentialAction":[{"@type":"SearchAction","target":{"@type":"EntryPoint","urlTemplate":"https:\/\/www.ruralgia.com\/blog\/?s={search_term_string}"},"query-input":{"@type":"PropertyValueSpecification","valueRequired":true,"valueName":"search_term_string"}}],"inLanguage":"es"},{"@type":"Person","@id":"https:\/\/www.ruralgia.com\/blog\/#\/schema\/person\/f9d61dcaa454dc132c65467750b88c01","name":"admin","image":{"@type":"ImageObject","inLanguage":"es","@id":"https:\/\/www.ruralgia.com\/blog\/#\/schema\/person\/image\/","url":"https:\/\/secure.gravatar.com\/avatar\/308988d44afa417cbdf20b1a60ad4489?s=96&d=mm&r=g","contentUrl":"https:\/\/secure.gravatar.com\/avatar\/308988d44afa417cbdf20b1a60ad4489?s=96&d=mm&r=g","caption":"admin"},"url":"https:\/\/www.ruralgia.com\/blog\/author\/admin\/"}]}},"amp_enabled":true,"_links":{"self":[{"href":"https:\/\/www.ruralgia.com\/blog\/wp-json\/wp\/v2\/posts\/2489","targetHints":{"allow":["GET"]}}],"collection":[{"href":"https:\/\/www.ruralgia.com\/blog\/wp-json\/wp\/v2\/posts"}],"about":[{"href":"https:\/\/www.ruralgia.com\/blog\/wp-json\/wp\/v2\/types\/post"}],"author":[{"embeddable":true,"href":"https:\/\/www.ruralgia.com\/blog\/wp-json\/wp\/v2\/users\/1"}],"replies":[{"embeddable":true,"href":"https:\/\/www.ruralgia.com\/blog\/wp-json\/wp\/v2\/comments?post=2489"}],"version-history":[{"count":7,"href":"https:\/\/www.ruralgia.com\/blog\/wp-json\/wp\/v2\/posts\/2489\/revisions"}],"predecessor-version":[{"id":2497,"href":"https:\/\/www.ruralgia.com\/blog\/wp-json\/wp\/v2\/posts\/2489\/revisions\/2497"}],"wp:featuredmedia":[{"embeddable":true,"href":"https:\/\/www.ruralgia.com\/blog\/wp-json\/wp\/v2\/media\/2490"}],"wp:attachment":[{"href":"https:\/\/www.ruralgia.com\/blog\/wp-json\/wp\/v2\/media?parent=2489"}],"wp:term":[{"taxonomy":"category","embeddable":true,"href":"https:\/\/www.ruralgia.com\/blog\/wp-json\/wp\/v2\/categories?post=2489"},{"taxonomy":"post_tag","embeddable":true,"href":"https:\/\/www.ruralgia.com\/blog\/wp-json\/wp\/v2\/tags?post=2489"}],"curies":[{"name":"wp","href":"https:\/\/api.w.org\/{rel}","templated":true}]}}