{"id":2599,"date":"2014-09-23T17:51:59","date_gmt":"2014-09-23T17:51:59","guid":{"rendered":"https:\/\/www.ruralgia.com\/blog\/?p=2599"},"modified":"2014-09-23T18:00:10","modified_gmt":"2014-09-23T18:00:10","slug":"fin-de-semana-de-cultura-y-gastronomia-en-casa-cueva-2","status":"publish","type":"post","link":"https:\/\/www.ruralgia.com\/blog\/fin-de-semana-de-cultura-y-gastronomia-en-casa-cueva-2\/","title":{"rendered":"FIN DE SEMANA DE CULTURA Y GASTRONOM\u00cdA EN CASA CUEVA"},"content":{"rendered":"<p><a href=\"https:\/\/www.ruralgia.com\/elmiradordegalera-ofertas-fin-de-semana-de-cultura-y-gastronomia-en-casa-cueva\"><img decoding=\"async\" style=\"float: left; border: 1px solid lightgray; padding: 3px; margin-right: 10px; width: 300px;\" src=\"https:\/\/www.ruralgia.com\/blog\/wp-content\/uploads\/2014\/09\/b80caa286cfed317883faed7d1db8805_foto_ofertas_mirador_de_galera1.jpg\" alt=\"\" \/><\/a><b>Casas Cueva El Mirador De Galera. Galera<\/b><\/p>\n<p>Galera.<\/p>\n<p>Las actividades se centrar\u00e1n en Conocer nuestros excepcionales yacimientos arqueol\u00f3gicos y paisajes semides\u00e9rticos, en la gastronom\u00eda y \u00a0en disfrutar de la tranquilidad de un pueblo del Altiplano \u00a0granadino.<\/p>\n<div><\/div>\n<div><b>Incluye:<\/b><\/div>\n<div><\/div>\n<div>2 noches de alojamiento.<\/div>\n<div>2 desayunos. Cena del Viernes y comida y cena del s\u00e1bado.<\/div>\n<div>3 visitas guiadas a yacimientos y museo.<\/div>\n<div>1 Carretilla de le\u00f1a para la chimenea.<\/div>\n<div><\/div>\n<div>Check -out \u00a0hasta la 17 h seg\u00fan disponibilidad<\/div>\n<div><\/div>\n<div><b>No incluye:<\/b><\/div>\n<div><\/div>\n<div>Desplazamiento (se har\u00e1 con los medios propios de los clientes)<\/div>\n<div><\/div>\n<div>\n<div><b>RESUMEN DEL VIAJE<\/b><\/div>\n<div><\/div>\n<div><span style=\"text-decoration: underline;\">D\u00eda 1, Viernes<\/span><\/div>\n<div><\/div>\n<div>Recepci\u00f3n, entrega de llaves de la casa cueva y cena \u00a0en Restaurante-pizzer\u00eda \u00abLa Pos\u00e1\u00bb<\/div>\n<div><\/div>\n<div><span style=\"text-decoration: underline;\">D\u00eda 2, S\u00e1bado<\/span><\/div>\n<div><\/div>\n<div>Desayuno. Tras el desayuno se podr\u00e1 visitar el Museo Arqueol\u00f3gico, un recorrido did\u00e1ctico por la historia donde conocer los restos momificados m\u00e1s antiguos de la Pen\u00ednsula.<\/div>\n<div>Comida en restaurante \u00abLa Pos\u00e1\u00bb: Men\u00fa del d\u00eda, bebida y postre. Tras el oportuno descanso (siesta), \u00a0se recomienda la visita guiada al Castell\u00f3n Alto, pasea por las calles de un poblado de la Edad del Bronce en excelente estado de conservaci\u00f3n.<\/div>\n<div>Cena \u00a0en restaurante \u00abLa Pos\u00e1\u00bb y a \u00a0relajarse frente a la chimenea.<\/div>\n<div><\/div>\n<div><span style=\"text-decoration: underline;\">D\u00eda 3, Domingo<\/span><\/div>\n<div><\/div>\n<div>Desayuno. Tras el desayuno, paseo por T\u00fatugi, una de las necr\u00f3polis \u00cdberas m\u00e1s extensas y monumentales de la Pen\u00ednsula. Conoce como constru\u00edan las tumbas y como era el ritual funerario en el siglo IV a. C.<\/div>\n<\/div>\n<div><\/div>\n<div><b>Web<\/b>: <a href=\"http:\/\/elmiradordegalera.com\/\">elmiradordegalera.com<\/a><\/div>\n<div><b>Contacto<\/b>: elmiradordegalera@yahoo.es<\/div>\n<div><b>Tfno<\/b>.: 639600264<\/div>\n<div><\/div>\n<div><a href=\"https:\/\/www.ruralgia.com\/blog\/wp-content\/uploads\/2014\/09\/f8a342da255a304d8e78c448bc890bcf_Oferta_1_Mirador_de_Galera1.jpg\" rel=\"lightbox_vlb\"><img decoding=\"async\" src=\"https:\/\/www.ruralgia.com\/blog\/wp-content\/uploads\/2014\/09\/f8a342da255a304d8e78c448bc890bcf_Oferta_1_Mirador_de_Galera1.jpg\" alt=\"\" \/><\/a><\/div>\n<div class=\"art-button-wrapper\" style=\"cursor: pointer; float: right; clear: both;\">\n<div class=\"art-button-l\"><\/div>\n<div class=\"art-button-r\"><\/div>\n<p><a class=\"art-button\" style=\"cursor: pointer; background-color: transparent;\" href=\"https:\/\/www.ruralgia.com\/elmiradordegalera-ofertas-fin-de-semana-de-cultura-y-gastronomia-en-casa-cueva\">Contactar con el alojamiento&#8230;<\/a><\/p>\n<\/div>\n","protected":false},"excerpt":{"rendered":"<p>Casas Cueva El Mirador De Galera. Galera Galera. Las actividades se centrar\u00e1n en Conocer nuestros excepcionales yacimientos arqueol\u00f3gicos y paisajes semides\u00e9rticos, en la gastronom\u00eda y \u00a0en disfrutar de la tranquilidad de un pueblo del Altiplano \u00a0granadino. Incluye: 2 noches de &hellip; <a href=\"https:\/\/www.ruralgia.com\/blog\/fin-de-semana-de-cultura-y-gastronomia-en-casa-cueva-2\/\">Sigue leyendo <span class=\"meta-nav\">&rarr;<\/span><\/a><\/p>\n","protected":false},"author":1,"featured_media":2604,"comment_status":"open","ping_status":"open","sticky":false,"template":"","format":"standard","meta":{"footnotes":""},"categories":[69],"tags":[],"class_list":["post-2599","post","type-post","status-publish","format-standard","has-post-thumbnail","hentry","category-eventos"],"yoast_head":"<!-- This site is optimized with the Yoast SEO plugin v24.1 - https:\/\/yoast.com\/wordpress\/plugins\/seo\/ -->\n<title>FIN DE SEMANA DE CULTURA Y GASTRONOM\u00cdA EN CASA CUEVA - Ruralgia Blog<\/title>\n<meta name=\"robots\" content=\"index, follow, max-snippet:-1, max-image-preview:large, max-video-preview:-1\" \/>\n<link rel=\"canonical\" href=\"https:\/\/www.ruralgia.com\/blog\/fin-de-semana-de-cultura-y-gastronomia-en-casa-cueva-2\/\" \/>\n<meta property=\"og:locale\" content=\"es_ES\" \/>\n<meta property=\"og:type\" content=\"article\" \/>\n<meta property=\"og:title\" content=\"FIN DE SEMANA DE CULTURA Y GASTRONOM\u00cdA EN CASA CUEVA - Ruralgia Blog\" \/>\n<meta property=\"og:description\" content=\"Casas Cueva El Mirador De Galera. Galera Galera. Las actividades se centrar\u00e1n en Conocer nuestros excepcionales yacimientos arqueol\u00f3gicos y paisajes semides\u00e9rticos, en la gastronom\u00eda y \u00a0en disfrutar de la tranquilidad de un pueblo del Altiplano \u00a0granadino. Incluye: 2 noches de &hellip; Sigue leyendo &rarr;\" \/>\n<meta property=\"og:url\" content=\"https:\/\/www.ruralgia.com\/blog\/fin-de-semana-de-cultura-y-gastronomia-en-casa-cueva-2\/\" \/>\n<meta property=\"og:site_name\" content=\"Ruralgia Blog\" \/>\n<meta property=\"article:published_time\" content=\"2014-09-23T17:51:59+00:00\" \/>\n<meta property=\"article:modified_time\" content=\"2014-09-23T18:00:10+00:00\" \/>\n<meta property=\"og:image\" content=\"https:\/\/www.ruralgia.com\/blog\/wp-content\/uploads\/2014\/09\/f8a342da255a304d8e78c448bc890bcf_Oferta_1_Mirador_de_Galera.jpg\" \/>\n\t<meta property=\"og:image:width\" content=\"800\" \/>\n\t<meta property=\"og:image:height\" content=\"602\" \/>\n\t<meta property=\"og:image:type\" content=\"image\/jpeg\" \/>\n<meta name=\"author\" content=\"admin\" \/>\n<meta name=\"twitter:card\" content=\"summary_large_image\" \/>\n<meta name=\"twitter:label1\" content=\"Escrito por\" \/>\n\t<meta name=\"twitter:data1\" content=\"admin\" \/>\n\t<meta name=\"twitter:label2\" content=\"Tiempo de lectura\" \/>\n\t<meta name=\"twitter:data2\" content=\"1 minuto\" \/>\n<script type=\"application\/ld+json\" class=\"yoast-schema-graph\">{\"@context\":\"https:\/\/schema.org\",\"@graph\":[{\"@type\":\"WebPage\",\"@id\":\"https:\/\/www.ruralgia.com\/blog\/fin-de-semana-de-cultura-y-gastronomia-en-casa-cueva-2\/\",\"url\":\"https:\/\/www.ruralgia.com\/blog\/fin-de-semana-de-cultura-y-gastronomia-en-casa-cueva-2\/\",\"name\":\"FIN DE SEMANA DE CULTURA Y GASTRONOM\u00cdA EN CASA CUEVA - Ruralgia Blog\",\"isPartOf\":{\"@id\":\"https:\/\/www.ruralgia.com\/blog\/#website\"},\"primaryImageOfPage\":{\"@id\":\"https:\/\/www.ruralgia.com\/blog\/fin-de-semana-de-cultura-y-gastronomia-en-casa-cueva-2\/#primaryimage\"},\"image\":{\"@id\":\"https:\/\/www.ruralgia.com\/blog\/fin-de-semana-de-cultura-y-gastronomia-en-casa-cueva-2\/#primaryimage\"},\"thumbnailUrl\":\"https:\/\/www.ruralgia.com\/blog\/wp-content\/uploads\/2014\/09\/f8a342da255a304d8e78c448bc890bcf_Oferta_1_Mirador_de_Galera.jpg\",\"datePublished\":\"2014-09-23T17:51:59+00:00\",\"dateModified\":\"2014-09-23T18:00:10+00:00\",\"author\":{\"@id\":\"https:\/\/www.ruralgia.com\/blog\/#\/schema\/person\/f9d61dcaa454dc132c65467750b88c01\"},\"breadcrumb\":{\"@id\":\"https:\/\/www.ruralgia.com\/blog\/fin-de-semana-de-cultura-y-gastronomia-en-casa-cueva-2\/#breadcrumb\"},\"inLanguage\":\"es\",\"potentialAction\":[{\"@type\":\"ReadAction\",\"target\":[\"https:\/\/www.ruralgia.com\/blog\/fin-de-semana-de-cultura-y-gastronomia-en-casa-cueva-2\/\"]}]},{\"@type\":\"ImageObject\",\"inLanguage\":\"es\",\"@id\":\"https:\/\/www.ruralgia.com\/blog\/fin-de-semana-de-cultura-y-gastronomia-en-casa-cueva-2\/#primaryimage\",\"url\":\"https:\/\/www.ruralgia.com\/blog\/wp-content\/uploads\/2014\/09\/f8a342da255a304d8e78c448bc890bcf_Oferta_1_Mirador_de_Galera.jpg\",\"contentUrl\":\"https:\/\/www.ruralgia.com\/blog\/wp-content\/uploads\/2014\/09\/f8a342da255a304d8e78c448bc890bcf_Oferta_1_Mirador_de_Galera.jpg\",\"width\":800,\"height\":602},{\"@type\":\"BreadcrumbList\",\"@id\":\"https:\/\/www.ruralgia.com\/blog\/fin-de-semana-de-cultura-y-gastronomia-en-casa-cueva-2\/#breadcrumb\",\"itemListElement\":[{\"@type\":\"ListItem\",\"position\":1,\"name\":\"Portada\",\"item\":\"https:\/\/www.ruralgia.com\/blog\/\"},{\"@type\":\"ListItem\",\"position\":2,\"name\":\"FIN DE SEMANA DE CULTURA Y GASTRONOM\u00cdA EN CASA CUEVA\"}]},{\"@type\":\"WebSite\",\"@id\":\"https:\/\/www.ruralgia.com\/blog\/#website\",\"url\":\"https:\/\/www.ruralgia.com\/blog\/\",\"name\":\"Ruralgia Blog\",\"description\":\"El blog de viajes y turismo de Ruralgia\",\"potentialAction\":[{\"@type\":\"SearchAction\",\"target\":{\"@type\":\"EntryPoint\",\"urlTemplate\":\"https:\/\/www.ruralgia.com\/blog\/?s={search_term_string}\"},\"query-input\":{\"@type\":\"PropertyValueSpecification\",\"valueRequired\":true,\"valueName\":\"search_term_string\"}}],\"inLanguage\":\"es\"},{\"@type\":\"Person\",\"@id\":\"https:\/\/www.ruralgia.com\/blog\/#\/schema\/person\/f9d61dcaa454dc132c65467750b88c01\",\"name\":\"admin\",\"image\":{\"@type\":\"ImageObject\",\"inLanguage\":\"es\",\"@id\":\"https:\/\/www.ruralgia.com\/blog\/#\/schema\/person\/image\/\",\"url\":\"https:\/\/secure.gravatar.com\/avatar\/308988d44afa417cbdf20b1a60ad4489?s=96&d=mm&r=g\",\"contentUrl\":\"https:\/\/secure.gravatar.com\/avatar\/308988d44afa417cbdf20b1a60ad4489?s=96&d=mm&r=g\",\"caption\":\"admin\"},\"url\":\"https:\/\/www.ruralgia.com\/blog\/author\/admin\/\"}]}<\/script>\n<!-- \/ Yoast SEO plugin. -->","yoast_head_json":{"title":"FIN DE SEMANA DE CULTURA Y GASTRONOM\u00cdA EN CASA CUEVA - Ruralgia Blog","robots":{"index":"index","follow":"follow","max-snippet":"max-snippet:-1","max-image-preview":"max-image-preview:large","max-video-preview":"max-video-preview:-1"},"canonical":"https:\/\/www.ruralgia.com\/blog\/fin-de-semana-de-cultura-y-gastronomia-en-casa-cueva-2\/","og_locale":"es_ES","og_type":"article","og_title":"FIN DE SEMANA DE CULTURA Y GASTRONOM\u00cdA EN CASA CUEVA - Ruralgia Blog","og_description":"Casas Cueva El Mirador De Galera. Galera Galera. Las actividades se centrar\u00e1n en Conocer nuestros excepcionales yacimientos arqueol\u00f3gicos y paisajes semides\u00e9rticos, en la gastronom\u00eda y \u00a0en disfrutar de la tranquilidad de un pueblo del Altiplano \u00a0granadino. Incluye: 2 noches de &hellip; Sigue leyendo &rarr;","og_url":"https:\/\/www.ruralgia.com\/blog\/fin-de-semana-de-cultura-y-gastronomia-en-casa-cueva-2\/","og_site_name":"Ruralgia Blog","article_published_time":"2014-09-23T17:51:59+00:00","article_modified_time":"2014-09-23T18:00:10+00:00","og_image":[{"width":800,"height":602,"url":"https:\/\/www.ruralgia.com\/blog\/wp-content\/uploads\/2014\/09\/f8a342da255a304d8e78c448bc890bcf_Oferta_1_Mirador_de_Galera.jpg","type":"image\/jpeg"}],"author":"admin","twitter_card":"summary_large_image","twitter_misc":{"Escrito por":"admin","Tiempo de lectura":"1 minuto"},"schema":{"@context":"https:\/\/schema.org","@graph":[{"@type":"WebPage","@id":"https:\/\/www.ruralgia.com\/blog\/fin-de-semana-de-cultura-y-gastronomia-en-casa-cueva-2\/","url":"https:\/\/www.ruralgia.com\/blog\/fin-de-semana-de-cultura-y-gastronomia-en-casa-cueva-2\/","name":"FIN DE SEMANA DE CULTURA Y GASTRONOM\u00cdA EN CASA CUEVA - Ruralgia Blog","isPartOf":{"@id":"https:\/\/www.ruralgia.com\/blog\/#website"},"primaryImageOfPage":{"@id":"https:\/\/www.ruralgia.com\/blog\/fin-de-semana-de-cultura-y-gastronomia-en-casa-cueva-2\/#primaryimage"},"image":{"@id":"https:\/\/www.ruralgia.com\/blog\/fin-de-semana-de-cultura-y-gastronomia-en-casa-cueva-2\/#primaryimage"},"thumbnailUrl":"https:\/\/www.ruralgia.com\/blog\/wp-content\/uploads\/2014\/09\/f8a342da255a304d8e78c448bc890bcf_Oferta_1_Mirador_de_Galera.jpg","datePublished":"2014-09-23T17:51:59+00:00","dateModified":"2014-09-23T18:00:10+00:00","author":{"@id":"https:\/\/www.ruralgia.com\/blog\/#\/schema\/person\/f9d61dcaa454dc132c65467750b88c01"},"breadcrumb":{"@id":"https:\/\/www.ruralgia.com\/blog\/fin-de-semana-de-cultura-y-gastronomia-en-casa-cueva-2\/#breadcrumb"},"inLanguage":"es","potentialAction":[{"@type":"ReadAction","target":["https:\/\/www.ruralgia.com\/blog\/fin-de-semana-de-cultura-y-gastronomia-en-casa-cueva-2\/"]}]},{"@type":"ImageObject","inLanguage":"es","@id":"https:\/\/www.ruralgia.com\/blog\/fin-de-semana-de-cultura-y-gastronomia-en-casa-cueva-2\/#primaryimage","url":"https:\/\/www.ruralgia.com\/blog\/wp-content\/uploads\/2014\/09\/f8a342da255a304d8e78c448bc890bcf_Oferta_1_Mirador_de_Galera.jpg","contentUrl":"https:\/\/www.ruralgia.com\/blog\/wp-content\/uploads\/2014\/09\/f8a342da255a304d8e78c448bc890bcf_Oferta_1_Mirador_de_Galera.jpg","width":800,"height":602},{"@type":"BreadcrumbList","@id":"https:\/\/www.ruralgia.com\/blog\/fin-de-semana-de-cultura-y-gastronomia-en-casa-cueva-2\/#breadcrumb","itemListElement":[{"@type":"ListItem","position":1,"name":"Portada","item":"https:\/\/www.ruralgia.com\/blog\/"},{"@type":"ListItem","position":2,"name":"FIN DE SEMANA DE CULTURA Y GASTRONOM\u00cdA EN CASA CUEVA"}]},{"@type":"WebSite","@id":"https:\/\/www.ruralgia.com\/blog\/#website","url":"https:\/\/www.ruralgia.com\/blog\/","name":"Ruralgia Blog","description":"El blog de viajes y turismo de Ruralgia","potentialAction":[{"@type":"SearchAction","target":{"@type":"EntryPoint","urlTemplate":"https:\/\/www.ruralgia.com\/blog\/?s={search_term_string}"},"query-input":{"@type":"PropertyValueSpecification","valueRequired":true,"valueName":"search_term_string"}}],"inLanguage":"es"},{"@type":"Person","@id":"https:\/\/www.ruralgia.com\/blog\/#\/schema\/person\/f9d61dcaa454dc132c65467750b88c01","name":"admin","image":{"@type":"ImageObject","inLanguage":"es","@id":"https:\/\/www.ruralgia.com\/blog\/#\/schema\/person\/image\/","url":"https:\/\/secure.gravatar.com\/avatar\/308988d44afa417cbdf20b1a60ad4489?s=96&d=mm&r=g","contentUrl":"https:\/\/secure.gravatar.com\/avatar\/308988d44afa417cbdf20b1a60ad4489?s=96&d=mm&r=g","caption":"admin"},"url":"https:\/\/www.ruralgia.com\/blog\/author\/admin\/"}]}},"amp_enabled":true,"_links":{"self":[{"href":"https:\/\/www.ruralgia.com\/blog\/wp-json\/wp\/v2\/posts\/2599","targetHints":{"allow":["GET"]}}],"collection":[{"href":"https:\/\/www.ruralgia.com\/blog\/wp-json\/wp\/v2\/posts"}],"about":[{"href":"https:\/\/www.ruralgia.com\/blog\/wp-json\/wp\/v2\/types\/post"}],"author":[{"embeddable":true,"href":"https:\/\/www.ruralgia.com\/blog\/wp-json\/wp\/v2\/users\/1"}],"replies":[{"embeddable":true,"href":"https:\/\/www.ruralgia.com\/blog\/wp-json\/wp\/v2\/comments?post=2599"}],"version-history":[{"count":4,"href":"https:\/\/www.ruralgia.com\/blog\/wp-json\/wp\/v2\/posts\/2599\/revisions"}],"predecessor-version":[{"id":2607,"href":"https:\/\/www.ruralgia.com\/blog\/wp-json\/wp\/v2\/posts\/2599\/revisions\/2607"}],"wp:featuredmedia":[{"embeddable":true,"href":"https:\/\/www.ruralgia.com\/blog\/wp-json\/wp\/v2\/media\/2604"}],"wp:attachment":[{"href":"https:\/\/www.ruralgia.com\/blog\/wp-json\/wp\/v2\/media?parent=2599"}],"wp:term":[{"taxonomy":"category","embeddable":true,"href":"https:\/\/www.ruralgia.com\/blog\/wp-json\/wp\/v2\/categories?post=2599"},{"taxonomy":"post_tag","embeddable":true,"href":"https:\/\/www.ruralgia.com\/blog\/wp-json\/wp\/v2\/tags?post=2599"}],"curies":[{"name":"wp","href":"https:\/\/api.w.org\/{rel}","templated":true}]}}