{"id":311,"date":"2012-04-18T17:04:37","date_gmt":"2012-04-18T17:04:37","guid":{"rendered":"https:\/\/www.ruralgia.com\/blog\/?p=311"},"modified":"2012-04-18T17:24:52","modified_gmt":"2012-04-18T17:24:52","slug":"festival-de-los-patios-cordobeses-2012","status":"publish","type":"post","link":"https:\/\/www.ruralgia.com\/blog\/festival-de-los-patios-cordobeses-2012\/","title":{"rendered":"Festival de los Patios Cordobeses 2012"},"content":{"rendered":"<p><strong>\u00bfQu\u00e9 son los patios?<\/strong><\/p>\n<p><strong><img loading=\"lazy\" decoding=\"async\" class=\"alignright\" style=\"margin: 10px;\" title=\"Patio de C\u00f3rdoba\" src=\"http:\/\/www.turismodecordoba.org\/imagenes\/fiestasyeventos\/festivaldelospatios\/patio1.jpg\" alt=\"\" hspace=\"10\" vspace=\"10\" width=\"250\" height=\"344\" align=\"left\" \/><\/strong>Debido a la climatolog\u00eda seca y calurosa de C\u00f3rdoba, los habitantes de la ciudad, primero los romanos y m\u00e1s tarde los musulmanes, adaptaron la tipolog\u00eda de casa popular a las necesidades, centrando la vivienda en torno a un patio, que normalmente ten\u00eda una fuente en el centro y en muchas ocasiones un pozo que recog\u00eda el agua de lluvia. Los musulmanes readaptaron este esquema dando entrada a la vivienda desde la calle a trav\u00e9s de un zagu\u00e1n y colocando vegetaci\u00f3n abundante para aumentar la sensaci\u00f3n de frescor.<\/p>\n<p><strong>Tipos de Patios <\/strong><\/p>\n<p>Existen dos tipos claros de patios.<\/p>\n<p><img loading=\"lazy\" decoding=\"async\" class=\"alignleft\" style=\"margin: 10px;\" title=\"Patio de C\u00f3rdoba\" src=\"http:\/\/www.turismodecordoba.org\/imagenes\/fiestasyeventos\/festivaldelospatios\/patio2.jpg\" alt=\"\" hspace=\"10\" vspace=\"10\" width=\"270\" height=\"214\" align=\"right\" \/><\/p>\n<p>Un primero de casa unifamiliar donde las estancias se distribuyen alrededor de este. Suele estar enclaustrado y el suelo es enlosado o de mosaico empedrado.<\/p>\n<p>Un segundo, de casa de vecinos, hoy en d\u00eda menos populares, desde donde se accede a las viviendas. Suele tener dos plantas, con lo que el patio\u00a0se enriquece con balcones corridos, escalera y tejadillo. Los suelos suelen ser empedrados. Es frecuente el pozo en lugar de la fuente y lavadero com\u00fan.\u00a0\u00bfD\u00f3nde se Ubican?<\/p>\n<p>El barrio m\u00e1s caracter\u00edstico es el del Alc\u00e1zar Viejo, entre\u00a0<a href=\"http:\/\/www.turismodecordoba.org\/index2.cfm?codigo=0611\">el Alc\u00e1zar<\/a> y la parroquia de San Basilio, aunque tambi\u00e9n los encontramos por el barrio de Santa Marina, alrededor de San Lorenzo y la Magdalena. En el entorno de la\u00a0<a href=\"http:\/\/www.turismodecordoba.org\/index2.cfm?codigo=0614\">Mezquita Catedral<\/a>, el barrio de la juder\u00eda presenta tambi\u00e9n ejemplos de gran belleza y antig\u00fcedad. El exponente m\u00e1s bello lo encontramos en el\u00a0<a href=\"http:\/\/www.turismodecordoba.org\/index2.cfm?codigo=0689\">Palacio de Viana<\/a>, que ofrece\u00a0doce patios diferentes.\u00a0Concurso de Los Patios<\/p>\n<p>Desde el a\u00f1o 1918 el Ayuntamiento de la ciudad organiza la primera semana de mayo un concurso de Patios y Cruces, en el que los propietarios de estos engalanan sus viviendas con ah\u00ednco para conseguir el prestigioso galard\u00f3n ofertado por el Consistorio. Paralelamente se celebra un festival con numerosas actuaciones folcl\u00f3ricas donde se dan cita los mejores cantaores y bailaores de la tierra. Todo esto acompa\u00f1ado del vino Montilla-Moriles, fino de la tierra con\u00a0tapas t\u00edpicas.<\/p>\n<p>Gracias a estos eventos el patio de C\u00f3rdoba, cada d\u00eda tiene m\u00e1s importancia en la fiesta popular, y hace que se celebre y se reciban las fiestas con entusiasmo y hospitalidad.<\/p>\n<p><script src='https:\/\/www.ruralgia.com\/caja_cerca.php?metodo=direccion&#038;ancho=250&#038;elementos=4&#038;size=90&#038;estilo=sunny&#038;float=right&#038;kms=20&#038;aleatorio=false&#038;direccion=c\u00f3rdoba, andaluc\u00eda' type='text\/javascript'><\/script><\/p>\n<p><span style=\"font-weight: bold;\"><span style=\"font-weight: normal;\">FESTIVAL Y CONCURSO\u00a0DE PATIOS CORDOBESES:<\/p>\n<p>Fechas 2012:\u00a02\u00a0al\u00a013 de mayo<\/span><\/p>\n<p><\/span><\/p>\n<p><strong>M\u00e1s informaci\u00f3n en:<\/p>\n<p><\/strong><a style=\"font-weight: bold;\" href=\"http:\/\/www.patiosdecordoba.net\/\" target=\"blank\"><strong>http:\/\/www.patiosdecordoba.net\/<\/strong><\/a><\/p>\n<p><a style=\"font-weight: bold;\" href=\"http:\/\/www.amigosdelospatioscordobeses.es\/\" target=\"blank\"><strong>www.amigosdelospatioscordobeses.es<\/strong><\/a><\/p>\n<p>V\u00eda: <a href=\"http:\/\/www.turismodecordoba.org\/\">http:\/\/www.turismodecordoba.org<\/a><\/p>\n","protected":false},"excerpt":{"rendered":"<p>\u00bfQu\u00e9 son los patios? Debido a la climatolog\u00eda seca y calurosa de C\u00f3rdoba, los habitantes de la ciudad, primero los romanos y m\u00e1s tarde los musulmanes, adaptaron la tipolog\u00eda de casa popular a las necesidades, centrando la vivienda en torno &hellip; <a href=\"https:\/\/www.ruralgia.com\/blog\/festival-de-los-patios-cordobeses-2012\/\">Sigue leyendo <span class=\"meta-nav\">&rarr;<\/span><\/a><\/p>\n","protected":false},"author":2,"featured_media":0,"comment_status":"open","ping_status":"open","sticky":false,"template":"","format":"standard","meta":{"footnotes":""},"categories":[12,9],"tags":[46,22,47],"class_list":["post-311","post","type-post","status-publish","format-standard","hentry","category-propuestas","category-viajeros","tag-andalucia","tag-fiestas","tag-tradiciones"],"yoast_head":"<!-- This site is optimized with the Yoast SEO plugin v24.1 - https:\/\/yoast.com\/wordpress\/plugins\/seo\/ -->\n<title>Festival de los Patios Cordobeses 2012 - Ruralgia Blog<\/title>\n<meta name=\"robots\" content=\"index, follow, max-snippet:-1, max-image-preview:large, max-video-preview:-1\" \/>\n<link rel=\"canonical\" href=\"https:\/\/www.ruralgia.com\/blog\/festival-de-los-patios-cordobeses-2012\/\" \/>\n<meta property=\"og:locale\" content=\"es_ES\" \/>\n<meta property=\"og:type\" content=\"article\" \/>\n<meta property=\"og:title\" content=\"Festival de los Patios Cordobeses 2012 - Ruralgia Blog\" \/>\n<meta property=\"og:description\" content=\"\u00bfQu\u00e9 son los patios? Debido a la climatolog\u00eda seca y calurosa de C\u00f3rdoba, los habitantes de la ciudad, primero los romanos y m\u00e1s tarde los musulmanes, adaptaron la tipolog\u00eda de casa popular a las necesidades, centrando la vivienda en torno &hellip; Sigue leyendo &rarr;\" \/>\n<meta property=\"og:url\" content=\"https:\/\/www.ruralgia.com\/blog\/festival-de-los-patios-cordobeses-2012\/\" \/>\n<meta property=\"og:site_name\" content=\"Ruralgia Blog\" \/>\n<meta property=\"article:published_time\" content=\"2012-04-18T17:04:37+00:00\" \/>\n<meta property=\"article:modified_time\" content=\"2012-04-18T17:24:52+00:00\" \/>\n<meta property=\"og:image\" content=\"http:\/\/www.turismodecordoba.org\/imagenes\/fiestasyeventos\/festivaldelospatios\/patio1.jpg\" \/>\n<meta name=\"author\" content=\"Ruralgia\" \/>\n<meta name=\"twitter:card\" content=\"summary_large_image\" \/>\n<meta name=\"twitter:label1\" content=\"Escrito por\" \/>\n\t<meta name=\"twitter:data1\" content=\"Ruralgia\" \/>\n\t<meta name=\"twitter:label2\" content=\"Tiempo de lectura\" \/>\n\t<meta name=\"twitter:data2\" content=\"2 minutos\" \/>\n<script type=\"application\/ld+json\" class=\"yoast-schema-graph\">{\"@context\":\"https:\/\/schema.org\",\"@graph\":[{\"@type\":\"WebPage\",\"@id\":\"https:\/\/www.ruralgia.com\/blog\/festival-de-los-patios-cordobeses-2012\/\",\"url\":\"https:\/\/www.ruralgia.com\/blog\/festival-de-los-patios-cordobeses-2012\/\",\"name\":\"Festival de los Patios Cordobeses 2012 - Ruralgia Blog\",\"isPartOf\":{\"@id\":\"https:\/\/www.ruralgia.com\/blog\/#website\"},\"primaryImageOfPage\":{\"@id\":\"https:\/\/www.ruralgia.com\/blog\/festival-de-los-patios-cordobeses-2012\/#primaryimage\"},\"image\":{\"@id\":\"https:\/\/www.ruralgia.com\/blog\/festival-de-los-patios-cordobeses-2012\/#primaryimage\"},\"thumbnailUrl\":\"http:\/\/www.turismodecordoba.org\/imagenes\/fiestasyeventos\/festivaldelospatios\/patio1.jpg\",\"datePublished\":\"2012-04-18T17:04:37+00:00\",\"dateModified\":\"2012-04-18T17:24:52+00:00\",\"author\":{\"@id\":\"https:\/\/www.ruralgia.com\/blog\/#\/schema\/person\/44c5c75082bef747df718c4d5e5013c0\"},\"breadcrumb\":{\"@id\":\"https:\/\/www.ruralgia.com\/blog\/festival-de-los-patios-cordobeses-2012\/#breadcrumb\"},\"inLanguage\":\"es\",\"potentialAction\":[{\"@type\":\"ReadAction\",\"target\":[\"https:\/\/www.ruralgia.com\/blog\/festival-de-los-patios-cordobeses-2012\/\"]}]},{\"@type\":\"ImageObject\",\"inLanguage\":\"es\",\"@id\":\"https:\/\/www.ruralgia.com\/blog\/festival-de-los-patios-cordobeses-2012\/#primaryimage\",\"url\":\"http:\/\/www.turismodecordoba.org\/imagenes\/fiestasyeventos\/festivaldelospatios\/patio1.jpg\",\"contentUrl\":\"http:\/\/www.turismodecordoba.org\/imagenes\/fiestasyeventos\/festivaldelospatios\/patio1.jpg\"},{\"@type\":\"BreadcrumbList\",\"@id\":\"https:\/\/www.ruralgia.com\/blog\/festival-de-los-patios-cordobeses-2012\/#breadcrumb\",\"itemListElement\":[{\"@type\":\"ListItem\",\"position\":1,\"name\":\"Portada\",\"item\":\"https:\/\/www.ruralgia.com\/blog\/\"},{\"@type\":\"ListItem\",\"position\":2,\"name\":\"Festival de los Patios Cordobeses 2012\"}]},{\"@type\":\"WebSite\",\"@id\":\"https:\/\/www.ruralgia.com\/blog\/#website\",\"url\":\"https:\/\/www.ruralgia.com\/blog\/\",\"name\":\"Ruralgia Blog\",\"description\":\"El blog de viajes y turismo de Ruralgia\",\"potentialAction\":[{\"@type\":\"SearchAction\",\"target\":{\"@type\":\"EntryPoint\",\"urlTemplate\":\"https:\/\/www.ruralgia.com\/blog\/?s={search_term_string}\"},\"query-input\":{\"@type\":\"PropertyValueSpecification\",\"valueRequired\":true,\"valueName\":\"search_term_string\"}}],\"inLanguage\":\"es\"},{\"@type\":\"Person\",\"@id\":\"https:\/\/www.ruralgia.com\/blog\/#\/schema\/person\/44c5c75082bef747df718c4d5e5013c0\",\"name\":\"Ruralgia\",\"image\":{\"@type\":\"ImageObject\",\"inLanguage\":\"es\",\"@id\":\"https:\/\/www.ruralgia.com\/blog\/#\/schema\/person\/image\/\",\"url\":\"https:\/\/secure.gravatar.com\/avatar\/76bd3262a311339e19a4643003e2d301?s=96&d=mm&r=g\",\"contentUrl\":\"https:\/\/secure.gravatar.com\/avatar\/76bd3262a311339e19a4643003e2d301?s=96&d=mm&r=g\",\"caption\":\"Ruralgia\"},\"sameAs\":[\"http:\/\/www.ruralgia.com\"],\"url\":\"https:\/\/www.ruralgia.com\/blog\/author\/carolina\/\"}]}<\/script>\n<!-- \/ Yoast SEO plugin. -->","yoast_head_json":{"title":"Festival de los Patios Cordobeses 2012 - Ruralgia Blog","robots":{"index":"index","follow":"follow","max-snippet":"max-snippet:-1","max-image-preview":"max-image-preview:large","max-video-preview":"max-video-preview:-1"},"canonical":"https:\/\/www.ruralgia.com\/blog\/festival-de-los-patios-cordobeses-2012\/","og_locale":"es_ES","og_type":"article","og_title":"Festival de los Patios Cordobeses 2012 - Ruralgia Blog","og_description":"\u00bfQu\u00e9 son los patios? Debido a la climatolog\u00eda seca y calurosa de C\u00f3rdoba, los habitantes de la ciudad, primero los romanos y m\u00e1s tarde los musulmanes, adaptaron la tipolog\u00eda de casa popular a las necesidades, centrando la vivienda en torno &hellip; Sigue leyendo &rarr;","og_url":"https:\/\/www.ruralgia.com\/blog\/festival-de-los-patios-cordobeses-2012\/","og_site_name":"Ruralgia Blog","article_published_time":"2012-04-18T17:04:37+00:00","article_modified_time":"2012-04-18T17:24:52+00:00","og_image":[{"url":"http:\/\/www.turismodecordoba.org\/imagenes\/fiestasyeventos\/festivaldelospatios\/patio1.jpg","type":"","width":"","height":""}],"author":"Ruralgia","twitter_card":"summary_large_image","twitter_misc":{"Escrito por":"Ruralgia","Tiempo de lectura":"2 minutos"},"schema":{"@context":"https:\/\/schema.org","@graph":[{"@type":"WebPage","@id":"https:\/\/www.ruralgia.com\/blog\/festival-de-los-patios-cordobeses-2012\/","url":"https:\/\/www.ruralgia.com\/blog\/festival-de-los-patios-cordobeses-2012\/","name":"Festival de los Patios Cordobeses 2012 - Ruralgia Blog","isPartOf":{"@id":"https:\/\/www.ruralgia.com\/blog\/#website"},"primaryImageOfPage":{"@id":"https:\/\/www.ruralgia.com\/blog\/festival-de-los-patios-cordobeses-2012\/#primaryimage"},"image":{"@id":"https:\/\/www.ruralgia.com\/blog\/festival-de-los-patios-cordobeses-2012\/#primaryimage"},"thumbnailUrl":"http:\/\/www.turismodecordoba.org\/imagenes\/fiestasyeventos\/festivaldelospatios\/patio1.jpg","datePublished":"2012-04-18T17:04:37+00:00","dateModified":"2012-04-18T17:24:52+00:00","author":{"@id":"https:\/\/www.ruralgia.com\/blog\/#\/schema\/person\/44c5c75082bef747df718c4d5e5013c0"},"breadcrumb":{"@id":"https:\/\/www.ruralgia.com\/blog\/festival-de-los-patios-cordobeses-2012\/#breadcrumb"},"inLanguage":"es","potentialAction":[{"@type":"ReadAction","target":["https:\/\/www.ruralgia.com\/blog\/festival-de-los-patios-cordobeses-2012\/"]}]},{"@type":"ImageObject","inLanguage":"es","@id":"https:\/\/www.ruralgia.com\/blog\/festival-de-los-patios-cordobeses-2012\/#primaryimage","url":"http:\/\/www.turismodecordoba.org\/imagenes\/fiestasyeventos\/festivaldelospatios\/patio1.jpg","contentUrl":"http:\/\/www.turismodecordoba.org\/imagenes\/fiestasyeventos\/festivaldelospatios\/patio1.jpg"},{"@type":"BreadcrumbList","@id":"https:\/\/www.ruralgia.com\/blog\/festival-de-los-patios-cordobeses-2012\/#breadcrumb","itemListElement":[{"@type":"ListItem","position":1,"name":"Portada","item":"https:\/\/www.ruralgia.com\/blog\/"},{"@type":"ListItem","position":2,"name":"Festival de los Patios Cordobeses 2012"}]},{"@type":"WebSite","@id":"https:\/\/www.ruralgia.com\/blog\/#website","url":"https:\/\/www.ruralgia.com\/blog\/","name":"Ruralgia Blog","description":"El blog de viajes y turismo de Ruralgia","potentialAction":[{"@type":"SearchAction","target":{"@type":"EntryPoint","urlTemplate":"https:\/\/www.ruralgia.com\/blog\/?s={search_term_string}"},"query-input":{"@type":"PropertyValueSpecification","valueRequired":true,"valueName":"search_term_string"}}],"inLanguage":"es"},{"@type":"Person","@id":"https:\/\/www.ruralgia.com\/blog\/#\/schema\/person\/44c5c75082bef747df718c4d5e5013c0","name":"Ruralgia","image":{"@type":"ImageObject","inLanguage":"es","@id":"https:\/\/www.ruralgia.com\/blog\/#\/schema\/person\/image\/","url":"https:\/\/secure.gravatar.com\/avatar\/76bd3262a311339e19a4643003e2d301?s=96&d=mm&r=g","contentUrl":"https:\/\/secure.gravatar.com\/avatar\/76bd3262a311339e19a4643003e2d301?s=96&d=mm&r=g","caption":"Ruralgia"},"sameAs":["http:\/\/www.ruralgia.com"],"url":"https:\/\/www.ruralgia.com\/blog\/author\/carolina\/"}]}},"amp_enabled":true,"_links":{"self":[{"href":"https:\/\/www.ruralgia.com\/blog\/wp-json\/wp\/v2\/posts\/311","targetHints":{"allow":["GET"]}}],"collection":[{"href":"https:\/\/www.ruralgia.com\/blog\/wp-json\/wp\/v2\/posts"}],"about":[{"href":"https:\/\/www.ruralgia.com\/blog\/wp-json\/wp\/v2\/types\/post"}],"author":[{"embeddable":true,"href":"https:\/\/www.ruralgia.com\/blog\/wp-json\/wp\/v2\/users\/2"}],"replies":[{"embeddable":true,"href":"https:\/\/www.ruralgia.com\/blog\/wp-json\/wp\/v2\/comments?post=311"}],"version-history":[{"count":5,"href":"https:\/\/www.ruralgia.com\/blog\/wp-json\/wp\/v2\/posts\/311\/revisions"}],"predecessor-version":[{"id":319,"href":"https:\/\/www.ruralgia.com\/blog\/wp-json\/wp\/v2\/posts\/311\/revisions\/319"}],"wp:attachment":[{"href":"https:\/\/www.ruralgia.com\/blog\/wp-json\/wp\/v2\/media?parent=311"}],"wp:term":[{"taxonomy":"category","embeddable":true,"href":"https:\/\/www.ruralgia.com\/blog\/wp-json\/wp\/v2\/categories?post=311"},{"taxonomy":"post_tag","embeddable":true,"href":"https:\/\/www.ruralgia.com\/blog\/wp-json\/wp\/v2\/tags?post=311"}],"curies":[{"name":"wp","href":"https:\/\/api.w.org\/{rel}","templated":true}]}}