{"id":3192,"date":"2015-10-21T16:16:51","date_gmt":"2015-10-21T16:16:51","guid":{"rendered":"https:\/\/www.ruralgia.com\/blog\/?p=3192"},"modified":"2015-11-03T19:48:53","modified_gmt":"2015-11-03T19:48:53","slug":"xvii-media-maraton-de-montana-villa-de-jarandilla","status":"publish","type":"post","link":"https:\/\/www.ruralgia.com\/blog\/xvii-media-maraton-de-montana-villa-de-jarandilla\/","title":{"rendered":"XVII Media Marat\u00f3n de monta\u00f1a Villa de Jarandilla"},"content":{"rendered":"<p><img loading=\"lazy\" decoding=\"async\" class=\"size-full wp-image-3198\" src=\"https:\/\/www.ruralgia.com\/blog\/wp-content\/uploads\/2015\/11\/8cc77ea27cf9c7092d15e95881a06e17_casa_rural_ginkgos_media_maraton_jarandilla.jpg\" width=\"678\" height=\"960\" alt=\"\" srcset=\"https:\/\/www.ruralgia.com\/blog\/wp-content\/uploads\/2015\/11\/8cc77ea27cf9c7092d15e95881a06e17_casa_rural_ginkgos_media_maraton_jarandilla.jpg 678w, https:\/\/www.ruralgia.com\/blog\/wp-content\/uploads\/2015\/11\/8cc77ea27cf9c7092d15e95881a06e17_casa_rural_ginkgos_media_maraton_jarandilla-211x300.jpg 211w\" sizes=\"auto, (max-width: 678px) 100vw, 678px\" \/><b>Casa Rural Ginkgos. Collado de la Vera<\/b><\/p>\n<p>2015-11-22 &#8211; 2015-11-22El domingo 22 de noviembre a las 10 de la ma\u00f1ana se celebra un a\u00f1o m\u00e1s la media marat\u00f3n de Jarandilla. Recorrido duro, muy bonito y con inicio y final en la villa de Jarandilla.<\/p>\n<p>Media marat\u00f3n de monta\u00f1a<\/p>\n<div class=\"art-button-wrapper\" style=\"cursor: pointer; float: right; clear: both;\">\n<div class=\"art-button-l\"><\/div>\n<div class=\"art-button-r\"><\/div>\n<p><a class=\"art-button\" style=\"cursor: pointer; background-color: transparent;\" href=\"https:\/\/www.ruralgia.com\/ginkgos-eventos-xvii-media-maraton-de-montana-villa-de-jarandilla\">Contactar con el alojamiento&#8230;<\/a><\/p>\n<\/div>\n","protected":false},"excerpt":{"rendered":"<p>Casa Rural Ginkgos. Collado de la Vera 2015-11-22 &#8211; 2015-11-22El domingo 22 de noviembre a las 10 de la ma\u00f1ana se celebra un a\u00f1o m\u00e1s la media marat\u00f3n de Jarandilla. Recorrido duro, muy bonito y con inicio y final en &hellip; <a href=\"https:\/\/www.ruralgia.com\/blog\/xvii-media-maraton-de-montana-villa-de-jarandilla\/\">Sigue leyendo <span class=\"meta-nav\">&rarr;<\/span><\/a><\/p>\n","protected":false},"author":1,"featured_media":3198,"comment_status":"open","ping_status":"open","sticky":false,"template":"","format":"standard","meta":{"footnotes":""},"categories":[69],"tags":[],"class_list":["post-3192","post","type-post","status-publish","format-standard","has-post-thumbnail","hentry","category-eventos"],"yoast_head":"<!-- This site is optimized with the Yoast SEO plugin v24.1 - https:\/\/yoast.com\/wordpress\/plugins\/seo\/ -->\n<title>XVII Media Marat\u00f3n de monta\u00f1a Villa de Jarandilla - Ruralgia Blog<\/title>\n<meta name=\"robots\" content=\"index, follow, max-snippet:-1, max-image-preview:large, max-video-preview:-1\" \/>\n<link rel=\"canonical\" href=\"https:\/\/www.ruralgia.com\/blog\/xvii-media-maraton-de-montana-villa-de-jarandilla\/\" \/>\n<meta property=\"og:locale\" content=\"es_ES\" \/>\n<meta property=\"og:type\" content=\"article\" \/>\n<meta property=\"og:title\" content=\"XVII Media Marat\u00f3n de monta\u00f1a Villa de Jarandilla - Ruralgia Blog\" \/>\n<meta property=\"og:description\" content=\"Casa Rural Ginkgos. Collado de la Vera 2015-11-22 &#8211; 2015-11-22El domingo 22 de noviembre a las 10 de la ma\u00f1ana se celebra un a\u00f1o m\u00e1s la media marat\u00f3n de Jarandilla. Recorrido duro, muy bonito y con inicio y final en &hellip; Sigue leyendo &rarr;\" \/>\n<meta property=\"og:url\" content=\"https:\/\/www.ruralgia.com\/blog\/xvii-media-maraton-de-montana-villa-de-jarandilla\/\" \/>\n<meta property=\"og:site_name\" content=\"Ruralgia Blog\" \/>\n<meta property=\"article:published_time\" content=\"2015-10-21T16:16:51+00:00\" \/>\n<meta property=\"article:modified_time\" content=\"2015-11-03T19:48:53+00:00\" \/>\n<meta property=\"og:image\" content=\"https:\/\/www.ruralgia.com\/blog\/wp-content\/uploads\/2015\/11\/8cc77ea27cf9c7092d15e95881a06e17_casa_rural_ginkgos_media_maraton_jarandilla.jpg\" \/>\n\t<meta property=\"og:image:width\" content=\"678\" \/>\n\t<meta property=\"og:image:height\" content=\"960\" \/>\n\t<meta property=\"og:image:type\" content=\"image\/jpeg\" \/>\n<meta name=\"author\" content=\"admin\" \/>\n<meta name=\"twitter:card\" content=\"summary_large_image\" \/>\n<meta name=\"twitter:label1\" content=\"Escrito por\" \/>\n\t<meta name=\"twitter:data1\" content=\"admin\" \/>\n<script type=\"application\/ld+json\" class=\"yoast-schema-graph\">{\"@context\":\"https:\/\/schema.org\",\"@graph\":[{\"@type\":\"WebPage\",\"@id\":\"https:\/\/www.ruralgia.com\/blog\/xvii-media-maraton-de-montana-villa-de-jarandilla\/\",\"url\":\"https:\/\/www.ruralgia.com\/blog\/xvii-media-maraton-de-montana-villa-de-jarandilla\/\",\"name\":\"XVII Media Marat\u00f3n de monta\u00f1a Villa de Jarandilla - Ruralgia Blog\",\"isPartOf\":{\"@id\":\"https:\/\/www.ruralgia.com\/blog\/#website\"},\"primaryImageOfPage\":{\"@id\":\"https:\/\/www.ruralgia.com\/blog\/xvii-media-maraton-de-montana-villa-de-jarandilla\/#primaryimage\"},\"image\":{\"@id\":\"https:\/\/www.ruralgia.com\/blog\/xvii-media-maraton-de-montana-villa-de-jarandilla\/#primaryimage\"},\"thumbnailUrl\":\"https:\/\/www.ruralgia.com\/blog\/wp-content\/uploads\/2015\/11\/8cc77ea27cf9c7092d15e95881a06e17_casa_rural_ginkgos_media_maraton_jarandilla.jpg\",\"datePublished\":\"2015-10-21T16:16:51+00:00\",\"dateModified\":\"2015-11-03T19:48:53+00:00\",\"author\":{\"@id\":\"https:\/\/www.ruralgia.com\/blog\/#\/schema\/person\/f9d61dcaa454dc132c65467750b88c01\"},\"breadcrumb\":{\"@id\":\"https:\/\/www.ruralgia.com\/blog\/xvii-media-maraton-de-montana-villa-de-jarandilla\/#breadcrumb\"},\"inLanguage\":\"es\",\"potentialAction\":[{\"@type\":\"ReadAction\",\"target\":[\"https:\/\/www.ruralgia.com\/blog\/xvii-media-maraton-de-montana-villa-de-jarandilla\/\"]}]},{\"@type\":\"ImageObject\",\"inLanguage\":\"es\",\"@id\":\"https:\/\/www.ruralgia.com\/blog\/xvii-media-maraton-de-montana-villa-de-jarandilla\/#primaryimage\",\"url\":\"https:\/\/www.ruralgia.com\/blog\/wp-content\/uploads\/2015\/11\/8cc77ea27cf9c7092d15e95881a06e17_casa_rural_ginkgos_media_maraton_jarandilla.jpg\",\"contentUrl\":\"https:\/\/www.ruralgia.com\/blog\/wp-content\/uploads\/2015\/11\/8cc77ea27cf9c7092d15e95881a06e17_casa_rural_ginkgos_media_maraton_jarandilla.jpg\",\"width\":678,\"height\":960},{\"@type\":\"BreadcrumbList\",\"@id\":\"https:\/\/www.ruralgia.com\/blog\/xvii-media-maraton-de-montana-villa-de-jarandilla\/#breadcrumb\",\"itemListElement\":[{\"@type\":\"ListItem\",\"position\":1,\"name\":\"Portada\",\"item\":\"https:\/\/www.ruralgia.com\/blog\/\"},{\"@type\":\"ListItem\",\"position\":2,\"name\":\"XVII Media Marat\u00f3n de monta\u00f1a Villa de Jarandilla\"}]},{\"@type\":\"WebSite\",\"@id\":\"https:\/\/www.ruralgia.com\/blog\/#website\",\"url\":\"https:\/\/www.ruralgia.com\/blog\/\",\"name\":\"Ruralgia Blog\",\"description\":\"El blog de viajes y turismo de Ruralgia\",\"potentialAction\":[{\"@type\":\"SearchAction\",\"target\":{\"@type\":\"EntryPoint\",\"urlTemplate\":\"https:\/\/www.ruralgia.com\/blog\/?s={search_term_string}\"},\"query-input\":{\"@type\":\"PropertyValueSpecification\",\"valueRequired\":true,\"valueName\":\"search_term_string\"}}],\"inLanguage\":\"es\"},{\"@type\":\"Person\",\"@id\":\"https:\/\/www.ruralgia.com\/blog\/#\/schema\/person\/f9d61dcaa454dc132c65467750b88c01\",\"name\":\"admin\",\"image\":{\"@type\":\"ImageObject\",\"inLanguage\":\"es\",\"@id\":\"https:\/\/www.ruralgia.com\/blog\/#\/schema\/person\/image\/\",\"url\":\"https:\/\/secure.gravatar.com\/avatar\/308988d44afa417cbdf20b1a60ad4489?s=96&d=mm&r=g\",\"contentUrl\":\"https:\/\/secure.gravatar.com\/avatar\/308988d44afa417cbdf20b1a60ad4489?s=96&d=mm&r=g\",\"caption\":\"admin\"},\"url\":\"https:\/\/www.ruralgia.com\/blog\/author\/admin\/\"}]}<\/script>\n<!-- \/ Yoast SEO plugin. -->","yoast_head_json":{"title":"XVII Media Marat\u00f3n de monta\u00f1a Villa de Jarandilla - Ruralgia Blog","robots":{"index":"index","follow":"follow","max-snippet":"max-snippet:-1","max-image-preview":"max-image-preview:large","max-video-preview":"max-video-preview:-1"},"canonical":"https:\/\/www.ruralgia.com\/blog\/xvii-media-maraton-de-montana-villa-de-jarandilla\/","og_locale":"es_ES","og_type":"article","og_title":"XVII Media Marat\u00f3n de monta\u00f1a Villa de Jarandilla - Ruralgia Blog","og_description":"Casa Rural Ginkgos. Collado de la Vera 2015-11-22 &#8211; 2015-11-22El domingo 22 de noviembre a las 10 de la ma\u00f1ana se celebra un a\u00f1o m\u00e1s la media marat\u00f3n de Jarandilla. Recorrido duro, muy bonito y con inicio y final en &hellip; Sigue leyendo &rarr;","og_url":"https:\/\/www.ruralgia.com\/blog\/xvii-media-maraton-de-montana-villa-de-jarandilla\/","og_site_name":"Ruralgia Blog","article_published_time":"2015-10-21T16:16:51+00:00","article_modified_time":"2015-11-03T19:48:53+00:00","og_image":[{"width":678,"height":960,"url":"https:\/\/www.ruralgia.com\/blog\/wp-content\/uploads\/2015\/11\/8cc77ea27cf9c7092d15e95881a06e17_casa_rural_ginkgos_media_maraton_jarandilla.jpg","type":"image\/jpeg"}],"author":"admin","twitter_card":"summary_large_image","twitter_misc":{"Escrito por":"admin"},"schema":{"@context":"https:\/\/schema.org","@graph":[{"@type":"WebPage","@id":"https:\/\/www.ruralgia.com\/blog\/xvii-media-maraton-de-montana-villa-de-jarandilla\/","url":"https:\/\/www.ruralgia.com\/blog\/xvii-media-maraton-de-montana-villa-de-jarandilla\/","name":"XVII Media Marat\u00f3n de monta\u00f1a Villa de Jarandilla - Ruralgia Blog","isPartOf":{"@id":"https:\/\/www.ruralgia.com\/blog\/#website"},"primaryImageOfPage":{"@id":"https:\/\/www.ruralgia.com\/blog\/xvii-media-maraton-de-montana-villa-de-jarandilla\/#primaryimage"},"image":{"@id":"https:\/\/www.ruralgia.com\/blog\/xvii-media-maraton-de-montana-villa-de-jarandilla\/#primaryimage"},"thumbnailUrl":"https:\/\/www.ruralgia.com\/blog\/wp-content\/uploads\/2015\/11\/8cc77ea27cf9c7092d15e95881a06e17_casa_rural_ginkgos_media_maraton_jarandilla.jpg","datePublished":"2015-10-21T16:16:51+00:00","dateModified":"2015-11-03T19:48:53+00:00","author":{"@id":"https:\/\/www.ruralgia.com\/blog\/#\/schema\/person\/f9d61dcaa454dc132c65467750b88c01"},"breadcrumb":{"@id":"https:\/\/www.ruralgia.com\/blog\/xvii-media-maraton-de-montana-villa-de-jarandilla\/#breadcrumb"},"inLanguage":"es","potentialAction":[{"@type":"ReadAction","target":["https:\/\/www.ruralgia.com\/blog\/xvii-media-maraton-de-montana-villa-de-jarandilla\/"]}]},{"@type":"ImageObject","inLanguage":"es","@id":"https:\/\/www.ruralgia.com\/blog\/xvii-media-maraton-de-montana-villa-de-jarandilla\/#primaryimage","url":"https:\/\/www.ruralgia.com\/blog\/wp-content\/uploads\/2015\/11\/8cc77ea27cf9c7092d15e95881a06e17_casa_rural_ginkgos_media_maraton_jarandilla.jpg","contentUrl":"https:\/\/www.ruralgia.com\/blog\/wp-content\/uploads\/2015\/11\/8cc77ea27cf9c7092d15e95881a06e17_casa_rural_ginkgos_media_maraton_jarandilla.jpg","width":678,"height":960},{"@type":"BreadcrumbList","@id":"https:\/\/www.ruralgia.com\/blog\/xvii-media-maraton-de-montana-villa-de-jarandilla\/#breadcrumb","itemListElement":[{"@type":"ListItem","position":1,"name":"Portada","item":"https:\/\/www.ruralgia.com\/blog\/"},{"@type":"ListItem","position":2,"name":"XVII Media Marat\u00f3n de monta\u00f1a Villa de Jarandilla"}]},{"@type":"WebSite","@id":"https:\/\/www.ruralgia.com\/blog\/#website","url":"https:\/\/www.ruralgia.com\/blog\/","name":"Ruralgia Blog","description":"El blog de viajes y turismo de Ruralgia","potentialAction":[{"@type":"SearchAction","target":{"@type":"EntryPoint","urlTemplate":"https:\/\/www.ruralgia.com\/blog\/?s={search_term_string}"},"query-input":{"@type":"PropertyValueSpecification","valueRequired":true,"valueName":"search_term_string"}}],"inLanguage":"es"},{"@type":"Person","@id":"https:\/\/www.ruralgia.com\/blog\/#\/schema\/person\/f9d61dcaa454dc132c65467750b88c01","name":"admin","image":{"@type":"ImageObject","inLanguage":"es","@id":"https:\/\/www.ruralgia.com\/blog\/#\/schema\/person\/image\/","url":"https:\/\/secure.gravatar.com\/avatar\/308988d44afa417cbdf20b1a60ad4489?s=96&d=mm&r=g","contentUrl":"https:\/\/secure.gravatar.com\/avatar\/308988d44afa417cbdf20b1a60ad4489?s=96&d=mm&r=g","caption":"admin"},"url":"https:\/\/www.ruralgia.com\/blog\/author\/admin\/"}]}},"amp_enabled":true,"_links":{"self":[{"href":"https:\/\/www.ruralgia.com\/blog\/wp-json\/wp\/v2\/posts\/3192","targetHints":{"allow":["GET"]}}],"collection":[{"href":"https:\/\/www.ruralgia.com\/blog\/wp-json\/wp\/v2\/posts"}],"about":[{"href":"https:\/\/www.ruralgia.com\/blog\/wp-json\/wp\/v2\/types\/post"}],"author":[{"embeddable":true,"href":"https:\/\/www.ruralgia.com\/blog\/wp-json\/wp\/v2\/users\/1"}],"replies":[{"embeddable":true,"href":"https:\/\/www.ruralgia.com\/blog\/wp-json\/wp\/v2\/comments?post=3192"}],"version-history":[{"count":1,"href":"https:\/\/www.ruralgia.com\/blog\/wp-json\/wp\/v2\/posts\/3192\/revisions"}],"predecessor-version":[{"id":3199,"href":"https:\/\/www.ruralgia.com\/blog\/wp-json\/wp\/v2\/posts\/3192\/revisions\/3199"}],"wp:featuredmedia":[{"embeddable":true,"href":"https:\/\/www.ruralgia.com\/blog\/wp-json\/wp\/v2\/media\/3198"}],"wp:attachment":[{"href":"https:\/\/www.ruralgia.com\/blog\/wp-json\/wp\/v2\/media?parent=3192"}],"wp:term":[{"taxonomy":"category","embeddable":true,"href":"https:\/\/www.ruralgia.com\/blog\/wp-json\/wp\/v2\/categories?post=3192"},{"taxonomy":"post_tag","embeddable":true,"href":"https:\/\/www.ruralgia.com\/blog\/wp-json\/wp\/v2\/tags?post=3192"}],"curies":[{"name":"wp","href":"https:\/\/api.w.org\/{rel}","templated":true}]}}