{"id":334,"date":"2012-05-03T11:37:18","date_gmt":"2012-05-03T11:37:18","guid":{"rendered":"https:\/\/www.ruralgia.com\/blog\/?p=334"},"modified":"2012-05-03T11:37:18","modified_gmt":"2012-05-03T11:37:18","slug":"la-historica-marcha-cicloturistica-retro-en-abejar-soria","status":"publish","type":"post","link":"https:\/\/www.ruralgia.com\/blog\/la-historica-marcha-cicloturistica-retro-en-abejar-soria\/","title":{"rendered":"La Hist\u00f3rica. Marcha ciclotur\u00edstica retro en Abejar (Soria)"},"content":{"rendered":"<p><a href=\"https:\/\/www.ruralgia.com\/blog\/wp-content\/uploads\/2012\/05\/historica.jpg\" rel=\"lightbox[334]\"><img loading=\"lazy\" decoding=\"async\" class=\"aligncenter size-medium wp-image-335\" title=\"historica\" src=\"https:\/\/www.ruralgia.com\/blog\/wp-content\/uploads\/2012\/05\/historica-300x115.jpg\" alt=\"\" width=\"300\" height=\"115\" srcset=\"https:\/\/www.ruralgia.com\/blog\/wp-content\/uploads\/2012\/05\/historica-300x115.jpg 300w, https:\/\/www.ruralgia.com\/blog\/wp-content\/uploads\/2012\/05\/historica.jpg 400w\" sizes=\"auto, (max-width: 300px) 100vw, 300px\" \/><\/a><\/p>\n<p>ABEJAR 27 MAYO 2012<\/p>\n<p>Entrega de dorsales: de 9:00 a 10:00 horas<\/p>\n<p>Distancia del recorrido: 55 Kms<\/p>\n<p>Comienzo de la prueba: 10:00 horas<\/p>\n<p>Hora estimada de finalizaci\u00f3n de la prueba: 14:00 horas<\/p>\n<p>Comida una vez finalizada la prueba<\/p>\n<p><img loading=\"lazy\" decoding=\"async\" class=\"alignright size-medium wp-image-336\" title=\"cartel\" src=\"https:\/\/www.ruralgia.com\/blog\/wp-content\/uploads\/2012\/05\/cartel-300x297.jpg\" alt=\"\" width=\"300\" height=\"297\" srcset=\"https:\/\/www.ruralgia.com\/blog\/wp-content\/uploads\/2012\/05\/cartel-300x297.jpg 300w, https:\/\/www.ruralgia.com\/blog\/wp-content\/uploads\/2012\/05\/cartel-150x150.jpg 150w, https:\/\/www.ruralgia.com\/blog\/wp-content\/uploads\/2012\/05\/cartel.jpg 400w\" sizes=\"auto, (max-width: 300px) 100vw, 300px\" \/><\/p>\n<p>Todo participante estar\u00e1 cubierto por un seguro de accidente el d\u00eda de la prueba, adem\u00e1s de la cobertura de responsabilidad civil que tiene cubierta la Organizaci\u00f3n<\/p>\n<p>La prueba cuenta con los permisos de Tr\u00e1fico para la realizaci\u00f3n de la misma.<\/p>\n<p>La Historica<\/p>\n<p>es una marcha CICLO-TURISTA NO COMPETITIVA.<\/p>\n<p>No hay ni cron\u00f3metros, ni clasificaciones.<\/p>\n<p>VEN A DIVERTIRTE Y A HACER AMIGOS.<\/p>\n<p>NINGUNO VAMOS A COMPETIR. ESTO NO ES NINGUNA CARRERA.<\/p>\n<p>Es un VIAJE EN BICICLETA por carreteras pavimentadas tambien con algun tramo de pave y caminos de tierra, todo el camino estar\u00e1 abierto al tr\u00e1fico y por lo tanto SE REQUIERE a todos los participantes a respetar el c\u00f3digo de circulaci\u00f3n<\/p>\n<p>M\u00e1s informaci\u00f3n: <a href=\"http:\/\/www.lahistorica.es.tl\/\">http:\/\/www.lahistorica.es.tl\/<\/a><\/p>\n<p><script src='https:\/\/www.ruralgia.com\/caja_cerca.php?metodo=municipio&#038;ancho=250&#038;elementos=4&#038;size=90&#038;estilo=sunny&#038;float=left&#038;kms=20&#038;aleatorio=false&#038;municipio=Abejar (Soria)' type='text\/javascript'><\/script><\/p>\n","protected":false},"excerpt":{"rendered":"<p>ABEJAR 27 MAYO 2012 Entrega de dorsales: de 9:00 a 10:00 horas Distancia del recorrido: 55 Kms Comienzo de la prueba: 10:00 horas Hora estimada de finalizaci\u00f3n de la prueba: 14:00 horas Comida una vez finalizada la prueba Todo participante &hellip; <a href=\"https:\/\/www.ruralgia.com\/blog\/la-historica-marcha-cicloturistica-retro-en-abejar-soria\/\">Sigue leyendo <span class=\"meta-nav\">&rarr;<\/span><\/a><\/p>\n","protected":false},"author":1,"featured_media":336,"comment_status":"open","ping_status":"open","sticky":false,"template":"","format":"standard","meta":{"footnotes":""},"categories":[34,10],"tags":[53,55,54],"class_list":["post-334","post","type-post","status-publish","format-standard","has-post-thumbnail","hentry","category-deporte","category-propietarios","tag-ciclismo","tag-cicloturismo","tag-soria"],"yoast_head":"<!-- This site is optimized with the Yoast SEO plugin v24.1 - https:\/\/yoast.com\/wordpress\/plugins\/seo\/ -->\n<title>La Hist\u00f3rica. Marcha ciclotur\u00edstica retro en Abejar (Soria) - Ruralgia Blog<\/title>\n<meta name=\"robots\" content=\"index, follow, max-snippet:-1, max-image-preview:large, max-video-preview:-1\" \/>\n<link rel=\"canonical\" href=\"https:\/\/www.ruralgia.com\/blog\/la-historica-marcha-cicloturistica-retro-en-abejar-soria\/\" \/>\n<meta property=\"og:locale\" content=\"es_ES\" \/>\n<meta property=\"og:type\" content=\"article\" \/>\n<meta property=\"og:title\" content=\"La Hist\u00f3rica. Marcha ciclotur\u00edstica retro en Abejar (Soria) - Ruralgia Blog\" \/>\n<meta property=\"og:description\" content=\"ABEJAR 27 MAYO 2012 Entrega de dorsales: de 9:00 a 10:00 horas Distancia del recorrido: 55 Kms Comienzo de la prueba: 10:00 horas Hora estimada de finalizaci\u00f3n de la prueba: 14:00 horas Comida una vez finalizada la prueba Todo participante &hellip; Sigue leyendo &rarr;\" \/>\n<meta property=\"og:url\" content=\"https:\/\/www.ruralgia.com\/blog\/la-historica-marcha-cicloturistica-retro-en-abejar-soria\/\" \/>\n<meta property=\"og:site_name\" content=\"Ruralgia Blog\" \/>\n<meta property=\"article:published_time\" content=\"2012-05-03T11:37:18+00:00\" \/>\n<meta property=\"og:image\" content=\"https:\/\/www.ruralgia.com\/blog\/wp-content\/uploads\/2012\/05\/cartel.jpg\" \/>\n\t<meta property=\"og:image:width\" content=\"400\" \/>\n\t<meta property=\"og:image:height\" content=\"397\" \/>\n\t<meta property=\"og:image:type\" content=\"image\/jpeg\" \/>\n<meta name=\"author\" content=\"admin\" \/>\n<meta name=\"twitter:card\" content=\"summary_large_image\" \/>\n<meta name=\"twitter:label1\" content=\"Escrito por\" \/>\n\t<meta name=\"twitter:data1\" content=\"admin\" \/>\n\t<meta name=\"twitter:label2\" content=\"Tiempo de lectura\" \/>\n\t<meta name=\"twitter:data2\" content=\"1 minuto\" \/>\n<script type=\"application\/ld+json\" class=\"yoast-schema-graph\">{\"@context\":\"https:\/\/schema.org\",\"@graph\":[{\"@type\":\"WebPage\",\"@id\":\"https:\/\/www.ruralgia.com\/blog\/la-historica-marcha-cicloturistica-retro-en-abejar-soria\/\",\"url\":\"https:\/\/www.ruralgia.com\/blog\/la-historica-marcha-cicloturistica-retro-en-abejar-soria\/\",\"name\":\"La Hist\u00f3rica. Marcha ciclotur\u00edstica retro en Abejar (Soria) - Ruralgia Blog\",\"isPartOf\":{\"@id\":\"https:\/\/www.ruralgia.com\/blog\/#website\"},\"primaryImageOfPage\":{\"@id\":\"https:\/\/www.ruralgia.com\/blog\/la-historica-marcha-cicloturistica-retro-en-abejar-soria\/#primaryimage\"},\"image\":{\"@id\":\"https:\/\/www.ruralgia.com\/blog\/la-historica-marcha-cicloturistica-retro-en-abejar-soria\/#primaryimage\"},\"thumbnailUrl\":\"https:\/\/www.ruralgia.com\/blog\/wp-content\/uploads\/2012\/05\/cartel.jpg\",\"datePublished\":\"2012-05-03T11:37:18+00:00\",\"dateModified\":\"2012-05-03T11:37:18+00:00\",\"author\":{\"@id\":\"https:\/\/www.ruralgia.com\/blog\/#\/schema\/person\/f9d61dcaa454dc132c65467750b88c01\"},\"breadcrumb\":{\"@id\":\"https:\/\/www.ruralgia.com\/blog\/la-historica-marcha-cicloturistica-retro-en-abejar-soria\/#breadcrumb\"},\"inLanguage\":\"es\",\"potentialAction\":[{\"@type\":\"ReadAction\",\"target\":[\"https:\/\/www.ruralgia.com\/blog\/la-historica-marcha-cicloturistica-retro-en-abejar-soria\/\"]}]},{\"@type\":\"ImageObject\",\"inLanguage\":\"es\",\"@id\":\"https:\/\/www.ruralgia.com\/blog\/la-historica-marcha-cicloturistica-retro-en-abejar-soria\/#primaryimage\",\"url\":\"https:\/\/www.ruralgia.com\/blog\/wp-content\/uploads\/2012\/05\/cartel.jpg\",\"contentUrl\":\"https:\/\/www.ruralgia.com\/blog\/wp-content\/uploads\/2012\/05\/cartel.jpg\",\"width\":\"400\",\"height\":\"397\"},{\"@type\":\"BreadcrumbList\",\"@id\":\"https:\/\/www.ruralgia.com\/blog\/la-historica-marcha-cicloturistica-retro-en-abejar-soria\/#breadcrumb\",\"itemListElement\":[{\"@type\":\"ListItem\",\"position\":1,\"name\":\"Portada\",\"item\":\"https:\/\/www.ruralgia.com\/blog\/\"},{\"@type\":\"ListItem\",\"position\":2,\"name\":\"La Hist\u00f3rica. Marcha ciclotur\u00edstica retro en Abejar (Soria)\"}]},{\"@type\":\"WebSite\",\"@id\":\"https:\/\/www.ruralgia.com\/blog\/#website\",\"url\":\"https:\/\/www.ruralgia.com\/blog\/\",\"name\":\"Ruralgia Blog\",\"description\":\"El blog de viajes y turismo de Ruralgia\",\"potentialAction\":[{\"@type\":\"SearchAction\",\"target\":{\"@type\":\"EntryPoint\",\"urlTemplate\":\"https:\/\/www.ruralgia.com\/blog\/?s={search_term_string}\"},\"query-input\":{\"@type\":\"PropertyValueSpecification\",\"valueRequired\":true,\"valueName\":\"search_term_string\"}}],\"inLanguage\":\"es\"},{\"@type\":\"Person\",\"@id\":\"https:\/\/www.ruralgia.com\/blog\/#\/schema\/person\/f9d61dcaa454dc132c65467750b88c01\",\"name\":\"admin\",\"image\":{\"@type\":\"ImageObject\",\"inLanguage\":\"es\",\"@id\":\"https:\/\/www.ruralgia.com\/blog\/#\/schema\/person\/image\/\",\"url\":\"https:\/\/secure.gravatar.com\/avatar\/308988d44afa417cbdf20b1a60ad4489?s=96&d=mm&r=g\",\"contentUrl\":\"https:\/\/secure.gravatar.com\/avatar\/308988d44afa417cbdf20b1a60ad4489?s=96&d=mm&r=g\",\"caption\":\"admin\"},\"url\":\"https:\/\/www.ruralgia.com\/blog\/author\/admin\/\"}]}<\/script>\n<!-- \/ Yoast SEO plugin. -->","yoast_head_json":{"title":"La Hist\u00f3rica. Marcha ciclotur\u00edstica retro en Abejar (Soria) - Ruralgia Blog","robots":{"index":"index","follow":"follow","max-snippet":"max-snippet:-1","max-image-preview":"max-image-preview:large","max-video-preview":"max-video-preview:-1"},"canonical":"https:\/\/www.ruralgia.com\/blog\/la-historica-marcha-cicloturistica-retro-en-abejar-soria\/","og_locale":"es_ES","og_type":"article","og_title":"La Hist\u00f3rica. Marcha ciclotur\u00edstica retro en Abejar (Soria) - Ruralgia Blog","og_description":"ABEJAR 27 MAYO 2012 Entrega de dorsales: de 9:00 a 10:00 horas Distancia del recorrido: 55 Kms Comienzo de la prueba: 10:00 horas Hora estimada de finalizaci\u00f3n de la prueba: 14:00 horas Comida una vez finalizada la prueba Todo participante &hellip; Sigue leyendo &rarr;","og_url":"https:\/\/www.ruralgia.com\/blog\/la-historica-marcha-cicloturistica-retro-en-abejar-soria\/","og_site_name":"Ruralgia Blog","article_published_time":"2012-05-03T11:37:18+00:00","og_image":[{"width":400,"height":397,"url":"https:\/\/www.ruralgia.com\/blog\/wp-content\/uploads\/2012\/05\/cartel.jpg","type":"image\/jpeg"}],"author":"admin","twitter_card":"summary_large_image","twitter_misc":{"Escrito por":"admin","Tiempo de lectura":"1 minuto"},"schema":{"@context":"https:\/\/schema.org","@graph":[{"@type":"WebPage","@id":"https:\/\/www.ruralgia.com\/blog\/la-historica-marcha-cicloturistica-retro-en-abejar-soria\/","url":"https:\/\/www.ruralgia.com\/blog\/la-historica-marcha-cicloturistica-retro-en-abejar-soria\/","name":"La Hist\u00f3rica. Marcha ciclotur\u00edstica retro en Abejar (Soria) - Ruralgia Blog","isPartOf":{"@id":"https:\/\/www.ruralgia.com\/blog\/#website"},"primaryImageOfPage":{"@id":"https:\/\/www.ruralgia.com\/blog\/la-historica-marcha-cicloturistica-retro-en-abejar-soria\/#primaryimage"},"image":{"@id":"https:\/\/www.ruralgia.com\/blog\/la-historica-marcha-cicloturistica-retro-en-abejar-soria\/#primaryimage"},"thumbnailUrl":"https:\/\/www.ruralgia.com\/blog\/wp-content\/uploads\/2012\/05\/cartel.jpg","datePublished":"2012-05-03T11:37:18+00:00","dateModified":"2012-05-03T11:37:18+00:00","author":{"@id":"https:\/\/www.ruralgia.com\/blog\/#\/schema\/person\/f9d61dcaa454dc132c65467750b88c01"},"breadcrumb":{"@id":"https:\/\/www.ruralgia.com\/blog\/la-historica-marcha-cicloturistica-retro-en-abejar-soria\/#breadcrumb"},"inLanguage":"es","potentialAction":[{"@type":"ReadAction","target":["https:\/\/www.ruralgia.com\/blog\/la-historica-marcha-cicloturistica-retro-en-abejar-soria\/"]}]},{"@type":"ImageObject","inLanguage":"es","@id":"https:\/\/www.ruralgia.com\/blog\/la-historica-marcha-cicloturistica-retro-en-abejar-soria\/#primaryimage","url":"https:\/\/www.ruralgia.com\/blog\/wp-content\/uploads\/2012\/05\/cartel.jpg","contentUrl":"https:\/\/www.ruralgia.com\/blog\/wp-content\/uploads\/2012\/05\/cartel.jpg","width":"400","height":"397"},{"@type":"BreadcrumbList","@id":"https:\/\/www.ruralgia.com\/blog\/la-historica-marcha-cicloturistica-retro-en-abejar-soria\/#breadcrumb","itemListElement":[{"@type":"ListItem","position":1,"name":"Portada","item":"https:\/\/www.ruralgia.com\/blog\/"},{"@type":"ListItem","position":2,"name":"La Hist\u00f3rica. Marcha ciclotur\u00edstica retro en Abejar (Soria)"}]},{"@type":"WebSite","@id":"https:\/\/www.ruralgia.com\/blog\/#website","url":"https:\/\/www.ruralgia.com\/blog\/","name":"Ruralgia Blog","description":"El blog de viajes y turismo de Ruralgia","potentialAction":[{"@type":"SearchAction","target":{"@type":"EntryPoint","urlTemplate":"https:\/\/www.ruralgia.com\/blog\/?s={search_term_string}"},"query-input":{"@type":"PropertyValueSpecification","valueRequired":true,"valueName":"search_term_string"}}],"inLanguage":"es"},{"@type":"Person","@id":"https:\/\/www.ruralgia.com\/blog\/#\/schema\/person\/f9d61dcaa454dc132c65467750b88c01","name":"admin","image":{"@type":"ImageObject","inLanguage":"es","@id":"https:\/\/www.ruralgia.com\/blog\/#\/schema\/person\/image\/","url":"https:\/\/secure.gravatar.com\/avatar\/308988d44afa417cbdf20b1a60ad4489?s=96&d=mm&r=g","contentUrl":"https:\/\/secure.gravatar.com\/avatar\/308988d44afa417cbdf20b1a60ad4489?s=96&d=mm&r=g","caption":"admin"},"url":"https:\/\/www.ruralgia.com\/blog\/author\/admin\/"}]}},"amp_enabled":true,"_links":{"self":[{"href":"https:\/\/www.ruralgia.com\/blog\/wp-json\/wp\/v2\/posts\/334","targetHints":{"allow":["GET"]}}],"collection":[{"href":"https:\/\/www.ruralgia.com\/blog\/wp-json\/wp\/v2\/posts"}],"about":[{"href":"https:\/\/www.ruralgia.com\/blog\/wp-json\/wp\/v2\/types\/post"}],"author":[{"embeddable":true,"href":"https:\/\/www.ruralgia.com\/blog\/wp-json\/wp\/v2\/users\/1"}],"replies":[{"embeddable":true,"href":"https:\/\/www.ruralgia.com\/blog\/wp-json\/wp\/v2\/comments?post=334"}],"version-history":[{"count":2,"href":"https:\/\/www.ruralgia.com\/blog\/wp-json\/wp\/v2\/posts\/334\/revisions"}],"predecessor-version":[{"id":338,"href":"https:\/\/www.ruralgia.com\/blog\/wp-json\/wp\/v2\/posts\/334\/revisions\/338"}],"wp:featuredmedia":[{"embeddable":true,"href":"https:\/\/www.ruralgia.com\/blog\/wp-json\/wp\/v2\/media\/336"}],"wp:attachment":[{"href":"https:\/\/www.ruralgia.com\/blog\/wp-json\/wp\/v2\/media?parent=334"}],"wp:term":[{"taxonomy":"category","embeddable":true,"href":"https:\/\/www.ruralgia.com\/blog\/wp-json\/wp\/v2\/categories?post=334"},{"taxonomy":"post_tag","embeddable":true,"href":"https:\/\/www.ruralgia.com\/blog\/wp-json\/wp\/v2\/tags?post=334"}],"curies":[{"name":"wp","href":"https:\/\/api.w.org\/{rel}","templated":true}]}}