{"id":3369,"date":"2018-10-18T18:27:06","date_gmt":"2018-10-18T18:27:06","guid":{"rendered":"https:\/\/www.ruralgia.com\/blog\/?p=3369"},"modified":"2018-11-07T09:50:33","modified_gmt":"2018-11-07T08:50:33","slug":"feria-gastronomia-tastaqmarca","status":"publish","type":"post","link":"https:\/\/www.ruralgia.com\/blog\/feria-gastronomia-tastaqmarca\/","title":{"rendered":"feria de gastronomia Tastaqmarca"},"content":{"rendered":"<p><img loading=\"lazy\" decoding=\"async\" class=\"alignnone size-full wp-image-3371\" src=\"https:\/\/www.ruralgia.com\/blog\/wp-content\/uploads\/2018\/11\/7085ecb011f705d0fdf3cf0e9e35bc92_portada2662x420.jpg\" width=\"662\" height=\"420\" srcset=\"https:\/\/www.ruralgia.com\/blog\/wp-content\/uploads\/2018\/11\/7085ecb011f705d0fdf3cf0e9e35bc92_portada2662x420.jpg 662w, https:\/\/www.ruralgia.com\/blog\/wp-content\/uploads\/2018\/11\/7085ecb011f705d0fdf3cf0e9e35bc92_portada2662x420-300x190.jpg 300w\" sizes=\"auto, (max-width: 662px) 100vw, 662px\" \/><b>La Cirera. Sant Boi de Llu\u00e7an\u00e8s(Barcelona)<\/b><\/p>\n<h3>2018-10-20 &#8211; 2018-10-20<\/h3>\n<div>Fiesta gastronomica de productos de la comarca. Empiza a las 21 horas en el paseo Llu\u00e7an\u00e8s de Prats de Llu\u00e7an\u00e8s.<\/div>\n<div>Es la tercera edici\u00f3n del Tastaqmarca. La muestra permetera degustar unas veinte especialidades distintas elaboradas por diferentes establecimientos del Llu\u00e7an\u00e8s. A precios de 1 a 4 ?. Se alargara \u00e0 hasta tarde por la noche.<\/div>\n<div>Sera amenizado por Els Cremats, grupo de habaneras, cantos de taverna i temas Cubanos.<\/div>\n<p>Els actes engegaran el dissabte 21 de juliol, a les 20 hores al passeig de Prats de Llu\u00e7an\u00e8s, amb la tercera edici\u00f3 del TastaQmarca. La mostra gastron\u00f2mica permetr\u00e0 degustar una vintena d?especialitats diferents d?establiments del Llu\u00e7an\u00e8s, a preus d?entre 1 i 4 euros, fins ben entrada la mitjanit. Els Cremats, grup d?havaneres, cant de taverna i sons cubans, hi posaran m\u00fasica en directe i ambient.<\/p>\n<div class=\"art-button-wrapper\" style=\"cursor: pointer; float: right; clear: both;\">\n<div class=\"art-button-l\"><\/div>\n<div class=\"art-button-r\"><\/div>\n<p><a class=\"art-button\" style=\"cursor: pointer; background-color: transparent;\" href=\"https:\/\/www.ruralgia.com\/cirera-eventos-feria-de-gastronomia-tastaqmarca\">Contactar con el alojamiento&#8230;<\/a><\/p>\n<\/div>\n","protected":false},"excerpt":{"rendered":"<p>La Cirera. Sant Boi de Llu\u00e7an\u00e8s(Barcelona) 2018-10-20 &#8211; 2018-10-20 Fiesta gastronomica de productos de la comarca. Empiza a las 21 horas en el paseo Llu\u00e7an\u00e8s de Prats de Llu\u00e7an\u00e8s. Es la tercera edici\u00f3n del Tastaqmarca. La muestra permetera degustar unas &hellip; <a href=\"https:\/\/www.ruralgia.com\/blog\/feria-gastronomia-tastaqmarca\/\">Sigue leyendo <span class=\"meta-nav\">&rarr;<\/span><\/a><\/p>\n","protected":false},"author":2,"featured_media":3371,"comment_status":"open","ping_status":"open","sticky":false,"template":"","format":"standard","meta":{"footnotes":""},"categories":[69],"tags":[],"class_list":["post-3369","post","type-post","status-publish","format-standard","has-post-thumbnail","hentry","category-eventos","post_format-standard"],"yoast_head":"<!-- This site is optimized with the Yoast SEO plugin v24.1 - https:\/\/yoast.com\/wordpress\/plugins\/seo\/ -->\n<title>feria de gastronomia Tastaqmarca - Ruralgia Blog<\/title>\n<meta name=\"robots\" content=\"index, follow, max-snippet:-1, max-image-preview:large, max-video-preview:-1\" \/>\n<link rel=\"canonical\" href=\"https:\/\/www.ruralgia.com\/blog\/feria-gastronomia-tastaqmarca\/\" \/>\n<meta property=\"og:locale\" content=\"es_ES\" \/>\n<meta property=\"og:type\" content=\"article\" \/>\n<meta property=\"og:title\" content=\"feria de gastronomia Tastaqmarca - Ruralgia Blog\" \/>\n<meta property=\"og:description\" content=\"La Cirera. Sant Boi de Llu\u00e7an\u00e8s(Barcelona) 2018-10-20 &#8211; 2018-10-20 Fiesta gastronomica de productos de la comarca. Empiza a las 21 horas en el paseo Llu\u00e7an\u00e8s de Prats de Llu\u00e7an\u00e8s. Es la tercera edici\u00f3n del Tastaqmarca. La muestra permetera degustar unas &hellip; Sigue leyendo &rarr;\" \/>\n<meta property=\"og:url\" content=\"https:\/\/www.ruralgia.com\/blog\/feria-gastronomia-tastaqmarca\/\" \/>\n<meta property=\"og:site_name\" content=\"Ruralgia Blog\" \/>\n<meta property=\"article:published_time\" content=\"2018-10-18T18:27:06+00:00\" \/>\n<meta property=\"article:modified_time\" content=\"2018-11-07T08:50:33+00:00\" \/>\n<meta property=\"og:image\" content=\"https:\/\/www.ruralgia.com\/blog\/wp-content\/uploads\/2018\/11\/7085ecb011f705d0fdf3cf0e9e35bc92_portada2662x420.jpg\" \/>\n\t<meta property=\"og:image:width\" content=\"662\" \/>\n\t<meta property=\"og:image:height\" content=\"420\" \/>\n\t<meta property=\"og:image:type\" content=\"image\/jpeg\" \/>\n<meta name=\"author\" content=\"Ruralgia\" \/>\n<meta name=\"twitter:card\" content=\"summary_large_image\" \/>\n<meta name=\"twitter:label1\" content=\"Escrito por\" \/>\n\t<meta name=\"twitter:data1\" content=\"Ruralgia\" \/>\n\t<meta name=\"twitter:label2\" content=\"Tiempo de lectura\" \/>\n\t<meta name=\"twitter:data2\" content=\"1 minuto\" \/>\n<script type=\"application\/ld+json\" class=\"yoast-schema-graph\">{\"@context\":\"https:\/\/schema.org\",\"@graph\":[{\"@type\":\"WebPage\",\"@id\":\"https:\/\/www.ruralgia.com\/blog\/feria-gastronomia-tastaqmarca\/\",\"url\":\"https:\/\/www.ruralgia.com\/blog\/feria-gastronomia-tastaqmarca\/\",\"name\":\"feria de gastronomia Tastaqmarca - Ruralgia Blog\",\"isPartOf\":{\"@id\":\"https:\/\/www.ruralgia.com\/blog\/#website\"},\"primaryImageOfPage\":{\"@id\":\"https:\/\/www.ruralgia.com\/blog\/feria-gastronomia-tastaqmarca\/#primaryimage\"},\"image\":{\"@id\":\"https:\/\/www.ruralgia.com\/blog\/feria-gastronomia-tastaqmarca\/#primaryimage\"},\"thumbnailUrl\":\"https:\/\/www.ruralgia.com\/blog\/wp-content\/uploads\/2018\/11\/7085ecb011f705d0fdf3cf0e9e35bc92_portada2662x420.jpg\",\"datePublished\":\"2018-10-18T18:27:06+00:00\",\"dateModified\":\"2018-11-07T08:50:33+00:00\",\"author\":{\"@id\":\"https:\/\/www.ruralgia.com\/blog\/#\/schema\/person\/44c5c75082bef747df718c4d5e5013c0\"},\"breadcrumb\":{\"@id\":\"https:\/\/www.ruralgia.com\/blog\/feria-gastronomia-tastaqmarca\/#breadcrumb\"},\"inLanguage\":\"es\",\"potentialAction\":[{\"@type\":\"ReadAction\",\"target\":[\"https:\/\/www.ruralgia.com\/blog\/feria-gastronomia-tastaqmarca\/\"]}]},{\"@type\":\"ImageObject\",\"inLanguage\":\"es\",\"@id\":\"https:\/\/www.ruralgia.com\/blog\/feria-gastronomia-tastaqmarca\/#primaryimage\",\"url\":\"https:\/\/www.ruralgia.com\/blog\/wp-content\/uploads\/2018\/11\/7085ecb011f705d0fdf3cf0e9e35bc92_portada2662x420.jpg\",\"contentUrl\":\"https:\/\/www.ruralgia.com\/blog\/wp-content\/uploads\/2018\/11\/7085ecb011f705d0fdf3cf0e9e35bc92_portada2662x420.jpg\",\"width\":662,\"height\":420},{\"@type\":\"BreadcrumbList\",\"@id\":\"https:\/\/www.ruralgia.com\/blog\/feria-gastronomia-tastaqmarca\/#breadcrumb\",\"itemListElement\":[{\"@type\":\"ListItem\",\"position\":1,\"name\":\"Portada\",\"item\":\"https:\/\/www.ruralgia.com\/blog\/\"},{\"@type\":\"ListItem\",\"position\":2,\"name\":\"feria de gastronomia Tastaqmarca\"}]},{\"@type\":\"WebSite\",\"@id\":\"https:\/\/www.ruralgia.com\/blog\/#website\",\"url\":\"https:\/\/www.ruralgia.com\/blog\/\",\"name\":\"Ruralgia Blog\",\"description\":\"El blog de viajes y turismo de Ruralgia\",\"potentialAction\":[{\"@type\":\"SearchAction\",\"target\":{\"@type\":\"EntryPoint\",\"urlTemplate\":\"https:\/\/www.ruralgia.com\/blog\/?s={search_term_string}\"},\"query-input\":{\"@type\":\"PropertyValueSpecification\",\"valueRequired\":true,\"valueName\":\"search_term_string\"}}],\"inLanguage\":\"es\"},{\"@type\":\"Person\",\"@id\":\"https:\/\/www.ruralgia.com\/blog\/#\/schema\/person\/44c5c75082bef747df718c4d5e5013c0\",\"name\":\"Ruralgia\",\"image\":{\"@type\":\"ImageObject\",\"inLanguage\":\"es\",\"@id\":\"https:\/\/www.ruralgia.com\/blog\/#\/schema\/person\/image\/\",\"url\":\"https:\/\/secure.gravatar.com\/avatar\/76bd3262a311339e19a4643003e2d301?s=96&d=mm&r=g\",\"contentUrl\":\"https:\/\/secure.gravatar.com\/avatar\/76bd3262a311339e19a4643003e2d301?s=96&d=mm&r=g\",\"caption\":\"Ruralgia\"},\"sameAs\":[\"http:\/\/www.ruralgia.com\"],\"url\":\"https:\/\/www.ruralgia.com\/blog\/author\/carolina\/\"}]}<\/script>\n<!-- \/ Yoast SEO plugin. -->","yoast_head_json":{"title":"feria de gastronomia Tastaqmarca - Ruralgia Blog","robots":{"index":"index","follow":"follow","max-snippet":"max-snippet:-1","max-image-preview":"max-image-preview:large","max-video-preview":"max-video-preview:-1"},"canonical":"https:\/\/www.ruralgia.com\/blog\/feria-gastronomia-tastaqmarca\/","og_locale":"es_ES","og_type":"article","og_title":"feria de gastronomia Tastaqmarca - Ruralgia Blog","og_description":"La Cirera. Sant Boi de Llu\u00e7an\u00e8s(Barcelona) 2018-10-20 &#8211; 2018-10-20 Fiesta gastronomica de productos de la comarca. Empiza a las 21 horas en el paseo Llu\u00e7an\u00e8s de Prats de Llu\u00e7an\u00e8s. Es la tercera edici\u00f3n del Tastaqmarca. La muestra permetera degustar unas &hellip; Sigue leyendo &rarr;","og_url":"https:\/\/www.ruralgia.com\/blog\/feria-gastronomia-tastaqmarca\/","og_site_name":"Ruralgia Blog","article_published_time":"2018-10-18T18:27:06+00:00","article_modified_time":"2018-11-07T08:50:33+00:00","og_image":[{"width":662,"height":420,"url":"https:\/\/www.ruralgia.com\/blog\/wp-content\/uploads\/2018\/11\/7085ecb011f705d0fdf3cf0e9e35bc92_portada2662x420.jpg","type":"image\/jpeg"}],"author":"Ruralgia","twitter_card":"summary_large_image","twitter_misc":{"Escrito por":"Ruralgia","Tiempo de lectura":"1 minuto"},"schema":{"@context":"https:\/\/schema.org","@graph":[{"@type":"WebPage","@id":"https:\/\/www.ruralgia.com\/blog\/feria-gastronomia-tastaqmarca\/","url":"https:\/\/www.ruralgia.com\/blog\/feria-gastronomia-tastaqmarca\/","name":"feria de gastronomia Tastaqmarca - Ruralgia Blog","isPartOf":{"@id":"https:\/\/www.ruralgia.com\/blog\/#website"},"primaryImageOfPage":{"@id":"https:\/\/www.ruralgia.com\/blog\/feria-gastronomia-tastaqmarca\/#primaryimage"},"image":{"@id":"https:\/\/www.ruralgia.com\/blog\/feria-gastronomia-tastaqmarca\/#primaryimage"},"thumbnailUrl":"https:\/\/www.ruralgia.com\/blog\/wp-content\/uploads\/2018\/11\/7085ecb011f705d0fdf3cf0e9e35bc92_portada2662x420.jpg","datePublished":"2018-10-18T18:27:06+00:00","dateModified":"2018-11-07T08:50:33+00:00","author":{"@id":"https:\/\/www.ruralgia.com\/blog\/#\/schema\/person\/44c5c75082bef747df718c4d5e5013c0"},"breadcrumb":{"@id":"https:\/\/www.ruralgia.com\/blog\/feria-gastronomia-tastaqmarca\/#breadcrumb"},"inLanguage":"es","potentialAction":[{"@type":"ReadAction","target":["https:\/\/www.ruralgia.com\/blog\/feria-gastronomia-tastaqmarca\/"]}]},{"@type":"ImageObject","inLanguage":"es","@id":"https:\/\/www.ruralgia.com\/blog\/feria-gastronomia-tastaqmarca\/#primaryimage","url":"https:\/\/www.ruralgia.com\/blog\/wp-content\/uploads\/2018\/11\/7085ecb011f705d0fdf3cf0e9e35bc92_portada2662x420.jpg","contentUrl":"https:\/\/www.ruralgia.com\/blog\/wp-content\/uploads\/2018\/11\/7085ecb011f705d0fdf3cf0e9e35bc92_portada2662x420.jpg","width":662,"height":420},{"@type":"BreadcrumbList","@id":"https:\/\/www.ruralgia.com\/blog\/feria-gastronomia-tastaqmarca\/#breadcrumb","itemListElement":[{"@type":"ListItem","position":1,"name":"Portada","item":"https:\/\/www.ruralgia.com\/blog\/"},{"@type":"ListItem","position":2,"name":"feria de gastronomia Tastaqmarca"}]},{"@type":"WebSite","@id":"https:\/\/www.ruralgia.com\/blog\/#website","url":"https:\/\/www.ruralgia.com\/blog\/","name":"Ruralgia Blog","description":"El blog de viajes y turismo de Ruralgia","potentialAction":[{"@type":"SearchAction","target":{"@type":"EntryPoint","urlTemplate":"https:\/\/www.ruralgia.com\/blog\/?s={search_term_string}"},"query-input":{"@type":"PropertyValueSpecification","valueRequired":true,"valueName":"search_term_string"}}],"inLanguage":"es"},{"@type":"Person","@id":"https:\/\/www.ruralgia.com\/blog\/#\/schema\/person\/44c5c75082bef747df718c4d5e5013c0","name":"Ruralgia","image":{"@type":"ImageObject","inLanguage":"es","@id":"https:\/\/www.ruralgia.com\/blog\/#\/schema\/person\/image\/","url":"https:\/\/secure.gravatar.com\/avatar\/76bd3262a311339e19a4643003e2d301?s=96&d=mm&r=g","contentUrl":"https:\/\/secure.gravatar.com\/avatar\/76bd3262a311339e19a4643003e2d301?s=96&d=mm&r=g","caption":"Ruralgia"},"sameAs":["http:\/\/www.ruralgia.com"],"url":"https:\/\/www.ruralgia.com\/blog\/author\/carolina\/"}]}},"amp_enabled":true,"_links":{"self":[{"href":"https:\/\/www.ruralgia.com\/blog\/wp-json\/wp\/v2\/posts\/3369","targetHints":{"allow":["GET"]}}],"collection":[{"href":"https:\/\/www.ruralgia.com\/blog\/wp-json\/wp\/v2\/posts"}],"about":[{"href":"https:\/\/www.ruralgia.com\/blog\/wp-json\/wp\/v2\/types\/post"}],"author":[{"embeddable":true,"href":"https:\/\/www.ruralgia.com\/blog\/wp-json\/wp\/v2\/users\/2"}],"replies":[{"embeddable":true,"href":"https:\/\/www.ruralgia.com\/blog\/wp-json\/wp\/v2\/comments?post=3369"}],"version-history":[{"count":1,"href":"https:\/\/www.ruralgia.com\/blog\/wp-json\/wp\/v2\/posts\/3369\/revisions"}],"predecessor-version":[{"id":3372,"href":"https:\/\/www.ruralgia.com\/blog\/wp-json\/wp\/v2\/posts\/3369\/revisions\/3372"}],"wp:featuredmedia":[{"embeddable":true,"href":"https:\/\/www.ruralgia.com\/blog\/wp-json\/wp\/v2\/media\/3371"}],"wp:attachment":[{"href":"https:\/\/www.ruralgia.com\/blog\/wp-json\/wp\/v2\/media?parent=3369"}],"wp:term":[{"taxonomy":"category","embeddable":true,"href":"https:\/\/www.ruralgia.com\/blog\/wp-json\/wp\/v2\/categories?post=3369"},{"taxonomy":"post_tag","embeddable":true,"href":"https:\/\/www.ruralgia.com\/blog\/wp-json\/wp\/v2\/tags?post=3369"}],"curies":[{"name":"wp","href":"https:\/\/api.w.org\/{rel}","templated":true}]}}