{"id":373,"date":"2012-06-25T15:47:02","date_gmt":"2012-06-25T15:47:02","guid":{"rendered":"https:\/\/www.ruralgia.com\/blog\/?p=373"},"modified":"2012-07-05T15:05:08","modified_gmt":"2012-07-05T15:05:08","slug":"fiesta-de-los-fueros-2012-vino-tierra-y-ley-sepulveda","status":"publish","type":"post","link":"https:\/\/www.ruralgia.com\/blog\/fiesta-de-los-fueros-2012-vino-tierra-y-ley-sepulveda\/","title":{"rendered":"Fiesta de los Fueros 2012. Vino, tierra y ley. Sep\u00falveda"},"content":{"rendered":"<h3><span style=\"font-weight: normal;\">Durante los d\u00edas 6, 7 y 8 de julio, en la localidad segoviana de Sep\u00falveda se celebra la Ruta del Vino<\/span><\/h3>\n<p><img loading=\"lazy\" decoding=\"async\" class=\"alignright size-full wp-image-388\" style=\"color: #0000ee;\" title=\"Ruta del Vino\" src=\"https:\/\/www.ruralgia.com\/blog\/wp-content\/uploads\/2012\/06\/Ruta-del-Vino.jpg\" alt=\"\" width=\"313\" height=\"450\" srcset=\"https:\/\/www.ruralgia.com\/blog\/wp-content\/uploads\/2012\/06\/Ruta-del-Vino.jpg 522w, https:\/\/www.ruralgia.com\/blog\/wp-content\/uploads\/2012\/06\/Ruta-del-Vino-208x300.jpg 208w\" sizes=\"auto, (max-width: 313px) 100vw, 313px\" \/><\/p>\n<p>Ir a la entrada de la <a href=\"https:\/\/www.ruralgia.com\/blog\/fiesta-de-los-fueros-2012-sepulveda\/\">Fiesta de los Fueros 2012<\/a><\/p>\n<p>v\u00eda: <a href=\"https:\/\/www.ruralgia.com\/hotelvadodelduraton\">Hotel Vado del Durat\u00f3n<\/a><\/p>\n","protected":false},"excerpt":{"rendered":"<p>Durante los d\u00edas 6, 7 y 8 de julio, en la localidad segoviana de Sep\u00falveda se celebra la Ruta del Vino Ir a la entrada de la Fiesta de los Fueros 2012 v\u00eda: Hotel Vado del Durat\u00f3n<\/p>\n","protected":false},"author":1,"featured_media":388,"comment_status":"open","ping_status":"open","sticky":false,"template":"","format":"standard","meta":{"footnotes":""},"categories":[12,9],"tags":[23,22],"class_list":["post-373","post","type-post","status-publish","format-standard","has-post-thumbnail","hentry","category-propuestas","category-viajeros","tag-feria-medieval","tag-fiestas"],"yoast_head":"<!-- This site is optimized with the Yoast SEO plugin v24.1 - https:\/\/yoast.com\/wordpress\/plugins\/seo\/ -->\n<title>Fiesta de los Fueros 2012. Vino, tierra y ley. Sep\u00falveda - Ruralgia Blog<\/title>\n<meta name=\"robots\" content=\"index, follow, max-snippet:-1, max-image-preview:large, max-video-preview:-1\" \/>\n<link rel=\"canonical\" href=\"https:\/\/www.ruralgia.com\/blog\/fiesta-de-los-fueros-2012-vino-tierra-y-ley-sepulveda\/\" \/>\n<meta property=\"og:locale\" content=\"es_ES\" \/>\n<meta property=\"og:type\" content=\"article\" \/>\n<meta property=\"og:title\" content=\"Fiesta de los Fueros 2012. Vino, tierra y ley. Sep\u00falveda - Ruralgia Blog\" \/>\n<meta property=\"og:description\" content=\"Durante los d\u00edas 6, 7 y 8 de julio, en la localidad segoviana de Sep\u00falveda se celebra la Ruta del Vino Ir a la entrada de la Fiesta de los Fueros 2012 v\u00eda: Hotel Vado del Durat\u00f3n\" \/>\n<meta property=\"og:url\" content=\"https:\/\/www.ruralgia.com\/blog\/fiesta-de-los-fueros-2012-vino-tierra-y-ley-sepulveda\/\" \/>\n<meta property=\"og:site_name\" content=\"Ruralgia Blog\" \/>\n<meta property=\"article:published_time\" content=\"2012-06-25T15:47:02+00:00\" \/>\n<meta property=\"article:modified_time\" content=\"2012-07-05T15:05:08+00:00\" \/>\n<meta property=\"og:image\" content=\"https:\/\/www.ruralgia.com\/blog\/wp-content\/uploads\/2012\/06\/Ruta-del-Vino.jpg\" \/>\n\t<meta property=\"og:image:width\" content=\"522\" \/>\n\t<meta property=\"og:image:height\" content=\"750\" \/>\n\t<meta property=\"og:image:type\" content=\"image\/jpeg\" \/>\n<meta name=\"author\" content=\"admin\" \/>\n<meta name=\"twitter:card\" content=\"summary_large_image\" \/>\n<meta name=\"twitter:label1\" content=\"Escrito por\" \/>\n\t<meta name=\"twitter:data1\" content=\"admin\" \/>\n<script type=\"application\/ld+json\" class=\"yoast-schema-graph\">{\"@context\":\"https:\/\/schema.org\",\"@graph\":[{\"@type\":\"WebPage\",\"@id\":\"https:\/\/www.ruralgia.com\/blog\/fiesta-de-los-fueros-2012-vino-tierra-y-ley-sepulveda\/\",\"url\":\"https:\/\/www.ruralgia.com\/blog\/fiesta-de-los-fueros-2012-vino-tierra-y-ley-sepulveda\/\",\"name\":\"Fiesta de los Fueros 2012. Vino, tierra y ley. Sep\u00falveda - Ruralgia Blog\",\"isPartOf\":{\"@id\":\"https:\/\/www.ruralgia.com\/blog\/#website\"},\"primaryImageOfPage\":{\"@id\":\"https:\/\/www.ruralgia.com\/blog\/fiesta-de-los-fueros-2012-vino-tierra-y-ley-sepulveda\/#primaryimage\"},\"image\":{\"@id\":\"https:\/\/www.ruralgia.com\/blog\/fiesta-de-los-fueros-2012-vino-tierra-y-ley-sepulveda\/#primaryimage\"},\"thumbnailUrl\":\"https:\/\/www.ruralgia.com\/blog\/wp-content\/uploads\/2012\/06\/Ruta-del-Vino.jpg\",\"datePublished\":\"2012-06-25T15:47:02+00:00\",\"dateModified\":\"2012-07-05T15:05:08+00:00\",\"author\":{\"@id\":\"https:\/\/www.ruralgia.com\/blog\/#\/schema\/person\/f9d61dcaa454dc132c65467750b88c01\"},\"breadcrumb\":{\"@id\":\"https:\/\/www.ruralgia.com\/blog\/fiesta-de-los-fueros-2012-vino-tierra-y-ley-sepulveda\/#breadcrumb\"},\"inLanguage\":\"es\",\"potentialAction\":[{\"@type\":\"ReadAction\",\"target\":[\"https:\/\/www.ruralgia.com\/blog\/fiesta-de-los-fueros-2012-vino-tierra-y-ley-sepulveda\/\"]}]},{\"@type\":\"ImageObject\",\"inLanguage\":\"es\",\"@id\":\"https:\/\/www.ruralgia.com\/blog\/fiesta-de-los-fueros-2012-vino-tierra-y-ley-sepulveda\/#primaryimage\",\"url\":\"https:\/\/www.ruralgia.com\/blog\/wp-content\/uploads\/2012\/06\/Ruta-del-Vino.jpg\",\"contentUrl\":\"https:\/\/www.ruralgia.com\/blog\/wp-content\/uploads\/2012\/06\/Ruta-del-Vino.jpg\",\"width\":\"522\",\"height\":\"750\"},{\"@type\":\"BreadcrumbList\",\"@id\":\"https:\/\/www.ruralgia.com\/blog\/fiesta-de-los-fueros-2012-vino-tierra-y-ley-sepulveda\/#breadcrumb\",\"itemListElement\":[{\"@type\":\"ListItem\",\"position\":1,\"name\":\"Portada\",\"item\":\"https:\/\/www.ruralgia.com\/blog\/\"},{\"@type\":\"ListItem\",\"position\":2,\"name\":\"Fiesta de los Fueros 2012. Vino, tierra y ley. Sep\u00falveda\"}]},{\"@type\":\"WebSite\",\"@id\":\"https:\/\/www.ruralgia.com\/blog\/#website\",\"url\":\"https:\/\/www.ruralgia.com\/blog\/\",\"name\":\"Ruralgia Blog\",\"description\":\"El blog de viajes y turismo de Ruralgia\",\"potentialAction\":[{\"@type\":\"SearchAction\",\"target\":{\"@type\":\"EntryPoint\",\"urlTemplate\":\"https:\/\/www.ruralgia.com\/blog\/?s={search_term_string}\"},\"query-input\":{\"@type\":\"PropertyValueSpecification\",\"valueRequired\":true,\"valueName\":\"search_term_string\"}}],\"inLanguage\":\"es\"},{\"@type\":\"Person\",\"@id\":\"https:\/\/www.ruralgia.com\/blog\/#\/schema\/person\/f9d61dcaa454dc132c65467750b88c01\",\"name\":\"admin\",\"image\":{\"@type\":\"ImageObject\",\"inLanguage\":\"es\",\"@id\":\"https:\/\/www.ruralgia.com\/blog\/#\/schema\/person\/image\/\",\"url\":\"https:\/\/secure.gravatar.com\/avatar\/308988d44afa417cbdf20b1a60ad4489?s=96&d=mm&r=g\",\"contentUrl\":\"https:\/\/secure.gravatar.com\/avatar\/308988d44afa417cbdf20b1a60ad4489?s=96&d=mm&r=g\",\"caption\":\"admin\"},\"url\":\"https:\/\/www.ruralgia.com\/blog\/author\/admin\/\"}]}<\/script>\n<!-- \/ Yoast SEO plugin. -->","yoast_head_json":{"title":"Fiesta de los Fueros 2012. Vino, tierra y ley. Sep\u00falveda - Ruralgia Blog","robots":{"index":"index","follow":"follow","max-snippet":"max-snippet:-1","max-image-preview":"max-image-preview:large","max-video-preview":"max-video-preview:-1"},"canonical":"https:\/\/www.ruralgia.com\/blog\/fiesta-de-los-fueros-2012-vino-tierra-y-ley-sepulveda\/","og_locale":"es_ES","og_type":"article","og_title":"Fiesta de los Fueros 2012. Vino, tierra y ley. Sep\u00falveda - Ruralgia Blog","og_description":"Durante los d\u00edas 6, 7 y 8 de julio, en la localidad segoviana de Sep\u00falveda se celebra la Ruta del Vino Ir a la entrada de la Fiesta de los Fueros 2012 v\u00eda: Hotel Vado del Durat\u00f3n","og_url":"https:\/\/www.ruralgia.com\/blog\/fiesta-de-los-fueros-2012-vino-tierra-y-ley-sepulveda\/","og_site_name":"Ruralgia Blog","article_published_time":"2012-06-25T15:47:02+00:00","article_modified_time":"2012-07-05T15:05:08+00:00","og_image":[{"width":522,"height":750,"url":"https:\/\/www.ruralgia.com\/blog\/wp-content\/uploads\/2012\/06\/Ruta-del-Vino.jpg","type":"image\/jpeg"}],"author":"admin","twitter_card":"summary_large_image","twitter_misc":{"Escrito por":"admin"},"schema":{"@context":"https:\/\/schema.org","@graph":[{"@type":"WebPage","@id":"https:\/\/www.ruralgia.com\/blog\/fiesta-de-los-fueros-2012-vino-tierra-y-ley-sepulveda\/","url":"https:\/\/www.ruralgia.com\/blog\/fiesta-de-los-fueros-2012-vino-tierra-y-ley-sepulveda\/","name":"Fiesta de los Fueros 2012. Vino, tierra y ley. Sep\u00falveda - Ruralgia Blog","isPartOf":{"@id":"https:\/\/www.ruralgia.com\/blog\/#website"},"primaryImageOfPage":{"@id":"https:\/\/www.ruralgia.com\/blog\/fiesta-de-los-fueros-2012-vino-tierra-y-ley-sepulveda\/#primaryimage"},"image":{"@id":"https:\/\/www.ruralgia.com\/blog\/fiesta-de-los-fueros-2012-vino-tierra-y-ley-sepulveda\/#primaryimage"},"thumbnailUrl":"https:\/\/www.ruralgia.com\/blog\/wp-content\/uploads\/2012\/06\/Ruta-del-Vino.jpg","datePublished":"2012-06-25T15:47:02+00:00","dateModified":"2012-07-05T15:05:08+00:00","author":{"@id":"https:\/\/www.ruralgia.com\/blog\/#\/schema\/person\/f9d61dcaa454dc132c65467750b88c01"},"breadcrumb":{"@id":"https:\/\/www.ruralgia.com\/blog\/fiesta-de-los-fueros-2012-vino-tierra-y-ley-sepulveda\/#breadcrumb"},"inLanguage":"es","potentialAction":[{"@type":"ReadAction","target":["https:\/\/www.ruralgia.com\/blog\/fiesta-de-los-fueros-2012-vino-tierra-y-ley-sepulveda\/"]}]},{"@type":"ImageObject","inLanguage":"es","@id":"https:\/\/www.ruralgia.com\/blog\/fiesta-de-los-fueros-2012-vino-tierra-y-ley-sepulveda\/#primaryimage","url":"https:\/\/www.ruralgia.com\/blog\/wp-content\/uploads\/2012\/06\/Ruta-del-Vino.jpg","contentUrl":"https:\/\/www.ruralgia.com\/blog\/wp-content\/uploads\/2012\/06\/Ruta-del-Vino.jpg","width":"522","height":"750"},{"@type":"BreadcrumbList","@id":"https:\/\/www.ruralgia.com\/blog\/fiesta-de-los-fueros-2012-vino-tierra-y-ley-sepulveda\/#breadcrumb","itemListElement":[{"@type":"ListItem","position":1,"name":"Portada","item":"https:\/\/www.ruralgia.com\/blog\/"},{"@type":"ListItem","position":2,"name":"Fiesta de los Fueros 2012. Vino, tierra y ley. Sep\u00falveda"}]},{"@type":"WebSite","@id":"https:\/\/www.ruralgia.com\/blog\/#website","url":"https:\/\/www.ruralgia.com\/blog\/","name":"Ruralgia Blog","description":"El blog de viajes y turismo de Ruralgia","potentialAction":[{"@type":"SearchAction","target":{"@type":"EntryPoint","urlTemplate":"https:\/\/www.ruralgia.com\/blog\/?s={search_term_string}"},"query-input":{"@type":"PropertyValueSpecification","valueRequired":true,"valueName":"search_term_string"}}],"inLanguage":"es"},{"@type":"Person","@id":"https:\/\/www.ruralgia.com\/blog\/#\/schema\/person\/f9d61dcaa454dc132c65467750b88c01","name":"admin","image":{"@type":"ImageObject","inLanguage":"es","@id":"https:\/\/www.ruralgia.com\/blog\/#\/schema\/person\/image\/","url":"https:\/\/secure.gravatar.com\/avatar\/308988d44afa417cbdf20b1a60ad4489?s=96&d=mm&r=g","contentUrl":"https:\/\/secure.gravatar.com\/avatar\/308988d44afa417cbdf20b1a60ad4489?s=96&d=mm&r=g","caption":"admin"},"url":"https:\/\/www.ruralgia.com\/blog\/author\/admin\/"}]}},"amp_enabled":true,"_links":{"self":[{"href":"https:\/\/www.ruralgia.com\/blog\/wp-json\/wp\/v2\/posts\/373","targetHints":{"allow":["GET"]}}],"collection":[{"href":"https:\/\/www.ruralgia.com\/blog\/wp-json\/wp\/v2\/posts"}],"about":[{"href":"https:\/\/www.ruralgia.com\/blog\/wp-json\/wp\/v2\/types\/post"}],"author":[{"embeddable":true,"href":"https:\/\/www.ruralgia.com\/blog\/wp-json\/wp\/v2\/users\/1"}],"replies":[{"embeddable":true,"href":"https:\/\/www.ruralgia.com\/blog\/wp-json\/wp\/v2\/comments?post=373"}],"version-history":[{"count":17,"href":"https:\/\/www.ruralgia.com\/blog\/wp-json\/wp\/v2\/posts\/373\/revisions"}],"predecessor-version":[{"id":391,"href":"https:\/\/www.ruralgia.com\/blog\/wp-json\/wp\/v2\/posts\/373\/revisions\/391"}],"wp:featuredmedia":[{"embeddable":true,"href":"https:\/\/www.ruralgia.com\/blog\/wp-json\/wp\/v2\/media\/388"}],"wp:attachment":[{"href":"https:\/\/www.ruralgia.com\/blog\/wp-json\/wp\/v2\/media?parent=373"}],"wp:term":[{"taxonomy":"category","embeddable":true,"href":"https:\/\/www.ruralgia.com\/blog\/wp-json\/wp\/v2\/categories?post=373"},{"taxonomy":"post_tag","embeddable":true,"href":"https:\/\/www.ruralgia.com\/blog\/wp-json\/wp\/v2\/tags?post=373"}],"curies":[{"name":"wp","href":"https:\/\/api.w.org\/{rel}","templated":true}]}}